{"id":1085,"date":"2025-04-02T08:23:47","date_gmt":"2025-04-02T08:23:47","guid":{"rendered":"https:\/\/www.appareil-minceur.fr\/?p=1085"},"modified":"2025-12-23T13:30:18","modified_gmt":"2025-12-23T13:30:18","slug":"beste-led-maske","status":"publish","type":"post","link":"https:\/\/www.appareil-minceur.fr\/de\/leitfaden\/beste-led-maske\/","title":{"rendered":"Beste LED-Maske"},"content":{"rendered":"<div class=\"kk-star-ratings kksr-auto kksr-align-left kksr-valign-top\"\n    data-payload='{&quot;align&quot;:&quot;left&quot;,&quot;id&quot;:&quot;1085&quot;,&quot;slug&quot;:&quot;default&quot;,&quot;valign&quot;:&quot;top&quot;,&quot;ignore&quot;:&quot;&quot;,&quot;reference&quot;:&quot;auto&quot;,&quot;class&quot;:&quot;&quot;,&quot;count&quot;:&quot;2&quot;,&quot;legendonly&quot;:&quot;&quot;,&quot;readonly&quot;:&quot;&quot;,&quot;score&quot;:&quot;5&quot;,&quot;starsonly&quot;:&quot;&quot;,&quot;best&quot;:&quot;5&quot;,&quot;gap&quot;:&quot;5&quot;,&quot;greet&quot;:&quot;Notez cet article !&quot;,&quot;legend&quot;:&quot;5\\\/5 - (2 votes)&quot;,&quot;size&quot;:&quot;16&quot;,&quot;title&quot;:&quot;Meilleur masque LED&quot;,&quot;width&quot;:&quot;102.5&quot;,&quot;_legend&quot;:&quot;{score}\\\/{best} - ({count} {votes})&quot;,&quot;font_factor&quot;:&quot;1.25&quot;}'>\n            \n<div class=\"kksr-stars\">\n    \n<div class=\"kksr-stars-inactive\">\n            <div class=\"kksr-star\" data-star=\"1\" style=\"padding-right: 5px\">\n            \n\n<div class=\"kksr-icon\" style=\"width: 16px; height: 16px;\"><\/div>\n        <\/div>\n            <div class=\"kksr-star\" data-star=\"2\" style=\"padding-right: 5px\">\n            \n\n<div class=\"kksr-icon\" style=\"width: 16px; height: 16px;\"><\/div>\n        <\/div>\n            <div class=\"kksr-star\" data-star=\"3\" style=\"padding-right: 5px\">\n            \n\n<div class=\"kksr-icon\" style=\"width: 16px; height: 16px;\"><\/div>\n        <\/div>\n            <div class=\"kksr-star\" data-star=\"4\" style=\"padding-right: 5px\">\n            \n\n<div class=\"kksr-icon\" style=\"width: 16px; height: 16px;\"><\/div>\n        <\/div>\n            <div class=\"kksr-star\" data-star=\"5\" style=\"padding-right: 5px\">\n            \n\n<div class=\"kksr-icon\" style=\"width: 16px; height: 16px;\"><\/div>\n        <\/div>\n    <\/div>\n    \n<div class=\"kksr-stars-active\" style=\"width: 102.5px;\">\n            <div class=\"kksr-star\" style=\"padding-right: 5px\">\n            \n\n<div class=\"kksr-icon\" style=\"width: 16px; height: 16px;\"><\/div>\n        <\/div>\n            <div class=\"kksr-star\" style=\"padding-right: 5px\">\n            \n\n<div class=\"kksr-icon\" style=\"width: 16px; height: 16px;\"><\/div>\n        <\/div>\n            <div class=\"kksr-star\" style=\"padding-right: 5px\">\n            \n\n<div class=\"kksr-icon\" style=\"width: 16px; height: 16px;\"><\/div>\n        <\/div>\n            <div class=\"kksr-star\" style=\"padding-right: 5px\">\n            \n\n<div class=\"kksr-icon\" style=\"width: 16px; height: 16px;\"><\/div>\n        <\/div>\n            <div class=\"kksr-star\" style=\"padding-right: 5px\">\n            \n\n<div class=\"kksr-icon\" style=\"width: 16px; height: 16px;\"><\/div>\n        <\/div>\n    <\/div>\n<\/div>\n                \n\n<div class=\"kksr-legend\" style=\"font-size: 12.8px;\">\n            5\/5 - (2 votes)    <\/div>\n    <\/div>\n\n<p>Ihre ersten F\u00e4ltchen beginnen sich zu bilden und Unreinheiten \u00e4rgern Sie? Der <strong>LED-Maske<\/strong> k\u00f6nnte Ihr neuer <strong>Sch\u00f6nheitsverb\u00fcndeter<\/strong> f\u00fcr eine <strong>straffere und leuchtendere Haut<\/strong> ! Wir enth\u00fcllen unsere Lieblingsauswahl der <strong>leistungsst\u00e4rkste LED-Gesichtsmasken<\/strong>In diesem Artikel erfahren Sie mehr \u00fcber die Wirkung der Lichttherapie als Anti-Aging-Behandlung zu Hause. Lust auf einen frischen Teint in nur wenigen Sitzungen?<\/p><div id=\"ez-toc-container\" class=\"ez-toc-v2_0_82_2 counter-hierarchy ez-toc-counter ez-toc-custom ez-toc-container-direction\">\n<div class=\"ez-toc-title-container\">\n<p class=\"ez-toc-title\" style=\"cursor:inherit\">Zusammenfassung des Artikels<\/p>\n<span class=\"ez-toc-title-toggle\"><a href=\"#\" class=\"ez-toc-pull-right ez-toc-btn ez-toc-btn-xs ez-toc-btn-default ez-toc-toggle\" aria-label=\"Toggle Table of Content\"><span class=\"ez-toc-js-icon-con\"><span class=\"\"><span class=\"eztoc-hide\" style=\"display:none;\">Toggle<\/span><span class=\"ez-toc-icon-toggle-span\"><svg style=\"fill: #ffffff;color:#ffffff\" xmlns=\"http:\/\/www.w3.org\/2000\/svg\" class=\"list-377408\" width=\"20px\" height=\"20px\" viewbox=\"0 0 24 24\" fill=\"none\"><path d=\"M6 6H4v2h2V6zm14 0H8v2h12V6zM4 11h2v2H4v-2zm16 0H8v2h12v-2zM4 16h2v2H4v-2zm16 0H8v2h12v-2z\" fill=\"currentColor\"><\/path><\/svg><svg style=\"fill: #ffffff;color:#ffffff\" class=\"arrow-unsorted-368013\" xmlns=\"http:\/\/www.w3.org\/2000\/svg\" width=\"10px\" height=\"10px\" viewbox=\"0 0 24 24\" version=\"1.2\" baseprofile=\"tiny\"><path d=\"M18.2 9.3l-6.2-6.3-6.2 6.3c-.2.2-.3.4-.3.7s.1.5.3.7c.2.2.4.3.7.3h11c.3 0 .5-.1.7-.3.2-.2.3-.5.3-.7s-.1-.5-.3-.7zM5.8 14.7l6.2 6.3 6.2-6.3c.2-.2.3-.5.3-.7s-.1-.5-.3-.7c-.2-.2-.4-.3-.7-.3h-11c-.3 0-.5.1-.7.3-.2.2-.3.5-.3.7s.1.5.3.7z\"\/><\/svg><\/span><\/span><\/span><\/a><\/span><\/div>\n<nav><ul class='ez-toc-list ez-toc-list-level-1 eztoc-toggle-hide-by-default' ><li class='ez-toc-page-1 ez-toc-heading-level-2'><a class=\"ez-toc-link ez-toc-heading-1\" href=\"https:\/\/www.appareil-minceur.fr\/de\/leitfaden\/beste-led-maske\/#Tableau_comparatif_du_guide\" >Vergleichstabelle des Leitfadens<\/a><ul class='ez-toc-list-level-3' ><li class='ez-toc-heading-level-3'><a class=\"ez-toc-link ez-toc-heading-2\" href=\"https:\/\/www.appareil-minceur.fr\/de\/leitfaden\/beste-led-maske\/#Iborria\" >Iborria<\/a><\/li><li class='ez-toc-page-1 ez-toc-heading-level-3'><a class=\"ez-toc-link ez-toc-heading-3\" href=\"https:\/\/www.appareil-minceur.fr\/de\/leitfaden\/beste-led-maske\/#Nourished\" >Gepflegt<\/a><\/li><li class='ez-toc-page-1 ez-toc-heading-level-3'><a class=\"ez-toc-link ez-toc-heading-4\" href=\"https:\/\/www.appareil-minceur.fr\/de\/leitfaden\/beste-led-maske\/#E_Beauty\" >E Beauty<\/a><\/li><li class='ez-toc-page-1 ez-toc-heading-level-3'><a class=\"ez-toc-link ez-toc-heading-5\" href=\"https:\/\/www.appareil-minceur.fr\/de\/leitfaden\/beste-led-maske\/#Silkn\" >Silk'n<\/a><\/li><li class='ez-toc-page-1 ez-toc-heading-level-3'><a class=\"ez-toc-link ez-toc-heading-6\" href=\"https:\/\/www.appareil-minceur.fr\/de\/leitfaden\/beste-led-maske\/#Profey\" >Profey<\/a><\/li><\/ul><\/li><li class='ez-toc-page-1 ez-toc-heading-level-2'><a class=\"ez-toc-link ez-toc-heading-7\" href=\"https:\/\/www.appareil-minceur.fr\/de\/leitfaden\/beste-led-maske\/#Resume_du_classement\" >Zusammenfassung der Rangliste<\/a><\/li><li class='ez-toc-page-1 ez-toc-heading-level-2'><a class=\"ez-toc-link ez-toc-heading-8\" href=\"https:\/\/www.appareil-minceur.fr\/de\/leitfaden\/beste-led-maske\/#Masque_Facial_LED_IBORRIA_Mon_Avis_sur_ce_Soin_Lumineux_%E2%AD%90455\" >IBORRIA LED Facial Mask: Meine Meinung zu dieser leuchtenden Pflege (\u2b504.5\/5)<\/a><\/li><li class='ez-toc-page-1 ez-toc-heading-level-2'><a class=\"ez-toc-link ez-toc-heading-9\" href=\"https:\/\/www.appareil-minceur.fr\/de\/leitfaden\/beste-led-maske\/#Masque_Visage_et_Cou_Nourished_Bodynskin_%E2%AD%90455\" >Nourished Bodynskin Gesichts- und Halsmaske (\u2b504.5\/5)<\/a><\/li><li class='ez-toc-page-1 ez-toc-heading-level-2'><a class=\"ez-toc-link ez-toc-heading-10\" href=\"https:\/\/www.appareil-minceur.fr\/de\/leitfaden\/beste-led-maske\/#Masque_photonique_Project_E_Beauty_votre_allie_peau_neuve_%E2%AD%9045\" >Project E Beauty Photonic Mask: Ihr Verb\u00fcndeter f\u00fcr neue Haut (\u2b504\/5)<\/a><\/li><li class='ez-toc-page-1 ez-toc-heading-level-2'><a class=\"ez-toc-link ez-toc-heading-11\" href=\"https:\/\/www.appareil-minceur.fr\/de\/leitfaden\/beste-led-maske\/#Masque_Visage_LED_Silkn_%E2%AD%90355\" >Silk'n LED-Gesichtsmaske (\u2b503.5\/5)<\/a><\/li><li class='ez-toc-page-1 ez-toc-heading-level-2'><a class=\"ez-toc-link ez-toc-heading-12\" href=\"https:\/\/www.appareil-minceur.fr\/de\/leitfaden\/beste-led-maske\/#Masque_LED_en_7_Couleurs_Profey_%E2%AD%90355\" >LED-Maske in 7 Farben Profey (\u2b503.5\/5)<\/a><\/li><li class='ez-toc-page-1 ez-toc-heading-level-2'><a class=\"ez-toc-link ez-toc-heading-13\" href=\"https:\/\/www.appareil-minceur.fr\/de\/leitfaden\/beste-led-maske\/#Comparaison_des_produits\" >Produktvergleich<\/a><\/li><li class='ez-toc-page-1 ez-toc-heading-level-2'><a class=\"ez-toc-link ez-toc-heading-14\" href=\"https:\/\/www.appareil-minceur.fr\/de\/leitfaden\/beste-led-maske\/#En_resume\" >Zusammenfassend<\/a><\/li><\/ul><\/nav><\/div>\n\n\n\n\n<h2 class=\"wp-block-heading\"><span class=\"ez-toc-section\" id=\"Tableau_comparatif_du_guide\"><\/span>Vergleichstabelle des Leitfadens<span class=\"ez-toc-section-end\"><\/span><\/h2>\n\n\n\n<p>Meine Top 5 der\u00a0<strong>beste LED-Masken<\/strong>\u00a0im Jahr 2026 :<\/p>\n\n\n\n<div class=\"wp-block-columns is-layout-flex wp-container-core-columns-is-layout-28f84493 wp-block-columns-is-layout-flex\">\n<div class=\"wp-block-column is-layout-flow wp-block-column-is-layout-flow\"><div class=\"wp-block-affiliatex-single-product\" id=\"affiliatex-single-product-style-block-74d8890a-c838-4d76-9b33-cfc13ba2353c\">\n\t<div class=\"affx-single-product-wrapper product-layout-1 affx-whole-block-clickable\" >\n\t\t<div class=\"affx-sp-inner affx-amazon-item__border\">\n\t\t\t<div class=\"affx-sp-content  no-image\">\n\t\t\t<div class=\"affx-sp-content-wrapper\">\n\t\t<div class=\"title-wrapper affx-star-rating\">\n\t\t\t<div class=\"affx-title-left\">\n\t\t\t\t\t<h3 class=\"affx-single-product-title\"><span class=\"ez-toc-section\" id=\"Iborria\"><\/span>\n\t\tIborria\t<span class=\"ez-toc-section-end\"><\/span><\/h3>\n\t\t\t\t\t\t\t<\/div>\n\t\t\t\t<div class=\"affx-sp-pricing-pic rating-align-center\">\n\t\t<span style=\"color:#FFB800;width:25px;height:25px;display:inline-flex\">\n                    <svg fill=\"currentColor\" width=\"25\" height=\"25\" viewbox=\"0 0 24 24\">\n                        <path d=\"M12 17.27L18.18 21l-1.64-7.03L22 9.24l-7.19-.61L12 2 9.19 8.63 2 9.24l5.46 4.73L5.82 21z\"><\/path>\n                    <\/svg>\n                <\/span><span style=\"color:#FFB800;width:25px;height:25px;display:inline-flex\">\n                    <svg fill=\"currentColor\" width=\"25\" height=\"25\" viewbox=\"0 0 24 24\">\n                        <path d=\"M12 17.27L18.18 21l-1.64-7.03L22 9.24l-7.19-.61L12 2 9.19 8.63 2 9.24l5.46 4.73L5.82 21z\"><\/path>\n                    <\/svg>\n                <\/span><span style=\"color:#FFB800;width:25px;height:25px;display:inline-flex\">\n                    <svg fill=\"currentColor\" width=\"25\" height=\"25\" viewbox=\"0 0 24 24\">\n                        <path d=\"M12 17.27L18.18 21l-1.64-7.03L22 9.24l-7.19-.61L12 2 9.19 8.63 2 9.24l5.46 4.73L5.82 21z\"><\/path>\n                    <\/svg>\n                <\/span><span style=\"color:#FFB800;width:25px;height:25px;display:inline-flex\">\n                    <svg fill=\"currentColor\" width=\"25\" height=\"25\" viewbox=\"0 0 24 24\">\n                        <path d=\"M12 17.27L18.18 21l-1.64-7.03L22 9.24l-7.19-.61L12 2 9.19 8.63 2 9.24l5.46 4.73L5.82 21z\"><\/path>\n                    <\/svg>\n                <\/span><span style=\"color:#FFB800;width:25px;height:25px;display:inline-flex\">\n                    <svg fill=\"currentColor\" width=\"25\" height=\"25\" viewbox=\"0 0 24 24\">\n                        <path d=\"M12 17.27L18.18 21l-1.64-7.03L22 9.24l-7.19-.61L12 2 9.19 8.63 2 9.24l5.46 4.73L5.82 21z\"><\/path>\n                    <\/svg>\n                <\/span>\t<\/div>\n\t\t<\/div>\n\t\t\t\t\t\t\t<\/div>\n<\/div>\n\t\t<\/div>\n\t<\/div>\n<\/div>\n\n\n\n<figure class=\"wp-block-image size-large is-resized\"><img fetchpriority=\"high\" decoding=\"async\" width=\"1006\" height=\"1024\" src=\"https:\/\/www.appareil-minceur.fr\/wp-content\/uploads\/2025\/04\/image-1006x1024.jpeg\" alt=\"LED-Gesichtsmaske f\u00fcr Gesicht, Hals und Dekollet\u00e9, Nahinfrarot-Lichttherapie, Flexible Silikon-Beauty-Maske, Behandlung zu Hause, Hautpflege\" class=\"wp-image-1206\" style=\"object-fit:cover;width:200px;height:200px\" srcset=\"https:\/\/www.appareil-minceur.fr\/wp-content\/uploads\/2025\/04\/image-1006x1024.jpeg 1006w, https:\/\/www.appareil-minceur.fr\/wp-content\/uploads\/2025\/04\/image-295x300.jpeg 295w, https:\/\/www.appareil-minceur.fr\/wp-content\/uploads\/2025\/04\/image-768x782.jpeg 768w, https:\/\/www.appareil-minceur.fr\/wp-content\/uploads\/2025\/04\/image.jpeg 1473w\" sizes=\"(max-width: 1006px) 100vw, 1006px\" \/><\/figure>\n\n\n<div class=\"affx-btn-wrapper wp-block-affiliatex-buttons\" id=\"affiliatex-blocks-style-block-379ab07e-e44d-485a-a355-994b728614de\">\n\t<div class=\"affx-btn-inner\">\n\t\t<a href=\"https:\/\/amzn.to\/4bWeYRe\" class=\"affiliatex-button btn-align-center btn-is-medium btn-is-fullw icon-left\" rel=\"noopener\" target=\"_blank\">\n\t\t\t<i class=\"button-icon far fa-arrow-alt-circle-right\"><\/i>\t\t\t<span class=\"affiliatex-btn\">Auf Amazon ansehen<\/span>\n\t\t\t\t\t\t\t\t<\/a>\n\t<\/div>\n<\/div>\n<\/div>\n\n\n\n<div class=\"wp-block-column is-layout-flow wp-block-column-is-layout-flow\"><div class=\"wp-block-affiliatex-single-product\" id=\"affiliatex-single-product-style-block-363fe8db-0b7f-4258-8d3c-dbd029b88869\">\n\t<div class=\"affx-single-product-wrapper product-layout-1 affx-whole-block-clickable\" >\n\t\t<div class=\"affx-sp-inner affx-amazon-item__border\">\n\t\t\t<div class=\"affx-sp-content  no-image\">\n\t\t\t<div class=\"affx-sp-content-wrapper\">\n\t\t<div class=\"title-wrapper affx-star-rating\">\n\t\t\t<div class=\"affx-title-left\">\n\t\t\t\t\t<h3 class=\"affx-single-product-title\"><span class=\"ez-toc-section\" id=\"Nourished\"><\/span>\n\t\tGepflegt\t<span class=\"ez-toc-section-end\"><\/span><\/h3>\n\t\t\t\t\t\t\t<\/div>\n\t\t\t\t<div class=\"affx-sp-pricing-pic rating-align-center\">\n\t\t<span style=\"color:#FFB800;width:25px;height:25px;display:inline-flex\">\n                    <svg fill=\"currentColor\" width=\"25\" height=\"25\" viewbox=\"0 0 24 24\">\n                        <path d=\"M12 17.27L18.18 21l-1.64-7.03L22 9.24l-7.19-.61L12 2 9.19 8.63 2 9.24l5.46 4.73L5.82 21z\"><\/path>\n                    <\/svg>\n                <\/span><span style=\"color:#FFB800;width:25px;height:25px;display:inline-flex\">\n                    <svg fill=\"currentColor\" width=\"25\" height=\"25\" viewbox=\"0 0 24 24\">\n                        <path d=\"M12 17.27L18.18 21l-1.64-7.03L22 9.24l-7.19-.61L12 2 9.19 8.63 2 9.24l5.46 4.73L5.82 21z\"><\/path>\n                    <\/svg>\n                <\/span><span style=\"color:#FFB800;width:25px;height:25px;display:inline-flex\">\n                    <svg fill=\"currentColor\" width=\"25\" height=\"25\" viewbox=\"0 0 24 24\">\n                        <path d=\"M12 17.27L18.18 21l-1.64-7.03L22 9.24l-7.19-.61L12 2 9.19 8.63 2 9.24l5.46 4.73L5.82 21z\"><\/path>\n                    <\/svg>\n                <\/span><span style=\"color:#FFB800;width:25px;height:25px;display:inline-flex\">\n                    <svg fill=\"currentColor\" width=\"25\" height=\"25\" viewbox=\"0 0 24 24\">\n                        <path d=\"M12 17.27L18.18 21l-1.64-7.03L22 9.24l-7.19-.61L12 2 9.19 8.63 2 9.24l5.46 4.73L5.82 21z\"><\/path>\n                    <\/svg>\n                <\/span><span style=\"color:#FFB800;width:25px;height:25px;display:inline-flex\">\n                    <svg fill=\"currentColor\" width=\"25\" height=\"25\" viewbox=\"0 0 24 24\">\n                        <path d=\"M12 17.27L18.18 21l-1.64-7.03L22 9.24l-7.19-.61L12 2 9.19 8.63 2 9.24l5.46 4.73L5.82 21z\"><\/path>\n                    <\/svg>\n                <\/span>\t<\/div>\n\t\t<\/div>\n\t\t\t\t\t\t\t<\/div>\n<\/div>\n\t\t<\/div>\n\t<\/div>\n<\/div>\n\n\n\n<figure class=\"wp-block-image size-large is-resized\"><img decoding=\"async\" width=\"1024\" height=\"1013\" src=\"https:\/\/www.appareil-minceur.fr\/wp-content\/uploads\/2025\/04\/image-1-1024x1013.jpeg\" alt=\"LED-Lichttherapie Gesichts- und Halsmaske - Ger\u00e4t zur Pflege der Gesichtshaut\" class=\"wp-image-1208\" style=\"object-fit:cover;width:200px;height:200px\" srcset=\"https:\/\/www.appareil-minceur.fr\/wp-content\/uploads\/2025\/04\/image-1-1024x1013.jpeg 1024w, https:\/\/www.appareil-minceur.fr\/wp-content\/uploads\/2025\/04\/image-1-300x297.jpeg 300w, https:\/\/www.appareil-minceur.fr\/wp-content\/uploads\/2025\/04\/image-1-768x760.jpeg 768w, https:\/\/www.appareil-minceur.fr\/wp-content\/uploads\/2025\/04\/image-1.jpeg 1500w\" sizes=\"(max-width: 1024px) 100vw, 1024px\" \/><\/figure>\n\n\n<div class=\"affx-btn-wrapper wp-block-affiliatex-buttons\" id=\"affiliatex-blocks-style-block-0242aedd-4e5b-4caa-b770-8931b8753122\">\n\t<div class=\"affx-btn-inner\">\n\t\t<a href=\"https:\/\/amzn.to\/4ix7pmA\" class=\"affiliatex-button btn-align-center btn-is-medium btn-is-fullw icon-left\" rel=\"noopener\" target=\"_blank\">\n\t\t\t<i class=\"button-icon far fa-arrow-alt-circle-right\"><\/i>\t\t\t<span class=\"affiliatex-btn\">Auf Amazon ansehen<\/span>\n\t\t\t\t\t\t\t\t<\/a>\n\t<\/div>\n<\/div>\n<\/div>\n\n\n\n<div class=\"wp-block-column is-layout-flow wp-block-column-is-layout-flow\"><div class=\"wp-block-affiliatex-single-product\" id=\"affiliatex-single-product-style-block-f44baf86-1989-4a3f-8d99-d749cd2b7378\">\n\t<div class=\"affx-single-product-wrapper product-layout-1 affx-whole-block-clickable\" >\n\t\t<div class=\"affx-sp-inner affx-amazon-item__border\">\n\t\t\t<div class=\"affx-sp-content  no-image\">\n\t\t\t<div class=\"affx-sp-content-wrapper\">\n\t\t<div class=\"title-wrapper affx-star-rating\">\n\t\t\t<div class=\"affx-title-left\">\n\t\t\t\t\t<h3 class=\"affx-single-product-title\"><span class=\"ez-toc-section\" id=\"E_Beauty\"><\/span>\n\t\tE Beauty\t<span class=\"ez-toc-section-end\"><\/span><\/h3>\n\t\t\t\t\t\t\t<\/div>\n\t\t\t\t<div class=\"affx-sp-pricing-pic rating-align-center\">\n\t\t<span style=\"color:#FFB800;width:25px;height:25px;display:inline-flex\">\n                    <svg fill=\"currentColor\" width=\"25\" height=\"25\" viewbox=\"0 0 24 24\">\n                        <path d=\"M12 17.27L18.18 21l-1.64-7.03L22 9.24l-7.19-.61L12 2 9.19 8.63 2 9.24l5.46 4.73L5.82 21z\"><\/path>\n                    <\/svg>\n                <\/span><span style=\"color:#FFB800;width:25px;height:25px;display:inline-flex\">\n                    <svg fill=\"currentColor\" width=\"25\" height=\"25\" viewbox=\"0 0 24 24\">\n                        <path d=\"M12 17.27L18.18 21l-1.64-7.03L22 9.24l-7.19-.61L12 2 9.19 8.63 2 9.24l5.46 4.73L5.82 21z\"><\/path>\n                    <\/svg>\n                <\/span><span style=\"color:#FFB800;width:25px;height:25px;display:inline-flex\">\n                    <svg fill=\"currentColor\" width=\"25\" height=\"25\" viewbox=\"0 0 24 24\">\n                        <path d=\"M12 17.27L18.18 21l-1.64-7.03L22 9.24l-7.19-.61L12 2 9.19 8.63 2 9.24l5.46 4.73L5.82 21z\"><\/path>\n                    <\/svg>\n                <\/span><span style=\"color:#FFB800;width:25px;height:25px;display:inline-flex\">\n                    <svg fill=\"currentColor\" width=\"25\" height=\"25\" viewbox=\"0 0 24 24\">\n                        <path d=\"M12 17.27L18.18 21l-1.64-7.03L22 9.24l-7.19-.61L12 2 9.19 8.63 2 9.24l5.46 4.73L5.82 21z\"><\/path>\n                    <\/svg>\n                <\/span><span style=\"color:#FFB800;width:25px;height:25px;display:inline-flex\">\n                    <svg fill=\"currentColor\" width=\"25\" height=\"25\" viewbox=\"0 0 24 24\">\n                        <path d=\"M12 17.27L18.18 21l-1.64-7.03L22 9.24l-7.19-.61L12 2 9.19 8.63 2 9.24l5.46 4.73L5.82 21z\"><\/path>\n                    <\/svg>\n                <\/span>\t<\/div>\n\t\t<\/div>\n\t\t\t\t\t\t\t<\/div>\n<\/div>\n\t\t<\/div>\n\t<\/div>\n<\/div>\n\n\n\n<figure class=\"wp-block-image size-large is-resized\"><img decoding=\"async\" width=\"1024\" height=\"827\" src=\"https:\/\/www.appareil-minceur.fr\/wp-content\/uploads\/2025\/04\/image-2-1024x827.jpeg\" alt=\"Photonenmaske zur Verj\u00fcngung der Haut\" class=\"wp-image-1211\" style=\"object-fit:cover;width:200px;height:200px\" srcset=\"https:\/\/www.appareil-minceur.fr\/wp-content\/uploads\/2025\/04\/image-2-1024x827.jpeg 1024w, https:\/\/www.appareil-minceur.fr\/wp-content\/uploads\/2025\/04\/image-2-300x242.jpeg 300w, https:\/\/www.appareil-minceur.fr\/wp-content\/uploads\/2025\/04\/image-2-768x620.jpeg 768w, https:\/\/www.appareil-minceur.fr\/wp-content\/uploads\/2025\/04\/image-2.jpeg 1500w\" sizes=\"(max-width: 1024px) 100vw, 1024px\" \/><\/figure>\n\n\n<div class=\"affx-btn-wrapper wp-block-affiliatex-buttons\" id=\"affiliatex-blocks-style-block-58e0ceac-4989-4b3d-8758-79a56f30136f\">\n\t<div class=\"affx-btn-inner\">\n\t\t<a href=\"https:\/\/amzn.to\/41XnkDF\" class=\"affiliatex-button btn-align-center btn-is-medium btn-is-fullw icon-left\" rel=\"noopener\" target=\"_blank\">\n\t\t\t<i class=\"button-icon far fa-arrow-alt-circle-right\"><\/i>\t\t\t<span class=\"affiliatex-btn\">Auf Amazon ansehen<\/span>\n\t\t\t\t\t\t\t\t<\/a>\n\t<\/div>\n<\/div>\n<\/div>\n\n\n\n<div class=\"wp-block-column is-layout-flow wp-block-column-is-layout-flow\"><div class=\"wp-block-affiliatex-single-product\" id=\"affiliatex-single-product-style-block-df135e55-94e8-4d30-b794-44f10d57aedc\">\n\t<div class=\"affx-single-product-wrapper product-layout-1 affx-whole-block-clickable\" >\n\t\t<div class=\"affx-sp-inner affx-amazon-item__border\">\n\t\t\t<div class=\"affx-sp-content  no-image\">\n\t\t\t<div class=\"affx-sp-content-wrapper\">\n\t\t<div class=\"title-wrapper affx-star-rating\">\n\t\t\t<div class=\"affx-title-left\">\n\t\t\t\t\t<h3 class=\"affx-single-product-title\"><span class=\"ez-toc-section\" id=\"Silkn\"><\/span>\n\t\tSilk'n\t<span class=\"ez-toc-section-end\"><\/span><\/h3>\n\t\t\t\t\t\t\t<\/div>\n\t\t\t\t<div class=\"affx-sp-pricing-pic rating-align-center\">\n\t\t<span style=\"color:#FFB800;width:25px;height:25px;display:inline-flex\">\n                    <svg fill=\"currentColor\" width=\"25\" height=\"25\" viewbox=\"0 0 24 24\">\n                        <path d=\"M12 17.27L18.18 21l-1.64-7.03L22 9.24l-7.19-.61L12 2 9.19 8.63 2 9.24l5.46 4.73L5.82 21z\"><\/path>\n                    <\/svg>\n                <\/span><span style=\"color:#FFB800;width:25px;height:25px;display:inline-flex\">\n                    <svg fill=\"currentColor\" width=\"25\" height=\"25\" viewbox=\"0 0 24 24\">\n                        <path d=\"M12 17.27L18.18 21l-1.64-7.03L22 9.24l-7.19-.61L12 2 9.19 8.63 2 9.24l5.46 4.73L5.82 21z\"><\/path>\n                    <\/svg>\n                <\/span><span style=\"color:#FFB800;width:25px;height:25px;display:inline-flex\">\n                    <svg fill=\"currentColor\" width=\"25\" height=\"25\" viewbox=\"0 0 24 24\">\n                        <path d=\"M12 17.27L18.18 21l-1.64-7.03L22 9.24l-7.19-.61L12 2 9.19 8.63 2 9.24l5.46 4.73L5.82 21z\"><\/path>\n                    <\/svg>\n                <\/span><span style=\"color:#FFB800;width:25px;height:25px;display:inline-flex\">\n                    <svg fill=\"currentColor\" width=\"25\" height=\"25\" viewbox=\"0 0 24 24\">\n                        <path d=\"M12 17.27L18.18 21l-1.64-7.03L22 9.24l-7.19-.61L12 2 9.19 8.63 2 9.24l5.46 4.73L5.82 21z\"><\/path>\n                    <\/svg>\n                <\/span><span style=\"color:#808080;width:25px;height:25px;display:inline-flex\">\n                    <svg fill=\"currentColor\" width=\"25\" height=\"25\" viewbox=\"0 0 24 24\">\n                        <path d=\"M12 17.27L18.18 21l-1.64-7.03L22 9.24l-7.19-.61L12 2 9.19 8.63 2 9.24l5.46 4.73L5.82 21z\"><\/path>\n                    <\/svg>\n                <\/span>\t<\/div>\n\t\t<\/div>\n\t\t\t\t\t\t\t<\/div>\n<\/div>\n\t\t<\/div>\n\t<\/div>\n<\/div>\n\n\n\n<figure class=\"wp-block-image size-full is-resized\"><img loading=\"lazy\" decoding=\"async\" width=\"820\" height=\"751\" src=\"https:\/\/www.appareil-minceur.fr\/wp-content\/uploads\/2025\/04\/image-3.jpeg\" alt=\"Gesichtsmasken mit Anti-Aging-Rotlicht - Kabellos, 100 LEDs\" class=\"wp-image-1214\" style=\"object-fit:cover;width:200px;height:200px\" srcset=\"https:\/\/www.appareil-minceur.fr\/wp-content\/uploads\/2025\/04\/image-3.jpeg 820w, https:\/\/www.appareil-minceur.fr\/wp-content\/uploads\/2025\/04\/image-3-300x275.jpeg 300w, https:\/\/www.appareil-minceur.fr\/wp-content\/uploads\/2025\/04\/image-3-768x703.jpeg 768w\" sizes=\"(max-width: 820px) 100vw, 820px\" \/><\/figure>\n\n\n<div class=\"affx-btn-wrapper wp-block-affiliatex-buttons\" id=\"affiliatex-blocks-style-block-45351715-c801-439d-aaf3-cd547255f3d6\">\n\t<div class=\"affx-btn-inner\">\n\t\t<a href=\"https:\/\/amzn.to\/4kVp7BW\" class=\"affiliatex-button btn-align-center btn-is-medium btn-is-fullw icon-left\" rel=\"noopener\" target=\"_blank\">\n\t\t\t<i class=\"button-icon far fa-arrow-alt-circle-right\"><\/i>\t\t\t<span class=\"affiliatex-btn\">Auf Amazon ansehen<\/span>\n\t\t\t\t\t\t\t\t<\/a>\n\t<\/div>\n<\/div>\n<\/div>\n\n\n\n<div class=\"wp-block-column is-layout-flow wp-block-column-is-layout-flow\"><div class=\"wp-block-affiliatex-single-product\" id=\"affiliatex-single-product-style-block-ef6fb281-9dcd-45fa-98ce-5211caf2bcc2\">\n\t<div class=\"affx-single-product-wrapper product-layout-1 affx-whole-block-clickable\" >\n\t\t<div class=\"affx-sp-inner affx-amazon-item__border\">\n\t\t\t<div class=\"affx-sp-content  no-image\">\n\t\t\t<div class=\"affx-sp-content-wrapper\">\n\t\t<div class=\"title-wrapper affx-star-rating\">\n\t\t\t<div class=\"affx-title-left\">\n\t\t\t\t\t<h3 class=\"affx-single-product-title\"><span class=\"ez-toc-section\" id=\"Profey\"><\/span>\n\t\tProfey\t<span class=\"ez-toc-section-end\"><\/span><\/h3>\n\t\t\t\t\t\t\t<\/div>\n\t\t\t\t<div class=\"affx-sp-pricing-pic rating-align-center\">\n\t\t<span style=\"color:#FFB800;width:25px;height:25px;display:inline-flex\">\n                    <svg fill=\"currentColor\" width=\"25\" height=\"25\" viewbox=\"0 0 24 24\">\n                        <path d=\"M12 17.27L18.18 21l-1.64-7.03L22 9.24l-7.19-.61L12 2 9.19 8.63 2 9.24l5.46 4.73L5.82 21z\"><\/path>\n                    <\/svg>\n                <\/span><span style=\"color:#FFB800;width:25px;height:25px;display:inline-flex\">\n                    <svg fill=\"currentColor\" width=\"25\" height=\"25\" viewbox=\"0 0 24 24\">\n                        <path d=\"M12 17.27L18.18 21l-1.64-7.03L22 9.24l-7.19-.61L12 2 9.19 8.63 2 9.24l5.46 4.73L5.82 21z\"><\/path>\n                    <\/svg>\n                <\/span><span style=\"color:#FFB800;width:25px;height:25px;display:inline-flex\">\n                    <svg fill=\"currentColor\" width=\"25\" height=\"25\" viewbox=\"0 0 24 24\">\n                        <path d=\"M12 17.27L18.18 21l-1.64-7.03L22 9.24l-7.19-.61L12 2 9.19 8.63 2 9.24l5.46 4.73L5.82 21z\"><\/path>\n                    <\/svg>\n                <\/span><span style=\"color:#FFB800;width:25px;height:25px;display:inline-flex\">\n                    <svg fill=\"currentColor\" width=\"25\" height=\"25\" viewbox=\"0 0 24 24\">\n                        <path d=\"M12 17.27L18.18 21l-1.64-7.03L22 9.24l-7.19-.61L12 2 9.19 8.63 2 9.24l5.46 4.73L5.82 21z\"><\/path>\n                    <\/svg>\n                <\/span><span style=\"color:#808080;width:25px;height:25px;display:inline-flex\">\n                    <svg fill=\"currentColor\" width=\"25\" height=\"25\" viewbox=\"0 0 24 24\">\n                        <path d=\"M12 17.27L18.18 21l-1.64-7.03L22 9.24l-7.19-.61L12 2 9.19 8.63 2 9.24l5.46 4.73L5.82 21z\"><\/path>\n                    <\/svg>\n                <\/span>\t<\/div>\n\t\t<\/div>\n\t\t\t\t\t\t\t<\/div>\n<\/div>\n\t\t<\/div>\n\t<\/div>\n<\/div>\n\n\n\n<figure class=\"wp-block-image size-large is-resized\"><img loading=\"lazy\" decoding=\"async\" width=\"998\" height=\"1024\" src=\"https:\/\/www.appareil-minceur.fr\/wp-content\/uploads\/2025\/04\/image-4-998x1024.jpeg\" alt=\"Profey Led-Maske in 7 Farben, Led-Gesichtsmaske hat Verj\u00fcngende, Anti-Aging- und Anti-Falten-Effekte, Wei\u00dfe Led-Maske\" class=\"wp-image-1216\" style=\"object-fit:cover;width:200px;height:200px\" srcset=\"https:\/\/www.appareil-minceur.fr\/wp-content\/uploads\/2025\/04\/image-4-998x1024.jpeg 998w, https:\/\/www.appareil-minceur.fr\/wp-content\/uploads\/2025\/04\/image-4-292x300.jpeg 292w, https:\/\/www.appareil-minceur.fr\/wp-content\/uploads\/2025\/04\/image-4-768x788.jpeg 768w, https:\/\/www.appareil-minceur.fr\/wp-content\/uploads\/2025\/04\/image-4.jpeg 1462w\" sizes=\"(max-width: 998px) 100vw, 998px\" \/><\/figure>\n\n\n<div class=\"affx-btn-wrapper wp-block-affiliatex-buttons\" id=\"affiliatex-blocks-style-block-350755a5-7d6e-4031-a0df-01a97cf7c785\">\n\t<div class=\"affx-btn-inner\">\n\t\t<a href=\"https:\/\/amzn.to\/4kRnkh4\" class=\"affiliatex-button btn-align-center btn-is-medium btn-is-fullw icon-left\" rel=\"noopener\" target=\"_blank\">\n\t\t\t<i class=\"button-icon far fa-arrow-alt-circle-right\"><\/i>\t\t\t<span class=\"affiliatex-btn\">Auf Amazon ansehen<\/span>\n\t\t\t\t\t\t\t\t<\/a>\n\t<\/div>\n<\/div>\n<\/div>\n<\/div>\n\n\n\n<h2 class=\"wp-block-heading\"><span class=\"ez-toc-section\" id=\"Resume_du_classement\"><\/span>Zusammenfassung der Rangliste<span class=\"ez-toc-section-end\"><\/span><\/h2>\n\n\n\n<p>LED-Masken erleben einen <strong>echter Boom<\/strong> in diesem Augenblick! Das Modell von CurrentBody, <strong>star der Influencer und Beauty-Profis<\/strong>Die meisten Menschen in der Welt haben sich f\u00fcr die <strong>die Zeichen der Hautalterung bek\u00e4mpfen<\/strong>. Lust auf ein professionelles Ergebnis, ohne Ihr Wohnzimmer verlassen zu m\u00fcssen? Die LED-Anti-Aging-Maske von Nooance Paris k\u00f6nnte Ihr neuer bester Freund werden. \u00dcbrigens best\u00e4tigt Vogue France: In Kombination mit Ihrer gewohnten Pflege kann ein solches Ger\u00e4t <strong>kurbelt die Kollagenproduktion an<\/strong>. Das Ergebnis? Eine straffere Haut und feine Linien, die in wenigen Wochen verschwinden. Wie soll man sich also auf diesem Markt zurechtfinden? Ich gebe Ihnen meine pers\u00f6nlichen Tipps!<\/p>\n\n\n\n<p>Kleine Zusatzinfo: Die Skin Mask von CurrentBody hebt sich mit ihren <strong>Infrarotwellen<\/strong>. Von meinen Kundinnen getestet, zeigt es <strong>sichtbare Ergebnisse an der Augenpartie und bei Unreinheiten<\/strong>. Wenn Sie zwischen mehreren Modellen schwanken, lesen Sie die Meinungen \u00fcber die LED-Therapie - das Feedback zu den Infrarotmasken ist wirklich aussagekr\u00e4ftig!<\/p>\n\n\n\n<h2 class=\"wp-block-heading\"><span class=\"ez-toc-section\" id=\"Masque_Facial_LED_IBORRIA_Mon_Avis_sur_ce_Soin_Lumineux_%E2%AD%90455\"><\/span>IBORRIA LED Facial Mask: Meine Meinung zu dieser leuchtenden Pflege (\u2b504.5\/5)<span class=\"ez-toc-section-end\"><\/span><\/h2>\n\n\n\n<figure class=\"wp-block-image aligncenter size-large\"><img loading=\"lazy\" decoding=\"async\" width=\"1006\" height=\"1024\" src=\"https:\/\/www.appareil-minceur.fr\/wp-content\/uploads\/2025\/04\/image-1006x1024.jpeg\" alt=\"LED-Gesichtsmaske f\u00fcr Gesicht, Hals und Dekollet\u00e9, Nahinfrarot-Lichttherapie, Flexible Silikon-Beauty-Maske, Behandlung zu Hause, Hautpflege\" class=\"wp-image-1206\" srcset=\"https:\/\/www.appareil-minceur.fr\/wp-content\/uploads\/2025\/04\/image-1006x1024.jpeg 1006w, https:\/\/www.appareil-minceur.fr\/wp-content\/uploads\/2025\/04\/image-295x300.jpeg 295w, https:\/\/www.appareil-minceur.fr\/wp-content\/uploads\/2025\/04\/image-768x782.jpeg 768w, https:\/\/www.appareil-minceur.fr\/wp-content\/uploads\/2025\/04\/image.jpeg 1473w\" sizes=\"(max-width: 1006px) 100vw, 1006px\" \/><\/figure>\n\n\n\n<p>Diese <strong>IBORRIA LED-Maske<\/strong>ist der perfekte Helfer, wenn Sie Ihre Haut zu Hause auf Vordermann bringen wollen. Mit seinen <strong>Wellen und ihre 3 Lichtfarben<\/strong>Sie ist ein echter Beauty-Coach f\u00fcr feine Linien und Unreinheiten. Das Modell aus weichem Silikon passt sich perfekt dem Gesicht an - von meinen Kundinnen getestet und f\u00fcr gut befunden!<\/p>\n\n\n\n<p>Was ist sein gro\u00dfer Vorteil? Eine <strong>verbl\u00fcffend einfach zu bedienen<\/strong>. Die ersten Ergebnisse lassen sich sehen. Im Vergleich zum Currentbody (dem Spitzenprodukt der Branche) bleibt der Preis sanft zum Geldbeutel, ohne dass die Effizienz darunter leidet.<\/p>\n\n\n\n<p><a href=\"https:\/\/amzn.to\/4bWeYRe\" target=\"_blank\" rel=\"noopener\">Auf Amazon ansehen<\/a><\/p>\n\n\n\n<figure class=\"wp-block-table\"><table class=\"has-fixed-layout\"><thead><tr><th>Vorteile<\/th><th>Nachteile<\/th><\/tr><\/thead><tbody><tr><td>\u2705 Tragekomfort (vor allem Modelle aus flexiblem Silikon)<\/td><td>\u274c Einige Nutzer k\u00f6nnen das Licht in Augenh\u00f6he als blendend empfinden.<\/td><\/tr><tr><td>\u2705 Potenzial zur Verbesserung des Hautbildes<\/td><td>\u274c Die Auswirkungen k\u00f6nnen von Person zu Person unterschiedlich sein und erfordern eine regelm\u00e4\u00dfige Anwendung, um sichtbar zu werden.<\/td><\/tr><tr><td>\u2705 Erschwinglichkeit (attraktiver Preis im Vergleich zur Konkurrenz)<\/td><td>&nbsp;<\/td><\/tr><tr><td>\u2705 Einfache Integration in eine Hautpflegeroutine<\/td><td>&nbsp;<\/td><\/tr><tr><td>\u2705 Verschiedene Lichtfarben zur Ausrichtung auf bestimmte Probleme<\/td><td>&nbsp;<\/td><\/tr><\/tbody><\/table><\/figure>\n\n\n\n<p>Gut zu wissen: Die <strong>rotes Licht<\/strong> wirkt Wunder bei Akne. Bei m\u00fcden Augen wechseln Sie sich mit einem eisgek\u00fchlten Roller ab - meine Gewinnerkombo! Die Kundenmeinungen best\u00e4tigen \u00fcbrigens eine deutliche Verbesserung von Poren und feinen Linien.<\/p>\n\n\n\n<h2 class=\"wp-block-heading\"><span class=\"ez-toc-section\" id=\"Masque_Visage_et_Cou_Nourished_Bodynskin_%E2%AD%90455\"><\/span>Nourished Bodynskin Gesichts- und Halsmaske (\u2b504.5\/5)<span class=\"ez-toc-section-end\"><\/span><\/h2>\n\n\n\n<figure class=\"wp-block-image aligncenter size-large\"><img loading=\"lazy\" decoding=\"async\" width=\"1024\" height=\"1013\" src=\"https:\/\/www.appareil-minceur.fr\/wp-content\/uploads\/2025\/04\/image-1-1024x1013.jpeg\" alt=\"LED-Lichttherapie Gesichts- und Halsmaske - Ger\u00e4t zur Pflege der Gesichtshaut\" class=\"wp-image-1208\" srcset=\"https:\/\/www.appareil-minceur.fr\/wp-content\/uploads\/2025\/04\/image-1-1024x1013.jpeg 1024w, https:\/\/www.appareil-minceur.fr\/wp-content\/uploads\/2025\/04\/image-1-300x297.jpeg 300w, https:\/\/www.appareil-minceur.fr\/wp-content\/uploads\/2025\/04\/image-1-768x760.jpeg 768w, https:\/\/www.appareil-minceur.fr\/wp-content\/uploads\/2025\/04\/image-1.jpeg 1500w\" sizes=\"(max-width: 1024px) 100vw, 1024px\" \/><\/figure>\n\n\n\n<p>Sie suchen einen Verb\u00fcndeten <strong>effektives Anti-Aging<\/strong> ? Diese <strong>mask kombiniert LED-Lichttherapie und Infrarot<\/strong> um gezielt <strong>Falten, feine Linien und Unreinheiten<\/strong>. Seine 7 Farben (darunter ein intensives Rot) regen die Kollagenproduktion an.<\/p>\n\n\n\n<p>Das gro\u00dfe Plus? Es wirkt gleichzeitig auf Gesicht, Hals UND Dekollet\u00e9! Sein <strong>ergonomisches Ger\u00e4t passt sich allen K\u00f6rperformen an<\/strong>. Meine Kundinnen benutzen ihn sogar w\u00e4hrend ihrer Lieblingsserie. Haben Sie davon getr\u00e4umt?<\/p>\n\n\n\n<p><a href=\"https:\/\/amzn.to\/4ix7pmA\" target=\"_blank\" rel=\"noopener\">Auf Amazon ansehen<\/a><\/p>\n\n\n\n<figure class=\"wp-block-table\"><table class=\"has-fixed-layout\"><thead><tr><th>Vorteile<\/th><th>Nachteile<\/th><\/tr><\/thead><tbody><tr><td>\u2705 Hergestellt in <strong>weiches Silikon in medizinischer Qualit\u00e4t<\/strong><\/td><td>\u274c Der Preis kann f\u00fcr manche Budgets ein Hindernis sein.<\/td><\/tr><tr><td>\u2705 Behandelt sowohl das Gesicht als auch den Hals<\/td><td>\u274c Ben\u00f6tigt eine <strong>regelm\u00e4\u00dfiger Gebrauch f\u00fcr optimale Ergebnisse<\/strong>.<\/td><\/tr><tr><td>\u2705 Einfach zu installieren und freih\u00e4ndig<\/td><td>&nbsp;<\/td><\/tr><tr><td>\u2705 <strong>Klinisch erprobte LED-Lichttherapie<\/strong><\/td><td>&nbsp;<\/td><\/tr><\/tbody><\/table><\/figure>\n\n\n\n<h2 class=\"wp-block-heading\"><span class=\"ez-toc-section\" id=\"Masque_photonique_Project_E_Beauty_votre_allie_peau_neuve_%E2%AD%9045\"><\/span>Project E Beauty Photonic Mask: Ihr Verb\u00fcndeter f\u00fcr neue Haut (\u2b504\/5)<span class=\"ez-toc-section-end\"><\/span><\/h2>\n\n\n\n<figure class=\"wp-block-image aligncenter size-large\"><img loading=\"lazy\" decoding=\"async\" width=\"1024\" height=\"827\" src=\"https:\/\/www.appareil-minceur.fr\/wp-content\/uploads\/2025\/04\/image-2-1024x827.jpeg\" alt=\"Photonenmaske zur Verj\u00fcngung der Haut\" class=\"wp-image-1211\" srcset=\"https:\/\/www.appareil-minceur.fr\/wp-content\/uploads\/2025\/04\/image-2-1024x827.jpeg 1024w, https:\/\/www.appareil-minceur.fr\/wp-content\/uploads\/2025\/04\/image-2-300x242.jpeg 300w, https:\/\/www.appareil-minceur.fr\/wp-content\/uploads\/2025\/04\/image-2-768x620.jpeg 768w, https:\/\/www.appareil-minceur.fr\/wp-content\/uploads\/2025\/04\/image-2.jpeg 1500w\" sizes=\"(max-width: 1024px) 100vw, 1024px\" \/><\/figure>\n\n\n\n<p>Die <strong>Project E Beauty-Maske<\/strong>Das ist ein echtes Schweizer Taschenmesser f\u00fcr die <strong>Haut<\/strong> ! Seine <strong>LED-Therapie 7 Farben<\/strong> wirkt wie ein Booster von <strong>nat\u00fcrliches Kollagen<\/strong>. Die Lichtwellen zielen auf Unreinheiten und feine Linien ab, ohne die Epidermis anzugreifen - sogar die Augenpartie profitiert davon!<\/p>\n\n\n\n<p>Was zeichnet ihn aus? Die verstellbare Maske passt sich jeder Morphologie an und sorgt f\u00fcr <strong>wirklich angenehme Sitzungen<\/strong>. Sie m\u00fcssen nicht stundenlang bleiben: Die Sitzungen sind kurz. Die Meinungen stimmen in einem Punkt \u00fcberein: Die Ergebnisse sind nach mehreren regelm\u00e4\u00dfigen Anwendungen sichtbar.<\/p>\n\n\n\n<p><a href=\"https:\/\/amzn.to\/41XnkDF\" target=\"_blank\" rel=\"noopener\">Auf Amazon ansehen<\/a><\/p>\n\n\n\n<figure class=\"wp-block-table\"><table class=\"has-fixed-layout\"><thead><tr><th>Vorteile<\/th><th>Nachteile<\/th><\/tr><\/thead><tbody><tr><td>\u2705 Ergonomisches Design f\u00fcr optimalen Komfort<\/td><td>\u274c Der Preis kann je nach Verkaufsplattform variieren.<\/td><\/tr><tr><td>\u2705 Verwendet <strong>7 LED-Farben, um verschiedene Hautprobleme anzusprechen<\/strong><\/td><td>\u274c Die Auswirkungen k\u00f6nnen von Person zu Person unterschiedlich sein.<\/td><\/tr><tr><td>\u2705 F\u00fcr alle Hauttypen geeignet<\/td><td>&nbsp;<\/td><\/tr><tr><td>\u2705 Kann die Hautpflegeroutine ankurbeln<\/td><td>&nbsp;<\/td><\/tr><\/tbody><\/table><\/figure>\n\n\n\n<h2 class=\"wp-block-heading\"><span class=\"ez-toc-section\" id=\"Masque_Visage_LED_Silkn_%E2%AD%90355\"><\/span>Silk'n LED-Gesichtsmaske (\u2b503.5\/5)<span class=\"ez-toc-section-end\"><\/span><\/h2>\n\n\n\n<figure class=\"wp-block-image aligncenter size-full\"><img loading=\"lazy\" decoding=\"async\" width=\"820\" height=\"751\" src=\"https:\/\/www.appareil-minceur.fr\/wp-content\/uploads\/2025\/04\/image-3.jpeg\" alt=\"Gesichtsmasken mit Anti-Aging-Rotlicht - Kabellos, 100 LEDs\" class=\"wp-image-1214\" srcset=\"https:\/\/www.appareil-minceur.fr\/wp-content\/uploads\/2025\/04\/image-3.jpeg 820w, https:\/\/www.appareil-minceur.fr\/wp-content\/uploads\/2025\/04\/image-3-300x275.jpeg 300w, https:\/\/www.appareil-minceur.fr\/wp-content\/uploads\/2025\/04\/image-3-768x703.jpeg 768w\" sizes=\"(max-width: 820px) 100vw, 820px\" \/><\/figure>\n\n\n\n<p>Diese LED-Maske von Silk'n setzt auf eine <strong>schlaue Kombo: vier farbige Lichter<\/strong> (rot, blau, gelb und violett) f\u00fcr <strong>Ihre Haut boosten<\/strong>. Sein nat\u00fcrliches Silikonmaterial macht ihn ultrabequem - man vergisst ihn fast auf dem Gesicht!<\/p>\n\n\n\n<p>Ein echter Liebling, wenn Sie ein Ger\u00e4t suchen, das einfach zu bedienen ist. Gute Punkte: <strong>seine perfekte Passform erm\u00f6glicht es dem Licht, in jedem Bereich zu arbeiten<\/strong>. Die ersten Ergebnisse? Z\u00e4hlen Sie <strong>3-4 Wochen regelm\u00e4\u00dfiger Gebrauch<\/strong>Wenn Sie sich nicht sicher sind, wie lange es dauern wird, bis das Kollagen wieder erwacht, sollten Sie sich an die Arbeit machen.<\/p>\n\n\n\n<p><a href=\"https:\/\/amzn.to\/4kVp7BW\" target=\"_blank\" rel=\"noopener\">Auf Amazon ansehen<\/a><\/p>\n\n\n\n<figure class=\"wp-block-table\"><table class=\"has-fixed-layout\"><thead><tr><th>Vorteile<\/th><th>Nachteile<\/th><\/tr><\/thead><tbody><tr><td>\u2705 Weiches Material, das sich perfekt an die Gesichtskonturen anpasst<\/td><td>\u274c Der Preis schwankt je nach Zeitraum - aufpassen!<\/td><\/tr><tr><td>\u2705 <strong>4 LED-Farben, die auf Falten, Unreinheiten und fahlen Teint abzielen<\/strong><\/td><td>\u274c F\u00fcr eine echte Ver\u00e4nderung regelm\u00e4\u00dfig zu verwenden<\/td><\/tr><tr><td>\u2705 Richtige Autonomie<\/td><td>&nbsp;<\/td><\/tr><tr><td>\u2705 <strong>Sichtbare Ergebnisse an der Augenpartie<\/strong><\/td><td>&nbsp;<\/td><\/tr><\/tbody><\/table><\/figure>\n\n\n\n<p>PS: Kundenmeinungen betonen oft seine <strong>\"Gute-Miene-Effekt\"<\/strong>. Perfekt, um die Haut vor einer Veranstaltung vorzubereiten!<\/p>\n\n\n\n<h2 class=\"wp-block-heading\"><span class=\"ez-toc-section\" id=\"Masque_LED_en_7_Couleurs_Profey_%E2%AD%90355\"><\/span>LED-Maske in 7 Farben Profey (\u2b503.5\/5)<span class=\"ez-toc-section-end\"><\/span><\/h2>\n\n\n\n<figure class=\"wp-block-image aligncenter size-large\"><img loading=\"lazy\" decoding=\"async\" width=\"998\" height=\"1024\" src=\"https:\/\/www.appareil-minceur.fr\/wp-content\/uploads\/2025\/04\/image-4-998x1024.jpeg\" alt=\"Profey Led-Maske in 7 Farben, Led-Gesichtsmaske hat Verj\u00fcngende, Anti-Aging- und Anti-Falten-Effekte, Wei\u00dfe Led-Maske\" class=\"wp-image-1216\" srcset=\"https:\/\/www.appareil-minceur.fr\/wp-content\/uploads\/2025\/04\/image-4-998x1024.jpeg 998w, https:\/\/www.appareil-minceur.fr\/wp-content\/uploads\/2025\/04\/image-4-292x300.jpeg 292w, https:\/\/www.appareil-minceur.fr\/wp-content\/uploads\/2025\/04\/image-4-768x788.jpeg 768w, https:\/\/www.appareil-minceur.fr\/wp-content\/uploads\/2025\/04\/image-4.jpeg 1462w\" sizes=\"(max-width: 998px) 100vw, 998px\" \/><\/figure>\n\n\n\n<p>Haben Sie Lust, die Vorteile von LED-Licht zu testen? Der <strong>Maske<\/strong> Profey und seine 7 <strong>Farben<\/strong> zielen direkt auf Ihre Probleme ab <strong>Haut<\/strong> ! <strong>Rot, um die Kollagenproduktion anzuregen<\/strong>blau gegen den<strong>Akne<\/strong>... Jede Sitzung wirkt wie ein <strong>Lichttherapie<\/strong>. Die Bewertungen best\u00e4tigen es: Innerhalb weniger Wochen werden feine Linien und Unreinheiten sichtbar gemildert.<\/p>\n\n\n\n<p>Diese <strong>Mehrzweck-Gesichtsmaske<\/strong> erm\u00f6glicht es Ihnen gerade, Ihre Pflege auf Ihre aktuellen Bed\u00fcrfnisse abzustimmen. Sie ist der perfekte Verb\u00fcndete f\u00fcr eine m\u00fcde Augenpartie oder zu Akne neigende Haut. Was ist das Praktischste? Eine <strong>einfache hausgemachte Nutzung<\/strong> f\u00fcr <strong>Pro-Ergebnisse<\/strong> ohne Galeere!<\/p>\n\n\n\n<p><a href=\"https:\/\/amzn.to\/4kRnkh4\" target=\"_blank\" rel=\"noopener\">Auf Amazon ansehen<\/a><\/p>\n\n\n\n<figure class=\"wp-block-table\"><table class=\"has-fixed-layout\"><thead><tr><th>Vorteile<\/th><th>Nachteile<\/th><\/tr><\/thead><tbody><tr><td>\u2705 7 <strong>LED-Farben, die f\u00fcr jeden Skinbedarf geeignet sind<\/strong> (Anti-Aging, Anti-Akne...)<\/td><td>\u274c Modelle f\u00fcr den Massenmarkt sind keine medizinischen Ger\u00e4te.<\/td><\/tr><tr><td>\u2705 <strong>Sichtbare Ergebnisse bei Falten und Akne in wenigen Wochen<\/strong><\/td><td>\u274c Ben\u00f6tigt Regelm\u00e4\u00dfigkeit f\u00fcr eine wirksame Behandlung.<\/td><\/tr><tr><td>\u2705 Nomadisches Ger\u00e4t f\u00fcr Express-Beauty<\/td><td>&nbsp;<\/td><\/tr><\/tbody><\/table><\/figure>\n\n\n\n<h2 class=\"wp-block-heading\"><span class=\"ez-toc-section\" id=\"Comparaison_des_produits\"><\/span>Produktvergleich<span class=\"ez-toc-section-end\"><\/span><\/h2>\n\n\n\n<p>Wie soll man also unter diesen LED-Masken w\u00e4hlen? Das h\u00e4ngt von Ihren Bed\u00fcrfnissen ab! F\u00fcr eine Behandlung <strong>umfassende Anti-Aging<\/strong>Bevorzugen Sie ein Modell, das Folgendes kombiniert <strong>rotes Licht<\/strong> und <strong>Infrarot<\/strong>. Innerhalb weniger Wochen bei regelm\u00e4\u00dfiger Anwendung werden Falten und F\u00e4ltchen gemildert! Wenn Akne oder Hautunreinheiten Sie \u00e4rgern, <strong>blaues Licht wirkt Wunder<\/strong>. Und f\u00fcr einen Express-Glow verwandelt die gr\u00fcne Farbe Ihre Haut in nur vier Wochen! Das ist die Magie der Lichttherapie. F\u00fcr die Augenpartie bieten einige Ger\u00e4te spezielle Einstellungen. Vergessen Sie nicht, die Bewertungen zu lesen, bevor Sie sich f\u00fcr ein Modell entscheiden!<\/p>\n\n\n\n<figure class=\"wp-block-table\"><table class=\"has-fixed-layout\"><thead><tr><th>Produkt<\/th><th>LED<\/th><th>Vorteile<\/th><\/tr><\/thead><tbody><tr><td>IBORRIA<\/td><td><strong>Rot, blau, gelb<\/strong><\/td><td><strong>Attraktiver Preis<\/strong>, einfach zu verwenden<\/td><\/tr><tr><td>Nourished Bodynskin<\/td><td><strong>7 Farben<\/strong><\/td><td>Melden Sie sich <strong>Gesicht und Hals<\/strong>, komfortabel<\/td><\/tr><tr><td>Project E Beauty<\/td><td><strong>7 Farben<\/strong><\/td><td>Ergonomisch, <strong>zahlreiche Einstellungen<\/strong><\/td><\/tr><tr><td>Silk'n<\/td><td><strong>Rot, Blau, Gelb, Violett<\/strong><\/td><td>Vielseitig einsetzbar, <strong>gutes Preis-Leistungs-Verh\u00e4ltnis<\/strong><\/td><\/tr><tr><td>Profey<\/td><td><strong>7 Farben<\/strong><\/td><td><strong>Breites Spektrum an M\u00f6glichkeiten<\/strong><\/td><\/tr><\/tbody><\/table><\/figure>\n\n\n\n<h2 class=\"wp-block-heading\"><span class=\"ez-toc-section\" id=\"En_resume\"><\/span>Zusammenfassend<span class=\"ez-toc-section-end\"><\/span><\/h2>\n\n\n\n<p>Der Markt f\u00fcr <strong>LED-Masken<\/strong> ist voll von Nuggets, die f\u00fcr jeden Bedarf geeignet sind! Egal, ob Sie eine Anti-Aging-Behandlung, die Bek\u00e4mpfung von<strong>Akne<\/strong> oder einfach nur Ihre Haut zum Strahlen bringen wollen, gibt es bestimmt eine Infrarot-Maske, die genau das Richtige f\u00fcr Sie ist. Sind Sie noch unschl\u00fcssig? Die <strong>Lichttherapie<\/strong> zu Hause bietet sichtbare Ergebnisse mit echtem Komfort. Eine Investition in die Sch\u00f6nheit, die sich lohnt!<\/p>\n\n\n\n<p>Lust zu strahlen? Finden Sie den <strong>LED-Maske<\/strong> die zu Ihnen passt, bedeutet, dass Sie Ihrer Haut eine <strong>sofortige und lang anhaltende Ausstrahlung<\/strong>. Warum nicht <strong>Ihre Sch\u00f6nheitsroutine dynamisieren<\/strong> schon heute? Lassen Sie Ihr Gesicht seine <strong>nat\u00fcrliche Helligkeit<\/strong>... Und das wird Ihnen Ihre Haut danken!<\/p>\n\n\n\n<p><\/p>","protected":false},"excerpt":{"rendered":"<p>Vos premi\u00e8res rides commencent \u00e0 s&rsquo;installer et les imperfections vous agacent ? Le masque LED pourrait bien devenir votre nouvel alli\u00e9 beaut\u00e9 pour une peau plus ferme et lumineuse ! On d\u00e9voile notre s\u00e9lection coup de c\u0153ur des masques LED visage les plus performants, avec un zoom sur les effets concrets de la luminoth\u00e9rapie comme [&hellip;]<\/p>\n","protected":false},"author":1,"featured_media":1220,"comment_status":"open","ping_status":"open","sticky":false,"template":"","format":"standard","meta":{"footnotes":""},"categories":[11],"tags":[],"class_list":["post-1085","post","type-post","status-publish","format-standard","has-post-thumbnail","hentry","category-guide"],"_links":{"self":[{"href":"https:\/\/www.appareil-minceur.fr\/de\/wp-json\/wp\/v2\/posts\/1085","targetHints":{"allow":["GET"]}}],"collection":[{"href":"https:\/\/www.appareil-minceur.fr\/de\/wp-json\/wp\/v2\/posts"}],"about":[{"href":"https:\/\/www.appareil-minceur.fr\/de\/wp-json\/wp\/v2\/types\/post"}],"author":[{"embeddable":true,"href":"https:\/\/www.appareil-minceur.fr\/de\/wp-json\/wp\/v2\/users\/1"}],"replies":[{"embeddable":true,"href":"https:\/\/www.appareil-minceur.fr\/de\/wp-json\/wp\/v2\/comments?post=1085"}],"version-history":[{"count":13,"href":"https:\/\/www.appareil-minceur.fr\/de\/wp-json\/wp\/v2\/posts\/1085\/revisions"}],"predecessor-version":[{"id":2941,"href":"https:\/\/www.appareil-minceur.fr\/de\/wp-json\/wp\/v2\/posts\/1085\/revisions\/2941"}],"wp:featuredmedia":[{"embeddable":true,"href":"https:\/\/www.appareil-minceur.fr\/de\/wp-json\/wp\/v2\/media\/1220"}],"wp:attachment":[{"href":"https:\/\/www.appareil-minceur.fr\/de\/wp-json\/wp\/v2\/media?parent=1085"}],"wp:term":[{"taxonomy":"category","embeddable":true,"href":"https:\/\/www.appareil-minceur.fr\/de\/wp-json\/wp\/v2\/categories?post=1085"},{"taxonomy":"post_tag","embeddable":true,"href":"https:\/\/www.appareil-minceur.fr\/de\/wp-json\/wp\/v2\/tags?post=1085"}],"curies":[{"name":"wp","href":"https:\/\/api.w.org\/{rel}","templated":true}]}}