{"id":1231,"date":"2025-06-02T08:33:54","date_gmt":"2025-06-02T08:33:54","guid":{"rendered":"https:\/\/www.appareil-minceur.fr\/?p=1231"},"modified":"2025-06-02T08:33:56","modified_gmt":"2025-06-02T08:33:56","slug":"surplus-de-peau-apres-perte-de-poids","status":"publish","type":"post","link":"https:\/\/www.appareil-minceur.fr\/de\/gewichtsverlust-2\/surplus-de-peau-apres-perte-de-poids\/","title":{"rendered":"5 L\u00f6sungen, um \u00fcbersch\u00fcssige Haut nach Gewichtsverlust zu entfernen"},"content":{"rendered":"<div class=\"kk-star-ratings kksr-auto kksr-align-left kksr-valign-top\"\n    data-payload='{&quot;align&quot;:&quot;left&quot;,&quot;id&quot;:&quot;1231&quot;,&quot;slug&quot;:&quot;default&quot;,&quot;valign&quot;:&quot;top&quot;,&quot;ignore&quot;:&quot;&quot;,&quot;reference&quot;:&quot;auto&quot;,&quot;class&quot;:&quot;&quot;,&quot;count&quot;:&quot;0&quot;,&quot;legendonly&quot;:&quot;&quot;,&quot;readonly&quot;:&quot;&quot;,&quot;score&quot;:&quot;0&quot;,&quot;starsonly&quot;:&quot;&quot;,&quot;best&quot;:&quot;5&quot;,&quot;gap&quot;:&quot;5&quot;,&quot;greet&quot;:&quot;Notez cet article !&quot;,&quot;legend&quot;:&quot;0\\\/5 - (0 votes)&quot;,&quot;size&quot;:&quot;16&quot;,&quot;title&quot;:&quot;5 solutions pour \u00e9liminer le surplus de peau apr\u00e8s perte de poids&quot;,&quot;width&quot;:&quot;0&quot;,&quot;_legend&quot;:&quot;{score}\\\/{best} - ({count} {votes})&quot;,&quot;font_factor&quot;:&quot;1.25&quot;}'>\n            \n<div class=\"kksr-stars\">\n    \n<div class=\"kksr-stars-inactive\">\n            <div class=\"kksr-star\" data-star=\"1\" style=\"padding-right: 5px\">\n            \n\n<div class=\"kksr-icon\" style=\"width: 16px; height: 16px;\"><\/div>\n        <\/div>\n            <div class=\"kksr-star\" data-star=\"2\" style=\"padding-right: 5px\">\n            \n\n<div class=\"kksr-icon\" style=\"width: 16px; height: 16px;\"><\/div>\n        <\/div>\n            <div class=\"kksr-star\" data-star=\"3\" style=\"padding-right: 5px\">\n            \n\n<div class=\"kksr-icon\" style=\"width: 16px; height: 16px;\"><\/div>\n        <\/div>\n            <div class=\"kksr-star\" data-star=\"4\" style=\"padding-right: 5px\">\n            \n\n<div class=\"kksr-icon\" style=\"width: 16px; height: 16px;\"><\/div>\n        <\/div>\n            <div class=\"kksr-star\" data-star=\"5\" style=\"padding-right: 5px\">\n            \n\n<div class=\"kksr-icon\" style=\"width: 16px; height: 16px;\"><\/div>\n        <\/div>\n    <\/div>\n    \n<div class=\"kksr-stars-active\" style=\"width: 0px;\">\n            <div class=\"kksr-star\" style=\"padding-right: 5px\">\n            \n\n<div class=\"kksr-icon\" style=\"width: 16px; height: 16px;\"><\/div>\n        <\/div>\n            <div class=\"kksr-star\" style=\"padding-right: 5px\">\n            \n\n<div class=\"kksr-icon\" style=\"width: 16px; height: 16px;\"><\/div>\n        <\/div>\n            <div class=\"kksr-star\" style=\"padding-right: 5px\">\n            \n\n<div class=\"kksr-icon\" style=\"width: 16px; height: 16px;\"><\/div>\n        <\/div>\n            <div class=\"kksr-star\" style=\"padding-right: 5px\">\n            \n\n<div class=\"kksr-icon\" style=\"width: 16px; height: 16px;\"><\/div>\n        <\/div>\n            <div class=\"kksr-star\" style=\"padding-right: 5px\">\n            \n\n<div class=\"kksr-icon\" style=\"width: 16px; height: 16px;\"><\/div>\n        <\/div>\n    <\/div>\n<\/div>\n                \n\n<div class=\"kksr-legend\" style=\"font-size: 12.8px;\">\n            <span class=\"kksr-muted\">Bewerte diesen Artikel!<\/span>\n    <\/div>\n    <\/div>\n\n<h2 class=\"wp-block-heading\"><span class=\"ez-toc-section\" id=\"La_verite_sur_le_surplus_de_peau_apres_amaigrissement\"><\/span>La v\u00e9rit\u00e9 sur le surplus de peau apr\u00e8s amaigrissement !<span class=\"ez-toc-section-end\"><\/span><\/h2>\n\n\n\n<p>Perdre du poids est une aventure formidable, mais parfois, elle s&rsquo;accompagne d&rsquo;un invit\u00e9 surprise : le <strong>surplus de peau<\/strong>. Si vous avez perdu beaucoup de kilos et que votre peau n&rsquo;a pas suivi le mouvement, sachez que vous n&rsquo;\u00eates pas seul(e) ! Cette situation touche de nombreuses personnes apr\u00e8s une <strong>perte de poids importante<\/strong>.<\/p><div id=\"ez-toc-container\" class=\"ez-toc-v2_0_82_2 counter-hierarchy ez-toc-counter ez-toc-custom ez-toc-container-direction\">\n<div class=\"ez-toc-title-container\">\n<p class=\"ez-toc-title\" style=\"cursor:inherit\">Zusammenfassung des Artikels<\/p>\n<span class=\"ez-toc-title-toggle\"><a href=\"#\" class=\"ez-toc-pull-right ez-toc-btn ez-toc-btn-xs ez-toc-btn-default ez-toc-toggle\" aria-label=\"Toggle Table of Content\"><span class=\"ez-toc-js-icon-con\"><span class=\"\"><span class=\"eztoc-hide\" style=\"display:none;\">Toggle<\/span><span class=\"ez-toc-icon-toggle-span\"><svg style=\"fill: #ffffff;color:#ffffff\" xmlns=\"http:\/\/www.w3.org\/2000\/svg\" class=\"list-377408\" width=\"20px\" height=\"20px\" viewbox=\"0 0 24 24\" fill=\"none\"><path d=\"M6 6H4v2h2V6zm14 0H8v2h12V6zM4 11h2v2H4v-2zm16 0H8v2h12v-2zM4 16h2v2H4v-2zm16 0H8v2h12v-2z\" fill=\"currentColor\"><\/path><\/svg><svg style=\"fill: #ffffff;color:#ffffff\" class=\"arrow-unsorted-368013\" xmlns=\"http:\/\/www.w3.org\/2000\/svg\" width=\"10px\" height=\"10px\" viewbox=\"0 0 24 24\" version=\"1.2\" baseprofile=\"tiny\"><path d=\"M18.2 9.3l-6.2-6.3-6.2 6.3c-.2.2-.3.4-.3.7s.1.5.3.7c.2.2.4.3.7.3h11c.3 0 .5-.1.7-.3.2-.2.3-.5.3-.7s-.1-.5-.3-.7zM5.8 14.7l6.2 6.3 6.2-6.3c.2-.2.3-.5.3-.7s-.1-.5-.3-.7c-.2-.2-.4-.3-.7-.3h-11c-.3 0-.5.1-.7.3-.2.2-.3.5-.3.7s.1.5.3.7z\"\/><\/svg><\/span><\/span><\/span><\/a><\/span><\/div>\n<nav><ul class='ez-toc-list ez-toc-list-level-1 eztoc-toggle-hide-by-default' ><li class='ez-toc-page-1 ez-toc-heading-level-2'><a class=\"ez-toc-link ez-toc-heading-1\" href=\"https:\/\/www.appareil-minceur.fr\/de\/gewichtsverlust-2\/surplus-de-peau-apres-perte-de-poids\/#La_verite_sur_le_surplus_de_peau_apres_amaigrissement\" >La v\u00e9rit\u00e9 sur le surplus de peau apr\u00e8s amaigrissement !<\/a><\/li><li class='ez-toc-page-1 ez-toc-heading-level-2'><a class=\"ez-toc-link ez-toc-heading-2\" href=\"https:\/\/www.appareil-minceur.fr\/de\/gewichtsverlust-2\/surplus-de-peau-apres-perte-de-poids\/#Pourquoi_avons-nous_du_surplus_de_peau_apres_la_perte_de_poids\" >Pourquoi avons-nous du surplus de peau apr\u00e8s la perte de poids ?<\/a><\/li><li class='ez-toc-page-1 ez-toc-heading-level-2'><a class=\"ez-toc-link ez-toc-heading-3\" href=\"https:\/\/www.appareil-minceur.fr\/de\/gewichtsverlust-2\/surplus-de-peau-apres-perte-de-poids\/#Quelles_zones_sont_les_plus_touchees_par_lexces_cutane\" >Quelles zones sont les plus touch\u00e9es par l&rsquo;exc\u00e8s cutan\u00e9 ?<\/a><ul class='ez-toc-list-level-3' ><li class='ez-toc-heading-level-3'><a class=\"ez-toc-link ez-toc-heading-4\" href=\"https:\/\/www.appareil-minceur.fr\/de\/gewichtsverlust-2\/surplus-de-peau-apres-perte-de-poids\/#Comment_evaluer_limportance_de_son_surplus_cutane\" >Comment \u00e9valuer l&rsquo;importance de son surplus cutan\u00e9 ?<\/a><\/li><\/ul><\/li><li class='ez-toc-page-1 ez-toc-heading-level-2'><a class=\"ez-toc-link ez-toc-heading-5\" href=\"https:\/\/www.appareil-minceur.fr\/de\/gewichtsverlust-2\/surplus-de-peau-apres-perte-de-poids\/#Comment_la_technologie_des_appareils_minceur_peut-elle_aider\" >Comment la technologie des appareils minceur peut-elle aider ?<\/a><ul class='ez-toc-list-level-3' ><li class='ez-toc-heading-level-3'><a class=\"ez-toc-link ez-toc-heading-6\" href=\"https:\/\/www.appareil-minceur.fr\/de\/gewichtsverlust-2\/surplus-de-peau-apres-perte-de-poids\/#La_radiofrequence_reveiller_le_collagene_endormi\" >La radiofr\u00e9quence : r\u00e9veiller le collag\u00e8ne endormi<\/a><\/li><li class='ez-toc-page-1 ez-toc-heading-level-3'><a class=\"ez-toc-link ez-toc-heading-7\" href=\"https:\/\/www.appareil-minceur.fr\/de\/gewichtsverlust-2\/surplus-de-peau-apres-perte-de-poids\/#Les_ultrasons_focalises_la_precision_au_service_de_votre_peau\" >Les ultrasons focalis\u00e9s : la pr\u00e9cision au service de votre peau<\/a><\/li><li class='ez-toc-page-1 ez-toc-heading-level-3'><a class=\"ez-toc-link ez-toc-heading-8\" href=\"https:\/\/www.appareil-minceur.fr\/de\/gewichtsverlust-2\/surplus-de-peau-apres-perte-de-poids\/#La_cryolipolyse_cibler_les_cellules_graisseuses_restantes\" >La cryolipolyse : cibler les cellules graisseuses restantes<\/a><\/li><\/ul><\/li><li class='ez-toc-page-1 ez-toc-heading-level-2'><a class=\"ez-toc-link ez-toc-heading-9\" href=\"https:\/\/www.appareil-minceur.fr\/de\/gewichtsverlust-2\/surplus-de-peau-apres-perte-de-poids\/#Comment_combiner_exercices_physiques_et_appareils_pour_des_resultats_optimaux\" >Comment combiner exercices physiques et appareils pour des r\u00e9sultats optimaux ?<\/a><\/li><li class='ez-toc-page-1 ez-toc-heading-level-2'><a class=\"ez-toc-link ez-toc-heading-10\" href=\"https:\/\/www.appareil-minceur.fr\/de\/gewichtsverlust-2\/surplus-de-peau-apres-perte-de-poids\/#Quels_ingredients_actifs_peuvent_completer_votre_routine_anti-relachement\" >Quels ingr\u00e9dients actifs peuvent compl\u00e9ter votre routine anti-rel\u00e2chement ?<\/a><ul class='ez-toc-list-level-3' ><li class='ez-toc-heading-level-3'><a class=\"ez-toc-link ez-toc-heading-11\" href=\"https:\/\/www.appareil-minceur.fr\/de\/gewichtsverlust-2\/surplus-de-peau-apres-perte-de-poids\/#Limportance_de_lhydratation_dans_la_lutte_contre_le_relachement\" >L&rsquo;importance de l&rsquo;hydratation dans la lutte contre le rel\u00e2chement<\/a><\/li><\/ul><\/li><li class='ez-toc-page-1 ez-toc-heading-level-2'><a class=\"ez-toc-link ez-toc-heading-12\" href=\"https:\/\/www.appareil-minceur.fr\/de\/gewichtsverlust-2\/surplus-de-peau-apres-perte-de-poids\/#Combien_de_temps_faut-il_pour_voir_des_ameliorations\" >Combien de temps faut-il pour voir des am\u00e9liorations ?<\/a><\/li><li class='ez-toc-page-1 ez-toc-heading-level-2'><a class=\"ez-toc-link ez-toc-heading-13\" href=\"https:\/\/www.appareil-minceur.fr\/de\/gewichtsverlust-2\/surplus-de-peau-apres-perte-de-poids\/#Temoignage_comment_jai_aide_Celine_a_transformer_sa_silhouette_apres_35kg_perdus\" >T\u00e9moignage : comment j&rsquo;ai aid\u00e9 C\u00e9line \u00e0 transformer sa silhouette apr\u00e8s 35kg perdus<\/a><\/li><li class='ez-toc-page-1 ez-toc-heading-level-2'><a class=\"ez-toc-link ez-toc-heading-14\" href=\"https:\/\/www.appareil-minceur.fr\/de\/gewichtsverlust-2\/surplus-de-peau-apres-perte-de-poids\/#Faut-il_envisager_la_chirurgie_dans_certains_cas\" >Faut-il envisager la chirurgie dans certains cas ?<\/a><\/li><li class='ez-toc-page-1 ez-toc-heading-level-2'><a class=\"ez-toc-link ez-toc-heading-15\" href=\"https:\/\/www.appareil-minceur.fr\/de\/gewichtsverlust-2\/surplus-de-peau-apres-perte-de-poids\/#Quelques_conseils_bonus_pour_vivre_avec_le_surplus_de_peau_durant_votre_transformation\" >Quelques conseils bonus pour vivre avec le surplus de peau durant votre transformation<\/a><\/li><\/ul><\/nav><\/div>\n\n\n\n\n<p>Depuis mes 12 ann\u00e9es comme coach sportive, j&rsquo;ai accompagn\u00e9 des dizaines de personnes confront\u00e9es \u00e0 ce d\u00e9fi. En 2025, les solutions sont heureusement multiples et permettent d&rsquo;obtenir des r\u00e9sultats vraiment encourageants !<\/p>\n\n\n\n<h2 class=\"wp-block-heading\"><span class=\"ez-toc-section\" id=\"Pourquoi_avons-nous_du_surplus_de_peau_apres_la_perte_de_poids\"><\/span>Pourquoi avons-nous du surplus de peau apr\u00e8s la perte de poids ?<span class=\"ez-toc-section-end\"><\/span><\/h2>\n\n\n\n<figure class=\"wp-block-image\"><img decoding=\"async\" src=\"https:\/\/www.appareil-minceur.fr\/wp-content\/uploads\/2025\/04\/surplus-peau-amaigrissement-situation-frequente.png\" alt=\"Surplus de peau apr\u00e8s amaigrissement - situation fr\u00e9quente\"\/><\/figure>\n\n\n\n<p><\/p>\n\n\n\n<p>Notre peau est un organe \u00e9lastique incroyable, mais elle a ses limites. Lorsque nous prenons du poids, elle s&rsquo;\u00e9tire progressivement pour s&rsquo;adapter \u00e0 notre nouvelle silhouette. Le probl\u00e8me survient quand nous perdons rapidement ces kilos : notre <strong>\u00e9piderme<\/strong> n&rsquo;a pas toujours le temps de se r\u00e9tracter \u00e0 la m\u00eame vitesse.<\/p>\n\n\n\n<p>Plusieurs facteurs influencent la capacit\u00e9 de notre peau \u00e0 retrouver sa fermet\u00e9 :<\/p>\n\n\n\n<ul class=\"wp-block-list\">\n<li>L'<strong>Alter<\/strong> : notre production de <strong>Kollagen<\/strong> und von<strong>Elastin<\/strong> diminue naturellement avec le temps<\/li>\n\n\n\n<li>Die <strong>Genetik<\/strong> : certaines personnes ont naturellement une peau plus \u00e9lastique<\/li>\n\n\n\n<li>L'<strong>amplitude<\/strong> und die <strong>rapidit\u00e9<\/strong> des Gewichtsverlustes<\/li>\n\n\n\n<li>L'<strong>Feuchtigkeit<\/strong> und die <strong>Ern\u00e4hrung<\/strong> pendant le processus d&rsquo;amaigrissement<\/li>\n\n\n\n<li>L&rsquo;exposition au soleil au fil des ann\u00e9es<\/li>\n<\/ul>\n\n\n\n<p>Une perte de 20kg ou plus entra\u00eene souvent ce ph\u00e9nom\u00e8ne, surtout si elle s&rsquo;effectue en quelques mois seulement. C&rsquo;est simplement la physique de notre corps qui s&rsquo;exprime !<\/p>\n\n\n\n<h2 class=\"wp-block-heading\"><span class=\"ez-toc-section\" id=\"Quelles_zones_sont_les_plus_touchees_par_lexces_cutane\"><\/span>Quelles zones sont les plus touch\u00e9es par l&rsquo;exc\u00e8s cutan\u00e9 ?<span class=\"ez-toc-section-end\"><\/span><\/h2>\n\n\n\n<p><iframe src=\"https:\/\/www.youtube.com\/embed\/X4MMlMaJ4y8\" width=\"560\" height=\"315\" frameborder=\"0\" allowfullscreen=\"allowfullscreen\"><\/iframe><\/p>\n\n\n\n<p>Le surplus de peau ne se r\u00e9partit pas uniform\u00e9ment. Certaines parties du corps sont plus susceptibles d&rsquo;\u00eatre affect\u00e9es que d&rsquo;autres. Voici un tableau r\u00e9capitulatif des zones les plus couramment touch\u00e9es :<\/p>\n\n\n\n<figure class=\"wp-block-table\"><table class=\"has-fixed-layout\"><tbody><tr><th>K\u00f6rperbereich<\/th><th>Frequenz<\/th><th>Caract\u00e9ristiques<\/th><\/tr><tr><td><strong>Abdomen<\/strong><\/td><td>Tr\u00e8s fr\u00e9quent<\/td><td>Forme souvent un \u00ab\u00a0tablier\u00a0\u00bb abdominal<\/td><\/tr><tr><td>Bras (dessous)<\/td><td>Fr\u00e9quent<\/td><td>Effet \u00ab\u00a0chauve-souris\u00a0\u00bb<\/td><\/tr><tr><td>Oberschenkel<\/td><td>Fr\u00e9quent<\/td><td>Particuli\u00e8rement face interne<\/td><\/tr><tr><td>Poitrine<\/td><td>Tr\u00e8s fr\u00e9quent<\/td><td>Affecte hommes et femmes<\/td><\/tr><tr><td>Visage et cou<\/td><td>Variable<\/td><td>Plus visible chez les personnes de plus de 40 ans<\/td><\/tr><\/tbody><\/table><\/figure>\n\n\n\n<p>Ces zones sont particuli\u00e8rement touch\u00e9es car elles stockent davantage de graisse et subissent donc une plus grande expansion lors de la prise de poids. L&rsquo;<strong>Abdomen<\/strong> est certainement la zone qui cristallise le plus d&rsquo;attention, surtout apr\u00e8s une grossesse ou une perte de poids substantielle.<\/p>\n\n\n\n<h3 class=\"wp-block-heading\"><span class=\"ez-toc-section\" id=\"Comment_evaluer_limportance_de_son_surplus_cutane\"><\/span>Comment \u00e9valuer l&rsquo;importance de son surplus cutan\u00e9 ?<span class=\"ez-toc-section-end\"><\/span><\/h3>\n\n\n\n<p>Il existe diff\u00e9rents degr\u00e9s de rel\u00e2chement cutan\u00e9. Un l\u00e9ger exc\u00e8s peut simplement se traduire par une peau moins ferme, tandis qu&rsquo;un cas plus avanc\u00e9 peut former des replis importants. Vous pouvez faire un test simple : si en position debout vous pouvez pincer plus de 2 cm de peau \u00e0 certains endroits, vous \u00eates probablement confront\u00e9 \u00e0 un <strong>exc\u00e8s cutan\u00e9<\/strong> mod\u00e9r\u00e9 \u00e0 important. Pas de panique ! Des solutions existent.<\/p>\n\n\n\n<h2 class=\"wp-block-heading\"><span class=\"ez-toc-section\" id=\"Comment_la_technologie_des_appareils_minceur_peut-elle_aider\"><\/span>Comment la technologie des appareils minceur peut-elle aider ?<span class=\"ez-toc-section-end\"><\/span><\/h2>\n\n\n\n<p>Die <strong>Schlankheitsger\u00e4te<\/strong> modernes offrent des alternatives non-invasives ou mini-invasives aux proc\u00e9dures chirurgicales lourdes ! En tant que sp\u00e9cialiste de ces technologies, je peux vous affirmer que leurs r\u00e9sultats sont de plus en plus impressionnants.<\/p>\n\n\n\n<h3 class=\"wp-block-heading\"><span class=\"ez-toc-section\" id=\"La_radiofrequence_reveiller_le_collagene_endormi\"><\/span>La radiofr\u00e9quence : r\u00e9veiller le collag\u00e8ne endormi<span class=\"ez-toc-section-end\"><\/span><\/h3>\n\n\n\n<p>Die <strong>Radiofrequenz<\/strong> est une technologie qui utilise l&rsquo;\u00e9nergie thermique pour chauffer les couches profondes de la peau. Ce proc\u00e9d\u00e9 stimule la production de <strong>Kollagen<\/strong> et am\u00e9liore l&rsquo;\u00e9lasticit\u00e9 cutan\u00e9e. L&rsquo;appareil \u00e9met des ondes qui p\u00e9n\u00e8trent sous la surface de l&rsquo;\u00e9piderme, provoquant un effet de resserrement progressif.<\/p>\n\n\n\n<p>Les r\u00e9sultats sont particuli\u00e8rement efficaces sur les zones o\u00f9 le rel\u00e2chement est mod\u00e9r\u00e9, comme le visage, le cou ou la face interne des bras. Apr\u00e8s plusieurs s\u00e9ances, la peau retrouve une meilleure fermet\u00e9 et les contours sont plus nets !<\/p>\n\n\n\n<h3 class=\"wp-block-heading\"><span class=\"ez-toc-section\" id=\"Les_ultrasons_focalises_la_precision_au_service_de_votre_peau\"><\/span>Les ultrasons focalis\u00e9s : la pr\u00e9cision au service de votre peau<span class=\"ez-toc-section-end\"><\/span><\/h3>\n\n\n\n<p>Die <strong>ultrasons focalis\u00e9s de haute intensit\u00e9<\/strong> (HIFU) repr\u00e9sentent une avanc\u00e9e majeure dans le traitement du surplus cutan\u00e9. Cette technologie cible tr\u00e8s pr\u00e9cis\u00e9ment les couches profondes du derme et peut m\u00eame atteindre le SMAS (Syst\u00e8me Musculo-Apon\u00e9vrotique Superficiel), une structure tissulaire importante.<\/p>\n\n\n\n<p>L&rsquo;effet imm\u00e9diat est un l\u00e9ger resserrement, mais les r\u00e9sultats les plus spectaculaires apparaissent apr\u00e8s 2-3 mois, quand la production de nouveau collag\u00e8ne atteint son maximum. C&rsquo;est une option fantastique pour ceux qui cherchent une alternative non-chirurgicale au lifting !<\/p>\n\n\n\n<figure class=\"wp-block-image\"><img decoding=\"async\" src=\"https:\/\/www.appareil-minceur.fr\/wp-content\/uploads\/2025\/04\/peau-elasticite-perte-poids-naturelle.jpg\" alt=\"\u00c9lasticit\u00e9 de la peau apr\u00e8s perte de poids naturelle\"\/><\/figure>\n\n\n\n<p><\/p>\n\n\n\n<h3 class=\"wp-block-heading\"><span class=\"ez-toc-section\" id=\"La_cryolipolyse_cibler_les_cellules_graisseuses_restantes\"><\/span>La cryolipolyse : cibler les cellules graisseuses restantes<span class=\"ez-toc-section-end\"><\/span><\/h3>\n\n\n\n<p>Si votre surplus de peau s&rsquo;accompagne encore de quelques amas graisseux localis\u00e9s, la <strong>Kryolipolyse<\/strong> peut \u00eatre une solution compl\u00e9mentaire. Cette technique refroidit les cellules graisseuses jusqu&rsquo;\u00e0 leur \u00e9limination naturelle par l&rsquo;organisme.<\/p>\n\n\n\n<p>Bien qu&rsquo;elle ne traite pas directement l&rsquo;exc\u00e8s cutan\u00e9, elle peut am\u00e9liorer l&rsquo;aspect g\u00e9n\u00e9ral de la zone en \u00e9liminant la graisse r\u00e9siduelle, ce qui donne un aspect plus lisse et ferme. Les r\u00e9sultats sont visibles apr\u00e8s 1-3 mois et peuvent \u00eatre vraiment satisfaisants !<\/p>\n\n\n\n<h2 class=\"wp-block-heading\"><span class=\"ez-toc-section\" id=\"Comment_combiner_exercices_physiques_et_appareils_pour_des_resultats_optimaux\"><\/span>Comment combiner exercices physiques et appareils pour des r\u00e9sultats optimaux ?<span class=\"ez-toc-section-end\"><\/span><\/h2>\n\n\n\n<p>En tant que coach sportive passionn\u00e9e, je vous conseille toujours d&rsquo;associer les technologies minceur \u00e0 une <strong>routine d&rsquo;exercices cibl\u00e9s<\/strong>. Cette combinaison booste les r\u00e9sultats et acc\u00e9l\u00e8re la transformation !<\/p>\n\n\n\n<p>Voici mes exercices pr\u00e9f\u00e9r\u00e9s pour tonifier les zones \u00e0 surplus cutan\u00e9 :<\/p>\n\n\n\n<ul class=\"wp-block-list\">\n<li>Pour l&rsquo;<strong>Abdomen<\/strong> : planches frontales et lat\u00e9rales, mountain climbers, hollow holds<\/li>\n\n\n\n<li>Pour les <strong>Arm<\/strong> : dips, extensions triceps, pushups modifi\u00e9s<\/li>\n\n\n\n<li>Pour les <strong>Oberschenkel<\/strong> : squats, fentes, glute bridges, leg press<\/li>\n<\/ul>\n\n\n\n<p>Pratiquez ces exercices 3 fois par semaine en compl\u00e9ment de vos s\u00e9ances d&rsquo;appareils minceur. La synergie entre musculation et technologie donne des r\u00e9sultats nettement sup\u00e9rieurs \u00e0 chaque approche utilis\u00e9e isol\u00e9ment.<\/p>\n\n\n\n<p>L&rsquo;erreur la plus courante ? Miser uniquement sur le cardio ! Sans renforcement musculaire, vous risquez d&rsquo;obtenir un effet \u00ab\u00a0skinny fat\u00a0\u00bb &#8211; mince mais flasque. La musculation est votre meilleure alli\u00e9e contre le rel\u00e2chement cutan\u00e9 !<\/p>\n\n\n\n<h2 class=\"wp-block-heading\"><span class=\"ez-toc-section\" id=\"Quels_ingredients_actifs_peuvent_completer_votre_routine_anti-relachement\"><\/span>Quels ingr\u00e9dients actifs peuvent compl\u00e9ter votre routine anti-rel\u00e2chement ?<span class=\"ez-toc-section-end\"><\/span><\/h2>\n\n\n\n<p>Les soins topiques ne peuvent pas miraculeusement \u00e9liminer un surplus de peau important, mais ils peuvent nettement am\u00e9liorer l&rsquo;aspect et la qualit\u00e9 de votre \u00e9piderme. Certains <strong>actifs cosm\u00e9tiques<\/strong> ont d\u00e9montr\u00e9 leur efficacit\u00e9 pour renforcer et tonifier la peau.<\/p>\n\n\n\n<p>Les ingr\u00e9dients les plus performants sont :<\/p>\n\n\n\n<ul class=\"wp-block-list\">\n<li>Die <strong>Retinol<\/strong> : stimule le renouvellement cellulaire et la production de collag\u00e8ne<\/li>\n\n\n\n<li>Die <strong>Vitamin C<\/strong> : puissant antioxydant qui favorise la synth\u00e8se de collag\u00e8ne<\/li>\n\n\n\n<li>Die <strong>Peptide<\/strong> : envoient des signaux pour la r\u00e9paration cutan\u00e9e<\/li>\n\n\n\n<li>L'<strong>Hyalurons\u00e4ure<\/strong> : hydrate intens\u00e9ment et repulpe la peau<\/li>\n\n\n\n<li>Die <strong>Koffein<\/strong> : tonifie et am\u00e9liore la circulation sanguine<\/li>\n<\/ul>\n\n\n\n<p>Appliquez ces produits matin et soir sur les zones concern\u00e9es, en massant pour favoriser la p\u00e9n\u00e9tration et stimuler la circulation. La constance est la cl\u00e9 ! Les r\u00e9sultats apparaissent g\u00e9n\u00e9ralement apr\u00e8s 6-8 semaines d&rsquo;utilisation r\u00e9guli\u00e8re.<\/p>\n\n\n\n<h3 class=\"wp-block-heading\"><span class=\"ez-toc-section\" id=\"Limportance_de_lhydratation_dans_la_lutte_contre_le_relachement\"><\/span>L&rsquo;importance de l&rsquo;hydratation dans la lutte contre le rel\u00e2chement<span class=\"ez-toc-section-end\"><\/span><\/h3>\n\n\n\n<p>Ne sous-estimez jamais le pouvoir d&rsquo;une bonne hydratation ! Boire suffisamment d&rsquo;eau (minimum 2L par jour) aide \u00e0 maintenir l&rsquo;\u00e9lasticit\u00e9 cutan\u00e9e et favorise l&rsquo;\u00e9limination des toxines. C&rsquo;est simple mais tellement efficace !<\/p>\n\n\n\n<p>C\u00f4t\u00e9 alimentation, privil\u00e9giez les aliments riches en <strong>Antioxidantien<\/strong>, en <strong>acides gras om\u00e9ga-3<\/strong> et en <strong>Proteine<\/strong> qui sont les briques essentielles \u00e0 la reconstruction des tissus cutan\u00e9s. Les fruits rouges, les poissons gras, les noix et les \u0153ufs devraient faire partie de votre menu r\u00e9guli\u00e8rement.<\/p>\n\n\n\n<h2 class=\"wp-block-heading\"><span class=\"ez-toc-section\" id=\"Combien_de_temps_faut-il_pour_voir_des_ameliorations\"><\/span>Combien de temps faut-il pour voir des am\u00e9liorations ?<span class=\"ez-toc-section-end\"><\/span><\/h2>\n\n\n\n<p>La patience est votre meilleure alli\u00e9e dans cette aventure ! Contrairement aux r\u00e9gimes express qui promettent des miracles en 2 semaines, le traitement du surplus cutan\u00e9 s&rsquo;inscrit dans la dur\u00e9e.<\/p>\n\n\n\n<p>Pour un rel\u00e2chement l\u00e9ger \u00e0 mod\u00e9r\u00e9 avec des solutions non-invasives (appareils + exercices + soins), comptez :<\/p>\n\n\n\n<ul class=\"wp-block-list\">\n<li>1-2 mois pour les premiers r\u00e9sultats visibles<\/li>\n\n\n\n<li>3-6 mois pour une am\u00e9lioration significative<\/li>\n\n\n\n<li>6-12 mois pour atteindre le potentiel maximal d&rsquo;am\u00e9lioration<\/li>\n<\/ul>\n\n\n\n<p>Les zones les plus r\u00e9actives sont g\u00e9n\u00e9ralement le visage et le cou, suivis par les bras. L&rsquo;abdomen et les cuisses n\u00e9cessitent souvent plus de temps et d&rsquo;efforts pour montrer des progr\u00e8s notables.<\/p>\n\n\n\n<p>N&rsquo;oubliez pas : chaque petit progr\u00e8s compte et m\u00e9rite d&rsquo;\u00eatre c\u00e9l\u00e9br\u00e9 ! Prenez des photos mensuelles pour suivre votre \u00e9volution, car les changements progressifs sont parfois difficiles \u00e0 percevoir au quotidien.<\/p>\n\n\n\n<h2 class=\"wp-block-heading\"><span class=\"ez-toc-section\" id=\"Temoignage_comment_jai_aide_Celine_a_transformer_sa_silhouette_apres_35kg_perdus\"><\/span>T\u00e9moignage : comment j&rsquo;ai aid\u00e9 C\u00e9line \u00e0 transformer sa silhouette apr\u00e8s 35kg perdus<span class=\"ez-toc-section-end\"><\/span><\/h2>\n\n\n\n<figure class=\"wp-block-image\"><img decoding=\"async\" src=\"https:\/\/www.appareil-minceur.fr\/wp-content\/uploads\/2025\/04\/zones-anatomiques-touchees-exces-cutane.jpg\" alt=\"Zones anatomiques touch\u00e9es par l'exc\u00e8s cutan\u00e9\"\/><\/figure>\n\n\n\n<p><\/p>\n\n\n\n<p>C\u00e9line, 42 ans, a perdu 35kg en 18 mois gr\u00e2ce \u00e0 un r\u00e9\u00e9quilibrage alimentaire et une activit\u00e9 physique r\u00e9guli\u00e8re. Malgr\u00e9 cette r\u00e9ussite exceptionnelle, elle \u00e9tait d\u00e9courag\u00e9e par l&rsquo;exc\u00e8s de peau au niveau de son ventre et de ses bras.<\/p>\n\n\n\n<p>Nous avons mis en place un programme complet combinant :<\/p>\n\n\n\n<p>&#8211; 1 <a href=\"https:\/\/www.appareil-minceur.fr\/de\/beratung\/radiofrequence-face-how-many-seance\/\">s\u00e9ance hebdomadaire de <strong>Radiofrequenz<\/strong><\/a> cibl\u00e9e<\/p>\n\n\n\n<p>&#8211; 3 s\u00e9ances de musculation intensive par semaine<\/p>\n\n\n\n<p>&#8211; Une routine de soins avec des produits riches en r\u00e9tinol et peptides<\/p>\n\n\n\n<p>&#8211; Un suppl\u00e9ment de collag\u00e8ne hydrolys\u00e9<\/p>\n\n\n\n<p>Apr\u00e8s 5 mois, la transformation \u00e9tait bluffante ! Son ventre avait retrouv\u00e9 une fermet\u00e9 \u00e9tonnante et ses bras affichaient une tonicit\u00e9 qui la rendait fi\u00e8re. Bien s\u00fbr, la peau n&rsquo;\u00e9tait pas aussi tendue que celle d&rsquo;une personne n&rsquo;ayant jamais pris de poids, mais l&rsquo;am\u00e9lioration \u00e9tait suffisante pour qu&rsquo;elle se sente \u00e0 l&rsquo;aise en maillot de bain pour la premi\u00e8re fois depuis 15 ans !<\/p>\n\n\n\n<h2 class=\"wp-block-heading\"><span class=\"ez-toc-section\" id=\"Faut-il_envisager_la_chirurgie_dans_certains_cas\"><\/span>Faut-il envisager la chirurgie dans certains cas ?<span class=\"ez-toc-section-end\"><\/span><\/h2>\n\n\n\n<p>Soyons honn\u00eates : les m\u00e9thodes non-invasives ont leurs limites. Dans les cas de <strong>surplus cutan\u00e9 s\u00e9v\u00e8re<\/strong>, notamment apr\u00e8s une perte de poids sup\u00e9rieure \u00e0 40kg ou suite \u00e0 plusieurs grossesses rapproch\u00e9es, la chirurgie peut \u00eatre l&rsquo;option la plus adapt\u00e9e.<\/p>\n\n\n\n<p>Les interventions les plus courantes sont :<\/p>\n\n\n\n<p>&#8211; L&rsquo;abdominoplastie (plastie abdominale)<\/p>\n\n\n\n<p>&#8211; Le lifting des bras (brachioplastie)<\/p>\n\n\n\n<p>&#8211; Le lifting des cuisses<\/p>\n\n\n\n<p>&#8211; Le lifting de la poitrine<\/p>\n\n\n\n<p>Ces proc\u00e9dures donnent des r\u00e9sultats imm\u00e9diats et spectaculaires, mais elles comportent aussi des risques, n\u00e9cessitent une p\u00e9riode de r\u00e9cup\u00e9ration et laissent des cicatrices. Avant d&rsquo;envisager cette voie, essayez toujours les m\u00e9thodes non-invasives pendant au moins 6-12 mois.<\/p>\n\n\n\n<p>Si vous d\u00e9cidez d&rsquo;explorer l&rsquo;option chirurgicale, consultez plusieurs chirurgiens plasticiens certifi\u00e9s et posez toutes vos questions. Un bon praticien vous expliquera honn\u00eatement ce qui est r\u00e9alisable dans votre cas particulier.<\/p>\n\n\n\n<h2 class=\"wp-block-heading\"><span class=\"ez-toc-section\" id=\"Quelques_conseils_bonus_pour_vivre_avec_le_surplus_de_peau_durant_votre_transformation\"><\/span>Quelques conseils bonus pour vivre avec le surplus de peau durant votre transformation<span class=\"ez-toc-section-end\"><\/span><\/h2>\n\n\n\n<p>Pendant que vous travaillez \u00e0 am\u00e9liorer votre peau, voici quelques astuces pour vous sentir mieux au quotidien :<\/p>\n\n\n\n<p>V\u00eatements : Optez pour des tissus compressifs qui maintiennent la peau et cr\u00e9ent une silhouette plus lisse. Les hauts \u00e0 manches 3\/4 et les pantalons taille haute sont tr\u00e8s flatteurs !<\/p>\n\n\n\n<p>Pr\u00e9vention des irritations : Appliquez de la poudre de talc ou des cr\u00e8mes anti-frottements dans les plis cutan\u00e9s pour \u00e9viter les irritations, particuli\u00e8rement en \u00e9t\u00e9.<\/p>\n\n\n\n<p>Mental : C\u00e9l\u00e9brez votre parcours ! Ce surplus de peau est la preuve de votre d\u00e9termination et de votre r\u00e9ussite. Vous avez accompli quelque chose d&rsquo;extraordinaire pour votre sant\u00e9 !<\/p>\n\n\n\n<p>La route est longue, mais tellement gratifiante ! Chaque semaine apporte son lot de petites victoires qui, mises bout \u00e0 bout, transforment v\u00e9ritablement votre corps et votre vie. N&rsquo;oubliez jamais d&rsquo;o\u00f9 vous venez et soyez fi\u00e8re de chaque progr\u00e8s !<\/p>","protected":false},"excerpt":{"rendered":"<p>La v\u00e9rit\u00e9 sur le surplus de peau apr\u00e8s amaigrissement ! Perdre du poids est une aventure formidable, mais parfois, elle s&rsquo;accompagne d&rsquo;un invit\u00e9 surprise : le surplus de peau. Si vous avez perdu beaucoup de kilos et que votre peau n&rsquo;a pas suivi le mouvement, sachez que vous n&rsquo;\u00eates pas seul(e) ! Cette situation touche [&hellip;]<\/p>\n","protected":false},"author":1,"featured_media":1228,"comment_status":"open","ping_status":"open","sticky":false,"template":"","format":"standard","meta":{"footnotes":""},"categories":[13],"tags":[20],"class_list":["post-1231","post","type-post","status-publish","format-standard","has-post-thumbnail","hentry","category-perte-de-poids","tag-perte-poids"],"_links":{"self":[{"href":"https:\/\/www.appareil-minceur.fr\/de\/wp-json\/wp\/v2\/posts\/1231","targetHints":{"allow":["GET"]}}],"collection":[{"href":"https:\/\/www.appareil-minceur.fr\/de\/wp-json\/wp\/v2\/posts"}],"about":[{"href":"https:\/\/www.appareil-minceur.fr\/de\/wp-json\/wp\/v2\/types\/post"}],"author":[{"embeddable":true,"href":"https:\/\/www.appareil-minceur.fr\/de\/wp-json\/wp\/v2\/users\/1"}],"replies":[{"embeddable":true,"href":"https:\/\/www.appareil-minceur.fr\/de\/wp-json\/wp\/v2\/comments?post=1231"}],"version-history":[{"count":1,"href":"https:\/\/www.appareil-minceur.fr\/de\/wp-json\/wp\/v2\/posts\/1231\/revisions"}],"predecessor-version":[{"id":1292,"href":"https:\/\/www.appareil-minceur.fr\/de\/wp-json\/wp\/v2\/posts\/1231\/revisions\/1292"}],"wp:featuredmedia":[{"embeddable":true,"href":"https:\/\/www.appareil-minceur.fr\/de\/wp-json\/wp\/v2\/media\/1228"}],"wp:attachment":[{"href":"https:\/\/www.appareil-minceur.fr\/de\/wp-json\/wp\/v2\/media?parent=1231"}],"wp:term":[{"taxonomy":"category","embeddable":true,"href":"https:\/\/www.appareil-minceur.fr\/de\/wp-json\/wp\/v2\/categories?post=1231"},{"taxonomy":"post_tag","embeddable":true,"href":"https:\/\/www.appareil-minceur.fr\/de\/wp-json\/wp\/v2\/tags?post=1231"}],"curies":[{"name":"wp","href":"https:\/\/api.w.org\/{rel}","templated":true}]}}