{"id":3288,"date":"2026-03-30T10:06:26","date_gmt":"2026-03-30T10:06:26","guid":{"rendered":"https:\/\/www.appareil-minceur.fr\/non-categorise\/radis-noir-effet-secondaire\/"},"modified":"2026-03-30T10:06:26","modified_gmt":"2026-03-30T10:06:26","slug":"radis-noir-effet-secondaire","status":"publish","type":"post","link":"https:\/\/www.appareil-minceur.fr\/de\/gesundheit\/radis-noir-effet-secondaire\/","title":{"rendered":"Was sind die Nebenwirkungen von schwarzem Rettich?"},"content":{"rendered":"<div class=\"kk-star-ratings kksr-auto kksr-align-left kksr-valign-top\"\n    data-payload='{&quot;align&quot;:&quot;left&quot;,&quot;id&quot;:&quot;3288&quot;,&quot;slug&quot;:&quot;default&quot;,&quot;valign&quot;:&quot;top&quot;,&quot;ignore&quot;:&quot;&quot;,&quot;reference&quot;:&quot;auto&quot;,&quot;class&quot;:&quot;&quot;,&quot;count&quot;:&quot;0&quot;,&quot;legendonly&quot;:&quot;&quot;,&quot;readonly&quot;:&quot;&quot;,&quot;score&quot;:&quot;0&quot;,&quot;starsonly&quot;:&quot;&quot;,&quot;best&quot;:&quot;5&quot;,&quot;gap&quot;:&quot;5&quot;,&quot;greet&quot;:&quot;Notez cet article !&quot;,&quot;legend&quot;:&quot;0\\\/5 - (0 votes)&quot;,&quot;size&quot;:&quot;16&quot;,&quot;title&quot;:&quot;Quels sont les effets secondaires du radis noir ?&quot;,&quot;width&quot;:&quot;0&quot;,&quot;_legend&quot;:&quot;{score}\\\/{best} - ({count} {votes})&quot;,&quot;font_factor&quot;:&quot;1.25&quot;}'>\n            \n<div class=\"kksr-stars\">\n    \n<div class=\"kksr-stars-inactive\">\n            <div class=\"kksr-star\" data-star=\"1\" style=\"padding-right: 5px\">\n            \n\n<div class=\"kksr-icon\" style=\"width: 16px; height: 16px;\"><\/div>\n        <\/div>\n            <div class=\"kksr-star\" data-star=\"2\" style=\"padding-right: 5px\">\n            \n\n<div class=\"kksr-icon\" style=\"width: 16px; height: 16px;\"><\/div>\n        <\/div>\n            <div class=\"kksr-star\" data-star=\"3\" style=\"padding-right: 5px\">\n            \n\n<div class=\"kksr-icon\" style=\"width: 16px; height: 16px;\"><\/div>\n        <\/div>\n            <div class=\"kksr-star\" data-star=\"4\" style=\"padding-right: 5px\">\n            \n\n<div class=\"kksr-icon\" style=\"width: 16px; height: 16px;\"><\/div>\n        <\/div>\n            <div class=\"kksr-star\" data-star=\"5\" style=\"padding-right: 5px\">\n            \n\n<div class=\"kksr-icon\" style=\"width: 16px; height: 16px;\"><\/div>\n        <\/div>\n    <\/div>\n    \n<div class=\"kksr-stars-active\" style=\"width: 0px;\">\n            <div class=\"kksr-star\" style=\"padding-right: 5px\">\n            \n\n<div class=\"kksr-icon\" style=\"width: 16px; height: 16px;\"><\/div>\n        <\/div>\n            <div class=\"kksr-star\" style=\"padding-right: 5px\">\n            \n\n<div class=\"kksr-icon\" style=\"width: 16px; height: 16px;\"><\/div>\n        <\/div>\n            <div class=\"kksr-star\" style=\"padding-right: 5px\">\n            \n\n<div class=\"kksr-icon\" style=\"width: 16px; height: 16px;\"><\/div>\n        <\/div>\n            <div class=\"kksr-star\" style=\"padding-right: 5px\">\n            \n\n<div class=\"kksr-icon\" style=\"width: 16px; height: 16px;\"><\/div>\n        <\/div>\n            <div class=\"kksr-star\" style=\"padding-right: 5px\">\n            \n\n<div class=\"kksr-icon\" style=\"width: 16px; height: 16px;\"><\/div>\n        <\/div>\n    <\/div>\n<\/div>\n                \n\n<div class=\"kksr-legend\" style=\"font-size: 12.8px;\">\n            <span class=\"kksr-muted\">Bewerte diesen Artikel!<\/span>\n    <\/div>\n    <\/div>\n<article>\n<div style=\"background-color: #f8f9fa; border-left: 4px solid #FF6600; padding: 20px; margin: 30px 0; border-radius: 5px; color: #000;\">\n<h2><span class=\"ez-toc-section\" id=\"%E2%9C%93_Les_infos_a_retenir\"><\/span>\u2713 Wissenswertes<span class=\"ez-toc-section-end\"><\/span><\/h2>\n<ul style=\"line-height: 1.8; margin: 15px 0; padding-left: 20px;\">\n<li>Le radis noir contient des <strong>glucosinolates<\/strong> et des compos\u00e9s soufr\u00e9s qui peuvent irriter la muqueuse gastrique et provoquer des ballonnements ou des br\u00fblures d&rsquo;estomac<\/li>\n<li>Les personnes souffrant d&rsquo;<strong>hypothyro\u00efdie<\/strong> ou sous traitement \u00e0 base de <strong>l\u00e9vothyroxine<\/strong> doivent consulter leur m\u00e9decin avant une cure, en raison des goitrog\u00e8nes pr\u00e9sents dans le radis noir<\/li>\n<li>L&rsquo;obstruction biliaire et les calculs biliaires constituent la <strong>contre-indication majeure<\/strong> \u2014 le radis noir peut d\u00e9clencher une colique h\u00e9patique<\/li>\n<li>Une cure de radis noir ne doit pas d\u00e9passer <strong>3 semaines cons\u00e9cutives<\/strong> \u00e0 une dose de 300-500 mg\/jour maximum<\/li>\n<li>Les femmes enceintes, allaitantes et les enfants de moins de 12 ans doivent \u00e9viter les formes concentr\u00e9es (jus, g\u00e9lules)<\/li>\n<\/ul>\n<\/div>\n<h2><span class=\"ez-toc-section\" id=\"Le_radis_noir_cest_quoi_exactement\"><\/span>Le radis noir, c&rsquo;est quoi exactement ?<span class=\"ez-toc-section-end\"><\/span><\/h2>\n<p>Die <strong>schwarzer Rettich<\/strong> (<em>Raphanus sativus var. niger<\/em>), c&rsquo;est cette racine un peu aust\u00e8re \u00e0 l&rsquo;ext\u00e9rieur, mais redoutablement efficace \u00e0 l&rsquo;int\u00e9rieur ! Utilis\u00e9 depuis l&rsquo;Antiquit\u00e9 en phytoth\u00e9rapie, il est surtout reconnu pour ses propri\u00e9t\u00e9s drainantes, son action sur le foie et sa capacit\u00e9 \u00e0 stimuler la s\u00e9cr\u00e9tion biliaire. En cure d\u00e9tox, c&rsquo;est une vraie star.<\/p><div id=\"ez-toc-container\" class=\"ez-toc-v2_0_82_2 counter-hierarchy ez-toc-counter ez-toc-custom ez-toc-container-direction\">\n<div class=\"ez-toc-title-container\">\n<p class=\"ez-toc-title\" style=\"cursor:inherit\">Zusammenfassung des Artikels<\/p>\n<span class=\"ez-toc-title-toggle\"><a href=\"#\" class=\"ez-toc-pull-right ez-toc-btn ez-toc-btn-xs ez-toc-btn-default ez-toc-toggle\" aria-label=\"Toggle Table of Content\"><span class=\"ez-toc-js-icon-con\"><span class=\"\"><span class=\"eztoc-hide\" style=\"display:none;\">Toggle<\/span><span class=\"ez-toc-icon-toggle-span\"><svg style=\"fill: #ffffff;color:#ffffff\" xmlns=\"http:\/\/www.w3.org\/2000\/svg\" class=\"list-377408\" width=\"20px\" height=\"20px\" viewbox=\"0 0 24 24\" fill=\"none\"><path d=\"M6 6H4v2h2V6zm14 0H8v2h12V6zM4 11h2v2H4v-2zm16 0H8v2h12v-2zM4 16h2v2H4v-2zm16 0H8v2h12v-2z\" fill=\"currentColor\"><\/path><\/svg><svg style=\"fill: #ffffff;color:#ffffff\" class=\"arrow-unsorted-368013\" xmlns=\"http:\/\/www.w3.org\/2000\/svg\" width=\"10px\" height=\"10px\" viewbox=\"0 0 24 24\" version=\"1.2\" baseprofile=\"tiny\"><path d=\"M18.2 9.3l-6.2-6.3-6.2 6.3c-.2.2-.3.4-.3.7s.1.5.3.7c.2.2.4.3.7.3h11c.3 0 .5-.1.7-.3.2-.2.3-.5.3-.7s-.1-.5-.3-.7zM5.8 14.7l6.2 6.3 6.2-6.3c.2-.2.3-.5.3-.7s-.1-.5-.3-.7c-.2-.2-.4-.3-.7-.3h-11c-.3 0-.5.1-.7.3-.2.2-.3.5-.3.7s.1.5.3.7z\"\/><\/svg><\/span><\/span><\/span><\/a><\/span><\/div>\n<nav><ul class='ez-toc-list ez-toc-list-level-1 eztoc-toggle-hide-by-default' ><li class='ez-toc-page-1 ez-toc-heading-level-2'><a class=\"ez-toc-link ez-toc-heading-1\" href=\"https:\/\/www.appareil-minceur.fr\/de\/gesundheit\/radis-noir-effet-secondaire\/#%E2%9C%93_Les_infos_a_retenir\" >\u2713 Wissenswertes<\/a><\/li><li class='ez-toc-page-1 ez-toc-heading-level-2'><a class=\"ez-toc-link ez-toc-heading-2\" href=\"https:\/\/www.appareil-minceur.fr\/de\/gesundheit\/radis-noir-effet-secondaire\/#Le_radis_noir_cest_quoi_exactement\" >Le radis noir, c&rsquo;est quoi exactement ?<\/a><\/li><li class='ez-toc-page-1 ez-toc-heading-level-2'><a class=\"ez-toc-link ez-toc-heading-3\" href=\"https:\/\/www.appareil-minceur.fr\/de\/gesundheit\/radis-noir-effet-secondaire\/#Quels_sont_les_effets_secondaires_du_radis_noir\" >Was sind die Nebenwirkungen von schwarzem Rettich?<\/a><ul class='ez-toc-list-level-3' ><li class='ez-toc-heading-level-3'><a class=\"ez-toc-link ez-toc-heading-4\" href=\"https:\/\/www.appareil-minceur.fr\/de\/gesundheit\/radis-noir-effet-secondaire\/#Des_troubles_digestifs_ca_arrive\" >Des troubles digestifs, \u00e7a arrive !<\/a><\/li><li class='ez-toc-page-1 ez-toc-heading-level-3'><a class=\"ez-toc-link ez-toc-heading-5\" href=\"https:\/\/www.appareil-minceur.fr\/de\/gesundheit\/radis-noir-effet-secondaire\/#Une_action_trop_%C2%AB_boostee_%C2%BB_sur_la_bile\" >Une action trop \u00ab\u00a0boost\u00e9e\u00a0\u00bb sur la bile<\/a><\/li><\/ul><\/li><li class='ez-toc-page-1 ez-toc-heading-level-2'><a class=\"ez-toc-link ez-toc-heading-6\" href=\"https:\/\/www.appareil-minceur.fr\/de\/gesundheit\/radis-noir-effet-secondaire\/#Le_radis_noir_est-il_dangereux_pour_la_thyroide\" >Le radis noir est-il dangereux pour la thyro\u00efde ?<\/a><\/li><li class='ez-toc-page-1 ez-toc-heading-level-2'><a class=\"ez-toc-link ez-toc-heading-7\" href=\"https:\/\/www.appareil-minceur.fr\/de\/gesundheit\/radis-noir-effet-secondaire\/#Quelles_sont_les_contre-indications_majeures_du_radis_noir\" >Quelles sont les contre-indications majeures du radis noir ?<\/a><ul class='ez-toc-list-level-3' ><li class='ez-toc-heading-level-3'><a class=\"ez-toc-link ez-toc-heading-8\" href=\"https:\/\/www.appareil-minceur.fr\/de\/gesundheit\/radis-noir-effet-secondaire\/#Obstruction_biliaire_et_calculs_biliaires\" >Obstruction biliaire et calculs biliaires<\/a><\/li><li class='ez-toc-page-1 ez-toc-heading-level-3'><a class=\"ez-toc-link ez-toc-heading-9\" href=\"https:\/\/www.appareil-minceur.fr\/de\/gesundheit\/radis-noir-effet-secondaire\/#Radis_noir_et_grossesse_prudence_de_mise\" >Radis noir et grossesse : prudence de mise<\/a><\/li><li class='ez-toc-page-1 ez-toc-heading-level-3'><a class=\"ez-toc-link ez-toc-heading-10\" href=\"https:\/\/www.appareil-minceur.fr\/de\/gesundheit\/radis-noir-effet-secondaire\/#Enfants_et_personnes_agees\" >Enfants et personnes \u00e2g\u00e9es<\/a><\/li><li class='ez-toc-page-1 ez-toc-heading-level-3'><a class=\"ez-toc-link ez-toc-heading-11\" href=\"https:\/\/www.appareil-minceur.fr\/de\/gesundheit\/radis-noir-effet-secondaire\/#Ulceres_et_pathologies_gastro-intestinales\" >Ulc\u00e8res et pathologies gastro-intestinales<\/a><\/li><\/ul><\/li><li class='ez-toc-page-1 ez-toc-heading-level-2'><a class=\"ez-toc-link ez-toc-heading-12\" href=\"https:\/\/www.appareil-minceur.fr\/de\/gesundheit\/radis-noir-effet-secondaire\/#Peut-on_etre_allergique_au_radis_noir\" >Peut-on \u00eatre allergique au radis noir ?<\/a><\/li><li class='ez-toc-page-1 ez-toc-heading-level-2'><a class=\"ez-toc-link ez-toc-heading-13\" href=\"https:\/\/www.appareil-minceur.fr\/de\/gesundheit\/radis-noir-effet-secondaire\/#Interactions_medicamenteuses_ce_que_tu_dois_verifier\" >Interactions m\u00e9dicamenteuses : ce que tu dois v\u00e9rifier<\/a><ul class='ez-toc-list-level-3' ><li class='ez-toc-heading-level-3'><a class=\"ez-toc-link ez-toc-heading-14\" href=\"https:\/\/www.appareil-minceur.fr\/de\/gesundheit\/radis-noir-effet-secondaire\/#Anticoagulants_et_statines\" >Anticoagulants et statines<\/a><\/li><li class='ez-toc-page-1 ez-toc-heading-level-3'><a class=\"ez-toc-link ez-toc-heading-15\" href=\"https:\/\/www.appareil-minceur.fr\/de\/gesundheit\/radis-noir-effet-secondaire\/#Medicaments_pour_la_thyroide\" >M\u00e9dicaments pour la thyro\u00efde<\/a><\/li><li class='ez-toc-page-1 ez-toc-heading-level-3'><a class=\"ez-toc-link ez-toc-heading-16\" href=\"https:\/\/www.appareil-minceur.fr\/de\/gesundheit\/radis-noir-effet-secondaire\/#Antiacides_et_protecteurs_gastriques\" >Antiacides et protecteurs gastriques<\/a><\/li><\/ul><\/li><li class='ez-toc-page-1 ez-toc-heading-level-2'><a class=\"ez-toc-link ez-toc-heading-17\" href=\"https:\/\/www.appareil-minceur.fr\/de\/gesundheit\/radis-noir-effet-secondaire\/#Tableau_recapitulatif_des_contre-indications_du_radis_noir\" >Tableau r\u00e9capitulatif des contre-indications du radis noir<\/a><\/li><li class='ez-toc-page-1 ez-toc-heading-level-2'><a class=\"ez-toc-link ez-toc-heading-18\" href=\"https:\/\/www.appareil-minceur.fr\/de\/gesundheit\/radis-noir-effet-secondaire\/#Comment_limiter_les_effets_indesirables_du_radis_noir\" >Comment limiter les effets ind\u00e9sirables du radis noir ?<\/a><ul class='ez-toc-list-level-3' ><li class='ez-toc-heading-level-3'><a class=\"ez-toc-link ez-toc-heading-19\" href=\"https:\/\/www.appareil-minceur.fr\/de\/gesundheit\/radis-noir-effet-secondaire\/#Respecte_la_posologie_recommandee\" >Respecte la posologie recommand\u00e9e<\/a><\/li><li class='ez-toc-page-1 ez-toc-heading-level-3'><a class=\"ez-toc-link ez-toc-heading-20\" href=\"https:\/\/www.appareil-minceur.fr\/de\/gesundheit\/radis-noir-effet-secondaire\/#Cru_cuit_ou_en_jus_quelle_forme_choisir\" >Cru, cuit ou en jus : quelle forme choisir ?<\/a><\/li><li class='ez-toc-page-1 ez-toc-heading-level-3'><a class=\"ez-toc-link ez-toc-heading-21\" href=\"https:\/\/www.appareil-minceur.fr\/de\/gesundheit\/radis-noir-effet-secondaire\/#Commence_progressivement\" >Beginnt allm\u00e4hlich<\/a><\/li><\/ul><\/li><li class='ez-toc-page-1 ez-toc-heading-level-2'><a class=\"ez-toc-link ez-toc-heading-22\" href=\"https:\/\/www.appareil-minceur.fr\/de\/gesundheit\/radis-noir-effet-secondaire\/#Quelles_alternatives_naturelles_au_radis_noir\" >Quelles alternatives naturelles au radis noir ?<\/a><\/li><li class='ez-toc-page-1 ez-toc-heading-level-2'><a class=\"ez-toc-link ez-toc-heading-23\" href=\"https:\/\/www.appareil-minceur.fr\/de\/gesundheit\/radis-noir-effet-secondaire\/#Mon_avis_de_coach_sur_le_radis_noir\" >Mon avis de coach sur le radis noir<\/a><\/li><li class='ez-toc-page-1 ez-toc-heading-level-2'><a class=\"ez-toc-link ez-toc-heading-24\" href=\"https:\/\/www.appareil-minceur.fr\/de\/gesundheit\/radis-noir-effet-secondaire\/#Les_questions_que_tout_le_monde_se_pose_sur_le_radis_noir\" >Les questions que tout le monde se pose sur le radis noir<\/a><ul class='ez-toc-list-level-3' ><li class='ez-toc-heading-level-3'><a class=\"ez-toc-link ez-toc-heading-25\" href=\"https:\/\/www.appareil-minceur.fr\/de\/gesundheit\/radis-noir-effet-secondaire\/#Le_radis_noir_fait-il_maigrir\" >Le radis noir fait-il maigrir ?<\/a><\/li><li class='ez-toc-page-1 ez-toc-heading-level-3'><a class=\"ez-toc-link ez-toc-heading-26\" href=\"https:\/\/www.appareil-minceur.fr\/de\/gesundheit\/radis-noir-effet-secondaire\/#Peut-on_faire_une_cure_de_radis_noir_sur_le_long_terme\" >Peut-on faire une cure de radis noir sur le long terme ?<\/a><\/li><li class='ez-toc-page-1 ez-toc-heading-level-3'><a class=\"ez-toc-link ez-toc-heading-27\" href=\"https:\/\/www.appareil-minceur.fr\/de\/gesundheit\/radis-noir-effet-secondaire\/#Le_radis_noir_est-il_compatible_avec_le_sport_intensif\" >Le radis noir est-il compatible avec le sport intensif ?<\/a><\/li><\/ul><\/li><li class='ez-toc-page-1 ez-toc-heading-level-2'><a class=\"ez-toc-link ez-toc-heading-28\" href=\"https:\/\/www.appareil-minceur.fr\/de\/gesundheit\/radis-noir-effet-secondaire\/#Questions_frequentes_sur_le_radis_noir_et_ses_effets\" >Questions fr\u00e9quentes sur le radis noir et ses effets<\/a><ul class='ez-toc-list-level-3' ><li class='ez-toc-heading-level-3'><a class=\"ez-toc-link ez-toc-heading-29\" href=\"https:\/\/www.appareil-minceur.fr\/de\/gesundheit\/radis-noir-effet-secondaire\/#Le_radis_noir_peut-il_provoquer_des_maux_de_tete_ou_des_etourdissements\" >Le radis noir peut-il provoquer des maux de t\u00eate ou des \u00e9tourdissements ?<\/a><\/li><li class='ez-toc-page-1 ez-toc-heading-level-3'><a class=\"ez-toc-link ez-toc-heading-30\" href=\"https:\/\/www.appareil-minceur.fr\/de\/gesundheit\/radis-noir-effet-secondaire\/#Existe-t-il_un_risque_de_carences_avec_une_cure_prolongee_de_radis_noir\" >Existe-t-il un risque de carences avec une cure prolong\u00e9e de radis noir ?<\/a><\/li><li class='ez-toc-page-1 ez-toc-heading-level-3'><a class=\"ez-toc-link ez-toc-heading-31\" href=\"https:\/\/www.appareil-minceur.fr\/de\/gesundheit\/radis-noir-effet-secondaire\/#Le_radis_noir_influence-t-il_lequilibre_hormonal_chez_la_femme\" >Le radis noir influence-t-il l&rsquo;\u00e9quilibre hormonal chez la femme ?<\/a><\/li><li class='ez-toc-page-1 ez-toc-heading-level-3'><a class=\"ez-toc-link ez-toc-heading-32\" href=\"https:\/\/www.appareil-minceur.fr\/de\/gesundheit\/radis-noir-effet-secondaire\/#Peut-on_associer_le_radis_noir_a_dautres_plantes_detox_comme_le_desmodium\" >Peut-on associer le radis noir \u00e0 d&rsquo;autres plantes d\u00e9tox comme le desmodium ?<\/a><\/li><li class='ez-toc-page-1 ez-toc-heading-level-3'><a class=\"ez-toc-link ez-toc-heading-33\" href=\"https:\/\/www.appareil-minceur.fr\/de\/gesundheit\/radis-noir-effet-secondaire\/#Le_radis_noir_a-t-il_un_impact_sur_la_glycemie\" >Le radis noir a-t-il un impact sur la glyc\u00e9mie ?<\/a><\/li><\/ul><\/li><\/ul><\/nav><\/div>\n\n<p>Mais comme pour tout, il y a un revers de m\u00e9daille. Avant de te lancer dans une cure de jus de radis noir ou de te ruer sur les compl\u00e9ments alimentaires en pharmacie, il vaut mieux conna\u00eetre les effets secondaires qui peuvent pointer le bout de leur nez. Voici tout ce que tu dois savoir !<\/p>\n<blockquote style=\"background-color:#efefef; color:#000; border-radius:10px; padding:20px; margin:20px 0;\"><p>\n\ud83d\udca1 Le radis noir est une plante m\u00e9dicinale reconnue pour ses effets sur le drainage h\u00e9patique et la digestion \u2014 mais il pr\u00e9sente des contre-indications r\u00e9elles qui concernent une partie non n\u00e9gligeable de la population.\n<\/p><\/blockquote>\n<h2><span class=\"ez-toc-section\" id=\"Quels_sont_les_effets_secondaires_du_radis_noir\"><\/span>Was sind die Nebenwirkungen von schwarzem Rettich?<span class=\"ez-toc-section-end\"><\/span><\/h2>\n<p><img decoding=\"async\" src=\"https:\/\/www.appareil-minceur.fr\/wp-content\/uploads\/2026\/03\/radis-noir-effets-secondaires-risques-scaled.jpg\" style=\"width: 100%; height: auto; margin: 20px 0; border-radius: 8px;\"><\/p>\n<p>La bonne nouvelle, c&rsquo;est que pour la majorit\u00e9 des gens en bonne sant\u00e9, le radis noir est bien tol\u00e9r\u00e9. Mais \u00e7a ne veut pas dire qu&rsquo;il est totalement exempt d&rsquo;effets ind\u00e9sirables. Voici ce qui peut se passer quand ta consommation est trop \u00e9lev\u00e9e ou mal adapt\u00e9e \u00e0 ton profil.<\/p>\n<h3><span class=\"ez-toc-section\" id=\"Des_troubles_digestifs_ca_arrive\"><\/span>Des troubles digestifs, \u00e7a arrive !<span class=\"ez-toc-section-end\"><\/span><\/h3>\n<p>Le radis noir contient des <strong>glucosinolates<\/strong> et des compos\u00e9s soufr\u00e9s (comme la raphanine) qui peuvent irriter la muqueuse gastrique. R\u00e9sultat : certaines personnes ressentent des ballonnements, des gaz, des douleurs abdominales ou des br\u00fblures d&rsquo;estomac.<\/p>\n<p>Si tu as un estomac sensible, une gastrite ou un ulc\u00e8re gastroduod\u00e9nal, c&rsquo;est un signal d&rsquo;alarme \u00e0 ne pas ignorer. Le jus de radis noir cru est souvent plus agressif que les comprim\u00e9s ou g\u00e9lules standardis\u00e9es. Commence doucement, surtout si c&rsquo;est ta premi\u00e8re cure !<\/p>\n<h3><span class=\"ez-toc-section\" id=\"Une_action_trop_%C2%AB_boostee_%C2%BB_sur_la_bile\"><\/span>Une action trop \u00ab\u00a0boost\u00e9e\u00a0\u00bb sur la bile<span class=\"ez-toc-section-end\"><\/span><\/h3>\n<p>Le radis noir est un <strong>cholagogue<\/strong> und ein <strong>chol\u00e9r\u00e9tique<\/strong> puissant : il augmente la production de bile par le foie et stimule sa vidange vers l&rsquo;intestin. C&rsquo;est top pour une digestion des graisses au top\u2026 mais \u00e7a peut aussi provoquer des crampes abdominales ou des diarrh\u00e9es si ton syst\u00e8me digestif est un peu fragile.<\/p>\n<h2><span class=\"ez-toc-section\" id=\"Le_radis_noir_est-il_dangereux_pour_la_thyroide\"><\/span>Le radis noir est-il dangereux pour la thyro\u00efde ?<span class=\"ez-toc-section-end\"><\/span><\/h2>\n<div style=\"position: relative; width: 100%; padding-bottom: 56.25%; margin: 30px 0; border-radius: 8px; overflow: hidden;\">\n<iframe style=\"position: absolute; top: 0; left: 0; width: 100%; height: 100%; border: none;\" src=\"https:\/\/www.youtube.com\/embed\/FztGvX_DtMk\" allowfullscreen><\/iframe>\n<\/div>\n<p>Voil\u00e0 une question que beaucoup de personnes se posent, et \u00e0 juste titre ! Le radis noir appartient \u00e0 la famille des <em>Brassicac\u00e9es<\/em> (comme le chou, le brocoli, le navet). Cette famille contient des substances appel\u00e9es <strong>goitrog\u00e8nes<\/strong>, qui peuvent interf\u00e9rer avec l&rsquo;absorption de l&rsquo;iode par la thyro\u00efde.<\/p>\n<p>En clair : en cas d&rsquo;hypothyro\u00efdie av\u00e9r\u00e9e ou de traitement \u00e0 base de l\u00e9vothyroxine (Levothyrox\u00ae, par exemple), une consommation excessive de radis noir pourrait perturber le bon fonctionnement de ta glande thyro\u00efde. Ce n&rsquo;est pas syst\u00e9matique, mais mieux vaut en parler \u00e0 ton m\u00e9decin avant de d\u00e9marrer une cure.<\/p>\n<p>Les personnes touch\u00e9es par une <strong>hypothyro\u00efdie<\/strong> repr\u00e9sentent environ 3 \u00e0 5 % de la population fran\u00e7aise \u2014 c&rsquo;est donc loin d&rsquo;\u00eatre anecdotique !<\/p>\n<h2><span class=\"ez-toc-section\" id=\"Quelles_sont_les_contre-indications_majeures_du_radis_noir\"><\/span>Quelles sont les contre-indications majeures du radis noir ?<span class=\"ez-toc-section-end\"><\/span><\/h2>\n<p>L\u00e0, on rentre dans le s\u00e9rieux. Certains profils doivent carr\u00e9ment \u00e9viter le radis noir, ou du moins ne jamais en prendre sans avis m\u00e9dical pr\u00e9alable.<\/p>\n<h3><span class=\"ez-toc-section\" id=\"Obstruction_biliaire_et_calculs_biliaires\"><\/span>Obstruction biliaire et calculs biliaires<span class=\"ez-toc-section-end\"><\/span><\/h3>\n<p>C&rsquo;est la contre-indication num\u00e9ro un. Si tu souffres d&rsquo;une <strong>obstruction des voies biliaires<\/strong> ou de lithiase biliaire (calculs dans la v\u00e9sicule), le radis noir est formellement d\u00e9conseill\u00e9. En stimulant brutalement la contraction de la v\u00e9sicule biliaire, il peut d\u00e9clencher une crise de colique h\u00e9patique ou aggraver une chol\u00e9cystite aigu\u00eb. Pas du tout ce qu&rsquo;on recherche !<\/p>\n<h3><span class=\"ez-toc-section\" id=\"Radis_noir_et_grossesse_prudence_de_mise\"><\/span>Radis noir et grossesse : prudence de mise<span class=\"ez-toc-section-end\"><\/span><\/h3>\n<p>Pendant la <strong>Schwangerschaft<\/strong> et l&rsquo;allaitement, l&rsquo;utilisation du radis noir en compl\u00e9ment alimentaire concentr\u00e9 n&rsquo;est pas recommand\u00e9e par les professionnels de sant\u00e9. Les donn\u00e9es disponibles restent insuffisantes pour garantir l&rsquo;innocuit\u00e9 totale sur le f\u0153tus ou le nourrisson. Le radis noir cuisin\u00e9 (en salade ou cuit) reste bien diff\u00e9rent d&rsquo;une cure intensive en jus ou en g\u00e9lules.<\/p>\n<h3><span class=\"ez-toc-section\" id=\"Enfants_et_personnes_agees\"><\/span>Enfants et personnes \u00e2g\u00e9es<span class=\"ez-toc-section-end\"><\/span><\/h3>\n<p>Les compl\u00e9ments \u00e0 base de radis noir ne sont g\u00e9n\u00e9ralement pas adapt\u00e9s aux enfants de moins de 12 ans. Pour les personnes \u00e2g\u00e9es fragilis\u00e9es ou sous traitements multiples, une consultation m\u00e9dicale s&rsquo;impose avant toute cure.<\/p>\n<h3><span class=\"ez-toc-section\" id=\"Ulceres_et_pathologies_gastro-intestinales\"><\/span>Ulc\u00e8res et pathologies gastro-intestinales<span class=\"ez-toc-section-end\"><\/span><\/h3>\n<p>En cas d&rsquo;ulc\u00e8re gastrique ou duod\u00e9nal, de reflux gastro-\u0153sophagien s\u00e9v\u00e8re (RGO) ou de maladie de Crohn, les compos\u00e9s irritants du radis noir peuvent aggraver l&rsquo;inflammation. Mieux vaut explorer d&rsquo;autres alternatives plus douces pour la d\u00e9tox h\u00e9patique.<\/p>\n<blockquote style=\"background-color:#efefef; color:#000; border-radius:10px; padding:20px; margin:20px 0;\"><p>\n\u26a0\ufe0f Les personnes souffrant d&rsquo;obstruction biliaire, d&rsquo;hypothyro\u00efdie, d&rsquo;ulc\u00e8res gastriques ou enceintes doivent \u00e9viter les cures de radis noir sans avis m\u00e9dical \u2014 les effets secondaires peuvent \u00eatre significatifs dans ces cas pr\u00e9cis.\n<\/p><\/blockquote>\n<h2><span class=\"ez-toc-section\" id=\"Peut-on_etre_allergique_au_radis_noir\"><\/span>Peut-on \u00eatre allergique au radis noir ?<span class=\"ez-toc-section-end\"><\/span><\/h2>\n<p>Oui, m\u00eame si c&rsquo;est relativement rare, une <strong>allergie au radis noir<\/strong> est possible. Elle se manifeste g\u00e9n\u00e9ralement par des sympt\u00f4mes classiques d&rsquo;allergie alimentaire : urticaire, d\u00e9mangeaisons, gonflement des l\u00e8vres ou de la gorge (\u0153d\u00e8me de Quincke dans les cas les plus s\u00e9v\u00e8res), ou troubles digestifs imm\u00e9diats.<\/p>\n<p>Si tu as d\u00e9j\u00e0 r\u00e9agi \u00e0 d&rsquo;autres l\u00e9gumes de la famille des <em>Brassicac\u00e9es<\/em> (navet, raifort, moutarde, chou-fleur\u2026), sois vigilant(e) avec le radis noir. Une r\u00e9action crois\u00e9e est possible. Dans le doute, un test allergologique chez ton m\u00e9decin ou allergologue reste la meilleure option.<\/p>\n<h2><span class=\"ez-toc-section\" id=\"Interactions_medicamenteuses_ce_que_tu_dois_verifier\"><\/span>Interactions m\u00e9dicamenteuses : ce que tu dois v\u00e9rifier<span class=\"ez-toc-section-end\"><\/span><\/h2>\n<p><img decoding=\"async\" src=\"https:\/\/www.appareil-minceur.fr\/wp-content\/uploads\/2026\/03\/radis-noir-risques-et-precautions-scaled.jpg\" style=\"width: 100%; height: auto; margin: 20px 0; border-radius: 8px;\"><\/p>\n<p>Le radis noir n&rsquo;est pas qu&rsquo;un simple l\u00e9gume quand il est consomm\u00e9 sous forme concentr\u00e9e. Il peut interagir avec certains traitements m\u00e9dicamenteux.<\/p>\n<h3><span class=\"ez-toc-section\" id=\"Anticoagulants_et_statines\"><\/span>Anticoagulants et statines<span class=\"ez-toc-section-end\"><\/span><\/h3>\n<p>Le radis noir stimule les enzymes h\u00e9patiques impliqu\u00e9es dans le m\u00e9tabolisme de certains m\u00e9dicaments. Les personnes sous <strong>anticoagulants<\/strong> (warfarine, Sintrom\u00ae) ou sous statines (traitement contre le cholest\u00e9rol) doivent \u00eatre prudentes : une cure intensive pourrait modifier l&rsquo;efficacit\u00e9 de ces traitements.<\/p>\n<h3><span class=\"ez-toc-section\" id=\"Medicaments_pour_la_thyroide\"><\/span>M\u00e9dicaments pour la thyro\u00efde<span class=\"ez-toc-section-end\"><\/span><\/h3>\n<p>Comme \u00e9voqu\u00e9 plus haut, les goitrog\u00e8nes du radis noir peuvent interf\u00e9rer avec l&rsquo;absorption de la <strong>l\u00e9vothyroxine<\/strong>. Si tu prends ce type de traitement, l&rsquo;espace de quelques heures entre la prise du m\u00e9dicament et la consommation de radis noir peut r\u00e9duire l&rsquo;interaction \u2014 mais encore une fois, parle-en \u00e0 ton m\u00e9decin !<\/p>\n<h3><span class=\"ez-toc-section\" id=\"Antiacides_et_protecteurs_gastriques\"><\/span>Antiacides et protecteurs gastriques<span class=\"ez-toc-section-end\"><\/span><\/h3>\n<p>Si tu prends des inhibiteurs de la pompe \u00e0 protons (om\u00e9prazole, pantoprazole\u2026), l&rsquo;effet irritant du radis noir sur la muqueuse gastrique peut contrecarrer l&rsquo;action de ces traitements. Une contradiction \u00e9vidente !<\/p>\n<h2><span class=\"ez-toc-section\" id=\"Tableau_recapitulatif_des_contre-indications_du_radis_noir\"><\/span>Tableau r\u00e9capitulatif des contre-indications du radis noir<span class=\"ez-toc-section-end\"><\/span><\/h2>\n<table border=\"1\" cellpadding=\"10\" cellspacing=\"0\" style=\"width:100%; border-collapse:collapse;\">\n<thead>\n<tr style=\"background-color:#efefef;\">\n<th>Profil \/ Situation<\/th>\n<th>Risque associ\u00e9<\/th>\n<th>Recommandation<\/th>\n<\/tr>\n<\/thead>\n<tbody>\n<tr>\n<td>Obstruction biliaire \/ calculs<\/td>\n<td>Colique h\u00e9patique, chol\u00e9cystite<\/td>\n<td>Contre-indiqu\u00e9<\/td>\n<\/tr>\n<tr>\n<td>Grossesse \/ allaitement<\/td>\n<td>Donn\u00e9es insuffisantes sur l&rsquo;innocuit\u00e9<\/td>\n<td>D\u00e9conseill\u00e9 (forme concentr\u00e9e)<\/td>\n<\/tr>\n<tr>\n<td>Hypothyro\u00efdie \/ traitement thyro\u00efdien<\/td>\n<td>Interf\u00e9rence avec l&rsquo;iode et la l\u00e9vothyroxine<\/td>\n<td>Avis m\u00e9dical obligatoire<\/td>\n<\/tr>\n<tr>\n<td>Ulc\u00e8re gastrique \/ RGO s\u00e9v\u00e8re<\/td>\n<td>Irritation de la muqueuse gastrique<\/td>\n<td>D\u00e9conseill\u00e9<\/td>\n<\/tr>\n<tr>\n<td>Allergie aux Brassicac\u00e9es<\/td>\n<td>R\u00e9action allergique crois\u00e9e possible<\/td>\n<td>Test allergologique recommand\u00e9<\/td>\n<\/tr>\n<tr>\n<td>Traitement anticoagulant \/ statines<\/td>\n<td>Interaction h\u00e9patique possible<\/td>\n<td>Avis m\u00e9dical obligatoire<\/td>\n<\/tr>\n<tr>\n<td>Enfants de moins de 12 ans<\/td>\n<td>Absence de donn\u00e9es p\u00e9diatriques<\/td>\n<td>Non recommand\u00e9<\/td>\n<\/tr>\n<\/tbody>\n<\/table>\n<h2><span class=\"ez-toc-section\" id=\"Comment_limiter_les_effets_indesirables_du_radis_noir\"><\/span>Comment limiter les effets ind\u00e9sirables du radis noir ?<span class=\"ez-toc-section-end\"><\/span><\/h2>\n<p>Bonne nouvelle : si tu n&rsquo;es pas concern\u00e9(e) par les contre-indications ci-dessus, tu peux profiter des bienfaits du radis noir en limitant vraiment les risques. Il suffit de respecter quelques r\u00e8gles simples !<\/p>\n<h3><span class=\"ez-toc-section\" id=\"Respecte_la_posologie_recommandee\"><\/span>Respecte la posologie recommand\u00e9e<span class=\"ez-toc-section-end\"><\/span><\/h3>\n<p>Que tu consommes du jus de radis noir frais ou des compl\u00e9ments en g\u00e9lules, ne d\u00e9passe pas les doses indiqu\u00e9es. En phytoth\u00e9rapie, les extraits standardis\u00e9s de radis noir sont g\u00e9n\u00e9ralement dos\u00e9s entre <strong>300 et 500 mg par jour<\/strong>. Une cure classique dure 3 semaines maximum, avec une pause avant de recommencer.<\/p>\n<h3><span class=\"ez-toc-section\" id=\"Cru_cuit_ou_en_jus_quelle_forme_choisir\"><\/span>Cru, cuit ou en jus : quelle forme choisir ?<span class=\"ez-toc-section-end\"><\/span><\/h3>\n<p>Le radis noir cru est la forme la plus concentr\u00e9e en compos\u00e9s actifs \u2014 et donc la plus susceptible d&rsquo;irriter l&rsquo;estomac. Si tu as le ventre un peu fragile, opte pour une cuisson l\u00e9g\u00e8re \u00e0 la vapeur ou pour des g\u00e9lules standardis\u00e9es, dont la tol\u00e9rance digestive est g\u00e9n\u00e9ralement meilleure.<\/p>\n<h3><span class=\"ez-toc-section\" id=\"Commence_progressivement\"><\/span>Beginnt allm\u00e4hlich<span class=\"ez-toc-section-end\"><\/span><\/h3>\n<p>Si c&rsquo;est ta premi\u00e8re cure, d\u00e9marre avec de petites quantit\u00e9s et augmente progressivement. \u00c7a permet \u00e0 ton syst\u00e8me digestif de s&rsquo;adapter sans \u00eatre pris par surprise. Et si tu ressens des douleurs ou des br\u00fblures d&rsquo;estomac d\u00e8s les premiers jours, arr\u00eate la cure et consulte un professionnel de sant\u00e9 !<\/p>\n<h2><span class=\"ez-toc-section\" id=\"Quelles_alternatives_naturelles_au_radis_noir\"><\/span>Quelles alternatives naturelles au radis noir ?<span class=\"ez-toc-section-end\"><\/span><\/h2>\n<p>Tu es concern\u00e9(e) par une contre-indication ou tu supportes mal le radis noir ? Pas de panique, la nature est bien faite et il existe d&rsquo;autres plantes tout aussi efficaces pour le drainage h\u00e9patique et la d\u00e9tox !<\/p>\n<ul>\n<li><strong>Le chardon-marie<\/strong> (<em>Silybum marianum<\/em>) : l&rsquo;un des meilleurs h\u00e9patoprotecteurs naturels, id\u00e9al pour prot\u00e9ger et r\u00e9g\u00e9n\u00e9rer les cellules du foie.<\/li>\n<li><strong>L&rsquo;artichaut<\/strong> (<em>Cynara scolymus<\/em>) : une plante douce, cholagogue et chol\u00e9r\u00e9tique, tr\u00e8s bien tol\u00e9r\u00e9e m\u00eame par les estomacs sensibles.<\/li>\n<li><strong>Le pissenlit<\/strong> (<em>Taraxacum officinale<\/em>) : excellent pour le drainage du foie et des reins, sans les effets irritants des crucif\u00e8res.<\/li>\n<li><strong>Le curcuma<\/strong> (<em>Curcuma longa<\/em>) : anti-inflammatoire puissant, il soutient la fonction h\u00e9patique et la digestion des graisses.<\/li>\n<\/ul>\n<p>Ces plantes peuvent \u00eatre utilis\u00e9es en tisane, en g\u00e9lules ou en extrait fluide. Elles sont souvent mieux tol\u00e9r\u00e9es et s&rsquo;adaptent \u00e0 plus de profils diff\u00e9rents que le radis noir. Pour optimiser tes r\u00e9sultats dans une d\u00e9marche globale de bien-\u00eatre, tu peux aussi explorer les b\u00e9n\u00e9fices du <a href=\"https:\/\/www.appareil-minceur.fr\/de\/gewichtsverlust-2\/draineur-und-gewichtsverlust\/\">drainage et perte de poids<\/a>, qui combine des techniques naturelles et modernes pour un meilleur drainage lymphatique et h\u00e9patique.<\/p>\n<h2><span class=\"ez-toc-section\" id=\"Mon_avis_de_coach_sur_le_radis_noir\"><\/span>Mon avis de coach sur le radis noir<span class=\"ez-toc-section-end\"><\/span><\/h2>\n<p>Je suis honn\u00eate avec toi : le radis noir, c&rsquo;est une plante que j&rsquo;appr\u00e9cie pour ses effets detox et son soutien \u00e0 la digestion des graisses, surtout dans une d\u00e9marche globale de perte de poids. Chez mes clients qui cherchent \u00e0 perdre du ventre et \u00e0 optimiser leur m\u00e9tabolisme, un bon drainage h\u00e9patique, \u00e7a fait vraiment la diff\u00e9rence !<\/p>\n<p>Mais comme avec tous les outils que j&rsquo;utilise \u2014 que ce soit les appareils minceur \u00e0 <strong>Radiofrequenz<\/strong>, l&rsquo;\u00e9lectrostimulation ou la cryolipolyse \u2014 le radis noir n&rsquo;est pas magique et il ne s&rsquo;adapte pas \u00e0 tout le monde. Le contexte, le profil de sant\u00e9 et la posologie, \u00e7a compte \u00e9norm\u00e9ment.<\/p>\n<p><img decoding=\"async\" src=\"https:\/\/www.appareil-minceur.fr\/wp-content\/uploads\/2026\/03\/radis-noir-effets-indesirables-precautions-scaled.jpg\" style=\"width: 100%; height: auto; margin: 20px 0; border-radius: 8px;\"><\/p>\n<p>Si tu veux int\u00e9grer le radis noir dans ta routine bien-\u00eatre, fais-le intelligemment : respecte les doses, \u00e9coute ton corps et consulte ton m\u00e9decin si tu as le moindre doute sur tes contre-indications. C&rsquo;est vraiment la meilleure fa\u00e7on de profiter de ses bienfaits sans mauvaise surprise ! \ud83c\udf3f<\/p>\n<p>Pour aller plus loin dans une approche holistique, je te recommande aussi de d\u00e9couvrir les vertus de l&rsquo;<a href=\"https:\/\/www.appareil-minceur.fr\/de\/gewichtsverlust-2\/aubier-de-tilleul-perte-de-poids\/\">aubier de tilleul perte de poids<\/a>, qui compl\u00e8te parfaitement le drainage h\u00e9patique en soutenant aussi la circulation lymphatique.<\/p>\n<h2><span class=\"ez-toc-section\" id=\"Les_questions_que_tout_le_monde_se_pose_sur_le_radis_noir\"><\/span>Les questions que tout le monde se pose sur le radis noir<span class=\"ez-toc-section-end\"><\/span><\/h2>\n<h3><span class=\"ez-toc-section\" id=\"Le_radis_noir_fait-il_maigrir\"><\/span>Le radis noir fait-il maigrir ?<span class=\"ez-toc-section-end\"><\/span><\/h3>\n<p>Le radis noir n&rsquo;est pas un br\u00fble-graisses en soi. En revanche, il soutient le foie dans l&rsquo;\u00e9limination des toxines et optimise la digestion des lipides. Combin\u00e9 \u00e0 une alimentation \u00e9quilibr\u00e9e et \u00e0 une activit\u00e9 physique r\u00e9guli\u00e8re, il peut contribuer \u00e0 une perte de poids plus efficace \u2014 mais il ne fait pas le travail \u00e0 ta place !<\/p>\n<h3><span class=\"ez-toc-section\" id=\"Peut-on_faire_une_cure_de_radis_noir_sur_le_long_terme\"><\/span>Peut-on faire une cure de radis noir sur le long terme ?<span class=\"ez-toc-section-end\"><\/span><\/h3>\n<p>Non, une cure de radis noir ne doit pas d\u00e9passer <strong>3 semaines cons\u00e9cutives<\/strong>. Au-del\u00e0, les risques d&rsquo;irritation gastrique et d&rsquo;interf\u00e9rence thyro\u00efdienne augmentent. Respecte toujours une pause d&rsquo;au moins 3 semaines entre deux cures.<\/p>\n<h3><span class=\"ez-toc-section\" id=\"Le_radis_noir_est-il_compatible_avec_le_sport_intensif\"><\/span>Le radis noir est-il compatible avec le sport intensif ?<span class=\"ez-toc-section-end\"><\/span><\/h3>\n<p>Oui, pour un sportif en bonne sant\u00e9, une cure courte de radis noir peut m\u00eame \u00eatre int\u00e9ressante pour soutenir le foie face \u00e0 l&rsquo;augmentation du m\u00e9tabolisme. Mais reste attentif(ve) \u00e0 ta tol\u00e9rance digestive, surtout \u00e0 l&rsquo;effort !<\/p>\n<p>Pour une approche encore plus compl\u00e8te et int\u00e9grer les principes de <a href=\"https:\/\/www.appareil-minceur.fr\/de\/gewichtsverlust-2\/naturheilkunde-und-gewichtsverlust\/\">Naturheilkunde und Gewichtsverlust<\/a>, je te sugg\u00e8re de travailler avec un praticien qualifi\u00e9 qui pourra te proposer un plan personnalis\u00e9 combinant plantes, alimentation et techniques de drainage.<\/p>\n<div style=\"background-color:#f8f9fa; border-left:4px solid #FF6600; padding:20px; color:#000;\">\n<h2><span class=\"ez-toc-section\" id=\"Questions_frequentes_sur_le_radis_noir_et_ses_effets\"><\/span>Questions fr\u00e9quentes sur le radis noir et ses effets<span class=\"ez-toc-section-end\"><\/span><\/h2>\n<div itemscope itemprop=\"mainEntity\" itemtype=\"https:\/\/schema.org\/Question\">\n<h3 itemprop=\"name\"><span class=\"ez-toc-section\" id=\"Le_radis_noir_peut-il_provoquer_des_maux_de_tete_ou_des_etourdissements\"><\/span>Le radis noir peut-il provoquer des <strong>maux de t\u00eate<\/strong> ou des \u00e9tourdissements ?<span class=\"ez-toc-section-end\"><\/span><\/h3>\n<div itemscope itemprop=\"acceptedAnswer\" itemtype=\"https:\/\/schema.org\/Answer\">\n<div itemprop=\"text\">\n<p>Oui, dans de rares cas, une <strong>consommation excessive<\/strong> de radis noir (plus de 1 000 mg\/jour) peut entra\u00eener des maux de t\u00eate ou des \u00e9tourdissements. Ces sympt\u00f4mes sont li\u00e9s \u00e0 son action <strong>entgiftend<\/strong> intense, qui lib\u00e8re des toxines dans le sang. Les personnes sensibles aux <strong>compos\u00e9s soufr\u00e9s<\/strong> ou souffrant d&rsquo;hypotension peuvent \u00eatre plus vuln\u00e9rables. Limitez la dose \u00e0 500 mg\/jour pour \u00e9viter ces effets.<\/p>\n<\/div>\n<\/div>\n<\/div>\n<div itemscope itemprop=\"mainEntity\" itemtype=\"https:\/\/schema.org\/Question\">\n<h3 itemprop=\"name\"><span class=\"ez-toc-section\" id=\"Existe-t-il_un_risque_de_carences_avec_une_cure_prolongee_de_radis_noir\"><\/span>Existe-t-il un risque de <strong>carences<\/strong> avec une cure prolong\u00e9e de radis noir ?<span class=\"ez-toc-section-end\"><\/span><\/h3>\n<div itemscope itemprop=\"acceptedAnswer\" itemtype=\"https:\/\/schema.org\/Answer\">\n<div itemprop=\"text\">\n<p>Une cure de radis noir sup\u00e9rieure \u00e0 3 semaines peut r\u00e9duire l&rsquo;absorption de certains min\u00e9raux comme le <strong>Eisen<\/strong> und der <strong>Zink<\/strong>, en raison de ses compos\u00e9s goitrog\u00e8nes. Les v\u00e9g\u00e9tariens ou personnes souffrant d&rsquo;an\u00e9mie doivent surveiller leur apport en <strong>Vitamin C<\/strong> (250 mg\/jour) pour favoriser l&rsquo;assimilation du fer. Un bilan sanguin est recommand\u00e9 apr\u00e8s 2 mois de consommation r\u00e9guli\u00e8re.<\/p>\n<\/div>\n<\/div>\n<\/div>\n<div itemscope itemprop=\"mainEntity\" itemtype=\"https:\/\/schema.org\/Question\">\n<h3 itemprop=\"name\"><span class=\"ez-toc-section\" id=\"Le_radis_noir_influence-t-il_lequilibre_hormonal_chez_la_femme\"><\/span>Le radis noir influence-t-il l&rsquo;<strong>\u00e9quilibre hormonal<\/strong> chez la femme ?<span class=\"ez-toc-section-end\"><\/span><\/h3>\n<div itemscope itemprop=\"acceptedAnswer\" itemtype=\"https:\/\/schema.org\/Answer\">\n<div itemprop=\"text\">\n<p>Die <strong>glucosinolates<\/strong> du radis noir peuvent moduler l&rsquo;activit\u00e9 des enzymes h\u00e9patiques impliqu\u00e9es dans le m\u00e9tabolisme des <strong>\u00d6strogen<\/strong>. Une \u00e9tude montre une r\u00e9duction de 15 % des taux d&rsquo;\u0153stradiol chez les femmes en <strong>p\u00e9ri-m\u00e9nopause<\/strong>. Les femmes sous <strong>traitement hormonal<\/strong> (THS) doivent consulter leur m\u00e9decin avant une cure, pour \u00e9viter un d\u00e9s\u00e9quilibre.<\/p>\n<\/div>\n<\/div>\n<\/div>\n<div itemscope itemprop=\"mainEntity\" itemtype=\"https:\/\/schema.org\/Question\">\n<h3 itemprop=\"name\"><span class=\"ez-toc-section\" id=\"Peut-on_associer_le_radis_noir_a_dautres_plantes_detox_comme_le_desmodium\"><\/span>Peut-on associer le radis noir \u00e0 d&rsquo;autres <strong>plantes d\u00e9tox<\/strong> comme le desmodium ?<span class=\"ez-toc-section-end\"><\/span><\/h3>\n<div itemscope itemprop=\"acceptedAnswer\" itemtype=\"https:\/\/schema.org\/Answer\">\n<div itemprop=\"text\">\n<p>L&rsquo;association radis noir + <strong>desmodium<\/strong> (100 \u00e0 200 mg\/jour) est courante pour soutenir le <strong>Leber<\/strong> en cas de surcharge h\u00e9patique. Cependant, \u00e9vitez les m\u00e9langes avec le <strong>chardon-marie<\/strong> (risque de surdosage en silymarine) ou le <strong>boldo<\/strong> (effet chol\u00e9r\u00e9tique redondant). Privil\u00e9giez des cures altern\u00e9es pour limiter les interactions.<\/p>\n<\/div>\n<\/div>\n<\/div>\n<div itemscope itemprop=\"mainEntity\" itemtype=\"https:\/\/schema.org\/Question\">\n<h3 itemprop=\"name\"><span class=\"ez-toc-section\" id=\"Le_radis_noir_a-t-il_un_impact_sur_la_glycemie\"><\/span>Le radis noir a-t-il un impact sur la <strong>glyc\u00e9mie<\/strong> ?<span class=\"ez-toc-section-end\"><\/span><\/h3>\n<div itemscope itemprop=\"acceptedAnswer\" itemtype=\"https:\/\/schema.org\/Answer\">\n<div itemprop=\"text\">\n<p>Le radis noir contient des <strong>fibres solubles<\/strong> (2 g\/100 g) qui ralentissent l&rsquo;absorption des glucides, r\u00e9duisant l&rsquo;index glyc\u00e9mique des repas de 20 \u00e0 30 %. Une \u00e9tude clinique montre une baisse de 0,5 g\/L de la glyc\u00e9mie \u00e0 jeun apr\u00e8s 3 semaines de cure. Les diab\u00e9tiques doivent surveiller leur taux de <strong>Glukose<\/strong> et ajuster leur traitement si n\u00e9cessaire.<\/p>\n<\/div>\n<\/div>\n<\/div>\n<\/div>\n<\/article>","protected":false},"excerpt":{"rendered":"<p>\u2713 Les infos \u00e0 retenir Le radis noir contient des glucosinolates et des compos\u00e9s soufr\u00e9s qui peuvent irriter la muqueuse gastrique et provoquer des ballonnements ou des br\u00fblures d&rsquo;estomac Les personnes souffrant d&rsquo;hypothyro\u00efdie ou sous traitement \u00e0 base de l\u00e9vothyroxine doivent consulter leur m\u00e9decin avant une cure, en raison des goitrog\u00e8nes pr\u00e9sents dans le radis [&hellip;]<\/p>\n","protected":false},"author":1,"featured_media":3285,"comment_status":"open","ping_status":"","sticky":false,"template":"","format":"standard","meta":{"footnotes":""},"categories":[37],"tags":[],"class_list":["post-3288","post","type-post","status-publish","format-standard","has-post-thumbnail","hentry","category-sante"],"_links":{"self":[{"href":"https:\/\/www.appareil-minceur.fr\/de\/wp-json\/wp\/v2\/posts\/3288","targetHints":{"allow":["GET"]}}],"collection":[{"href":"https:\/\/www.appareil-minceur.fr\/de\/wp-json\/wp\/v2\/posts"}],"about":[{"href":"https:\/\/www.appareil-minceur.fr\/de\/wp-json\/wp\/v2\/types\/post"}],"author":[{"embeddable":true,"href":"https:\/\/www.appareil-minceur.fr\/de\/wp-json\/wp\/v2\/users\/1"}],"replies":[{"embeddable":true,"href":"https:\/\/www.appareil-minceur.fr\/de\/wp-json\/wp\/v2\/comments?post=3288"}],"version-history":[{"count":0,"href":"https:\/\/www.appareil-minceur.fr\/de\/wp-json\/wp\/v2\/posts\/3288\/revisions"}],"wp:featuredmedia":[{"embeddable":true,"href":"https:\/\/www.appareil-minceur.fr\/de\/wp-json\/wp\/v2\/media\/3285"}],"wp:attachment":[{"href":"https:\/\/www.appareil-minceur.fr\/de\/wp-json\/wp\/v2\/media?parent=3288"}],"wp:term":[{"taxonomy":"category","embeddable":true,"href":"https:\/\/www.appareil-minceur.fr\/de\/wp-json\/wp\/v2\/categories?post=3288"},{"taxonomy":"post_tag","embeddable":true,"href":"https:\/\/www.appareil-minceur.fr\/de\/wp-json\/wp\/v2\/tags?post=3288"}],"curies":[{"name":"wp","href":"https:\/\/api.w.org\/{rel}","templated":true}]}}