{"id":411,"date":"2025-02-06T09:49:06","date_gmt":"2025-02-06T09:49:06","guid":{"rendered":"https:\/\/www.appareil-minceur.fr\/?p=411"},"modified":"2025-03-25T08:56:31","modified_gmt":"2025-03-25T08:56:31","slug":"radiofrequence-face-how-many-seance","status":"publish","type":"post","link":"https:\/\/www.appareil-minceur.fr\/de\/gewichtsverlust-2\/radiofrequence-face-how-many-seance\/","title":{"rendered":"Radiofrequenzbehandlung im Gesicht: Wie viele Sitzungen f\u00fcr ein Ergebnis?"},"content":{"rendered":"<div class=\"kk-star-ratings kksr-auto kksr-align-left kksr-valign-top\"\n    data-payload='{&quot;align&quot;:&quot;left&quot;,&quot;id&quot;:&quot;411&quot;,&quot;slug&quot;:&quot;default&quot;,&quot;valign&quot;:&quot;top&quot;,&quot;ignore&quot;:&quot;&quot;,&quot;reference&quot;:&quot;auto&quot;,&quot;class&quot;:&quot;&quot;,&quot;count&quot;:&quot;1&quot;,&quot;legendonly&quot;:&quot;&quot;,&quot;readonly&quot;:&quot;&quot;,&quot;score&quot;:&quot;5&quot;,&quot;starsonly&quot;:&quot;&quot;,&quot;best&quot;:&quot;5&quot;,&quot;gap&quot;:&quot;5&quot;,&quot;greet&quot;:&quot;Notez cet article !&quot;,&quot;legend&quot;:&quot;5\\\/5 - (1 vote)&quot;,&quot;size&quot;:&quot;16&quot;,&quot;title&quot;:&quot;Radiofr\u00e9quence visage : combien de s\u00e9ances pour des r\u00e9sultats ?&quot;,&quot;width&quot;:&quot;102.5&quot;,&quot;_legend&quot;:&quot;{score}\\\/{best} - ({count} {votes})&quot;,&quot;font_factor&quot;:&quot;1.25&quot;}'>\n            \n<div class=\"kksr-stars\">\n    \n<div class=\"kksr-stars-inactive\">\n            <div class=\"kksr-star\" data-star=\"1\" style=\"padding-right: 5px\">\n            \n\n<div class=\"kksr-icon\" style=\"width: 16px; height: 16px;\"><\/div>\n        <\/div>\n            <div class=\"kksr-star\" data-star=\"2\" style=\"padding-right: 5px\">\n            \n\n<div class=\"kksr-icon\" style=\"width: 16px; height: 16px;\"><\/div>\n        <\/div>\n            <div class=\"kksr-star\" data-star=\"3\" style=\"padding-right: 5px\">\n            \n\n<div class=\"kksr-icon\" style=\"width: 16px; height: 16px;\"><\/div>\n        <\/div>\n            <div class=\"kksr-star\" data-star=\"4\" style=\"padding-right: 5px\">\n            \n\n<div class=\"kksr-icon\" style=\"width: 16px; height: 16px;\"><\/div>\n        <\/div>\n            <div class=\"kksr-star\" data-star=\"5\" style=\"padding-right: 5px\">\n            \n\n<div class=\"kksr-icon\" style=\"width: 16px; height: 16px;\"><\/div>\n        <\/div>\n    <\/div>\n    \n<div class=\"kksr-stars-active\" style=\"width: 102.5px;\">\n            <div class=\"kksr-star\" style=\"padding-right: 5px\">\n            \n\n<div class=\"kksr-icon\" style=\"width: 16px; height: 16px;\"><\/div>\n        <\/div>\n            <div class=\"kksr-star\" style=\"padding-right: 5px\">\n            \n\n<div class=\"kksr-icon\" style=\"width: 16px; height: 16px;\"><\/div>\n        <\/div>\n            <div class=\"kksr-star\" style=\"padding-right: 5px\">\n            \n\n<div class=\"kksr-icon\" style=\"width: 16px; height: 16px;\"><\/div>\n        <\/div>\n            <div class=\"kksr-star\" style=\"padding-right: 5px\">\n            \n\n<div class=\"kksr-icon\" style=\"width: 16px; height: 16px;\"><\/div>\n        <\/div>\n            <div class=\"kksr-star\" style=\"padding-right: 5px\">\n            \n\n<div class=\"kksr-icon\" style=\"width: 16px; height: 16px;\"><\/div>\n        <\/div>\n    <\/div>\n<\/div>\n                \n\n<div class=\"kksr-legend\" style=\"font-size: 12.8px;\">\n            5\/5 - (1 vote)    <\/div>\n    <\/div>\n\n<p>Vous vous demandez combien de s\u00e9ances de radiofr\u00e9quence visage il vous faudra pour obtenir une peau plus ferme et \u00e9clatante ? Je comprends totalement ! En tant que <b>Sporttrainerin<\/b> sp\u00e9cialis\u00e9e dans les technologies minceur, je re\u00e7ois cette question presque tous les jours. La radiofr\u00e9quence est devenue une des techniques les plus populaires pour retrouver une peau tonique et rajeunie, mais il est vrai que le nombre de s\u00e9ances n\u00e9cessaires peut varier selon plusieurs facteurs. D\u00e9couvrez avec moi tous les d\u00e9tails sur cette <b>m\u00e9thode anti-\u00e2ge<\/b> qui fait sensation ! Je vous explique exactement comment planifier votre programme de soins pour des r\u00e9sultats <b>nachhaltig<\/b> et quels facteurs peuvent influencer la dur\u00e9e de votre traitement.<\/p><div id=\"ez-toc-container\" class=\"ez-toc-v2_0_82_2 counter-hierarchy ez-toc-counter ez-toc-custom ez-toc-container-direction\">\n<div class=\"ez-toc-title-container\">\n<p class=\"ez-toc-title\" style=\"cursor:inherit\">Zusammenfassung des Artikels<\/p>\n<span class=\"ez-toc-title-toggle\"><a href=\"#\" class=\"ez-toc-pull-right ez-toc-btn ez-toc-btn-xs ez-toc-btn-default ez-toc-toggle\" aria-label=\"Toggle Table of Content\"><span class=\"ez-toc-js-icon-con\"><span class=\"\"><span class=\"eztoc-hide\" style=\"display:none;\">Toggle<\/span><span class=\"ez-toc-icon-toggle-span\"><svg style=\"fill: #ffffff;color:#ffffff\" xmlns=\"http:\/\/www.w3.org\/2000\/svg\" class=\"list-377408\" width=\"20px\" height=\"20px\" viewbox=\"0 0 24 24\" fill=\"none\"><path d=\"M6 6H4v2h2V6zm14 0H8v2h12V6zM4 11h2v2H4v-2zm16 0H8v2h12v-2zM4 16h2v2H4v-2zm16 0H8v2h12v-2z\" fill=\"currentColor\"><\/path><\/svg><svg style=\"fill: #ffffff;color:#ffffff\" class=\"arrow-unsorted-368013\" xmlns=\"http:\/\/www.w3.org\/2000\/svg\" width=\"10px\" height=\"10px\" viewbox=\"0 0 24 24\" version=\"1.2\" baseprofile=\"tiny\"><path d=\"M18.2 9.3l-6.2-6.3-6.2 6.3c-.2.2-.3.4-.3.7s.1.5.3.7c.2.2.4.3.7.3h11c.3 0 .5-.1.7-.3.2-.2.3-.5.3-.7s-.1-.5-.3-.7zM5.8 14.7l6.2 6.3 6.2-6.3c.2-.2.3-.5.3-.7s-.1-.5-.3-.7c-.2-.2-.4-.3-.7-.3h-11c-.3 0-.5.1-.7.3-.2.2-.3.5-.3.7s.1.5.3.7z\"\/><\/svg><\/span><\/span><\/span><\/a><\/span><\/div>\n<nav><ul class='ez-toc-list ez-toc-list-level-1 eztoc-toggle-hide-by-default' ><li class='ez-toc-page-1 ez-toc-heading-level-2'><a class=\"ez-toc-link ez-toc-heading-1\" href=\"https:\/\/www.appareil-minceur.fr\/de\/gewichtsverlust-2\/radiofrequence-face-how-many-seance\/#Que_faut-il_savoir_sur_les_traitements_par_radiofrequence_visage\" >Que faut-il savoir sur les traitements par radiofr\u00e9quence visage ?<\/a><ul class='ez-toc-list-level-3' ><li class='ez-toc-heading-level-3'><a class=\"ez-toc-link ez-toc-heading-2\" href=\"https:\/\/www.appareil-minceur.fr\/de\/gewichtsverlust-2\/radiofrequence-face-how-many-seance\/#Le_processus_de_rajeunissement\" >Le processus de rajeunissement<\/a><\/li><\/ul><\/li><li class='ez-toc-page-1 ez-toc-heading-level-2'><a class=\"ez-toc-link ez-toc-heading-3\" href=\"https:\/\/www.appareil-minceur.fr\/de\/gewichtsverlust-2\/radiofrequence-face-how-many-seance\/#Quest-ce_qui_determine_le_nombre_de_seances_pour_des_resultats_optimaux\" >Qu&rsquo;est-ce qui d\u00e9termine le nombre de s\u00e9ances pour des r\u00e9sultats optimaux ?<\/a><ul class='ez-toc-list-level-3' ><li class='ez-toc-heading-level-3'><a class=\"ez-toc-link ez-toc-heading-4\" href=\"https:\/\/www.appareil-minceur.fr\/de\/gewichtsverlust-2\/radiofrequence-face-how-many-seance\/#Limportance_de_vos_objectifs_personnels\" >L&rsquo;importance de vos objectifs personnels<\/a><\/li><\/ul><\/li><li class='ez-toc-page-1 ez-toc-heading-level-2'><a class=\"ez-toc-link ez-toc-heading-5\" href=\"https:\/\/www.appareil-minceur.fr\/de\/gewichtsverlust-2\/radiofrequence-face-how-many-seance\/#Combien_de_seances_de_radiofrequence_sont_necessaires_pour_voir_des_resultats\" >Combien de s\u00e9ances de radiofr\u00e9quence sont n\u00e9cessaires pour voir des r\u00e9sultats ?<\/a><ul class='ez-toc-list-level-3' ><li class='ez-toc-heading-level-3'><a class=\"ez-toc-link ez-toc-heading-6\" href=\"https:\/\/www.appareil-minceur.fr\/de\/gewichtsverlust-2\/radiofrequence-face-how-many-seance\/#Un_planning_adapte_pour_des_resultats_optimaux\" >Un planning adapt\u00e9 pour des r\u00e9sultats optimaux<\/a><\/li><\/ul><\/li><li class='ez-toc-page-1 ez-toc-heading-level-2'><a class=\"ez-toc-link ez-toc-heading-7\" href=\"https:\/\/www.appareil-minceur.fr\/de\/gewichtsverlust-2\/radiofrequence-face-how-many-seance\/#Comment_evaluer_votre_peau_avant_de_debuter_les_seances_de_radiofrequence\" >Comment \u00e9valuer votre peau avant de d\u00e9buter les s\u00e9ances de radiofr\u00e9quence ?<\/a><ul class='ez-toc-list-level-3' ><li class='ez-toc-heading-level-3'><a class=\"ez-toc-link ez-toc-heading-8\" href=\"https:\/\/www.appareil-minceur.fr\/de\/gewichtsverlust-2\/radiofrequence-face-how-many-seance\/#Analyse_personnalisee_de_votre_visage\" >Analyse personnalis\u00e9e de votre visage<\/a><\/li><\/ul><\/li><li class='ez-toc-page-1 ez-toc-heading-level-2'><a class=\"ez-toc-link ez-toc-heading-9\" href=\"https:\/\/www.appareil-minceur.fr\/de\/gewichtsverlust-2\/radiofrequence-face-how-many-seance\/#Comment_suivre_levolution_de_vos_resultats_avec_la_radiofrequence\" >Comment suivre l&rsquo;\u00e9volution de vos r\u00e9sultats avec la radiofr\u00e9quence ?<\/a><ul class='ez-toc-list-level-3' ><li class='ez-toc-heading-level-3'><a class=\"ez-toc-link ez-toc-heading-10\" href=\"https:\/\/www.appareil-minceur.fr\/de\/gewichtsverlust-2\/radiofrequence-face-how-many-seance\/#Des_preuves_concretes_de_votre_transformation\" >Des preuves concr\u00e8tes de votre transformation<\/a><\/li><\/ul><\/li><li class='ez-toc-page-1 ez-toc-heading-level-2'><a class=\"ez-toc-link ez-toc-heading-11\" href=\"https:\/\/www.appareil-minceur.fr\/de\/gewichtsverlust-2\/radiofrequence-face-how-many-seance\/#Quels_sont_les_avantages_de_combiner_la_radiofrequence_avec_dautres_soins\" >Quels sont les avantages de combiner la radiofr\u00e9quence avec d&rsquo;autres soins ?<\/a><ul class='ez-toc-list-level-3' ><li class='ez-toc-heading-level-3'><a class=\"ez-toc-link ez-toc-heading-12\" href=\"https:\/\/www.appareil-minceur.fr\/de\/gewichtsverlust-2\/radiofrequence-face-how-many-seance\/#Une_approche_multi-soins_pour_des_resultats_boostes\" >Une approche multi-soins pour des r\u00e9sultats boost\u00e9s<\/a><\/li><\/ul><\/li><li class='ez-toc-page-1 ez-toc-heading-level-2'><a class=\"ez-toc-link ez-toc-heading-13\" href=\"https:\/\/www.appareil-minceur.fr\/de\/gewichtsverlust-2\/radiofrequence-face-how-many-seance\/#Quels_sont_les_effets_secondaires_possibles_de_la_radiofrequence_visage\" >Quels sont les effets secondaires possibles de la radiofr\u00e9quence visage ?<\/a><ul class='ez-toc-list-level-3' ><li class='ez-toc-heading-level-3'><a class=\"ez-toc-link ez-toc-heading-14\" href=\"https:\/\/www.appareil-minceur.fr\/de\/gewichtsverlust-2\/radiofrequence-face-how-many-seance\/#Comment_prendre_soin_de_sa_peau_apres_une_seance\" >Comment prendre soin de sa peau apr\u00e8s une s\u00e9ance ?<\/a><\/li><\/ul><\/li><li class='ez-toc-page-1 ez-toc-heading-level-2'><a class=\"ez-toc-link ez-toc-heading-15\" href=\"https:\/\/www.appareil-minceur.fr\/de\/gewichtsverlust-2\/radiofrequence-face-how-many-seance\/#Combien_coutent_les_seances_de_radiofrequence_pour_le_visage\" >Combien co\u00fbtent les s\u00e9ances de radiofr\u00e9quence pour le visage ?<\/a><ul class='ez-toc-list-level-3' ><li class='ez-toc-heading-level-3'><a class=\"ez-toc-link ez-toc-heading-16\" href=\"https:\/\/www.appareil-minceur.fr\/de\/gewichtsverlust-2\/radiofrequence-face-how-many-seance\/#Le_prix_dun_programme_complet\" >Le prix d&rsquo;un programme complet<\/a><\/li><\/ul><\/li><li class='ez-toc-page-1 ez-toc-heading-level-2'><a class=\"ez-toc-link ez-toc-heading-17\" href=\"https:\/\/www.appareil-minceur.fr\/de\/gewichtsverlust-2\/radiofrequence-face-how-many-seance\/#Comment_prendre_soin_de_sa_peau_apres_une_seance_de_radiofrequence\" >Comment prendre soin de sa peau apr\u00e8s une s\u00e9ance de radiofr\u00e9quence ?<\/a><ul class='ez-toc-list-level-3' ><li class='ez-toc-heading-level-3'><a class=\"ez-toc-link ez-toc-heading-18\" href=\"https:\/\/www.appareil-minceur.fr\/de\/gewichtsverlust-2\/radiofrequence-face-how-many-seance\/#Les_bons_gestes_post-traitement\" >Die richtigen Schritte nach der Behandlung<\/a><\/li><\/ul><\/li><li class='ez-toc-page-1 ez-toc-heading-level-2'><a class=\"ez-toc-link ez-toc-heading-19\" href=\"https:\/\/www.appareil-minceur.fr\/de\/gewichtsverlust-2\/radiofrequence-face-how-many-seance\/#Comment_evaluer_lefficacite_de_la_radiofrequence_visage\" >Comment \u00e9valuer l&rsquo;efficacit\u00e9 de la radiofr\u00e9quence visage ?<\/a><ul class='ez-toc-list-level-3' ><li class='ez-toc-heading-level-3'><a class=\"ez-toc-link ez-toc-heading-20\" href=\"https:\/\/www.appareil-minceur.fr\/de\/gewichtsverlust-2\/radiofrequence-face-how-many-seance\/#Les_premiers_resultats_visibles\" >Les premiers r\u00e9sultats visibles<\/a><\/li><\/ul><\/li><\/ul><\/nav><\/div>\n\n\n\n\n<figure class=\"wp-block-image\"><img decoding=\"async\" src=\"https:\/\/www.appareil-minceur.fr\/wp-content\/uploads\/2025\/02\/traitement-radiofrequence-visage-regeneration-cutanee.png\" alt=\"\"\/><\/figure>\n\n\n\n<p><\/p>\n\n\n\n<h2 class=\"wp-block-heading\"><span class=\"ez-toc-section\" id=\"Que_faut-il_savoir_sur_les_traitements_par_radiofrequence_visage\"><\/span>Que faut-il savoir sur les traitements par radiofr\u00e9quence visage ?<span class=\"ez-toc-section-end\"><\/span><\/h2>\n\n\n\n<p>La radiofr\u00e9quence faciale, c&rsquo;est un peu comme un mini spa pour votre peau ! Cette technique ultra moderne utilise des ondes \u00e9lectromagn\u00e9tiques douces pour r\u00e9veiller naturellement les cellules de votre visage. Le principe est simple : en chauffant d\u00e9licatement les tissus, la radiofr\u00e9quence encourage votre peau \u00e0 produire du <b>Kollagen<\/b>, cette prot\u00e9ine magique qui garde notre peau ferme et tonique. Imaginez que vous donnez \u00e0 votre peau un petit coup de boost \u00e9nergisant ! La chaleur agit comme un signal qui dit \u00e0 vos cellules \u00ab\u00a0Au boulot !\u00a0\u00bb, ce qui d\u00e9clenche une vraie transformation en profondeur.<\/p>\n\n\n\n<h3 class=\"wp-block-heading\"><span class=\"ez-toc-section\" id=\"Le_processus_de_rajeunissement\"><\/span>Le processus de rajeunissement<span class=\"ez-toc-section-end\"><\/span><\/h3>\n\n\n\n<p>Le plus g\u00e9nial avec cette m\u00e9thode, c&rsquo;est qu&rsquo;elle continue d&rsquo;agir m\u00eame apr\u00e8s la s\u00e9ance ! Pendant que vous vaquez \u00e0 vos occupations, votre peau travaille en coulisse pour se r\u00e9g\u00e9n\u00e9rer naturellement. Les r\u00e9sultats sont bluffants : une peau plus <b>Farm<\/b>, mehr <b>Gummiband<\/b>, et un teint qui retrouve tout son \u00e9clat. Et la meilleure partie ? C&rsquo;est totalement indolore et super rapide &#8211; comptez environ 30 minutes par s\u00e9ance. Vous pouvez m\u00eame reprendre vos activit\u00e9s directement apr\u00e8s, sans temps de r\u00e9cup\u00e9ration. C&rsquo;est un peu comme offrir \u00e0 votre peau une s\u00e9ance de sport ultra efficace, mais sans la moindre goutte de sueur !<\/p>\n\n\n\n<h2 class=\"wp-block-heading\"><span class=\"ez-toc-section\" id=\"Quest-ce_qui_determine_le_nombre_de_seances_pour_des_resultats_optimaux\"><\/span>Qu&rsquo;est-ce qui d\u00e9termine le nombre de s\u00e9ances pour des r\u00e9sultats optimaux ?<span class=\"ez-toc-section-end\"><\/span><\/h2>\n\n\n\n<p>Hey, parlons un peu du nombre de s\u00e9ances n\u00e9cessaires pour obtenir les r\u00e9sultats que vous d\u00e9sirez ! Le type de peau est super important dans l&rsquo;\u00e9quation. Si vous avez une <b>peau plus \u00e9paisse<\/b>, il faudra peut-\u00eatre patienter un peu plus longtemps pour voir les effets, car elle met plus de temps \u00e0 r\u00e9agir au traitement. Par contre, avec une <b>peau plus fine<\/b>, vous pourriez remarquer des changements plus rapidement &#8211; c&rsquo;est comme si votre peau \u00e9tait plus r\u00e9ceptive au traitement !<\/p>\n\n\n\n<h3 class=\"wp-block-heading\"><span class=\"ez-toc-section\" id=\"Limportance_de_vos_objectifs_personnels\"><\/span>L&rsquo;importance de vos objectifs personnels<span class=\"ez-toc-section-end\"><\/span><\/h3>\n\n\n\n<p>Vos objectifs beauty jouent aussi un r\u00f4le cl\u00e9 ! Si vous cherchez juste \u00e0 <b>tonifier l\u00e9g\u00e8rement<\/b> votre peau, quelques s\u00e9ances pourraient suffire. En revanche, pour traiter un rel\u00e2chement plus marqu\u00e9, pr\u00e9voyez un programme plus complet. C&rsquo;est comme au sport : plus l&rsquo;objectif est ambitieux, plus l&rsquo;entra\u00eenement doit \u00eatre r\u00e9gulier ! La bonne nouvelle ? La technologie moderne nous aide \u00e9norm\u00e9ment. Les <a href=\"https:\/\/www.appareil-minceur.fr\/de\/leitfaden\/beste-radiofrequenzgerate-gesicht\/\">meilleur appareil lifting visage<\/a> de derni\u00e8re g\u00e9n\u00e9ration sont super performants et peuvent donner des r\u00e9sultats plus rapides que leurs pr\u00e9d\u00e9cesseurs. C&rsquo;est un peu comme passer d&rsquo;un v\u00e9lo classique \u00e0 un v\u00e9lo \u00e9lectrique &#8211; vous atteignez votre destination plus vite !<\/p>\n\n\n\n<figure class=\"wp-block-embed is-type-video is-provider-youtube wp-block-embed-youtube wp-embed-aspect-16-9 wp-has-aspect-ratio\"><div class=\"wp-block-embed__wrapper\">\n<iframe title=\"La MEILLEURE OFFRE pour le MEILLEUR appareil ANTI-RELACHEMENT derni\u00e8re g\u00e9n\u00e9ration (oui tout \u00e7a OUI)\" width=\"800\" height=\"450\" src=\"https:\/\/www.youtube.com\/embed\/y2N7c3h2lA0?feature=oembed\" frameborder=\"0\" allow=\"accelerometer; autoplay; clipboard-write; encrypted-media; gyroscope; picture-in-picture; web-share\" referrerpolicy=\"strict-origin-when-cross-origin\" allowfullscreen><\/iframe>\n<\/div><\/figure>\n\n\n\n<h2 class=\"wp-block-heading\"><span class=\"ez-toc-section\" id=\"Combien_de_seances_de_radiofrequence_sont_necessaires_pour_voir_des_resultats\"><\/span>Combien de s\u00e9ances de radiofr\u00e9quence sont n\u00e9cessaires pour voir des r\u00e9sultats ?<span class=\"ez-toc-section-end\"><\/span><\/h2>\n\n\n\n<p>Si vous voulez des r\u00e9sultats au top pour votre peau, la radiofr\u00e9quence n\u00e9cessite une petite routine bien organis\u00e9e ! Je recommande toujours \u00e0 mes clients de planifier entre <b>4 und 6 Sitzungen<\/b> pour obtenir une peau plus ferme et tonique. C&rsquo;est particuli\u00e8rement vrai apr\u00e8s 40 ans, quand la production naturelle de collag\u00e8ne commence \u00e0 ralentir.<\/p>\n\n\n\n<h3 class=\"wp-block-heading\"><span class=\"ez-toc-section\" id=\"Un_planning_adapte_pour_des_resultats_optimaux\"><\/span>Un planning adapt\u00e9 pour des r\u00e9sultats optimaux<span class=\"ez-toc-section-end\"><\/span><\/h3>\n\n\n\n<p>Pour maximiser les bienfaits, espacez vos s\u00e9ances d&rsquo;<b>1 \u00e0 3 semaines<\/b>. Ce timing permet \u00e0 votre peau de bien r\u00e9agir au traitement et de produire ce fameux collag\u00e8ne qui nous fait tant de bien ! Voici ce que vous pouvez attendre de ce protocole :<\/p>\n\n\n\n<ul class=\"wp-block-list\">\n<li>Une peau plus dense et ferme<\/li>\n\n\n\n<li>Une diminution visible des ridules<\/li>\n\n\n\n<li>Un effet tenseur naturel<\/li>\n\n\n\n<li>Un teint plus \u00e9clatant<\/li>\n<\/ul>\n\n\n\n<p>Je personnalise toujours le nombre de s\u00e9ances selon vos besoins sp\u00e9cifiques. Certains de mes clients, notamment ceux qui ont une peau plus mature ou des pr\u00e9occupations particuli\u00e8res, peuvent b\u00e9n\u00e9ficier de jusqu&rsquo;\u00e0 <b>12 s\u00e9ances<\/b> pour des r\u00e9sultats encore plus marqu\u00e9s. L&rsquo;important est d&rsquo;adapter le protocole \u00e0 votre type de peau et \u00e0 vos objectifs personnels !<\/p>\n\n\n\n<h2 class=\"wp-block-heading\"><span class=\"ez-toc-section\" id=\"Comment_evaluer_votre_peau_avant_de_debuter_les_seances_de_radiofrequence\"><\/span>Comment \u00e9valuer votre peau avant de d\u00e9buter les s\u00e9ances de radiofr\u00e9quence ?<span class=\"ez-toc-section-end\"><\/span><\/h2>\n\n\n\n<p>Avant de d\u00e9marrer vos s\u00e9ances de <b>Radiofrequenz Gesicht<\/b>, une petite \u00e9valuation s&rsquo;impose ! C&rsquo;est une \u00e9tape super importante qui me permet de comprendre les besoins sp\u00e9cifiques de votre peau. Je commence toujours par examiner sa texture, son \u00e9lasticit\u00e9 et son niveau d&rsquo;hydratation &#8211; c&rsquo;est la base pour cr\u00e9er un programme personnalis\u00e9 qui vous ressemble. D&rsquo;apr\u00e8s mon exp\u00e9rience de coach, il faut g\u00e9n\u00e9ralement pr\u00e9voir entre <b>4 und 6 Sitzungen<\/b> pour obtenir des r\u00e9sultats visibles, particuli\u00e8rement si vous avez la quarantaine et que vous souhaitez redensifier votre peau.<\/p>\n\n\n\n<h3 class=\"wp-block-heading\"><span class=\"ez-toc-section\" id=\"Analyse_personnalisee_de_votre_visage\"><\/span>Analyse personnalis\u00e9e de votre visage<span class=\"ez-toc-section-end\"><\/span><\/h3>\n\n\n\n<p>Je passe toujours un moment \u00e0 identifier les zones qui n\u00e9cessitent le plus d&rsquo;attention sur votre visage. C&rsquo;est comme faire une petite cartographie ! Certaines parties peuvent avoir besoin d&rsquo;un traitement plus intensif, notamment si vous avez des soucis sp\u00e9cifiques comme un rel\u00e2chement cutan\u00e9 plus marqu\u00e9 \u00e0 certains endroits. La bonne nouvelle ? Les <b>premiers r\u00e9sultats<\/b> sont g\u00e9n\u00e9ralement visibles apr\u00e8s 2 \u00e0 4 s\u00e9ances, et votre peau continue de s&rsquo;am\u00e9liorer pendant plusieurs mois. Je trouve \u00e7a fascinant de voir cette transformation progressive !<\/p>\n\n\n\n<p>Lors de notre premier rendez-vous, nous discuterons de vos objectifs et de vos attentes. C&rsquo;est un moment d&rsquo;\u00e9change super important qui me permet d&rsquo;adapter parfaitement le protocole selon votre \u00e2ge, votre type de peau et vos besoins sp\u00e9cifiques. Mon but ? Vous garantir des r\u00e9sultats optimaux et durables avec un programme sur mesure.<\/p>\n\n\n\n<h2 class=\"wp-block-heading\"><span class=\"ez-toc-section\" id=\"Comment_suivre_levolution_de_vos_resultats_avec_la_radiofrequence\"><\/span>Comment suivre l&rsquo;\u00e9volution de vos r\u00e9sultats avec la radiofr\u00e9quence ?<span class=\"ez-toc-section-end\"><\/span><\/h2>\n\n\n\n<p>Super excit\u00e9e de vous parler du suivi des r\u00e9sultats ! La radiofr\u00e9quence, c&rsquo;est vraiment g\u00e9nial pour voir les progr\u00e8s semaine apr\u00e8s semaine. G\u00e9n\u00e9ralement, les premiers changements apparaissent vers la <b>3\u00e8me s\u00e9ance<\/b>, avec une peau qui commence d\u00e9j\u00e0 \u00e0 se retendre doucement. Pour les personnes au-del\u00e0 de 40 ans, comptez environ <b>4 bis 6 Sitzungen<\/b> pour obtenir une belle redensification de la peau.<\/p>\n\n\n\n<h3 class=\"wp-block-heading\"><span class=\"ez-toc-section\" id=\"Des_preuves_concretes_de_votre_transformation\"><\/span>Des preuves concr\u00e8tes de votre transformation<span class=\"ez-toc-section-end\"><\/span><\/h3>\n\n\n\n<p>Pour garder une trace de votre \u00e9volution, rien de mieux que les photos \u00ab\u00a0avant-apr\u00e8s\u00a0\u00bb ! C&rsquo;est fou comme \u00e7a permet de voir la diff\u00e9rence, m\u00eame quand on a l&rsquo;impression que rien ne change. Les <b>tests d&rsquo;\u00e9lasticit\u00e9<\/b> sont aussi super utiles pour mesurer scientifiquement les progr\u00e8s. Et bien s\u00fbr, vos retours sont pr\u00e9cieux : cette sensation de peau plus ferme, plus tonique, c&rsquo;est le meilleur indicateur !<\/p>\n\n\n\n<p>Le plus int\u00e9ressant, c&rsquo;est qu&rsquo;on peut adapter le programme selon vos r\u00e9sultats. Si votre peau r\u00e9pond super bien, on peut espacer les s\u00e9ances. \u00c0 l&rsquo;inverse, si elle a besoin d&rsquo;un petit coup de boost suppl\u00e9mentaire, on peut rapprocher les rendez-vous. L&rsquo;id\u00e9al ? Des s\u00e9ances espac\u00e9es de <b>3 bis 4 Wochen<\/b>. C&rsquo;est la fr\u00e9quence parfaite pour laisser \u00e0 votre peau le temps de produire naturellement son collag\u00e8ne.<\/p>\n\n\n\n<figure class=\"wp-block-image\"><img decoding=\"async\" src=\"https:\/\/www.appareil-minceur.fr\/wp-content\/uploads\/2025\/02\/nombre-seances-radiofrequence-selon-peau.jpg\" alt=\"\"\/><\/figure>\n\n\n\n<p><\/p>\n\n\n\n<h2 class=\"wp-block-heading\"><span class=\"ez-toc-section\" id=\"Quels_sont_les_avantages_de_combiner_la_radiofrequence_avec_dautres_soins\"><\/span>Quels sont les avantages de combiner la radiofr\u00e9quence avec d&rsquo;autres soins ?<span class=\"ez-toc-section-end\"><\/span><\/h2>\n\n\n\n<h3 class=\"wp-block-heading\"><span class=\"ez-toc-section\" id=\"Une_approche_multi-soins_pour_des_resultats_boostes\"><\/span>Une approche multi-soins pour des r\u00e9sultats boost\u00e9s<span class=\"ez-toc-section-end\"><\/span><\/h3>\n\n\n\n<p>Associer la <b>Radiofrequenz<\/b> \u00e0 d&rsquo;autres soins esth\u00e9tiques, c&rsquo;est comme cr\u00e9er le combo parfait pour votre peau ! J&rsquo;ai remarqu\u00e9 chez mes clientes des r\u00e9sultats vraiment impressionnants quand on mixe diff\u00e9rentes techniques. Par exemple, le duo <a href=\"https:\/\/www.appareil-minceur.fr\/de\/beratung\/radiofrequence-microneedling-vorher-nachher\/\">radiofr\u00e9quence + microneedling<\/a> fait des merveilles : pendant que la radiofr\u00e9quence booste la production de collag\u00e8ne en profondeur, le microneedling s&rsquo;occupe de la surface de votre peau.<\/p>\n\n\n\n<p>Les techniques qui se marient super bien avec la radiofr\u00e9quence :<\/p>\n\n\n\n<ul class=\"wp-block-list\">\n<li>Die <b>microneedling<\/b> : parfait pour am\u00e9liorer la texture de la peau et estomper les petites cicatrices<\/li>\n\n\n\n<li>Die <b>peelings<\/b> : ils donnent un coup d&rsquo;\u00e9clat imm\u00e9diat \u00e0 votre teint<\/li>\n\n\n\n<li>Les soins hydratants : ils renforcent l&rsquo;effet raffermissant<\/li>\n<\/ul>\n\n\n\n<p>Le gros plus de cette approche ? Vous obtenez des r\u00e9sultats plus rapides et plus visibles ! C&rsquo;est comme faire d&rsquo;une pierre deux coups : vous traitez plusieurs probl\u00e9matiques en m\u00eame temps, et \u00e7a se voit ! En plus, cette combinaison de soins permet souvent de r\u00e9duire le nombre total de s\u00e9ances n\u00e9cessaires. Malin pour votre temps et votre porte-monnaie !<\/p>\n\n\n\n<h2 class=\"wp-block-heading\"><span class=\"ez-toc-section\" id=\"Quels_sont_les_effets_secondaires_possibles_de_la_radiofrequence_visage\"><\/span>Quels sont les effets secondaires possibles de la radiofr\u00e9quence visage ?<span class=\"ez-toc-section-end\"><\/span><\/h2>\n\n\n\n<p>Pas de panique ! La radiofr\u00e9quence visage est une technique super s\u00e9curis\u00e9e, mais il est normal d&rsquo;observer quelques petits effets secondaires passagers. Le plus souvent, vous remarquerez une l\u00e9g\u00e8re <b>R\u00f6tung<\/b> und ein wenig <b>Schwellung<\/b> dans les zones trait\u00e9es. Rien d&rsquo;alarmant : ces r\u00e9actions disparaissent g\u00e9n\u00e9ralement en quelques heures, maximum 2-3 jours. C&rsquo;est simplement votre peau qui r\u00e9agit \u00e0 la chaleur du traitement !<\/p>\n\n\n\n<h3 class=\"wp-block-heading\"><span class=\"ez-toc-section\" id=\"Comment_prendre_soin_de_sa_peau_apres_une_seance\"><\/span>Comment prendre soin de sa peau apr\u00e8s une s\u00e9ance ?<span class=\"ez-toc-section-end\"><\/span><\/h3>\n\n\n\n<p>Pour optimiser votre r\u00e9cup\u00e9ration et minimiser ces petits d\u00e9sagr\u00e9ments, je recommande \u00e0 mes clients de bien hydrater leur peau et d&rsquo;\u00e9viter l&rsquo;exposition au soleil pendant quelques jours. Si vous remarquez des <b>rougeurs persistantes<\/b> ou une sensation d&rsquo;inconfort, n&rsquo;h\u00e9sitez pas \u00e0 appliquer une cr\u00e8me apaisante. Dans de tr\u00e8s rares cas, si vous observez des r\u00e9actions inhabituelles comme des cloques ou un gonflement qui ne diminue pas, consultez rapidement un professionnel de sant\u00e9. La cl\u00e9 du succ\u00e8s ? Suivre les conseils post-traitement \u00e0 la lettre et rester \u00e0 l&rsquo;\u00e9coute de votre peau !<\/p>\n\n\n\n<h2 class=\"wp-block-heading\"><span class=\"ez-toc-section\" id=\"Combien_coutent_les_seances_de_radiofrequence_pour_le_visage\"><\/span>Combien co\u00fbtent les s\u00e9ances de radiofr\u00e9quence pour le visage ?<span class=\"ez-toc-section-end\"><\/span><\/h2>\n\n\n\n<p>Parlons un peu du budget \u00e0 pr\u00e9voir pour vos s\u00e9ances de radiofr\u00e9quence visage ! Vous vous demandez s\u00fbrement combien \u00e7a va vous co\u00fbter ? Les prix varient pas mal selon les r\u00e9gions et les zones trait\u00e9es. Pour le visage, comptez environ <b>160\u20ac<\/b> la s\u00e9ance. C&rsquo;est un peu moins cher pour les zones comme les cuisses ou le ventre, o\u00f9 les prix d\u00e9marrent vers <b>80\u20ac<\/b>.<\/p>\n\n\n\n<h3 class=\"wp-block-heading\"><span class=\"ez-toc-section\" id=\"Le_prix_dun_programme_complet\"><\/span>Le prix d&rsquo;un programme complet<span class=\"ez-toc-section-end\"><\/span><\/h3>\n\n\n\n<p>Pour avoir des r\u00e9sultats qui durent, il faut pr\u00e9voir entre 6 et 8 s\u00e9ances. Faites le calcul : avec une moyenne de <b>160\u20ac<\/b> la s\u00e9ance, le programme complet peut monter jusqu&rsquo;\u00e0 800\u20ac. Mais bonne nouvelle ! La plupart des centres proposent des forfaits super int\u00e9ressants. Par exemple, vous pouvez trouver des packs de 6 s\u00e9ances \u00e0 480\u20ac, parfois m\u00eame brad\u00e9s \u00e0 400\u20ac. Niveau paiement, m\u00eame si ce n&rsquo;est pas rembours\u00e9 par la s\u00e9cu (eh oui, c&rsquo;est consid\u00e9r\u00e9 comme esth\u00e9tique), pas de panique ! Beaucoup de centres proposent des facilit\u00e9s de paiement en plusieurs fois. C&rsquo;est quand m\u00eame plus sympa pour le porte-monnaie !<\/p>\n\n\n\n<figure class=\"wp-block-image\"><img decoding=\"async\" src=\"https:\/\/www.appareil-minceur.fr\/wp-content\/uploads\/2025\/02\/resultats-radiofrequence-visage-apres-6-seances.jpg\" alt=\"\"\/><\/figure>\n\n\n\n<p><\/p>\n\n\n\n<h2 class=\"wp-block-heading\"><span class=\"ez-toc-section\" id=\"Comment_prendre_soin_de_sa_peau_apres_une_seance_de_radiofrequence\"><\/span>Comment prendre soin de sa peau apr\u00e8s une s\u00e9ance de radiofr\u00e9quence ?<span class=\"ez-toc-section-end\"><\/span><\/h2>\n\n\n\n<h3 class=\"wp-block-heading\"><span class=\"ez-toc-section\" id=\"Les_bons_gestes_post-traitement\"><\/span>Die richtigen Schritte nach der Behandlung<span class=\"ez-toc-section-end\"><\/span><\/h3>\n\n\n\n<p>Votre peau a besoin d&rsquo;attention apr\u00e8s une s\u00e9ance de radiofr\u00e9quence ! Pas de panique si vous remarquez quelques rougeurs, c&rsquo;est tout \u00e0 fait normal. Je recommande \u00e0 mes clients de suivre une routine toute simple mais efficace pour maximiser les r\u00e9sultats :<\/p>\n\n\n\n<ul class=\"wp-block-list\">\n<li>Optez pour un nettoyant ultra-doux<\/li>\n\n\n\n<li>Hydratez g\u00e9n\u00e9reusement avec une cr\u00e8me riche en <b>Hyalurons\u00e4ure<\/b><\/li>\n\n\n\n<li>Appliquez un s\u00e9rum antioxydant pour booster la r\u00e9g\u00e9n\u00e9ration<\/li>\n\n\n\n<li>N&rsquo;oubliez jamais votre <b>protection solaire SPF 30<\/b> minimum<\/li>\n<\/ul>\n\n\n\n<p>Je ne le r\u00e9p\u00e9terai jamais assez : l&rsquo;hydratation est la cl\u00e9 ! Une peau bien hydrat\u00e9e r\u00e9agira beaucoup mieux au traitement. D&rsquo;ailleurs, mes clientes qui suivent cette routine \u00e0 la lettre obtiennent des r\u00e9sultats vraiment bluffants. Pour maintenir ces super r\u00e9sultats dans le temps, je conseille de programmer une s\u00e9ance d&rsquo;entretien tous les 6 mois environ. C&rsquo;est le meilleur moyen de garder une peau tonique et repulp\u00e9e durablement !<\/p>\n\n\n\n<h2 class=\"wp-block-heading\"><span class=\"ez-toc-section\" id=\"Comment_evaluer_lefficacite_de_la_radiofrequence_visage\"><\/span>Comment \u00e9valuer l&rsquo;efficacit\u00e9 de la radiofr\u00e9quence visage ?<span class=\"ez-toc-section-end\"><\/span><\/h2>\n\n\n\n<p>Parlons maintenant des r\u00e9sultats que vous pouvez esp\u00e9rer avec les s\u00e9ances de radiofr\u00e9quence ! Pour un effet optimal, comptez entre <b>6 et 8 s\u00e9ances<\/b>, espac\u00e9es de 3 \u00e0 4 semaines. Ce petit temps entre chaque s\u00e9ance permet \u00e0 votre peau de bien se r\u00e9g\u00e9n\u00e9rer &#8211; c&rsquo;est super important pour une am\u00e9lioration progressive et durable !<\/p>\n\n\n\n<h3 class=\"wp-block-heading\"><span class=\"ez-toc-section\" id=\"Les_premiers_resultats_visibles\"><\/span>Les premiers r\u00e9sultats visibles<span class=\"ez-toc-section-end\"><\/span><\/h3>\n\n\n\n<p>La bonne nouvelle ? Vous commencerez \u00e0 voir des changements d\u00e8s la <b>troisi\u00e8me s\u00e9ance<\/b> ! C&rsquo;est le moment o\u00f9 votre peau devient plus ferme et plus tonique. Les retours de mes clients sont d&rsquo;ailleurs tr\u00e8s encourageants : ils notent une vraie diff\u00e9rence dans la texture de leur peau et une diminution visible des petites rides. Je travaille toujours main dans la main avec des dermatologues qui confirment ces am\u00e9liorations gr\u00e2ce \u00e0 leurs outils de mesure sp\u00e9cialis\u00e9s.<\/p>\n\n\n\n<p>Dans certains cas, nous pouvons envisager des s\u00e9ances suppl\u00e9mentaires pour optimiser les r\u00e9sultats. Chaque personne est diff\u00e9rente, et j&rsquo;adapte toujours le nombre de s\u00e9ances en fonction de vos objectifs et de votre type de peau. D&rsquo;ailleurs, il m&rsquo;arrive de combiner la radiofr\u00e9quence avec d&rsquo;autres soins pour booster les effets &#8211; mais \u00e7a, c&rsquo;est du sur-mesure que nous verrons ensemble !<\/p>\n\n\n\n<p>Maintenant vous savez tout sur la <b>Radiofrequenz Gesicht<\/b> et le nombre de s\u00e9ances n\u00e9cessaires pour obtenir des r\u00e9sultats qui d\u00e9chirent ! En g\u00e9n\u00e9ral, un programme de 6 \u00e0 8 s\u00e9ances suffit pour voir une vraie diff\u00e9rence, avec des rendez-vous espac\u00e9s de 3 \u00e0 4 semaines. Les premiers changements apparaissent souvent d\u00e8s la troisi\u00e8me s\u00e9ance, mais pour des r\u00e9sultats durables, mieux vaut suivre le programme complet. N&rsquo;oubliez pas de bien prendre soin de votre peau entre les s\u00e9ances et de la prot\u00e9ger du soleil. Question budget, comptez environ 160\u20ac par s\u00e9ance, avec possibilit\u00e9 de packs plus avantageux. Le plus important ? Choisir un pro qualifi\u00e9 et suivre ses conseils \u00e0 la lettre. Alors, \u00e0 vous la peau tonique et repulp\u00e9e !<\/p>","protected":false},"excerpt":{"rendered":"<p>Vous vous demandez combien de s\u00e9ances de radiofr\u00e9quence visage il vous faudra pour obtenir une peau plus ferme et \u00e9clatante ? Je comprends totalement ! En tant que <b>Sporttrainerin<\/b> sp\u00e9cialis\u00e9e dans les technologies minceur, je re\u00e7ois cette question presque tous les jours. La radiofr\u00e9quence est devenue une des techniques les plus populaires pour retrouver une peau tonique et rajeunie, mais il est vrai que le nombre de s\u00e9ances n\u00e9cessaires peut varier selon plusieurs facteurs. D\u00e9couvrez avec moi tous les d\u00e9tails sur cette <b>m\u00e9thode anti-\u00e2ge<\/b> qui fait sensation ! Je vous explique exactement comment planifier votre programme de soins pour des r\u00e9sultats <b>nachhaltig<\/b> et quels facteurs peuvent influencer la dur\u00e9e de votre traitement.<\/p>","protected":false},"author":1,"featured_media":408,"comment_status":"open","ping_status":"open","sticky":false,"template":"","format":"standard","meta":{"footnotes":""},"categories":[13],"tags":[17],"class_list":["post-411","post","type-post","status-publish","format-standard","has-post-thumbnail","hentry","category-perte-de-poids","tag-radiofrequence"],"_links":{"self":[{"href":"https:\/\/www.appareil-minceur.fr\/de\/wp-json\/wp\/v2\/posts\/411","targetHints":{"allow":["GET"]}}],"collection":[{"href":"https:\/\/www.appareil-minceur.fr\/de\/wp-json\/wp\/v2\/posts"}],"about":[{"href":"https:\/\/www.appareil-minceur.fr\/de\/wp-json\/wp\/v2\/types\/post"}],"author":[{"embeddable":true,"href":"https:\/\/www.appareil-minceur.fr\/de\/wp-json\/wp\/v2\/users\/1"}],"replies":[{"embeddable":true,"href":"https:\/\/www.appareil-minceur.fr\/de\/wp-json\/wp\/v2\/comments?post=411"}],"version-history":[{"count":4,"href":"https:\/\/www.appareil-minceur.fr\/de\/wp-json\/wp\/v2\/posts\/411\/revisions"}],"predecessor-version":[{"id":1109,"href":"https:\/\/www.appareil-minceur.fr\/de\/wp-json\/wp\/v2\/posts\/411\/revisions\/1109"}],"wp:featuredmedia":[{"embeddable":true,"href":"https:\/\/www.appareil-minceur.fr\/de\/wp-json\/wp\/v2\/media\/408"}],"wp:attachment":[{"href":"https:\/\/www.appareil-minceur.fr\/de\/wp-json\/wp\/v2\/media?parent=411"}],"wp:term":[{"taxonomy":"category","embeddable":true,"href":"https:\/\/www.appareil-minceur.fr\/de\/wp-json\/wp\/v2\/categories?post=411"},{"taxonomy":"post_tag","embeddable":true,"href":"https:\/\/www.appareil-minceur.fr\/de\/wp-json\/wp\/v2\/tags?post=411"}],"curies":[{"name":"wp","href":"https:\/\/api.w.org\/{rel}","templated":true}]}}