{"id":993,"date":"2025-03-08T16:32:18","date_gmt":"2025-03-08T16:32:18","guid":{"rendered":"https:\/\/www.appareil-minceur.fr\/?p=993"},"modified":"2025-12-23T13:29:17","modified_gmt":"2025-12-23T13:29:17","slug":"beste-radiofrequenzgerate-gesicht","status":"publish","type":"post","link":"https:\/\/www.appareil-minceur.fr\/de\/leitfaden\/beste-radiofrequenzgerate-gesicht\/","title":{"rendered":"Beste Radiofrequenzger\u00e4te Gesicht"},"content":{"rendered":"<div class=\"kk-star-ratings kksr-auto kksr-align-left kksr-valign-top\"\n    data-payload='{&quot;align&quot;:&quot;left&quot;,&quot;id&quot;:&quot;993&quot;,&quot;slug&quot;:&quot;default&quot;,&quot;valign&quot;:&quot;top&quot;,&quot;ignore&quot;:&quot;&quot;,&quot;reference&quot;:&quot;auto&quot;,&quot;class&quot;:&quot;&quot;,&quot;count&quot;:&quot;14&quot;,&quot;legendonly&quot;:&quot;&quot;,&quot;readonly&quot;:&quot;&quot;,&quot;score&quot;:&quot;4.7&quot;,&quot;starsonly&quot;:&quot;&quot;,&quot;best&quot;:&quot;5&quot;,&quot;gap&quot;:&quot;5&quot;,&quot;greet&quot;:&quot;Notez cet article !&quot;,&quot;legend&quot;:&quot;4.7\\\/5 - (14 votes)&quot;,&quot;size&quot;:&quot;16&quot;,&quot;title&quot;:&quot;Meilleurs appareils radiofr\u00e9quence visage&quot;,&quot;width&quot;:&quot;96.2&quot;,&quot;_legend&quot;:&quot;{score}\\\/{best} - ({count} {votes})&quot;,&quot;font_factor&quot;:&quot;1.25&quot;}'>\n            \n<div class=\"kksr-stars\">\n    \n<div class=\"kksr-stars-inactive\">\n            <div class=\"kksr-star\" data-star=\"1\" style=\"padding-right: 5px\">\n            \n\n<div class=\"kksr-icon\" style=\"width: 16px; height: 16px;\"><\/div>\n        <\/div>\n            <div class=\"kksr-star\" data-star=\"2\" style=\"padding-right: 5px\">\n            \n\n<div class=\"kksr-icon\" style=\"width: 16px; height: 16px;\"><\/div>\n        <\/div>\n            <div class=\"kksr-star\" data-star=\"3\" style=\"padding-right: 5px\">\n            \n\n<div class=\"kksr-icon\" style=\"width: 16px; height: 16px;\"><\/div>\n        <\/div>\n            <div class=\"kksr-star\" data-star=\"4\" style=\"padding-right: 5px\">\n            \n\n<div class=\"kksr-icon\" style=\"width: 16px; height: 16px;\"><\/div>\n        <\/div>\n            <div class=\"kksr-star\" data-star=\"5\" style=\"padding-right: 5px\">\n            \n\n<div class=\"kksr-icon\" style=\"width: 16px; height: 16px;\"><\/div>\n        <\/div>\n    <\/div>\n    \n<div class=\"kksr-stars-active\" style=\"width: 96.2px;\">\n            <div class=\"kksr-star\" style=\"padding-right: 5px\">\n            \n\n<div class=\"kksr-icon\" style=\"width: 16px; height: 16px;\"><\/div>\n        <\/div>\n            <div class=\"kksr-star\" style=\"padding-right: 5px\">\n            \n\n<div class=\"kksr-icon\" style=\"width: 16px; height: 16px;\"><\/div>\n        <\/div>\n            <div class=\"kksr-star\" style=\"padding-right: 5px\">\n            \n\n<div class=\"kksr-icon\" style=\"width: 16px; height: 16px;\"><\/div>\n        <\/div>\n            <div class=\"kksr-star\" style=\"padding-right: 5px\">\n            \n\n<div class=\"kksr-icon\" style=\"width: 16px; height: 16px;\"><\/div>\n        <\/div>\n            <div class=\"kksr-star\" style=\"padding-right: 5px\">\n            \n\n<div class=\"kksr-icon\" style=\"width: 16px; height: 16px;\"><\/div>\n        <\/div>\n    <\/div>\n<\/div>\n                \n\n<div class=\"kksr-legend\" style=\"font-size: 12.8px;\">\n            4.7\/5 - (14 votes)    <\/div>\n    <\/div>\n\n<p>Haben Sie genug von Falten und einer Haut, die nicht straff genug ist? Die <strong>Radiofrequenz Gesicht<\/strong> stellt sich als gef\u00fcrchteter Verb\u00fcndeter f\u00fcr <strong>einen verj\u00fcngten Teint wiederfinden<\/strong>Ich m\u00f6chte Ihnen hier meine Lieblingsger\u00e4te f\u00fcr die <strong>pro-Ergebnisse zu Hause<\/strong> ! Zwischen Modellen, die einen Umweg wert sind, und solchen, von denen man besser die Finger l\u00e4sst, sortieren wir gemeinsam anhand meiner ausf\u00fchrlichen Tests. Sie werden herausfinden, wie <strong>Ihr Ger\u00e4t nach Ihrem Budget und Ihren speziellen Bed\u00fcrfnissen ausw\u00e4hlen<\/strong>. Was w\u00e4re, wenn ich Ihnen sagen w\u00fcrde, dass man mit dem richtigen Ger\u00e4t schon in den ersten Wochen wirklich einen Unterschied sehen kann? M\u00f6chten Sie sich also von m\u00fcden Gesichtsz\u00fcgen verabschieden und ein straffes Oval begr\u00fc\u00dfen?<\/p><div id=\"ez-toc-container\" class=\"ez-toc-v2_0_82_2 counter-hierarchy ez-toc-counter ez-toc-custom ez-toc-container-direction\">\n<div class=\"ez-toc-title-container\">\n<p class=\"ez-toc-title\" style=\"cursor:inherit\">Zusammenfassung des Artikels<\/p>\n<span class=\"ez-toc-title-toggle\"><a href=\"#\" class=\"ez-toc-pull-right ez-toc-btn ez-toc-btn-xs ez-toc-btn-default ez-toc-toggle\" aria-label=\"Toggle Table of Content\"><span class=\"ez-toc-js-icon-con\"><span class=\"\"><span class=\"eztoc-hide\" style=\"display:none;\">Toggle<\/span><span class=\"ez-toc-icon-toggle-span\"><svg style=\"fill: #ffffff;color:#ffffff\" xmlns=\"http:\/\/www.w3.org\/2000\/svg\" class=\"list-377408\" width=\"20px\" height=\"20px\" viewbox=\"0 0 24 24\" fill=\"none\"><path d=\"M6 6H4v2h2V6zm14 0H8v2h12V6zM4 11h2v2H4v-2zm16 0H8v2h12v-2zM4 16h2v2H4v-2zm16 0H8v2h12v-2z\" fill=\"currentColor\"><\/path><\/svg><svg style=\"fill: #ffffff;color:#ffffff\" class=\"arrow-unsorted-368013\" xmlns=\"http:\/\/www.w3.org\/2000\/svg\" width=\"10px\" height=\"10px\" viewbox=\"0 0 24 24\" version=\"1.2\" baseprofile=\"tiny\"><path d=\"M18.2 9.3l-6.2-6.3-6.2 6.3c-.2.2-.3.4-.3.7s.1.5.3.7c.2.2.4.3.7.3h11c.3 0 .5-.1.7-.3.2-.2.3-.5.3-.7s-.1-.5-.3-.7zM5.8 14.7l6.2 6.3 6.2-6.3c.2-.2.3-.5.3-.7s-.1-.5-.3-.7c-.2-.2-.4-.3-.7-.3h-11c-.3 0-.5.1-.7.3-.2.2-.3.5-.3.7s.1.5.3.7z\"\/><\/svg><\/span><\/span><\/span><\/a><\/span><\/div>\n<nav><ul class='ez-toc-list ez-toc-list-level-1 eztoc-toggle-hide-by-default' ><li class='ez-toc-page-1 ez-toc-heading-level-2'><a class=\"ez-toc-link ez-toc-heading-1\" href=\"https:\/\/www.appareil-minceur.fr\/de\/leitfaden\/beste-radiofrequenzgerate-gesicht\/#Tableau_comparatif_du_guide\" >Vergleichstabelle des Leitfadens<\/a><ul class='ez-toc-list-level-3' ><li class='ez-toc-heading-level-3'><a class=\"ez-toc-link ez-toc-heading-2\" href=\"https:\/\/www.appareil-minceur.fr\/de\/leitfaden\/beste-radiofrequenzgerate-gesicht\/#Uaike\" >Uaike<\/a><\/li><li class='ez-toc-page-1 ez-toc-heading-level-3'><a class=\"ez-toc-link ez-toc-heading-3\" href=\"https:\/\/www.appareil-minceur.fr\/de\/leitfaden\/beste-radiofrequenzgerate-gesicht\/#Tumakou\" >Tumakou<\/a><\/li><li class='ez-toc-page-1 ez-toc-heading-level-3'><a class=\"ez-toc-link ez-toc-heading-4\" href=\"https:\/\/www.appareil-minceur.fr\/de\/leitfaden\/beste-radiofrequenzgerate-gesicht\/#Iborria\" >Iborria<\/a><\/li><li class='ez-toc-page-1 ez-toc-heading-level-3'><a class=\"ez-toc-link ez-toc-heading-5\" href=\"https:\/\/www.appareil-minceur.fr\/de\/leitfaden\/beste-radiofrequenzgerate-gesicht\/#Cozion\" >Cozion<\/a><\/li><li class='ez-toc-page-1 ez-toc-heading-level-3'><a class=\"ez-toc-link ez-toc-heading-6\" href=\"https:\/\/www.appareil-minceur.fr\/de\/leitfaden\/beste-radiofrequenzgerate-gesicht\/#Tumakou-2\" >Tumakou<\/a><\/li><\/ul><\/li><li class='ez-toc-page-1 ez-toc-heading-level-2'><a class=\"ez-toc-link ez-toc-heading-7\" href=\"https:\/\/www.appareil-minceur.fr\/de\/leitfaden\/beste-radiofrequenzgerate-gesicht\/#Resume_du_classement\" >Zusammenfassung der Rangliste<\/a><\/li><li class='ez-toc-page-1 ez-toc-heading-level-2'><a class=\"ez-toc-link ez-toc-heading-8\" href=\"https:\/\/www.appareil-minceur.fr\/de\/leitfaden\/beste-radiofrequenzgerate-gesicht\/#Le_meilleur_appareil_radiofrequence_visage_professionnel_Uaike_%E2%AD%9055\" >Das beste professionelle Radiofrequenzger\u00e4t f\u00fcr das Gesicht: Uaike (\u2b505\/5)<\/a><\/li><li class='ez-toc-page-1 ez-toc-heading-level-2'><a class=\"ez-toc-link ez-toc-heading-9\" href=\"https:\/\/www.appareil-minceur.fr\/de\/leitfaden\/beste-radiofrequenzgerate-gesicht\/#Lalternative_du_meilleur_appareil_radiofrequence_visage_Tumakou_%E2%AD%90455\" >Die Alternative f\u00fcr das beste Radiofrequenzger\u00e4t f\u00fcr das Gesicht: Tumakou (\u2b504.5\/5)<\/a><\/li><li class='ez-toc-page-1 ez-toc-heading-level-2'><a class=\"ez-toc-link ez-toc-heading-10\" href=\"https:\/\/www.appareil-minceur.fr\/de\/leitfaden\/beste-radiofrequenzgerate-gesicht\/#Le_meilleur_appareil_radiofrequence_visage_transportable_Iborria_%E2%AD%9045\" >Das beste transportable Radiofrequenzger\u00e4t f\u00fcr das Gesicht: Iborria (\u2b504\/5)<\/a><\/li><li class='ez-toc-page-1 ez-toc-heading-level-2'><a class=\"ez-toc-link ez-toc-heading-11\" href=\"https:\/\/www.appareil-minceur.fr\/de\/leitfaden\/beste-radiofrequenzgerate-gesicht\/#Lappareil_de_radiofrequence_3_en_1_Cozion_%E2%AD%9045\" >Das 3-in-1-Radiofrequenzger\u00e4t: Cozion (\u2b504\/5)<\/a><\/li><li class='ez-toc-page-1 ez-toc-heading-level-2'><a class=\"ez-toc-link ez-toc-heading-12\" href=\"https:\/\/www.appareil-minceur.fr\/de\/leitfaden\/beste-radiofrequenzgerate-gesicht\/#Le_meilleur_appareil_radiofrequence_visage_pas_cher_Tumakou_%E2%AD%9045\" >Das beste g\u00fcnstige Radiofrequenzger\u00e4t f\u00fcr das Gesicht: Tumakou (\u2b504\/5)<\/a><\/li><li class='ez-toc-page-1 ez-toc-heading-level-2'><a class=\"ez-toc-link ez-toc-heading-13\" href=\"https:\/\/www.appareil-minceur.fr\/de\/leitfaden\/beste-radiofrequenzgerate-gesicht\/#Comparaison_des_produits\" >Produktvergleich<\/a><\/li><li class='ez-toc-page-1 ez-toc-heading-level-2'><a class=\"ez-toc-link ez-toc-heading-14\" href=\"https:\/\/www.appareil-minceur.fr\/de\/leitfaden\/beste-radiofrequenzgerate-gesicht\/#Notre_verdict\" >Unser Urteil<\/a><\/li><li class='ez-toc-page-1 ez-toc-heading-level-2'><a class=\"ez-toc-link ez-toc-heading-15\" href=\"https:\/\/www.appareil-minceur.fr\/de\/leitfaden\/beste-radiofrequenzgerate-gesicht\/#FAQ\" >FAQ<\/a><ul class='ez-toc-list-level-3' ><li class='ez-toc-heading-level-3'><a class=\"ez-toc-link ez-toc-heading-16\" href=\"https:\/\/www.appareil-minceur.fr\/de\/leitfaden\/beste-radiofrequenzgerate-gesicht\/#Existe-t-il_des_contre-indications_medicales_a_lutilisation_de_ces_appareils_de_radiofrequence_visage\" >Gibt es medizinische Kontraindikationen f\u00fcr die Verwendung von Radiofrequenzger\u00e4ten f\u00fcr das Gesicht?<\/a><\/li><li class='ez-toc-page-1 ez-toc-heading-level-3'><a class=\"ez-toc-link ez-toc-heading-17\" href=\"https:\/\/www.appareil-minceur.fr\/de\/leitfaden\/beste-radiofrequenzgerate-gesicht\/#Les_appareils_de_radiofrequence_visage_sont-ils_efficaces_sur_tous_les_types_de_peau_seche_grasse_mixte_sensible_et_toutes_les_carnations\" >Sind Radiofrequenzger\u00e4te f\u00fcr das Gesicht bei allen Hauttypen (trocken, fettig, Mischhaut, empfindliche Haut) und Hautt\u00f6nen wirksam?<\/a><\/li><li class='ez-toc-page-1 ez-toc-heading-level-3'><a class=\"ez-toc-link ez-toc-heading-18\" href=\"https:\/\/www.appareil-minceur.fr\/de\/leitfaden\/beste-radiofrequenzgerate-gesicht\/#Comment_ajuster_lintensite_de_lappareil_en_fonction_de_la_sensibilite_de_la_peau_et_des_zones_traitees\" >Wie stelle ich die Intensit\u00e4t des Ger\u00e4ts auf die Empfindlichkeit der Haut und die behandelten Bereiche ein?<\/a><\/li><\/ul><\/li><\/ul><\/nav><\/div>\n\n\n\n\n<h2 class=\"wp-block-heading\"><span class=\"ez-toc-section\" id=\"Tableau_comparatif_du_guide\"><\/span>Vergleichstabelle des Leitfadens<span class=\"ez-toc-section-end\"><\/span><\/h2>\n\n\n\n<p>Meine Top 5 der\u00a0<strong>beste radiofrequenzger\u00e4te f\u00fcr das gesicht<\/strong>\u00a0im Jahr 2026 :<\/p>\n\n\n\n<div class=\"wp-block-columns is-layout-flex wp-container-core-columns-is-layout-28f84493 wp-block-columns-is-layout-flex\">\n<div class=\"wp-block-column is-layout-flow wp-block-column-is-layout-flow\">\n<a href=\"https:\/\/amzn.to\/4icqc6j\" target=\"_blank\" rel=\"noopener\">\n\n\n<div class=\"wp-block-affiliatex-single-product\" id=\"affiliatex-single-product-style-block-1b352cde-1d0e-4bb7-b476-b2d8e2c61b14\">\n\t<div class=\"affx-single-product-wrapper product-layout-1 affx-whole-block-clickable\" >\n\t\t<div class=\"affx-sp-inner affx-amazon-item__border\">\n\t\t\t<div class=\"affx-sp-content  no-image\">\n\t\t\t<div class=\"affx-sp-content-wrapper\">\n\t\t<div class=\"title-wrapper affx-star-rating\">\n\t\t\t<div class=\"affx-title-left\">\n\t\t\t\t\t<h3 class=\"affx-single-product-title\"><span class=\"ez-toc-section\" id=\"Uaike\"><\/span>\n\t\tUaike\t<span class=\"ez-toc-section-end\"><\/span><\/h3>\n\t\t\t\t\t\t\t<\/div>\n\t\t\t\t<div class=\"affx-sp-pricing-pic rating-align-center\">\n\t\t<span style=\"color:#FFB800;width:25px;height:25px;display:inline-flex\">\n                    <svg fill=\"currentColor\" width=\"25\" height=\"25\" viewbox=\"0 0 24 24\">\n                        <path d=\"M12 17.27L18.18 21l-1.64-7.03L22 9.24l-7.19-.61L12 2 9.19 8.63 2 9.24l5.46 4.73L5.82 21z\"><\/path>\n                    <\/svg>\n                <\/span><span style=\"color:#FFB800;width:25px;height:25px;display:inline-flex\">\n                    <svg fill=\"currentColor\" width=\"25\" height=\"25\" viewbox=\"0 0 24 24\">\n                        <path d=\"M12 17.27L18.18 21l-1.64-7.03L22 9.24l-7.19-.61L12 2 9.19 8.63 2 9.24l5.46 4.73L5.82 21z\"><\/path>\n                    <\/svg>\n                <\/span><span style=\"color:#FFB800;width:25px;height:25px;display:inline-flex\">\n                    <svg fill=\"currentColor\" width=\"25\" height=\"25\" viewbox=\"0 0 24 24\">\n                        <path d=\"M12 17.27L18.18 21l-1.64-7.03L22 9.24l-7.19-.61L12 2 9.19 8.63 2 9.24l5.46 4.73L5.82 21z\"><\/path>\n                    <\/svg>\n                <\/span><span style=\"color:#FFB800;width:25px;height:25px;display:inline-flex\">\n                    <svg fill=\"currentColor\" width=\"25\" height=\"25\" viewbox=\"0 0 24 24\">\n                        <path d=\"M12 17.27L18.18 21l-1.64-7.03L22 9.24l-7.19-.61L12 2 9.19 8.63 2 9.24l5.46 4.73L5.82 21z\"><\/path>\n                    <\/svg>\n                <\/span><span style=\"color:#FFB800;width:25px;height:25px;display:inline-flex\">\n                    <svg fill=\"currentColor\" width=\"25\" height=\"25\" viewbox=\"0 0 24 24\">\n                        <path d=\"M12 17.27L18.18 21l-1.64-7.03L22 9.24l-7.19-.61L12 2 9.19 8.63 2 9.24l5.46 4.73L5.82 21z\"><\/path>\n                    <\/svg>\n                <\/span>\t<\/div>\n\t\t<\/div>\n\t\t\t\t\t\t\t<\/div>\n<\/div>\n\t\t<\/div>\n\t<\/div>\n<\/div>\n\n\n\n<figure class=\"wp-block-image size-large is-resized\"><a href=\"https:\/\/amzn.to\/4icqc6j\" target=\"_blank\" rel=\"noopener\"><img decoding=\"async\" src=\"https:\/\/m.media-amazon.com\/images\/I\/61XZBcCtiGL._AC_SL1500_.jpg\" alt=\"Das beste professionelle Radiofrequenzger\u00e4t f\u00fcr das Gesicht\" style=\"object-fit:cover;width:200px;height:200px\"\/><\/a><\/figure>\n\n\n<div class=\"affx-btn-wrapper wp-block-affiliatex-buttons\" id=\"affiliatex-blocks-style-block-9adf873b-ff57-4a3d-ad1b-fe190b2d4fde\">\n\t<div class=\"affx-btn-inner\">\n\t\t<a href=\"https:\/\/amzn.to\/4icqc6j\" class=\"affiliatex-button btn-align-center btn-is-medium btn-is-fullw icon-left\" rel=\"noopener\" target=\"_blank\">\n\t\t\t<i class=\"button-icon far fa-arrow-alt-circle-right\"><\/i>\t\t\t<span class=\"affiliatex-btn\">Auf Amazon ansehen<\/span>\n\t\t\t\t\t\t\t\t<\/a>\n\t<\/div>\n<\/div>\n\n\n<div class=\"affblk-cta-wrapper  wp-block-affiliatex-cta\" id=\"affiliatex-style-block-31ea0eef-79dc-47cd-a5a5-9d6f3e417d7f\">\n\t<div class=\"layout-type-1 center   bg-color\" >\n\t\t<div class=\"content-wrapper\">\n\t\t\t<div class=\"content-wrap\">\n\t\t\t\t<p class=\"affliatex-cta-title\">\n\t\t\t\t\tMeine abschlie\u00dfende Meinung\t\t\t\t<\/p>\n\t\t\t\t\t\t\t\t\t<p class=\"affliatex-cta-content\">Das beste professionelle Radiofrequenzger\u00e4t f\u00fcr das Gesicht<\/p>\n\t\t\t\t\t\t\t<\/div>\n\t\t\t\t\t<\/div>\n\t\t\t<\/div>\n<\/div>\n\n\n\n<\/a>\n<\/div>\n\n\n\n<div class=\"wp-block-column is-layout-flow wp-block-column-is-layout-flow\">\n<a href=\"https:\/\/amzn.to\/41PS1eU\" target=\"_blank\" rel=\"noopener\">\n\n\n<div class=\"wp-block-affiliatex-single-product\" id=\"affiliatex-single-product-style-block-65ff1e08-c922-4756-8398-3a9e62e55d25\">\n\t<div class=\"affx-single-product-wrapper product-layout-1 affx-whole-block-clickable\" >\n\t\t<div class=\"affx-sp-inner affx-amazon-item__border\">\n\t\t\t<div class=\"affx-sp-content  no-image\">\n\t\t\t<div class=\"affx-sp-content-wrapper\">\n\t\t<div class=\"title-wrapper affx-star-rating\">\n\t\t\t<div class=\"affx-title-left\">\n\t\t\t\t\t<h3 class=\"affx-single-product-title\"><span class=\"ez-toc-section\" id=\"Tumakou\"><\/span>\n\t\tTumakou\t<span class=\"ez-toc-section-end\"><\/span><\/h3>\n\t\t\t\t\t\t\t<\/div>\n\t\t\t\t<div class=\"affx-sp-pricing-pic rating-align-center\">\n\t\t<span style=\"color:#FFB800;width:25px;height:25px;display:inline-flex\">\n                    <svg fill=\"currentColor\" width=\"25\" height=\"25\" viewbox=\"0 0 24 24\">\n                        <path d=\"M12 17.27L18.18 21l-1.64-7.03L22 9.24l-7.19-.61L12 2 9.19 8.63 2 9.24l5.46 4.73L5.82 21z\"><\/path>\n                    <\/svg>\n                <\/span><span style=\"color:#FFB800;width:25px;height:25px;display:inline-flex\">\n                    <svg fill=\"currentColor\" width=\"25\" height=\"25\" viewbox=\"0 0 24 24\">\n                        <path d=\"M12 17.27L18.18 21l-1.64-7.03L22 9.24l-7.19-.61L12 2 9.19 8.63 2 9.24l5.46 4.73L5.82 21z\"><\/path>\n                    <\/svg>\n                <\/span><span style=\"color:#FFB800;width:25px;height:25px;display:inline-flex\">\n                    <svg fill=\"currentColor\" width=\"25\" height=\"25\" viewbox=\"0 0 24 24\">\n                        <path d=\"M12 17.27L18.18 21l-1.64-7.03L22 9.24l-7.19-.61L12 2 9.19 8.63 2 9.24l5.46 4.73L5.82 21z\"><\/path>\n                    <\/svg>\n                <\/span><span style=\"color:#FFB800;width:25px;height:25px;display:inline-flex\">\n                    <svg fill=\"currentColor\" width=\"25\" height=\"25\" viewbox=\"0 0 24 24\">\n                        <path d=\"M12 17.27L18.18 21l-1.64-7.03L22 9.24l-7.19-.61L12 2 9.19 8.63 2 9.24l5.46 4.73L5.82 21z\"><\/path>\n                    <\/svg>\n                <\/span><span style=\"color:#FFB800;width:25px;height:25px;display:inline-flex\">\n                    <svg fill=\"currentColor\" width=\"25\" height=\"25\" viewbox=\"0 0 24 24\">\n                        <path d=\"M12 17.27L18.18 21l-1.64-7.03L22 9.24l-7.19-.61L12 2 9.19 8.63 2 9.24l5.46 4.73L5.82 21z\"><\/path>\n                    <\/svg>\n                <\/span>\t<\/div>\n\t\t<\/div>\n\t\t\t\t\t\t\t<\/div>\n<\/div>\n\t\t<\/div>\n\t<\/div>\n<\/div>\n\n\n\n<figure class=\"wp-block-image size-large is-resized\"><a href=\"https:\/\/amzn.to\/41PS1eU\" target=\"_blank\" rel=\"noopener\"><img fetchpriority=\"high\" decoding=\"async\" width=\"1024\" height=\"1014\" src=\"https:\/\/www.appareil-minceur.fr\/wp-content\/uploads\/2025\/03\/image-1-1024x1014.jpeg\" alt=\"Die Alternative zum besten Radiofrequenzger\u00e4t f\u00fcr das Gesicht\" class=\"wp-image-1008\" style=\"object-fit:cover;width:200px;height:200px\" srcset=\"https:\/\/www.appareil-minceur.fr\/wp-content\/uploads\/2025\/03\/image-1-1024x1014.jpeg 1024w, https:\/\/www.appareil-minceur.fr\/wp-content\/uploads\/2025\/03\/image-1-300x297.jpeg 300w, https:\/\/www.appareil-minceur.fr\/wp-content\/uploads\/2025\/03\/image-1-150x150.jpeg 150w, https:\/\/www.appareil-minceur.fr\/wp-content\/uploads\/2025\/03\/image-1-768x761.jpeg 768w, https:\/\/www.appareil-minceur.fr\/wp-content\/uploads\/2025\/03\/image-1.jpeg 1480w\" sizes=\"(max-width: 1024px) 100vw, 1024px\" \/><\/a><\/figure>\n\n\n<div class=\"affx-btn-wrapper wp-block-affiliatex-buttons\" id=\"affiliatex-blocks-style-block-5c8b7b48-25b8-439f-8f6c-06974f083f62\">\n\t<div class=\"affx-btn-inner\">\n\t\t<a href=\"https:\/\/amzn.to\/41PS1eU\" class=\"affiliatex-button btn-align-center btn-is-medium btn-is-fullw icon-left\" rel=\"noopener\" target=\"_blank\">\n\t\t\t<i class=\"button-icon far fa-arrow-alt-circle-right\"><\/i>\t\t\t<span class=\"affiliatex-btn\">Auf Amazon ansehen<\/span>\n\t\t\t\t\t\t\t\t<\/a>\n\t<\/div>\n<\/div>\n\n\n<div class=\"affblk-cta-wrapper  wp-block-affiliatex-cta\" id=\"affiliatex-style-block-36671ac2-86c8-4a0b-bb31-b708d23e3a13\">\n\t<div class=\"layout-type-1 center   bg-color\" >\n\t\t<div class=\"content-wrapper\">\n\t\t\t<div class=\"content-wrap\">\n\t\t\t\t<p class=\"affliatex-cta-title\">\n\t\t\t\t\tMeine abschlie\u00dfende Meinung\t\t\t\t<\/p>\n\t\t\t\t\t\t\t\t\t<p class=\"affliatex-cta-content\">Die Alternative zum besten Radiofrequenzger\u00e4t f\u00fcr das Gesicht<\/p>\n\t\t\t\t\t\t\t<\/div>\n\t\t\t\t\t<\/div>\n\t\t\t<\/div>\n<\/div>\n\n\n\n<\/a>\n<\/div>\n\n\n\n<div class=\"wp-block-column is-layout-flow wp-block-column-is-layout-flow\">\n<a href=\"https:\/\/amzn.to\/3FdeBFL\" target=\"_blank\" rel=\"noopener\">\n\n\n<div class=\"wp-block-affiliatex-single-product\" id=\"affiliatex-single-product-style-block-c16d31b9-164e-49d2-b657-c0e9b7a9451e\">\n\t<div class=\"affx-single-product-wrapper product-layout-1 affx-whole-block-clickable\" >\n\t\t<div class=\"affx-sp-inner affx-amazon-item__border\">\n\t\t\t<div class=\"affx-sp-content  no-image\">\n\t\t\t<div class=\"affx-sp-content-wrapper\">\n\t\t<div class=\"title-wrapper affx-star-rating\">\n\t\t\t<div class=\"affx-title-left\">\n\t\t\t\t\t<h3 class=\"affx-single-product-title\"><span class=\"ez-toc-section\" id=\"Iborria\"><\/span>\n\t\tIborria\t<span class=\"ez-toc-section-end\"><\/span><\/h3>\n\t\t\t\t\t\t\t<\/div>\n\t\t\t\t<div class=\"affx-sp-pricing-pic rating-align-center\">\n\t\t<span style=\"color:#FFB800;width:25px;height:25px;display:inline-flex\">\n                    <svg fill=\"currentColor\" width=\"25\" height=\"25\" viewbox=\"0 0 24 24\">\n                        <path d=\"M12 17.27L18.18 21l-1.64-7.03L22 9.24l-7.19-.61L12 2 9.19 8.63 2 9.24l5.46 4.73L5.82 21z\"><\/path>\n                    <\/svg>\n                <\/span><span style=\"color:#FFB800;width:25px;height:25px;display:inline-flex\">\n                    <svg fill=\"currentColor\" width=\"25\" height=\"25\" viewbox=\"0 0 24 24\">\n                        <path d=\"M12 17.27L18.18 21l-1.64-7.03L22 9.24l-7.19-.61L12 2 9.19 8.63 2 9.24l5.46 4.73L5.82 21z\"><\/path>\n                    <\/svg>\n                <\/span><span style=\"color:#FFB800;width:25px;height:25px;display:inline-flex\">\n                    <svg fill=\"currentColor\" width=\"25\" height=\"25\" viewbox=\"0 0 24 24\">\n                        <path d=\"M12 17.27L18.18 21l-1.64-7.03L22 9.24l-7.19-.61L12 2 9.19 8.63 2 9.24l5.46 4.73L5.82 21z\"><\/path>\n                    <\/svg>\n                <\/span><span style=\"color:#FFB800;width:25px;height:25px;display:inline-flex\">\n                    <svg fill=\"currentColor\" width=\"25\" height=\"25\" viewbox=\"0 0 24 24\">\n                        <path d=\"M12 17.27L18.18 21l-1.64-7.03L22 9.24l-7.19-.61L12 2 9.19 8.63 2 9.24l5.46 4.73L5.82 21z\"><\/path>\n                    <\/svg>\n                <\/span><span style=\"color:#808080;width:25px;height:25px;display:inline-flex\">\n                    <svg fill=\"currentColor\" width=\"25\" height=\"25\" viewbox=\"0 0 24 24\">\n                        <path d=\"M12 17.27L18.18 21l-1.64-7.03L22 9.24l-7.19-.61L12 2 9.19 8.63 2 9.24l5.46 4.73L5.82 21z\"><\/path>\n                    <\/svg>\n                <\/span>\t<\/div>\n\t\t<\/div>\n\t\t\t\t\t\t\t<\/div>\n<\/div>\n\t\t<\/div>\n\t<\/div>\n<\/div>\n\n\n\n<figure class=\"wp-block-image size-large is-resized\"><a href=\"https:\/\/amzn.to\/3FdeBFL\" target=\"_blank\" rel=\"noopener\"><img decoding=\"async\" width=\"1024\" height=\"954\" src=\"https:\/\/www.appareil-minceur.fr\/wp-content\/uploads\/2025\/03\/image-2-1024x954.jpeg\" alt=\"Das beste transportable Radiofrequenzger\u00e4t f\u00fcr das Gesicht\" class=\"wp-image-1009\" style=\"object-fit:cover;width:200px;height:200px\" srcset=\"https:\/\/www.appareil-minceur.fr\/wp-content\/uploads\/2025\/03\/image-2-1024x954.jpeg 1024w, https:\/\/www.appareil-minceur.fr\/wp-content\/uploads\/2025\/03\/image-2-300x279.jpeg 300w, https:\/\/www.appareil-minceur.fr\/wp-content\/uploads\/2025\/03\/image-2-768x715.jpeg 768w, https:\/\/www.appareil-minceur.fr\/wp-content\/uploads\/2025\/03\/image-2.jpeg 1500w\" sizes=\"(max-width: 1024px) 100vw, 1024px\" \/><\/a><\/figure>\n\n\n<div class=\"affx-btn-wrapper wp-block-affiliatex-buttons\" id=\"affiliatex-blocks-style-block-3282db6d-91ca-4c8b-8c7e-81cd8d11e0cc\">\n\t<div class=\"affx-btn-inner\">\n\t\t<a href=\"https:\/\/amzn.to\/3FdeBFL\" class=\"affiliatex-button btn-align-center btn-is-medium btn-is-fullw icon-left\" rel=\"noopener\" target=\"_blank\">\n\t\t\t<i class=\"button-icon far fa-arrow-alt-circle-right\"><\/i>\t\t\t<span class=\"affiliatex-btn\">Auf Amazon ansehen<\/span>\n\t\t\t\t\t\t\t\t<\/a>\n\t<\/div>\n<\/div>\n\n\n<div class=\"affblk-cta-wrapper  wp-block-affiliatex-cta\" id=\"affiliatex-style-block-422dde11-28b6-4e77-8063-5b85f3baab49\">\n\t<div class=\"layout-type-1 center   bg-color\" >\n\t\t<div class=\"content-wrapper\">\n\t\t\t<div class=\"content-wrap\">\n\t\t\t\t<p class=\"affliatex-cta-title\">\n\t\t\t\t\tMeine abschlie\u00dfende Meinung\t\t\t\t<\/p>\n\t\t\t\t\t\t\t\t\t<p class=\"affliatex-cta-content\">Das beste transportable Radiofrequenzger\u00e4t f\u00fcr das Gesicht<\/p>\n\t\t\t\t\t\t\t<\/div>\n\t\t\t\t\t<\/div>\n\t\t\t<\/div>\n<\/div>\n\n\n\n<\/a>\n<\/div>\n\n\n\n<div class=\"wp-block-column is-layout-flow wp-block-column-is-layout-flow\">\n<a href=\"https:\/\/amzn.to\/3Ddmj25\" target=\"_blank\" rel=\"noopener\">\n\n\n<div class=\"wp-block-affiliatex-single-product\" id=\"affiliatex-single-product-style-block-8b980c1e-5f39-4010-899e-89e1c53c0b41\">\n\t<div class=\"affx-single-product-wrapper product-layout-1 affx-whole-block-clickable\" >\n\t\t<div class=\"affx-sp-inner affx-amazon-item__border\">\n\t\t\t<div class=\"affx-sp-content  no-image\">\n\t\t\t<div class=\"affx-sp-content-wrapper\">\n\t\t<div class=\"title-wrapper affx-star-rating\">\n\t\t\t<div class=\"affx-title-left\">\n\t\t\t\t\t<h3 class=\"affx-single-product-title\"><span class=\"ez-toc-section\" id=\"Cozion\"><\/span>\n\t\tCozion\t<span class=\"ez-toc-section-end\"><\/span><\/h3>\n\t\t\t\t\t\t\t<\/div>\n\t\t\t\t<div class=\"affx-sp-pricing-pic rating-align-center\">\n\t\t<span style=\"color:#FFB800;width:25px;height:25px;display:inline-flex\">\n                    <svg fill=\"currentColor\" width=\"25\" height=\"25\" viewbox=\"0 0 24 24\">\n                        <path d=\"M12 17.27L18.18 21l-1.64-7.03L22 9.24l-7.19-.61L12 2 9.19 8.63 2 9.24l5.46 4.73L5.82 21z\"><\/path>\n                    <\/svg>\n                <\/span><span style=\"color:#FFB800;width:25px;height:25px;display:inline-flex\">\n                    <svg fill=\"currentColor\" width=\"25\" height=\"25\" viewbox=\"0 0 24 24\">\n                        <path d=\"M12 17.27L18.18 21l-1.64-7.03L22 9.24l-7.19-.61L12 2 9.19 8.63 2 9.24l5.46 4.73L5.82 21z\"><\/path>\n                    <\/svg>\n                <\/span><span style=\"color:#FFB800;width:25px;height:25px;display:inline-flex\">\n                    <svg fill=\"currentColor\" width=\"25\" height=\"25\" viewbox=\"0 0 24 24\">\n                        <path d=\"M12 17.27L18.18 21l-1.64-7.03L22 9.24l-7.19-.61L12 2 9.19 8.63 2 9.24l5.46 4.73L5.82 21z\"><\/path>\n                    <\/svg>\n                <\/span><span style=\"color:#FFB800;width:25px;height:25px;display:inline-flex\">\n                    <svg fill=\"currentColor\" width=\"25\" height=\"25\" viewbox=\"0 0 24 24\">\n                        <path d=\"M12 17.27L18.18 21l-1.64-7.03L22 9.24l-7.19-.61L12 2 9.19 8.63 2 9.24l5.46 4.73L5.82 21z\"><\/path>\n                    <\/svg>\n                <\/span><span style=\"color:#808080;width:25px;height:25px;display:inline-flex\">\n                    <svg fill=\"currentColor\" width=\"25\" height=\"25\" viewbox=\"0 0 24 24\">\n                        <path d=\"M12 17.27L18.18 21l-1.64-7.03L22 9.24l-7.19-.61L12 2 9.19 8.63 2 9.24l5.46 4.73L5.82 21z\"><\/path>\n                    <\/svg>\n                <\/span>\t<\/div>\n\t\t<\/div>\n\t\t\t\t\t\t\t<\/div>\n<\/div>\n\t\t<\/div>\n\t<\/div>\n<\/div>\n\n\n\n<figure class=\"wp-block-image size-large is-resized\"><a href=\"https:\/\/amzn.to\/3Ddmj25\" target=\"_blank\" rel=\"noopener\"><img decoding=\"async\" width=\"1024\" height=\"976\" src=\"https:\/\/www.appareil-minceur.fr\/wp-content\/uploads\/2025\/03\/image-3-1024x976.jpeg\" alt=\"Das 3-in-1-Radiofrequenzger\u00e4t\" class=\"wp-image-1010\" style=\"object-fit:cover;width:200px;height:200px\" srcset=\"https:\/\/www.appareil-minceur.fr\/wp-content\/uploads\/2025\/03\/image-3-1024x976.jpeg 1024w, https:\/\/www.appareil-minceur.fr\/wp-content\/uploads\/2025\/03\/image-3-300x286.jpeg 300w, https:\/\/www.appareil-minceur.fr\/wp-content\/uploads\/2025\/03\/image-3-768x732.jpeg 768w, https:\/\/www.appareil-minceur.fr\/wp-content\/uploads\/2025\/03\/image-3.jpeg 1500w\" sizes=\"(max-width: 1024px) 100vw, 1024px\" \/><\/a><\/figure>\n\n\n<div class=\"affx-btn-wrapper wp-block-affiliatex-buttons\" id=\"affiliatex-blocks-style-block-b4f9e4d3-3cfd-4881-83a7-598ef176875e\">\n\t<div class=\"affx-btn-inner\">\n\t\t<a href=\"https:\/\/amzn.to\/3Ddmj25\" class=\"affiliatex-button btn-align-center btn-is-medium btn-is-fullw icon-left\" rel=\"noopener\" target=\"_blank\">\n\t\t\t<i class=\"button-icon far fa-arrow-alt-circle-right\"><\/i>\t\t\t<span class=\"affiliatex-btn\">Auf Amazon ansehen<\/span>\n\t\t\t\t\t\t\t\t<\/a>\n\t<\/div>\n<\/div>\n\n\n<div class=\"affblk-cta-wrapper  wp-block-affiliatex-cta\" id=\"affiliatex-style-block-dcfece85-7a64-404e-980c-e55de585df61\">\n\t<div class=\"layout-type-1 center   bg-color\" >\n\t\t<div class=\"content-wrapper\">\n\t\t\t<div class=\"content-wrap\">\n\t\t\t\t<p class=\"affliatex-cta-title\">\n\t\t\t\t\tMeine abschlie\u00dfende Meinung\t\t\t\t<\/p>\n\t\t\t\t\t\t\t\t\t<p class=\"affliatex-cta-content\">Das 3-in-1-Radiofrequenzger\u00e4t<\/p>\n\t\t\t\t\t\t\t<\/div>\n\t\t\t\t\t<\/div>\n\t\t\t<\/div>\n<\/div>\n\n\n\n<\/a>\n<\/div>\n\n\n\n<div class=\"wp-block-column is-layout-flow wp-block-column-is-layout-flow\">\n<a href=\"https:\/\/amzn.to\/43s8szq\" target=\"_blank\" rel=\"noopener\">\n\n\n<div class=\"wp-block-affiliatex-single-product\" id=\"affiliatex-single-product-style-block-9deb09e9-97be-4a5a-86a0-6085e119b316\">\n\t<div class=\"affx-single-product-wrapper product-layout-1 affx-whole-block-clickable\" >\n\t\t<div class=\"affx-sp-inner affx-amazon-item__border\">\n\t\t\t<div class=\"affx-sp-content  no-image\">\n\t\t\t<div class=\"affx-sp-content-wrapper\">\n\t\t<div class=\"title-wrapper affx-star-rating\">\n\t\t\t<div class=\"affx-title-left\">\n\t\t\t\t\t<h3 class=\"affx-single-product-title\"><span class=\"ez-toc-section\" id=\"Tumakou-2\"><\/span>\n\t\tTumakou\t<span class=\"ez-toc-section-end\"><\/span><\/h3>\n\t\t\t\t\t\t\t<\/div>\n\t\t\t\t<div class=\"affx-sp-pricing-pic rating-align-center\">\n\t\t<span style=\"color:#FFB800;width:25px;height:25px;display:inline-flex\">\n                    <svg fill=\"currentColor\" width=\"25\" height=\"25\" viewbox=\"0 0 24 24\">\n                        <path d=\"M12 17.27L18.18 21l-1.64-7.03L22 9.24l-7.19-.61L12 2 9.19 8.63 2 9.24l5.46 4.73L5.82 21z\"><\/path>\n                    <\/svg>\n                <\/span><span style=\"color:#FFB800;width:25px;height:25px;display:inline-flex\">\n                    <svg fill=\"currentColor\" width=\"25\" height=\"25\" viewbox=\"0 0 24 24\">\n                        <path d=\"M12 17.27L18.18 21l-1.64-7.03L22 9.24l-7.19-.61L12 2 9.19 8.63 2 9.24l5.46 4.73L5.82 21z\"><\/path>\n                    <\/svg>\n                <\/span><span style=\"color:#FFB800;width:25px;height:25px;display:inline-flex\">\n                    <svg fill=\"currentColor\" width=\"25\" height=\"25\" viewbox=\"0 0 24 24\">\n                        <path d=\"M12 17.27L18.18 21l-1.64-7.03L22 9.24l-7.19-.61L12 2 9.19 8.63 2 9.24l5.46 4.73L5.82 21z\"><\/path>\n                    <\/svg>\n                <\/span><span style=\"color:#FFB800;width:25px;height:25px;display:inline-flex\">\n                    <svg fill=\"currentColor\" width=\"25\" height=\"25\" viewbox=\"0 0 24 24\">\n                        <path d=\"M12 17.27L18.18 21l-1.64-7.03L22 9.24l-7.19-.61L12 2 9.19 8.63 2 9.24l5.46 4.73L5.82 21z\"><\/path>\n                    <\/svg>\n                <\/span><span style=\"color:#808080;width:25px;height:25px;display:inline-flex\">\n                    <svg fill=\"currentColor\" width=\"25\" height=\"25\" viewbox=\"0 0 24 24\">\n                        <path d=\"M12 17.27L18.18 21l-1.64-7.03L22 9.24l-7.19-.61L12 2 9.19 8.63 2 9.24l5.46 4.73L5.82 21z\"><\/path>\n                    <\/svg>\n                <\/span>\t<\/div>\n\t\t<\/div>\n\t\t\t\t\t\t\t<\/div>\n<\/div>\n\t\t<\/div>\n\t<\/div>\n<\/div>\n\n\n\n<figure class=\"wp-block-image size-large is-resized\"><a href=\"https:\/\/amzn.to\/43s8szq\" target=\"_blank\" rel=\"noopener\"><img loading=\"lazy\" decoding=\"async\" width=\"1024\" height=\"1014\" src=\"https:\/\/www.appareil-minceur.fr\/wp-content\/uploads\/2025\/03\/image-4-1024x1014.jpeg\" alt=\"Das beste g\u00fcnstige Radiofrequenzger\u00e4t f\u00fcr das Gesicht\" class=\"wp-image-1011\" style=\"object-fit:cover;width:200px;height:200px\" srcset=\"https:\/\/www.appareil-minceur.fr\/wp-content\/uploads\/2025\/03\/image-4-1024x1014.jpeg 1024w, https:\/\/www.appareil-minceur.fr\/wp-content\/uploads\/2025\/03\/image-4-300x297.jpeg 300w, https:\/\/www.appareil-minceur.fr\/wp-content\/uploads\/2025\/03\/image-4-150x150.jpeg 150w, https:\/\/www.appareil-minceur.fr\/wp-content\/uploads\/2025\/03\/image-4-768x760.jpeg 768w, https:\/\/www.appareil-minceur.fr\/wp-content\/uploads\/2025\/03\/image-4.jpeg 1468w\" sizes=\"(max-width: 1024px) 100vw, 1024px\" \/><\/a><\/figure>\n\n\n<div class=\"affx-btn-wrapper wp-block-affiliatex-buttons\" id=\"affiliatex-blocks-style-block-daaca822-60db-4e83-ba6a-52c438894afd\">\n\t<div class=\"affx-btn-inner\">\n\t\t<a href=\"https:\/\/amzn.to\/43s8szq\" class=\"affiliatex-button btn-align-center btn-is-medium btn-is-fullw icon-left\" rel=\"noopener\" target=\"_blank\">\n\t\t\t<i class=\"button-icon far fa-arrow-alt-circle-right\"><\/i>\t\t\t<span class=\"affiliatex-btn\">Auf Amazon ansehen<\/span>\n\t\t\t\t\t\t\t\t<\/a>\n\t<\/div>\n<\/div>\n\n\n<div class=\"affblk-cta-wrapper  wp-block-affiliatex-cta\" id=\"affiliatex-style-block-2d0823b5-7749-49bf-adee-11c108cff4df\">\n\t<div class=\"layout-type-1 center   bg-color\" >\n\t\t<div class=\"content-wrapper\">\n\t\t\t<div class=\"content-wrap\">\n\t\t\t\t<p class=\"affliatex-cta-title\">\n\t\t\t\t\tMeine abschlie\u00dfende Meinung\t\t\t\t<\/p>\n\t\t\t\t\t\t\t\t\t<p class=\"affliatex-cta-content\">Das beste g\u00fcnstige Radiofrequenzger\u00e4t f\u00fcr das Gesicht<\/p>\n\t\t\t\t\t\t\t<\/div>\n\t\t\t\t\t<\/div>\n\t\t\t<\/div>\n<\/div>\n\n\n\n<\/a>\n<\/div>\n<\/div>\n\n\n\n<h2 class=\"wp-block-heading\"><\/h2>\n\n\n\n<h2 class=\"wp-block-heading\"><span class=\"ez-toc-section\" id=\"Resume_du_classement\"><\/span>Zusammenfassung der Rangliste<span class=\"ez-toc-section-end\"><\/span><\/h2>\n\n\n\n<p>F\u00fchlen Sie sich durch Ihre feinen Linien und das erschlaffte Gesicht unsicher? Die <strong>Behandlung mit elektromagnetischen Wellen<\/strong> f\u00fcr das Gesicht k\u00f6nnte zu Ihrem liebsten Sch\u00f6nheitsverb\u00fcndeten werden! Ich verrate Ihnen hier meine Favoriten unter den selbstgemachten Ger\u00e4ten, die mit den Ergebnissen aus den Instituten konkurrieren k\u00f6nnen. Vergleich, Erfahrungsberichte und <strong>detaillierte Tarife<\/strong> : alles ist da, um die <strong>Technik, die auf Ihr Budget zugeschnitten ist<\/strong>. Sind Sie bereit f\u00fcr ein neu geformtes Oval und einen straffen Hals?<\/p>\n\n\n\n<p>Man setzt auf welche <strong>H\u00e4ufigkeit, um die Zeichen der Hautalterung zu mildern<\/strong> ? Multipolare Technologien erw\u00e4rmen das Hautgewebe in der Tiefe und stimulieren Kollagen und Hyalurons\u00e4ure auf nat\u00fcrliche Weise. <strong>Ergebnis: ein sofortiger Straffungseffekt und eine progressive Festigung<\/strong>. Einige Modelle kombinieren sogar Infrarot, rote LEDs und Mikrostr\u00f6me - perfekt, um hartn\u00e4ckige Bereiche wie die Augenpartie gezielt zu behandeln. Nach einigen Behandlungen sehen meine Kundinnen in der Regel eine echte Straffung ihrer Haut.<\/p>\n\n\n\n<p>Wussten Sie \u00fcbrigens, dass <strong>die Wirkung erstreckt sich auch auf das Dekollet\u00e9<\/strong> ? Um das Thema zu vertiefen, werfen Sie einen Blick auf <a href=\"https:\/\/www.esthetique-medicale.com\/radiofrequence-visage-comment-ca-marche-et-quels-sont-ses-bienfaits\/\" target=\"_blank\" rel=\"noopener\">diese detaillierte Analyse<\/a>. Und wenn Sie zwischen Laser und elektromagnetischen Wellen schwanken, ist mein Leitfaden \u00fcber <a href=\"https:\/\/www.appareil-minceur.fr\/de\/beratung\/radiofrequenz-gesicht\/\">die Unterschiede in der Handlung<\/a> wird Sie erleuchten!<\/p>\n\n\n\n<h2 class=\"wp-block-heading\"><span class=\"ez-toc-section\" id=\"Le_meilleur_appareil_radiofrequence_visage_professionnel_Uaike_%E2%AD%9055\"><\/span>Das beste professionelle Radiofrequenzger\u00e4t f\u00fcr das Gesicht: Uaike (\u2b505\/5)<span class=\"ez-toc-section-end\"><\/span><\/h2>\n\n\n\n<figure class=\"wp-block-image aligncenter size-large is-resized\"><a href=\"https:\/\/amzn.to\/4icqc6j\" target=\"_blank\" rel=\"noopener\"><img loading=\"lazy\" decoding=\"async\" width=\"1021\" height=\"1024\" src=\"https:\/\/www.appareil-minceur.fr\/wp-content\/uploads\/2025\/03\/image-1021x1024.jpeg\" alt=\"\" class=\"wp-image-1007\" style=\"width:auto;height:500px\" srcset=\"https:\/\/www.appareil-minceur.fr\/wp-content\/uploads\/2025\/03\/image-1021x1024.jpeg 1021w, https:\/\/www.appareil-minceur.fr\/wp-content\/uploads\/2025\/03\/image-300x300.jpeg 300w, https:\/\/www.appareil-minceur.fr\/wp-content\/uploads\/2025\/03\/image-150x150.jpeg 150w, https:\/\/www.appareil-minceur.fr\/wp-content\/uploads\/2025\/03\/image-768x771.jpeg 768w, https:\/\/www.appareil-minceur.fr\/wp-content\/uploads\/2025\/03\/image.jpeg 1479w\" sizes=\"(max-width: 1021px) 100vw, 1021px\" \/><\/a><\/figure>\n\n\n\n<p>Das Uaike-Ger\u00e4t ist so etwas wie der Rolls-Royce der <strong>Gesichtsradiofrequenz<\/strong> ! Schon eine ganze Weile auf dem Markt, hat er mehr als <strong>1600 Nutzer<\/strong>. Dieses technologische Juwel vereint <strong>Gesichtsbehandlung<\/strong> in einer einzigen Geste. Die <strong>Multipolartechnologie<\/strong> verwendet W\u00e4rmewellen, um Kollagen und Elastin zu stimulieren - ideal, um Falten zu mildern und erschlaffte Bereiche wie den Hals oder die Augenpartie zu straffen. Streben Sie eine dauerhafte L\u00f6sung mit schnellen Effekten an? Testen Sie die Uaike! Sein <strong>Wirkung auf die Gesichtslockerung<\/strong> verleiht dem Gesichtsoval eine echte Ausstrahlung. Der Preis ist zwar hoch, aber jede Sitzung bringt Sie Ihrer straffen, jugendlichen Haut ein St\u00fcck n\u00e4her. Was ist das Praktische daran? Sie k\u00f6nnen es zu Hause zwischen zwei Sitzungen bei Ihrer Kosmetikerin anwenden! <a href=\"https:\/\/amzn.to\/4icqc6j\" target=\"_blank\" rel=\"noopener\">Auf Amazon ansehen<\/a> Entdecken Sie die St\u00e4rken (und Schw\u00e4chen) dieser Referenz:<\/p>\n\n\n\n<ul class=\"wp-block-list\">\n<li>\u2705 <strong>Express-Ergebnisse<\/strong> : Bei regelm\u00e4\u00dfiger Anwendung sind die Auswirkungen auf den Hals und die peripheren F\u00e4ltchen mit blo\u00dfem Auge erkennbar.<\/li>\n\n\n\n<li>\u2705 <strong>Langfristige Garantie<\/strong> : Ein Jahr Gelassenheit vom Hersteller geschenkt. Keine b\u00f6sen \u00dcberraschungen in dieser Hinsicht!<\/li>\n\n\n\n<li>\u2705 <strong>Reaktive Unterst\u00fctzung<\/strong> : Haben Sie ein technisches Problem? Ihr Team antwortet Ihnen schnell.<\/li>\n\n\n\n<li>\u2705 <strong>Multifunktional<\/strong> : Kontrollierte W\u00e4rme + Stimulation der Dermis + sofortiger Lifting-Effekt. Was will man mehr?<\/li>\n\n\n\n<li>\u2705 <strong>Laserpr\u00e4zision<\/strong> : Perfekt, um Kr\u00e4henf\u00fc\u00dfe oder Nasolabialfalten gezielt zu behandeln, ohne empfindliche Bereiche zu ber\u00fchren.<\/li>\n\n\n\n<li>\u274c <strong>Zu erwartendes Budget<\/strong> : Vergleichen Sie die Preise bei den verschiedenen H\u00e4ndlern genau. Manche bieten Pakete an, in denen Hyalurongel enthalten ist!<\/li>\n<\/ul>\n\n\n\n<p>Kurzum, der Uaike wird schnell zu einem <strong>unverzichtbar Anti-Aging<\/strong> ! Aber wie bei jeder Sch\u00f6nheitsbehandlung sollten Sie eine regelm\u00e4\u00dfige Pflege einplanen, um die Ergebnisse zu erhalten. Ihre Augen werden jugendlich funkeln, das verspreche ich Ihnen!<\/p>\n\n\n\n<h2 class=\"wp-block-heading\"><span class=\"ez-toc-section\" id=\"Lalternative_du_meilleur_appareil_radiofrequence_visage_Tumakou_%E2%AD%90455\"><\/span>Die Alternative f\u00fcr das beste Radiofrequenzger\u00e4t f\u00fcr das Gesicht: Tumakou (\u2b504.5\/5)<span class=\"ez-toc-section-end\"><\/span><\/h2>\n\n\n\n<figure class=\"wp-block-image aligncenter size-large is-resized\"><a href=\"https:\/\/amzn.to\/41PS1eU\" target=\"_blank\" rel=\"noopener\"><img loading=\"lazy\" decoding=\"async\" width=\"1024\" height=\"1014\" src=\"https:\/\/www.appareil-minceur.fr\/wp-content\/uploads\/2025\/03\/image-1-1024x1014.jpeg\" alt=\"\" class=\"wp-image-1008\" style=\"width:auto;height:500px\" srcset=\"https:\/\/www.appareil-minceur.fr\/wp-content\/uploads\/2025\/03\/image-1-1024x1014.jpeg 1024w, https:\/\/www.appareil-minceur.fr\/wp-content\/uploads\/2025\/03\/image-1-300x297.jpeg 300w, https:\/\/www.appareil-minceur.fr\/wp-content\/uploads\/2025\/03\/image-1-150x150.jpeg 150w, https:\/\/www.appareil-minceur.fr\/wp-content\/uploads\/2025\/03\/image-1-768x761.jpeg 768w, https:\/\/www.appareil-minceur.fr\/wp-content\/uploads\/2025\/03\/image-1.jpeg 1480w\" sizes=\"(max-width: 1024px) 100vw, 1024px\" \/><\/a><\/figure>\n\n\n\n<p>Der Tumakou ist der ideale Begleiter, um Ihre Sch\u00f6nheitsroutine zu verfeinern, ohne Ihren Geldbeutel zu leeren. Dieses Techno-Schmuckst\u00fcck vereint <strong>RF, EMS und LED-Lichter<\/strong> - ein erfolgreiches Trio f\u00fcr die Zielgruppenansprache <strong>erschlaffte Haut um Gesicht und Hals<\/strong>. Wissen Sie, was toll ist? Seine <strong>Preis-Leistungs-Verh\u00e4ltnis<\/strong> fordert die Preise der Institute eindeutig heraus! Perfekt f\u00fcr Sitzungen zu Hause, wirkt er an drei Fronten: <strong>Straffung durch W\u00e4rmewellen, Muskelstimulation und Hautbildkorrektur<\/strong>. Die R\u00fcckmeldungen meiner Kundinnen sind einstimmig: Nach der Anwendung wird die Augen- und Halspartie neu geformt. Und was ist mit den Nebenwirkungen? Nichts Schlimmes, wenn Sie sich an die empfohlenen H\u00e4ufigkeiten halten. <a href=\"https:\/\/amzn.to\/41PS1eU\" target=\"_blank\" rel=\"noopener\">Auf Amazon ansehen<\/a> Finden Sie heraus, warum dieses kleine Gesichtsger\u00e4t so viel Aufsehen erregt :<\/p>\n\n\n\n<ul class=\"wp-block-list\">\n<li>\u2705 <strong>Express-Start<\/strong> : Sie brauchen keinen Doktortitel in \u00c4sthetik! Die Benutzeroberfl\u00e4che l\u00e4sst sich in f\u00fcnf Minuten beherrschen.<\/li>\n\n\n\n<li>\u2705 <strong>Ergebnisse, die sprechen<\/strong> : Verfeinerte Hauttextur, gemilderte Falten und diese \"neue Haut\"-Ausstrahlung, die wir lieben.<\/li>\n\n\n\n<li>\u2705 <strong>Ultra-reaktiver Support<\/strong> : Haben Sie ein Problem? Ihr Team ruft Sie innerhalb von 48 Stunden mit konkreten L\u00f6sungen zur\u00fcck.<\/li>\n\n\n\n<li>\u2705 <strong>Dreifache Laserwirkung<\/strong> Die W\u00e4rme der RF-Wellen arbeitet in der Tiefe, w\u00e4hrend das rote Licht das Kollagen boostet.<\/li>\n\n\n\n<li>\u2705 <strong>Langfristige Einsparungen<\/strong> : Vergleichen Sie den Preis einer Sitzung im Kosmetikstudio mit den einmaligen Kosten f\u00fcr das Ger\u00e4t... Der Unterschied spricht f\u00fcr sich!<\/li>\n<\/ul>\n\n\n\n<p>Kurz gesagt: Wenn Sie eine ernsthafte Alternative zu teuren Sch\u00f6nheitsbehandlungen suchen, ist der Tumakou eindeutig einen Versuch wert. Seine St\u00e4rke? <strong>Ultra-personalisierbare Sitzungen je nach Ihren Zielzonen (Kinn, Augenkontur, Hals)<\/strong>. Das ist wirklich der Trumpf, den man nicht \u00fcbersehen sollte!<\/p>\n\n\n\n<h2 class=\"wp-block-heading\"><span class=\"ez-toc-section\" id=\"Le_meilleur_appareil_radiofrequence_visage_transportable_Iborria_%E2%AD%9045\"><\/span>Das beste transportable Radiofrequenzger\u00e4t f\u00fcr das Gesicht: Iborria (\u2b504\/5)<span class=\"ez-toc-section-end\"><\/span><\/h2>\n\n\n\n<figure class=\"wp-block-image aligncenter size-large is-resized\"><a href=\"https:\/\/amzn.to\/3FdeBFL\" target=\"_blank\" rel=\"noopener\"><img loading=\"lazy\" decoding=\"async\" width=\"1024\" height=\"954\" src=\"https:\/\/www.appareil-minceur.fr\/wp-content\/uploads\/2025\/03\/image-2-1024x954.jpeg\" alt=\"\" class=\"wp-image-1009\" style=\"width:auto;height:500px\" srcset=\"https:\/\/www.appareil-minceur.fr\/wp-content\/uploads\/2025\/03\/image-2-1024x954.jpeg 1024w, https:\/\/www.appareil-minceur.fr\/wp-content\/uploads\/2025\/03\/image-2-300x279.jpeg 300w, https:\/\/www.appareil-minceur.fr\/wp-content\/uploads\/2025\/03\/image-2-768x715.jpeg 768w, https:\/\/www.appareil-minceur.fr\/wp-content\/uploads\/2025\/03\/image-2.jpeg 1500w\" sizes=\"(max-width: 1024px) 100vw, 1024px\" \/><\/a><\/figure>\n\n\n\n<p>Der Iborria ist der ideale Begleiter f\u00fcr \u00e4sthetische Weltenbummler! Dieses Ger\u00e4t kombiniert auf clevere Weise <strong>Praktikabilit\u00e4t und Innovation<\/strong> in einem ultrakompakten Format. Perfekt f\u00fcr die Handtasche, wirkt auf Gesicht und Hals mit <strong>drei Technologien gleichzeitig<\/strong> Softlaser, Radiofrequenzwellen und Mikrostr\u00f6me. Tr\u00e4umen Sie von einer effektiven Sch\u00f6nheitsroutine zwischen zwei Terminen? Das Iborria bietet <strong>Ergebnisse, die einem professionellen Institut nahe kommen<\/strong> ! Die Multipolartechnik stimuliert das Kollagen, um <strong>die Hauterschlaffung mildern<\/strong>. Rechnen Sie mit 1-2 Sitzungen pro Woche \u00e0 15 Minuten f\u00fcr <strong>einen progressiven Lifting-Effekt<\/strong>. <a href=\"https:\/\/amzn.to\/3FdeBFL\" target=\"_blank\" rel=\"noopener\">Auf Amazon ansehen<\/a> Entschl\u00fcsselung der St\u00e4rken und Grenzen :<\/p>\n\n\n\n<ul class=\"wp-block-list\">\n<li>\u2705 <strong>Ultra-nomadisch<\/strong> : Nicht so gro\u00df wie ein Smartphone, passt in jeden Kulturbeutel.<\/li>\n\n\n\n<li>\u2705 <strong>Dreifache Aktion<\/strong> : Der Laser gl\u00e4ttet feine Linien, die Wellen straffen, <strong>die Mikrostr\u00f6me entw\u00e4ssern<\/strong>.<\/li>\n\n\n\n<li>\u2705 <strong>Express-Festigung<\/strong> : <strong>84% der Nutzer bemerken einen straffenden Effekt<\/strong> nach 4 Sitzungen an Hals und Oval.<\/li>\n\n\n\n<li>\u2705 <strong>Einstellbare Energie<\/strong> : 5 Frequenzstufen f\u00fcr <strong>sich an sensible Bereiche anpassen<\/strong> (Augen, Wangenknochen) oder dick (Stirn).<\/li>\n\n\n\n<li>\u2705 <strong>Gute-Miene-Effekt<\/strong> Die abgegebene W\u00e4rme aktiviert die Mikrozirkulation f\u00fcr einen erholten Teint.<\/li>\n<\/ul>\n\n\n\n<p>Kleines Manko: Die Akkulaufzeit (45 Minuten) erfordert bei intensiven Kuren h\u00e4ufiges Aufladen. Aber f\u00fcr den Preis ist es <strong>ein hervorragendes Verh\u00e4ltnis von Qualit\u00e4t und Ergebnissen<\/strong> ! Perfekt, um die Haut zwischen zwei professionellen Behandlungen zu pflegen.<\/p>\n\n\n\n<h2 class=\"wp-block-heading\"><span class=\"ez-toc-section\" id=\"Lappareil_de_radiofrequence_3_en_1_Cozion_%E2%AD%9045\"><\/span>Das 3-in-1-Radiofrequenzger\u00e4t: Cozion (\u2b504\/5)<span class=\"ez-toc-section-end\"><\/span><\/h2>\n\n\n\n<figure class=\"wp-block-image aligncenter size-large is-resized\"><a href=\"https:\/\/amzn.to\/3Ddmj25\" target=\"_blank\" rel=\"noopener\"><img loading=\"lazy\" decoding=\"async\" width=\"1024\" height=\"976\" src=\"https:\/\/www.appareil-minceur.fr\/wp-content\/uploads\/2025\/03\/image-3-1024x976.jpeg\" alt=\"\" class=\"wp-image-1010\" style=\"width:auto;height:500px\" srcset=\"https:\/\/www.appareil-minceur.fr\/wp-content\/uploads\/2025\/03\/image-3-1024x976.jpeg 1024w, https:\/\/www.appareil-minceur.fr\/wp-content\/uploads\/2025\/03\/image-3-300x286.jpeg 300w, https:\/\/www.appareil-minceur.fr\/wp-content\/uploads\/2025\/03\/image-3-768x732.jpeg 768w, https:\/\/www.appareil-minceur.fr\/wp-content\/uploads\/2025\/03\/image-3.jpeg 1500w\" sizes=\"(max-width: 1024px) 100vw, 1024px\" \/><\/a><\/figure>\n\n\n\n<p>Der Cozion, das ist der <strong>Schweizer Taschenmesser f\u00fcr Sch\u00f6nheitsbehandlungen zu Hause<\/strong> ! Diese <strong>3-in-1-Ger\u00e4t<\/strong> kombiniert Radiofrequenz, Ultraschall und Lipokavitation f\u00fcr ma\u00dfgeschneiderte Ergebnisse. Ideal, um die Haut wieder strahlen zu lassen, erschlaffte Hautpartien zu festigen oder Falten, Augenringe und sogar Akne zu mildern. Ein echter Geheimtipp f\u00fcr alle, die in einer einzigen Sitzung mehrere Probleme angehen m\u00f6chten! Sie sind sich nicht sicher, welches Ger\u00e4t f\u00fcr Gesicht und K\u00f6rper am besten geeignet ist? Dieses Modell wirkt Wunder am Hals und auf den Augenlidern! Bonus: Seine Preise bleiben auch bei regelm\u00e4\u00dfigem Gebrauch erschwinglich. Und was die Technik betrifft, so ist die <strong>Multipol-Technologie verbreitet gleichm\u00e4\u00dfige W\u00e4rme ohne zu verbrennen<\/strong> - mein kleiner Liebling! <a href=\"https:\/\/amzn.to\/3Ddmj25\" target=\"_blank\" rel=\"noopener\">Auf Amazon ansehen<\/a> Sehen Sie stattdessen, was ihn in Ihrer Sch\u00f6nheitsroutine so besonders macht:<\/p>\n\n\n\n<ul class=\"wp-block-list\">\n<li>\u2705 <strong>Straffung der Haut<\/strong> : Bluffendes Ergebnis an Stellen wie dem Kinn nach nur wenigen Sitzungen<\/li>\n\n\n\n<li>\u2705 <strong>Milderung von Falten<\/strong> : Selbst auf der Stirn oder um die Augen herum ist der Lifting-Effekt sichtbar<\/li>\n\n\n\n<li>\u2705 <strong>Boosted Skin Texture<\/strong> : W\u00e4rmewellen stimulieren die Epidermis in der Tiefe.<\/li>\n\n\n\n<li>\u2705 <strong>Nat\u00fcrlicher Kollagen-Boost<\/strong> : Meine Kundinnen sehen den Unterschied ohne Hyalurons\u00e4ure-Injektion<\/li>\n\n\n\n<li>\u2705 <strong>Gezielte Aktion<\/strong> Perfekt, um den Hals zu modellieren oder Tr\u00e4nens\u00e4cke zu mildern.<\/li>\n\n\n\n<li>\u274c <strong>Preise je nach Modell<\/strong> : Die Version mit Laserkopf kostet mehr. Vergleichen Sie gut, bevor Sie den Sprung wagen!<\/li>\n<\/ul>\n\n\n\n<p>Letztendlich ist dieser <strong>Hightech-Schmuckst\u00fcck<\/strong> wird schnell unentbehrlich f\u00fcr alle, die klinische Effekte suchen, ohne ihr Wohnzimmer verlassen zu m\u00fcssen. Aber Vorsicht: Planen Sie regelm\u00e4\u00dfige Sitzungen ein, um optimale Ergebnisse zu erzielen. Die ersten Auswirkungen auf die Hautstraffung? Schnell sichtbar!<\/p>\n\n\n\n<h2 class=\"wp-block-heading\"><span class=\"ez-toc-section\" id=\"Le_meilleur_appareil_radiofrequence_visage_pas_cher_Tumakou_%E2%AD%9045\"><\/span>Das beste g\u00fcnstige Radiofrequenzger\u00e4t f\u00fcr das Gesicht: Tumakou (\u2b504\/5)<span class=\"ez-toc-section-end\"><\/span><\/h2>\n\n\n\n<figure class=\"wp-block-image aligncenter size-large is-resized\"><a href=\"https:\/\/amzn.to\/43s8szq\" target=\"_blank\" rel=\"noopener\"><img loading=\"lazy\" decoding=\"async\" width=\"1024\" height=\"1014\" src=\"https:\/\/www.appareil-minceur.fr\/wp-content\/uploads\/2025\/03\/image-4-1024x1014.jpeg\" alt=\"\" class=\"wp-image-1011\" style=\"width:auto;height:500px\" srcset=\"https:\/\/www.appareil-minceur.fr\/wp-content\/uploads\/2025\/03\/image-4-1024x1014.jpeg 1024w, https:\/\/www.appareil-minceur.fr\/wp-content\/uploads\/2025\/03\/image-4-300x297.jpeg 300w, https:\/\/www.appareil-minceur.fr\/wp-content\/uploads\/2025\/03\/image-4-150x150.jpeg 150w, https:\/\/www.appareil-minceur.fr\/wp-content\/uploads\/2025\/03\/image-4-768x760.jpeg 768w, https:\/\/www.appareil-minceur.fr\/wp-content\/uploads\/2025\/03\/image-4.jpeg 1468w\" sizes=\"(max-width: 1024px) 100vw, 1024px\" \/><\/a><\/figure>\n\n\n\n<p>Immer noch der Tumakou an der Spitze der Liste? Dieses Mal entdecken wir seine preisg\u00fcnstige Version! Dieses Modell bleibt das perfekte Radiofrequenz-Gesichtsger\u00e4t f\u00fcr <strong>sich in \u00e4sthetische Techniken einf\u00fchren lassen<\/strong> ohne sein Budget zu sprengen. Er verbindet auf intelligente Weise <strong>Radiofrequenz<\/strong>, Elektrostimulation und LED-Licht. Sie sind Anf\u00e4nger und suchen ein einfaches Hilfsmittel mit sichtbaren Effekten? Das ist genau das Richtige f\u00fcr Sie! <strong>Entwickelt, um die Epidermis zu straffen<\/strong>die Feuchtigkeitsversorgung in der Tiefe zu steigern und <strong>die Spuren der Zeit mildern<\/strong>Sie zielt besonders auf den Hals und die Augenpartie ab. Und der Preis? <strong>Wirklich wettbewerbsf\u00e4hig f\u00fcr normalerweise hohe Geb\u00fchren<\/strong> ! <a href=\"https:\/\/amzn.to\/43s8szq\" target=\"_blank\" rel=\"noopener\">Auf Amazon ansehen<\/a> Lassen Sie uns gemeinsam seine St\u00e4rken und Schw\u00e4chen entschl\u00fcsseln:<\/p>\n\n\n\n<ul class=\"wp-block-list\">\n<li>\u2705 <strong>Intuitive Handhabung<\/strong> : <strong>Ergonomische Form f\u00fcr empfindliche Gesichtsbereiche geeignet<\/strong>.<\/li>\n\n\n\n<li>\u2705 <strong>Kompakt und leicht<\/strong> : Ideal f\u00fcr unterwegs oder f\u00fcr eine Express-Sitzung vor einem Termin.<\/li>\n\n\n\n<li>\u2705 <strong>Dreifache Aktion<\/strong> : <strong>Kombiniert Radiofrequenz, Muskelimpulse und Rotlicht f\u00fcr eine umfassende Behandlung<\/strong>.<\/li>\n\n\n\n<li>\u2705 <strong>Progressive Ergebnisse<\/strong> : <strong>Nach 2-3 Sitzungen gewinnt die Hautstruktur an Festigkeit<\/strong>Die meisten Menschen sind in der Lage, sich zu bewegen, vor allem im Halsbereich.<\/li>\n\n\n\n<li>\u2705 <strong>Preis-Leistungs-Verh\u00e4ltnis<\/strong> : <strong>Seri\u00f6se Einstiegsklasse im Vergleich zu professionellen Lasern<\/strong>.<\/li>\n<\/ul>\n\n\n\n<p>Kleiner Nachteil: Der Hyaluron-Effekt bleibt weniger langanhaltend als im Institut. Aber <strong>bei regelm\u00e4\u00dfiger Anwendung zu Hause begrenzt er wirksam die Hauterschlaffung<\/strong>. <strong>Eine clevere L\u00f6sung, die beweist, dass \u00c4sthetik manchmal mit Sparsamkeit einhergeht<\/strong> !<\/p>\n\n\n\n<h2 class=\"wp-block-heading\"><span class=\"ez-toc-section\" id=\"Comparaison_des_produits\"><\/span>Produktvergleich<span class=\"ez-toc-section-end\"><\/span><\/h2>\n\n\n\n<p>Wie w\u00e4hlt man also aus, ohne sich zu irren? Jedes Ger\u00e4t hat seine St\u00e4rken, aber hier sind meine bevorzugten Kriterien, um Klarheit zu schaffen: * <strong>Ihre Tarife :<\/strong> Die <strong>Tumakou (Sparversion)<\/strong> ist ideal f\u00fcr einen sanften Einstieg. * <strong>Ihre Priorit\u00e4ten:<\/strong> Reisen Sie oft? <strong>Die Iborria folgt \u00fcberall Ihren Routinen<\/strong>. Brauchen Sie eine komplette K\u00f6rper- und Gesichtsbehandlung? <strong>Der Cozion wird Ihr Partner<\/strong>. * <strong>Ihre Ambitionen:<\/strong> Suchen Sie nach einem Pro-Ergebnis? <strong>Uaike bietet eine beeindruckende Haltbarkeit<\/strong>. Kleiner Tipp : <strong>die Regelm\u00e4\u00dfigkeit macht alles!<\/strong> Planen Sie 2-3 Sitzungen pro Woche ein, um sichtbare Effekte zu erzielen. Ihre Halspartie oder die Augenpartie verdienen diese Aufmerksamkeit. Achten Sie bei der Auswahl Ihrer Radiofrequenzger\u00e4te f\u00fcr das Gesicht auf diese Elemente:<\/p>\n\n\n\n<ul class=\"wp-block-list\">\n<li><strong>Multipolare Technologie<\/strong> : Bevorzugen Sie ein multipolares System, um <strong>Kollagen und Hyalurons\u00e4ure stimulieren<\/strong>. <strong>Die einstellbare Frequenz ver\u00e4ndert das Spiel<\/strong>.<\/li>\n\n\n\n<li><strong>Modulierbare Leistung<\/strong> : Progressive Stufen passen sich besser an empfindliche Bereiche wie die Augenpartie an. Ein Anti-Shock\u2122-System beruhigt.<\/li>\n\n\n\n<li><strong>Combo-Funktionen<\/strong> : Einige Modelle kombinieren <strong>W\u00e4rmewellen und LED-Licht<\/strong> - perfekt, um gezielt gegen Hauterschlaffung vorzugehen.<\/li>\n\n\n\n<li><strong>Anfassen<\/strong> : Die Ergonomie z\u00e4hlt! Ein kompaktes Design behandelt den Hals oder die perilabialen F\u00e4ltchen besser.<\/li>\n\n\n\n<li><strong>Feldr\u00fcckmeldungen<\/strong> : Sehen Sie sich die Erfahrungsberichte \u00fcber die \u00e4sthetischen Effekte an, bevor Sie sich entscheiden. Meine Kundinnen lieben die Ergebnisse zur Gesichtsstraffung.<\/li>\n<\/ul>\n\n\n\n<p>Wenn Sie diese Tipps befolgen, finden Sie das perfekte Werkzeug f\u00fcr Ihre Sitzungen zu Hause. M\u00fcssen Sie ein Doppelkinn gezielt behandeln? Werfen Sie einen Blick auf meinen speziellen Ratgeber zu <a href=\"https:\/\/www.appareil-minceur.fr\/de\/beratung\/radiofrequenz-doppelkinn\/\">die Protokolle f\u00fcr den Hals<\/a>. Wussten Sie \u00fcbrigens, dass eine aktuelle Studie nach 8 Behandlungen 76% Hautverbesserungen zeigt*?<\/p>\n\n\n\n<figure class=\"wp-block-table\"><table class=\"has-fixed-layout\"><thead><tr><th>Modell<\/th><th>St\u00e4rken<\/th><th>Ziel<\/th><\/tr><\/thead><tbody><tr><td>Uaike<\/td><td><strong>Intensive Hautstraffung, mildert selbst tiefe Falten<\/strong><\/td><td>F\u00fcr diejenigen, die klinische Ergebnisse zu Hause haben m\u00f6chten<\/td><\/tr><tr><td>Tumakou<\/td><td><strong>Sanfte Tarife, schnelle \u00e4sthetische Effekte auf Gesicht und Dekollet\u00e9<\/strong><\/td><td>Anf\u00e4ngerinnen oder schmale Budgets<\/td><\/tr><tr><td>Iborria<\/td><td><strong>Pr\u00e4zise W\u00e4rmewellen f\u00fcr lokalisierte Bereiche (Augen, Hals)<\/strong><\/td><td>Nomaden der Intensivpflege<\/td><\/tr><tr><td>Cozion<\/td><td><strong>Multifunktional: kombiniert Tiefenw\u00e4rme und Hyaluronbehandlung<\/strong><\/td><td>S\u00fcchtig nach kompletten K\u00f6rper+Gesichts-Routinen<\/td><\/tr><\/tbody><\/table><\/figure>\n\n\n\n<h2 class=\"wp-block-heading\"><span class=\"ez-toc-section\" id=\"Notre_verdict\"><\/span>Unser Urteil<span class=\"ez-toc-section-end\"><\/span><\/h2>\n\n\n\n<p>Also, welches Radiofrequenzger\u00e4t f\u00fcr das Gesicht verdient wirklich einen Platz auf Ihrem Schminktisch? <strong>Der Uaike f\u00fcr seine Pro-Seite<\/strong>Tumakou f\u00fcr seine erschwingliche Behandlung, Iborria f\u00fcr die Nomaden des Facials oder Cozion f\u00fcr die <strong>eine 360\u00b0-Aktion<\/strong> ? Eine Gewissheit: <strong>diese Technologien definieren das Anti-Aging-Spiel neu<\/strong> ! Wussten Sie, dass diese Technik stimuliert <strong>Kollagen durch W\u00e4rmewellen<\/strong> ? Perfekt f\u00fcr <strong>die Erschlaffung um den Hals mildern<\/strong> oder den Glanz der Augenpartie auffrischen.<\/p>\n\n\n\n<p>F\u00fcr Effekte, die lange anhalten, <strong>Es ist nicht notwendig, eine bestimmte Anzahl von Sitzungen oder einen bestimmten Abstand zwischen den Sitzungen vorzusehen.<\/strong>. Und gute Nachrichten: <strong>einige der aktuellen Modelle kombinieren Laser und Hyaluron f\u00fcr einen jugendlichen Boost<\/strong> ! Merkw\u00fcrdigerweise, <strong>der Preis ist nicht immer erschwinglich und variiert stark je nach Modell<\/strong>. Pers\u00f6nlicher Favorit? <strong>Das multipolare System, das tief arbeitet, ohne die Epidermis zu verbrennen<\/strong>.<\/p>\n\n\n\n<p>Lust, sich von markierten Furchen zu verabschieden? <strong>Diese \u00e4sthetischen Verb\u00fcndeten zielen mit einer ma\u00dfgeschneiderten Frequenz auf jede Problemzone ab<\/strong>. Das kleine Plus : <strong>die abgegebene W\u00e4rme bietet ein sofortiges Lifting-Gef\u00fchl<\/strong> - fast wie eine w\u00e4rmende Massage Version 2.0! Sind Sie also bereit, dieses strahlende Gesicht zu enth\u00fcllen, das Ihnen wirklich \u00e4hnlich sieht?<\/p>\n\n\n\n<p>Haben Sie Lust, Ihre Falten zu reduzieren? Mal sehen, diese Ger\u00e4te zur Gesichtspflege werden schnell Ihre <strong>beste Komplizen f\u00fcr eine straffe Haut<\/strong>. Jetzt ist es an der Zeit zu handeln! G\u00f6nnen Sie Ihrer Haut den <strong>Anti-Aging-Behandlung<\/strong> die sie verdient, und finden Sie einen <strong>jugendliches, strahlendes Gesicht<\/strong>.<\/p>\n\n\n\n<h2 class=\"wp-block-heading\"><span class=\"ez-toc-section\" id=\"FAQ\"><\/span>FAQ<span class=\"ez-toc-section-end\"><\/span><\/h2>\n\n\n\n<h3 class=\"wp-block-heading\"><span class=\"ez-toc-section\" id=\"Existe-t-il_des_contre-indications_medicales_a_lutilisation_de_ces_appareils_de_radiofrequence_visage\"><\/span>Gibt es medizinische Kontraindikationen f\u00fcr die Verwendung von Radiofrequenzger\u00e4ten f\u00fcr das Gesicht?<span class=\"ez-toc-section-end\"><\/span><\/h3>\n\n\n\n<p>Ja, es gibt einige Kontraindikationen. Dazu geh\u00f6ren das Vorhandensein eines <strong>Herzschrittmacher<\/strong>Die <strong>Schwangerschaft<\/strong> und einige <strong>Hautbedingungen<\/strong>. Die <strong>leichte Couperose<\/strong> ist ebenfalls eine Kontraindikation, da die Radiofrequenz die Hauttemperatur erh\u00f6ht.<\/p>\n\n\n\n<p>Bei richtiger Anwendung ist die Radiofrequenztherapie eine Technik der \u00e4sthetischen Medizin, die Folgendes aufweist <strong>wenig Risiko<\/strong>. Das Hauptrisiko, wenn auch selten, ist das Risiko von <strong>Verbrennungen<\/strong>. Es ist daher wichtig, dass Sie Ihre medizinische Fachkraft gut ausw\u00e4hlen, da sie in der Technik dieser Ger\u00e4te geschult wurde.<\/p>\n\n\n\n<h3 class=\"wp-block-heading\"><span class=\"ez-toc-section\" id=\"Les_appareils_de_radiofrequence_visage_sont-ils_efficaces_sur_tous_les_types_de_peau_seche_grasse_mixte_sensible_et_toutes_les_carnations\"><\/span>Sind Radiofrequenzger\u00e4te f\u00fcr das Gesicht bei allen Hauttypen (trocken, fettig, Mischhaut, empfindliche Haut) und Hautt\u00f6nen wirksam?<span class=\"ez-toc-section-end\"><\/span><\/h3>\n\n\n\n<p>Die <strong>Radiofrequenz<\/strong> ist in der Regel <strong>polyvalent<\/strong> und kann praktiziert werden auf <strong>alle Hauttypen<\/strong>, einschlie\u00dflich der <strong>gebr\u00e4unte Haut<\/strong> und alle <strong>Phototypen<\/strong>. Sie richtet sich insbesondere an <strong>reife Haut<\/strong> durch Anregung der Produktion von <strong>Kollagen<\/strong> und von<strong>Elastin<\/strong>.<\/p>\n\n\n\n<p>Sie gilt als wirksame Technik zur Verbesserung des Hautbildes ohne Operation und bietet eine <strong>nicht-chirurgischer Lifting-Effekt<\/strong> durch Verbesserung der <strong>Tonus<\/strong> und die<strong>Elastizit\u00e4t<\/strong> von der Haut ab. Sie kann verwendet werden f\u00fcr <strong>die Haut straffen<\/strong>, <strong>Falten reduzieren<\/strong> und <strong>die Hautstruktur verbessern<\/strong> auf nachhaltige Weise.<\/p>\n\n\n\n<h3 class=\"wp-block-heading\"><span class=\"ez-toc-section\" id=\"Comment_ajuster_lintensite_de_lappareil_en_fonction_de_la_sensibilite_de_la_peau_et_des_zones_traitees\"><\/span>Wie stelle ich die Intensit\u00e4t des Ger\u00e4ts auf die Empfindlichkeit der Haut und die behandelten Bereiche ein?<span class=\"ez-toc-section-end\"><\/span><\/h3>\n\n\n\n<p>Die Anpassung der Intensit\u00e4t sollte die <strong>Empfindlichkeit der Haut<\/strong> und <strong>behandelte Bereiche<\/strong>. Es ist ratsam <strong>mit geringer Intensit\u00e4t beginnen<\/strong>Sie sollten sich vor allem bei empfindlicher Haut anfangs nicht zu viel zumuten und die Dosis gegebenenfalls langsam erh\u00f6hen. Einige Ger\u00e4te verf\u00fcgen \u00fcber <strong>mehrere einstellbare Energiestufen<\/strong> um sich an die Hautvertr\u00e4glichkeit anzupassen.<\/p>\n\n\n\n<p>Die Intensit\u00e4t kann ebenfalls angepasst werden, je nach <strong>angestrebte Wirkungen<\/strong>, so dass der <strong>Straffung der Haut<\/strong>Die <strong>Verringerung von Falten und feinen Linien<\/strong>oder die<strong>Verbesserung der Hautstruktur<\/strong>. Eine h\u00f6here Intensit\u00e4t kann erforderlich sein, um die Kollagen- und Elastinproduktion anzuregen.<\/p>\n\n\n\n<p><\/p>","protected":false},"excerpt":{"rendered":"<p>Marre des rides et de cette peau qui manque de fermet\u00e9 ? La radiofr\u00e9quence visage se pose en alli\u00e9 redoutable pour retrouver un teint rajeuni, et je vous partage ici mes appareils pr\u00e9f\u00e9r\u00e9s pour des r\u00e9sultats pro \u00e0 domicile ! Entre les mod\u00e8les qui valent le d\u00e9tour et ceux \u00e0 \u00e9viter, on fait le tri [&hellip;]<\/p>\n","protected":false},"author":1,"featured_media":408,"comment_status":"open","ping_status":"open","sticky":false,"template":"","format":"standard","meta":{"footnotes":""},"categories":[11],"tags":[],"class_list":["post-993","post","type-post","status-publish","format-standard","has-post-thumbnail","hentry","category-guide"],"_links":{"self":[{"href":"https:\/\/www.appareil-minceur.fr\/de\/wp-json\/wp\/v2\/posts\/993","targetHints":{"allow":["GET"]}}],"collection":[{"href":"https:\/\/www.appareil-minceur.fr\/de\/wp-json\/wp\/v2\/posts"}],"about":[{"href":"https:\/\/www.appareil-minceur.fr\/de\/wp-json\/wp\/v2\/types\/post"}],"author":[{"embeddable":true,"href":"https:\/\/www.appareil-minceur.fr\/de\/wp-json\/wp\/v2\/users\/1"}],"replies":[{"embeddable":true,"href":"https:\/\/www.appareil-minceur.fr\/de\/wp-json\/wp\/v2\/comments?post=993"}],"version-history":[{"count":19,"href":"https:\/\/www.appareil-minceur.fr\/de\/wp-json\/wp\/v2\/posts\/993\/revisions"}],"predecessor-version":[{"id":2935,"href":"https:\/\/www.appareil-minceur.fr\/de\/wp-json\/wp\/v2\/posts\/993\/revisions\/2935"}],"wp:featuredmedia":[{"embeddable":true,"href":"https:\/\/www.appareil-minceur.fr\/de\/wp-json\/wp\/v2\/media\/408"}],"wp:attachment":[{"href":"https:\/\/www.appareil-minceur.fr\/de\/wp-json\/wp\/v2\/media?parent=993"}],"wp:term":[{"taxonomy":"category","embeddable":true,"href":"https:\/\/www.appareil-minceur.fr\/de\/wp-json\/wp\/v2\/categories?post=993"},{"taxonomy":"post_tag","embeddable":true,"href":"https:\/\/www.appareil-minceur.fr\/de\/wp-json\/wp\/v2\/tags?post=993"}],"curies":[{"name":"wp","href":"https:\/\/api.w.org\/{rel}","templated":true}]}}