{"id":2929,"date":"2025-12-22T11:02:55","date_gmt":"2025-12-22T11:02:55","guid":{"rendered":"https:\/\/www.appareil-minceur.fr\/non-categorise\/creme-de-nuit-helena-rubinstein\/"},"modified":"2025-12-22T11:02:55","modified_gmt":"2025-12-22T11:02:55","slug":"creme-de-nuit-helena-rubinstein","status":"publish","type":"post","link":"https:\/\/www.appareil-minceur.fr\/en\/health\/creme-de-nuit-helena-rubinstein\/","title":{"rendered":"Which Helena Rubinstein night cream should you choose to regenerate your skin?"},"content":{"rendered":"<div class=\"kk-star-ratings kksr-auto kksr-align-left kksr-valign-top\"\n    data-payload='{&quot;align&quot;:&quot;left&quot;,&quot;id&quot;:&quot;2929&quot;,&quot;slug&quot;:&quot;default&quot;,&quot;valign&quot;:&quot;top&quot;,&quot;ignore&quot;:&quot;&quot;,&quot;reference&quot;:&quot;auto&quot;,&quot;class&quot;:&quot;&quot;,&quot;count&quot;:&quot;0&quot;,&quot;legendonly&quot;:&quot;&quot;,&quot;readonly&quot;:&quot;&quot;,&quot;score&quot;:&quot;0&quot;,&quot;starsonly&quot;:&quot;&quot;,&quot;best&quot;:&quot;5&quot;,&quot;gap&quot;:&quot;5&quot;,&quot;greet&quot;:&quot;Notez cet article !&quot;,&quot;legend&quot;:&quot;0\\\/5 - (0 votes)&quot;,&quot;size&quot;:&quot;16&quot;,&quot;title&quot;:&quot;Quelle cr\u00e8me de nuit Helena Rubinstein choisir pour r\u00e9g\u00e9n\u00e9rer votre peau ?&quot;,&quot;width&quot;:&quot;0&quot;,&quot;_legend&quot;:&quot;{score}\\\/{best} - ({count} {votes})&quot;,&quot;font_factor&quot;:&quot;1.25&quot;}'>\n            \n<div class=\"kksr-stars\">\n    \n<div class=\"kksr-stars-inactive\">\n            <div class=\"kksr-star\" data-star=\"1\" style=\"padding-right: 5px\">\n            \n\n<div class=\"kksr-icon\" style=\"width: 16px; height: 16px;\"><\/div>\n        <\/div>\n            <div class=\"kksr-star\" data-star=\"2\" style=\"padding-right: 5px\">\n            \n\n<div class=\"kksr-icon\" style=\"width: 16px; height: 16px;\"><\/div>\n        <\/div>\n            <div class=\"kksr-star\" data-star=\"3\" style=\"padding-right: 5px\">\n            \n\n<div class=\"kksr-icon\" style=\"width: 16px; height: 16px;\"><\/div>\n        <\/div>\n            <div class=\"kksr-star\" data-star=\"4\" style=\"padding-right: 5px\">\n            \n\n<div class=\"kksr-icon\" style=\"width: 16px; height: 16px;\"><\/div>\n        <\/div>\n            <div class=\"kksr-star\" data-star=\"5\" style=\"padding-right: 5px\">\n            \n\n<div class=\"kksr-icon\" style=\"width: 16px; height: 16px;\"><\/div>\n        <\/div>\n    <\/div>\n    \n<div class=\"kksr-stars-active\" style=\"width: 0px;\">\n            <div class=\"kksr-star\" style=\"padding-right: 5px\">\n            \n\n<div class=\"kksr-icon\" style=\"width: 16px; height: 16px;\"><\/div>\n        <\/div>\n            <div class=\"kksr-star\" style=\"padding-right: 5px\">\n            \n\n<div class=\"kksr-icon\" style=\"width: 16px; height: 16px;\"><\/div>\n        <\/div>\n            <div class=\"kksr-star\" style=\"padding-right: 5px\">\n            \n\n<div class=\"kksr-icon\" style=\"width: 16px; height: 16px;\"><\/div>\n        <\/div>\n            <div class=\"kksr-star\" style=\"padding-right: 5px\">\n            \n\n<div class=\"kksr-icon\" style=\"width: 16px; height: 16px;\"><\/div>\n        <\/div>\n            <div class=\"kksr-star\" style=\"padding-right: 5px\">\n            \n\n<div class=\"kksr-icon\" style=\"width: 16px; height: 16px;\"><\/div>\n        <\/div>\n    <\/div>\n<\/div>\n                \n\n<div class=\"kksr-legend\" style=\"font-size: 12.8px;\">\n            <span class=\"kksr-muted\">Rate this article!<\/span>\n    <\/div>\n    <\/div>\n<div style=\"background-color: #f8f9fa; border-left: 4px solid #007bff; padding: 20px; margin: 30px 0; border-radius: 5px;\">\n<h2><span class=\"ez-toc-section\" id=\"%E2%9C%93_Les_infos_a_retenir\"><\/span>\u2713 News to remember<span class=\"ez-toc-section-end\"><\/span><\/h2>\n<ul style=\"line-height: 1.8; margin: 15px 0; padding-left: 20px;\">\n<li>Visit <strong>gamme Re-Plasty Age Recovery<\/strong> d&rsquo;Helena Rubinstein contient des peptides biomim\u00e9tiques qui stimulent la production naturelle de collag\u00e8ne<\/li>\n<li>Les cr\u00e8mes de nuit Helena Rubinstein se situent dans une <strong>fourchette de prix entre 80 et 200 euros<\/strong> selon les gammes<\/li>\n<li>La ligne <strong>Prodigy Cellglow<\/strong> booste l&rsquo;activit\u00e9 cellulaire pendant la nuit, p\u00e9riode o\u00f9 la peau se r\u00e9g\u00e9n\u00e8re jusqu&rsquo;\u00e0 8 fois plus rapidement<\/li>\n<li>Les utilisatrices notent une note moyenne de <strong>9\/10 pour la texture<\/strong> et 8.5\/10 pour l&rsquo;efficacit\u00e9 anti-\u00e2ge<\/li>\n<li>Les r\u00e9sultats visibles sur la fermet\u00e9 et l&rsquo;\u00e9clat apparaissent <strong>d\u00e8s 3 \u00e0 4 semaines<\/strong> d&rsquo;utilisation r\u00e9guli\u00e8re<\/li>\n<\/ul>\n<\/div>\n<p>Les cr\u00e8mes de nuit repr\u00e9sentent un pilier essentiel de toute routine beaut\u00e9 digne de ce nom. Si vous cherchez un soin haut de gamme pour booster la r\u00e9g\u00e9n\u00e9ration nocturne de votre peau, la <strong>cr\u00e8me de nuit Helena Rubinstein<\/strong> m\u00e9rite clairement votre attention !<\/p><div id=\"ez-toc-container\" class=\"ez-toc-v2_0_82_2 counter-hierarchy ez-toc-counter ez-toc-custom ez-toc-container-direction\">\n<div class=\"ez-toc-title-container\">\n<p class=\"ez-toc-title\" style=\"cursor:inherit\">Article summary<\/p>\n<span class=\"ez-toc-title-toggle\"><a href=\"#\" class=\"ez-toc-pull-right ez-toc-btn ez-toc-btn-xs ez-toc-btn-default ez-toc-toggle\" aria-label=\"Toggle Table of Content\"><span class=\"ez-toc-js-icon-con\"><span class=\"\"><span class=\"eztoc-hide\" style=\"display:none;\">Toggle<\/span><span class=\"ez-toc-icon-toggle-span\"><svg style=\"fill: #ffffff;color:#ffffff\" xmlns=\"http:\/\/www.w3.org\/2000\/svg\" class=\"list-377408\" width=\"20px\" height=\"20px\" viewbox=\"0 0 24 24\" fill=\"none\"><path d=\"M6 6H4v2h2V6zm14 0H8v2h12V6zM4 11h2v2H4v-2zm16 0H8v2h12v-2zM4 16h2v2H4v-2zm16 0H8v2h12v-2z\" fill=\"currentColor\"><\/path><\/svg><svg style=\"fill: #ffffff;color:#ffffff\" class=\"arrow-unsorted-368013\" xmlns=\"http:\/\/www.w3.org\/2000\/svg\" width=\"10px\" height=\"10px\" viewbox=\"0 0 24 24\" version=\"1.2\" baseprofile=\"tiny\"><path d=\"M18.2 9.3l-6.2-6.3-6.2 6.3c-.2.2-.3.4-.3.7s.1.5.3.7c.2.2.4.3.7.3h11c.3 0 .5-.1.7-.3.2-.2.3-.5.3-.7s-.1-.5-.3-.7zM5.8 14.7l6.2 6.3 6.2-6.3c.2-.2.3-.5.3-.7s-.1-.5-.3-.7c-.2-.2-.4-.3-.7-.3h-11c-.3 0-.5.1-.7.3-.2.2-.3.5-.3.7s.1.5.3.7z\"\/><\/svg><\/span><\/span><\/span><\/a><\/span><\/div>\n<nav><ul class='ez-toc-list ez-toc-list-level-1 eztoc-toggle-hide-by-default' ><li class='ez-toc-page-1 ez-toc-heading-level-2'><a class=\"ez-toc-link ez-toc-heading-1\" href=\"https:\/\/www.appareil-minceur.fr\/en\/health\/creme-de-nuit-helena-rubinstein\/#%E2%9C%93_Les_infos_a_retenir\" >\u2713 News to remember<\/a><\/li><li class='ez-toc-page-1 ez-toc-heading-level-2'><a class=\"ez-toc-link ez-toc-heading-2\" href=\"https:\/\/www.appareil-minceur.fr\/en\/health\/creme-de-nuit-helena-rubinstein\/#Pourquoi_choisir_une_creme_de_nuit_Helena_Rubinstein\" >Pourquoi choisir une cr\u00e8me de nuit Helena Rubinstein ?<\/a><\/li><li class='ez-toc-page-1 ez-toc-heading-level-2'><a class=\"ez-toc-link ez-toc-heading-3\" href=\"https:\/\/www.appareil-minceur.fr\/en\/health\/creme-de-nuit-helena-rubinstein\/#Quelles_sont_les_gammes_phares_pour_la_nuit\" >Quelles sont les gammes phares pour la nuit ?<\/a><ul class='ez-toc-list-level-3' ><li class='ez-toc-heading-level-3'><a class=\"ez-toc-link ez-toc-heading-4\" href=\"https:\/\/www.appareil-minceur.fr\/en\/health\/creme-de-nuit-helena-rubinstein\/#Re-Plasty_Age_Recovery_la_reference_anti-age\" >Re-Plasty Age Recovery : la r\u00e9f\u00e9rence anti-\u00e2ge<\/a><\/li><li class='ez-toc-page-1 ez-toc-heading-level-3'><a class=\"ez-toc-link ez-toc-heading-5\" href=\"https:\/\/www.appareil-minceur.fr\/en\/health\/creme-de-nuit-helena-rubinstein\/#Prodigy_Cellglow_leclat_absolu\" >Prodigy Cellglow : l&rsquo;\u00e9clat absolu<\/a><\/li><\/ul><\/li><li class='ez-toc-page-1 ez-toc-heading-level-2'><a class=\"ez-toc-link ez-toc-heading-6\" href=\"https:\/\/www.appareil-minceur.fr\/en\/health\/creme-de-nuit-helena-rubinstein\/#Ou_trouver_ces_cremes_de_nuit\" >O\u00f9 trouver ces cr\u00e8mes de nuit ?<\/a><\/li><li class='ez-toc-page-1 ez-toc-heading-level-2'><a class=\"ez-toc-link ez-toc-heading-7\" href=\"https:\/\/www.appareil-minceur.fr\/en\/health\/creme-de-nuit-helena-rubinstein\/#Les_avis_sur_la_creme_de_nuit_Helena_Rubinstein_sont-ils_positifs\" >Les avis sur la cr\u00e8me de nuit Helena Rubinstein sont-ils positifs ?<\/a><\/li><li class='ez-toc-page-1 ez-toc-heading-level-2'><a class=\"ez-toc-link ez-toc-heading-8\" href=\"https:\/\/www.appareil-minceur.fr\/en\/health\/creme-de-nuit-helena-rubinstein\/#Le_coffret_Helena_Rubinstein_une_option_maligne\" >Le coffret Helena Rubinstein : une option maligne<\/a><\/li><li class='ez-toc-page-1 ez-toc-heading-level-2'><a class=\"ez-toc-link ez-toc-heading-9\" href=\"https:\/\/www.appareil-minceur.fr\/en\/health\/creme-de-nuit-helena-rubinstein\/#Comment_integrer_cette_creme_dans_votre_routine\" >Comment int\u00e9grer cette cr\u00e8me dans votre routine ?<\/a><\/li><li class='ez-toc-page-1 ez-toc-heading-level-2'><a class=\"ez-toc-link ez-toc-heading-10\" href=\"https:\/\/www.appareil-minceur.fr\/en\/health\/creme-de-nuit-helena-rubinstein\/#Au-dela_des_cremes_lunivers_Helena_Rubinstein\" >Au-del\u00e0 des cr\u00e8mes : l&rsquo;univers Helena Rubinstein<\/a><ul class='ez-toc-list-level-3' ><li class='ez-toc-heading-level-3'><a class=\"ez-toc-link ez-toc-heading-11\" href=\"https:\/\/www.appareil-minceur.fr\/en\/health\/creme-de-nuit-helena-rubinstein\/#Mon_petit_conseil_de_coach\" >Mon petit conseil de coach<\/a><\/li><\/ul><\/li><li class='ez-toc-page-1 ez-toc-heading-level-2'><a class=\"ez-toc-link ez-toc-heading-12\" href=\"https:\/\/www.appareil-minceur.fr\/en\/health\/creme-de-nuit-helena-rubinstein\/#Le_prix_justifie-t-il_linvestissement\" >Le prix justifie-t-il l&rsquo;investissement ?<\/a><\/li><li class='ez-toc-page-1 ez-toc-heading-level-2'><a class=\"ez-toc-link ez-toc-heading-13\" href=\"https:\/\/www.appareil-minceur.fr\/en\/health\/creme-de-nuit-helena-rubinstein\/#Questions_frequentes_sur_les_cremes_de_nuit_Helena_Rubinstein\" >Questions fr\u00e9quentes sur les cr\u00e8mes de nuit Helena Rubinstein<\/a><ul class='ez-toc-list-level-3' ><li class='ez-toc-heading-level-3'><a class=\"ez-toc-link ez-toc-heading-14\" href=\"https:\/\/www.appareil-minceur.fr\/en\/health\/creme-de-nuit-helena-rubinstein\/#A_quel_age_commencer_a_utiliser_une_creme_de_nuit_Helena_Rubinstein\" >\u00c0 quel \u00e2ge commencer \u00e0 utiliser une cr\u00e8me de nuit Helena Rubinstein ?<\/a><\/li><li class='ez-toc-page-1 ez-toc-heading-level-3'><a class=\"ez-toc-link ez-toc-heading-15\" href=\"https:\/\/www.appareil-minceur.fr\/en\/health\/creme-de-nuit-helena-rubinstein\/#Combien_de_temps_dure_un_pot_de_creme_de_nuit_Helena_Rubinstein\" >Combien de temps dure un pot de cr\u00e8me de nuit Helena Rubinstein ?<\/a><\/li><li class='ez-toc-page-1 ez-toc-heading-level-3'><a class=\"ez-toc-link ez-toc-heading-16\" href=\"https:\/\/www.appareil-minceur.fr\/en\/health\/creme-de-nuit-helena-rubinstein\/#Peut-on_utiliser_la_creme_de_nuit_Helena_Rubinstein_sur_le_contour_des_yeux\" >Peut-on utiliser la cr\u00e8me de nuit Helena Rubinstein sur le contour des yeux ?<\/a><\/li><li class='ez-toc-page-1 ez-toc-heading-level-3'><a class=\"ez-toc-link ez-toc-heading-17\" href=\"https:\/\/www.appareil-minceur.fr\/en\/health\/creme-de-nuit-helena-rubinstein\/#La_creme_de_nuit_Helena_Rubinstein_convient-elle_aux_peaux_sensibles\" >La cr\u00e8me de nuit Helena Rubinstein convient-elle aux peaux sensibles ?<\/a><\/li><li class='ez-toc-page-1 ez-toc-heading-level-3'><a class=\"ez-toc-link ez-toc-heading-18\" href=\"https:\/\/www.appareil-minceur.fr\/en\/health\/creme-de-nuit-helena-rubinstein\/#Faut-il_alterner_avec_dautres_marques_ou_rester_fidele_a_Helena_Rubinstein\" >Faut-il alterner avec d&rsquo;autres marques ou rester fid\u00e8le \u00e0 Helena Rubinstein ?<\/a><\/li><\/ul><\/li><\/ul><\/nav><\/div>\n\n<p>Cette marque iconique, fond\u00e9e par une pionni\u00e8re de la cosm\u00e9tique moderne, propose des formules ultra-performantes qui font vibrer les passionn\u00e9es de skincare. D\u00e9couvrons ensemble pourquoi ces soins nocturnes cr\u00e9ent un tel engouement.<\/p>\n<h2><span class=\"ez-toc-section\" id=\"Pourquoi_choisir_une_creme_de_nuit_Helena_Rubinstein\"><\/span>Pourquoi choisir une cr\u00e8me de nuit Helena Rubinstein ?<span class=\"ez-toc-section-end\"><\/span><\/h2>\n<p><img decoding=\"async\" src=\"https:\/\/www.appareil-minceur.fr\/wp-content\/uploads\/2025\/12\/creme-nuit-helena-rubinstein-beaute-regeneree.jpg\" alt=\"Cr\u00e8me de nuit Helena Rubinstein pour une beaut\u00e9 r\u00e9g\u00e9n\u00e9r\u00e9e\"><\/p>\n<p>Visit <strong>cr\u00e8me Helena Rubinstein<\/strong> se distingue par sa technologie de pointe et ses actifs concentr\u00e9s. Contrairement aux soins basiques, ces formules travaillent en profondeur pendant que vous dormez. Le r\u00e9sultat ? Une peau visiblement transform\u00e9e au r\u00e9veil !<\/p>\n<p>Les produits cosm\u00e9tiques Helena Rubinstein misent sur des ingr\u00e9dients premium et des ann\u00e9es de recherche dermatologique. Chaque texture est pens\u00e9e pour maximiser la p\u00e9n\u00e9tration des actifs et optimiser la r\u00e9g\u00e9n\u00e9ration cellulaire nocturne.<\/p>\n<blockquote><p>La cr\u00e8me de nuit Helena Rubinstein agit pendant le sommeil pour r\u00e9g\u00e9n\u00e9rer intens\u00e9ment la peau gr\u00e2ce \u00e0 des actifs ultra-concentr\u00e9s \u2705<\/p><\/blockquote>\n<h2><span class=\"ez-toc-section\" id=\"Quelles_sont_les_gammes_phares_pour_la_nuit\"><\/span>Quelles sont les gammes phares pour la nuit ?<span class=\"ez-toc-section-end\"><\/span><\/h2>\n<h3><span class=\"ez-toc-section\" id=\"Re-Plasty_Age_Recovery_la_reference_anti-age\"><\/span>Re-Plasty Age Recovery : la r\u00e9f\u00e9rence anti-\u00e2ge<span class=\"ez-toc-section-end\"><\/span><\/h3>\n<p>La gamme Re-Plasty constitue une v\u00e9ritable r\u00e9volution dans le soin nocturne. Si vous connaissez d\u00e9j\u00e0 la <strong>Helena Rubinstein Re-Plasty Age Recovery cr\u00e8me de jour<\/strong>, imaginez la puissance de sa version nuit ! Cette ligne cible sp\u00e9cifiquement les signes de l&rsquo;\u00e2ge avec une efficacit\u00e9 redoutable.<\/p>\n<p>Elle contient des peptides biomim\u00e9tiques qui stimulent la production naturelle de collag\u00e8ne. La texture riche enveloppe la peau sans effet gras, parfait pour se r\u00e9veiller avec un teint frais et rebondi.<\/p>\n<h3><span class=\"ez-toc-section\" id=\"Prodigy_Cellglow_leclat_absolu\"><\/span>Prodigy Cellglow : l&rsquo;\u00e9clat absolu<span class=\"ez-toc-section-end\"><\/span><\/h3>\n<p>La ligne <strong>Helena Rubinstein Prodigy Cellglow<\/strong> sublime votre peau en r\u00e9v\u00e9lant son \u00e9clat naturel. Cette gamme combine des extraits v\u00e9g\u00e9taux rares et des technologies cellulaires avanc\u00e9es. Super efficace pour dire adieu au teint terne !<\/p>\n<p>Les formules Prodigy Cellglow boostent l&rsquo;activit\u00e9 cellulaire pendant la nuit, p\u00e9riode o\u00f9 la peau se r\u00e9g\u00e9n\u00e8re naturellement jusqu&rsquo;\u00e0 8 fois plus rapidement selon les \u00e9tudes dermatologiques.<\/p>\n<h2><span class=\"ez-toc-section\" id=\"Ou_trouver_ces_cremes_de_nuit\"><\/span>O\u00f9 trouver ces cr\u00e8mes de nuit ?<span class=\"ez-toc-section-end\"><\/span><\/h2>\n<div style=\"position: relative; width: 100%; padding-bottom: 56.25%; height: 0; overflow: hidden; margin: 30px 0;\">\n<iframe style=\"position: absolute; top: 0; left: 0; width: 100%; height: 100%;\" src=\"https:\/\/www.youtube.com\/embed\/1aSTn_OOQPw\" frameborder=\"0\" allow=\"accelerometer; autoplay; clipboard-write; encrypted-media; gyroscope; picture-in-picture\" allowfullscreen><\/iframe>\n<\/div>\n<p>Vous pouvez d\u00e9nicher la cr\u00e8me de nuit Helena Rubinstein dans plusieurs enseignes de prestige. <strong>Helena Rubinstein Sephora<\/strong> figure parmi les points de vente privil\u00e9gi\u00e9s, offrant une belle s\u00e9lection de produits et souvent des conseill\u00e8res form\u00e9es aux sp\u00e9cificit\u00e9s de la marque.<\/p>\n<p>Les boutiques en ligne officielles et les grands magasins proposent \u00e9galement l&rsquo;int\u00e9gralit\u00e9 du catalogue. Personnellement, j&rsquo;appr\u00e9cie de pouvoir sentir les textures avant d&rsquo;acheter, mais les sites web offrent souvent des coffrets exclusifs super int\u00e9ressants.<\/p>\n<h2><span class=\"ez-toc-section\" id=\"Les_avis_sur_la_creme_de_nuit_Helena_Rubinstein_sont-ils_positifs\"><\/span>Les avis sur la cr\u00e8me de nuit Helena Rubinstein sont-ils positifs ?<span class=\"ez-toc-section-end\"><\/span><\/h2>\n<p>Visit <strong>Helena Rubinstein cr\u00e8me avis<\/strong> se r\u00e9v\u00e8lent majoritairement enthousiastes ! Les utilisatrices soulignent la texture luxueuse, l&rsquo;absorption rapide et les r\u00e9sultats visibles d\u00e8s quelques semaines d&rsquo;utilisation.<\/p>\n<p>Certaines notent une am\u00e9lioration significative de la fermet\u00e9 cutan\u00e9e, tandis que d&rsquo;autres adorent l&rsquo;effet repulpant au r\u00e9veil. La concentration en actifs justifie largement l&rsquo;investissement selon de nombreux t\u00e9moignages r\u00e9colt\u00e9s sur les forums beaut\u00e9 sp\u00e9cialis\u00e9s.<\/p>\n<p><img decoding=\"async\" src=\"https:\/\/www.appareil-minceur.fr\/wp-content\/uploads\/2025\/12\/helena-rubinstein-creme-nuit-regenerante-peau.jpg\" alt=\"Helena Rubinstein cr\u00e8me de nuit r\u00e9g\u00e9n\u00e9rante pour la peau\"><\/p>\n<table>\n<tr>\n<th>Criteria<\/th>\n<th>Appr\u00e9ciation moyenne<\/th>\n<\/tr>\n<tr>\n<td>Texture<\/td>\n<td>9\/10<\/td>\n<\/tr>\n<tr>\n<td>Efficacit\u00e9 anti-\u00e2ge<\/td>\n<td>8.5\/10<\/td>\n<\/tr>\n<tr>\n<td>Hydration<\/td>\n<td>9.5\/10<\/td>\n<\/tr>\n<tr>\n<td>Value for money<\/td>\n<td>7.5\/10<\/td>\n<\/tr>\n<\/table>\n<blockquote><p>Les utilisatrices constatent des r\u00e9sultats visibles sur la fermet\u00e9 et l&rsquo;\u00e9clat d\u00e8s 3 \u00e0 4 semaines d&rsquo;utilisation r\u00e9guli\u00e8re \ud83d\udca1<\/p><\/blockquote>\n<h2><span class=\"ez-toc-section\" id=\"Le_coffret_Helena_Rubinstein_une_option_maligne\"><\/span>Le coffret Helena Rubinstein : une option maligne<span class=\"ez-toc-section-end\"><\/span><\/h2>\n<p>Opter pour un <strong>coffret Helena Rubinstein<\/strong> repr\u00e9sente une strat\u00e9gie astucieuse pour d\u00e9couvrir plusieurs produits compl\u00e9mentaires. Ces ensembles combinent g\u00e9n\u00e9ralement une cr\u00e8me de nuit avec un s\u00e9rum ou une cr\u00e8me de jour, permettant une routine compl\u00e8te harmonieuse.<\/p>\n<p>Le gros avantage ? Un tarif plus attractif que l&rsquo;achat s\u00e9par\u00e9 des produits ! Ces coffrets font aussi des cadeaux d&rsquo;exception pour les amoureuses de cosm\u00e9tiques haut de gamme. D&rsquo;ailleurs, si vous \u00eates adepte des soins visage performants, vous appr\u00e9cierez s\u00fbrement de d\u00e9couvrir <a href=\"https:\/\/www.appareil-minceur.fr\/en\/guide\/best-radiofrequency-devices-for-the-face\/\">les meilleurs appareils de radiofr\u00e9quence pour le visage<\/a> qui compl\u00e8tent merveilleusement bien une routine beaut\u00e9 compl\u00e8te.<\/p>\n<h2><span class=\"ez-toc-section\" id=\"Comment_integrer_cette_creme_dans_votre_routine\"><\/span>Comment int\u00e9grer cette cr\u00e8me dans votre routine ?<span class=\"ez-toc-section-end\"><\/span><\/h2>\n<p>L&rsquo;application de votre <strong>cr\u00e8me de nuit Helena Rubinstein<\/strong> demande quelques gestes simples pour maximiser son efficacit\u00e9. Commencez toujours par un nettoyage impeccable et l&rsquo;application d&rsquo;une lotion tonique.<\/p>\n<p>Ensuite, appliquez votre s\u00e9rum habituel si vous en utilisez un. Puis, pr\u00e9levez une noisette de cr\u00e8me et massez d\u00e9licatement par mouvements ascendants, du centre vers l&rsquo;ext\u00e9rieur du visage. Insistez sur les zones sujettes aux rides !<\/p>\n<ul>\n<li>Nettoyez parfaitement votre peau avant application<\/li>\n<li>Utilisez une quantit\u00e9 adapt\u00e9e (une noisette suffit)<\/li>\n<li>Massez en douceur pour stimuler la microcirculation<\/li>\n<li>Laissez p\u00e9n\u00e9trer 5 minutes avant de vous coucher<\/li>\n<li>Compl\u00e9tez avec un contour des yeux adapt\u00e9<\/li>\n<\/ul>\n<h2><span class=\"ez-toc-section\" id=\"Au-dela_des_cremes_lunivers_Helena_Rubinstein\"><\/span>Au-del\u00e0 des cr\u00e8mes : l&rsquo;univers Helena Rubinstein<span class=\"ez-toc-section-end\"><\/span><\/h2>\n<p>La marque ne se limite pas aux soins visage. Le <strong>Helena Rubinstein parfum<\/strong> constitue une autre facette de cette maison prestigieuse, proposant des fragrances sophistiqu\u00e9es qui compl\u00e8tent parfaitement une routine beaut\u00e9 d&rsquo;exception.<\/p>\n<p>Les produits cosm\u00e9tiques Helena Rubinstein englobent aussi des soins corps, du maquillage haut de gamme et des s\u00e9rums ultra-cibl\u00e9s. Cette diversit\u00e9 permet de cr\u00e9er une v\u00e9ritable exp\u00e9rience sensorielle coh\u00e9rente. Pour ceux qui recherchent une approche globale du bien-\u00eatre, la combinaison de soins de qualit\u00e9 avec des pratiques comme <a href=\"https:\/\/www.appareil-minceur.fr\/en\/weight-loss-2\/sauna-et-perte-de-poids\/\">le sauna et ses bienfaits<\/a> peut consid\u00e9rablement am\u00e9liorer l&rsquo;apparence g\u00e9n\u00e9rale de votre peau.<\/p>\n<h3><span class=\"ez-toc-section\" id=\"Mon_petit_conseil_de_coach\"><\/span>Mon petit conseil de coach<span class=\"ez-toc-section-end\"><\/span><\/h3>\n<p>M\u00eame si mon c\u0153ur balance habituellement pour les appareils minceur et les solutions home training, je reconnais l&rsquo;importance d&rsquo;une peau \u00e9clatante ! Une belle peau booste la confiance en soi autant qu&rsquo;une silhouette tonique \ud83d\udc4d<\/p>\n<p><img decoding=\"async\" src=\"https:\/\/www.appareil-minceur.fr\/wp-content\/uploads\/2025\/12\/helena-rubinstein-soin-nuit-regeneration-peau-visage.jpg\" alt=\"Helena Rubinstein soin de nuit pour la r\u00e9g\u00e9n\u00e9ration de la peau du visage\"><\/p>\n<p>D&rsquo;ailleurs, saviez-vous que le sommeil de qualit\u00e9 am\u00e9liore aussi les r\u00e9sultats de vos entra\u00eenements ? Une cr\u00e8me de nuit performante participe \u00e0 ce cercle vertueux : bien-\u00eatre cutan\u00e9, sommeil r\u00e9parateur, \u00e9nergie d\u00e9cupl\u00e9e pour vos s\u00e9ances sportives !<\/p>\n<h2><span class=\"ez-toc-section\" id=\"Le_prix_justifie-t-il_linvestissement\"><\/span>Le prix justifie-t-il l&rsquo;investissement ?<span class=\"ez-toc-section-end\"><\/span><\/h2>\n<p>Les tarifs des cr\u00e8mes de nuit Helena Rubinstein se situent dans le segment premium, g\u00e9n\u00e9ralement entre 80 et 200 euros selon les gammes. C&rsquo;est un investissement certain, mais la concentration en actifs et la qualit\u00e9 des formules justifient ce positionnement.<\/p>\n<p>Contrairement aux soins de grande distribution, ces cr\u00e8mes affichent des r\u00e9sultats cliniquement prouv\u00e9s. Une utilisation r\u00e9guli\u00e8re sur plusieurs mois transforme r\u00e9ellement la qualit\u00e9 de peau. Pensez-y comme un investissement beaut\u00e9 sur le long terme ! Tout comme investir dans <a href=\"https:\/\/www.appareil-minceur.fr\/en\/guide\/best-device-to-firm-up-the-facial-contours\/\">un appareil pour raffermir l&rsquo;ovale du visage<\/a> peut compl\u00e9ter efficacement votre routine de soins anti-\u00e2ge, ces cr\u00e8mes constituent un pilier essentiel d&rsquo;une strat\u00e9gie beaut\u00e9 globale.<\/p>\n<p>Pour celles qui souhaitent maximiser les r\u00e9sultats, sachez que combiner des soins topiques de qualit\u00e9 avec des techniques compl\u00e9mentaires comme <a href=\"https:\/\/www.appareil-minceur.fr\/en\/weight-loss-2\/pressotherapy\/\">pressotherapy<\/a> peut am\u00e9liorer la circulation et l&rsquo;aspect g\u00e9n\u00e9ral de la peau. Cette approche holistique permet d&rsquo;optimiser les b\u00e9n\u00e9fices de chaque produit utilis\u00e9.<\/p>\n<p>La cr\u00e8me de nuit Helena Rubinstein repr\u00e9sente bien plus qu&rsquo;un simple soin nocturne. C&rsquo;est un v\u00e9ritable traitement r\u00e9parateur qui exploite les m\u00e9canismes naturels de r\u00e9g\u00e9n\u00e9ration cutan\u00e9e. Les formules sophistiqu\u00e9es, les textures sublimes et les r\u00e9sultats probants expliquent pourquoi cette marque conserve sa r\u00e9putation d&rsquo;excellence depuis plus d&rsquo;un si\u00e8cle. Offrez \u00e0 votre peau ce qu&rsquo;elle m\u00e9rite : un soin d&rsquo;exception qui fait vraiment la diff\u00e9rence au r\u00e9veil \ud83d\ude0a<\/p>\n<div style=\"background-color: #F8F9FA; padding: 20px; margin: 30px 0; border-radius: 5px;\">\n<h2><span class=\"ez-toc-section\" id=\"Questions_frequentes_sur_les_cremes_de_nuit_Helena_Rubinstein\"><\/span>Questions fr\u00e9quentes sur les cr\u00e8mes de nuit Helena Rubinstein<span class=\"ez-toc-section-end\"><\/span><\/h2>\n<div itemscope itemprop=\"mainEntity\" itemtype=\"https:\/\/schema.org\/Question\">\n<h3 itemprop=\"name\"><span class=\"ez-toc-section\" id=\"A_quel_age_commencer_a_utiliser_une_creme_de_nuit_Helena_Rubinstein\"><\/span>\u00c0 quel \u00e2ge commencer \u00e0 utiliser une cr\u00e8me de nuit Helena Rubinstein ?<span class=\"ez-toc-section-end\"><\/span><\/h3>\n<div itemscope itemprop=\"acceptedAnswer\" itemtype=\"https:\/\/schema.org\/Answer\">\n<p itemprop=\"text\">Vous pouvez d\u00e9buter l&rsquo;utilisation d&rsquo;une <strong>cr\u00e8me de nuit Helena Rubinstein<\/strong> d\u00e8s 25-30 ans pour pr\u00e9venir les premiers signes de vieillissement. Les gammes comme Prodigy Cellglow conviennent aux peaux jeunes, tandis que <strong>Re-Plasty<\/strong> s&rsquo;adresse aux peaux matures n\u00e9cessitant une action anti-\u00e2ge intensive et cibl\u00e9e.<\/p>\n<\/div>\n<\/div>\n<div itemscope itemprop=\"mainEntity\" itemtype=\"https:\/\/schema.org\/Question\">\n<h3 itemprop=\"name\"><span class=\"ez-toc-section\" id=\"Combien_de_temps_dure_un_pot_de_creme_de_nuit_Helena_Rubinstein\"><\/span>Combien de temps dure un pot de cr\u00e8me de nuit Helena Rubinstein ?<span class=\"ez-toc-section-end\"><\/span><\/h3>\n<div itemscope itemprop=\"acceptedAnswer\" itemtype=\"https:\/\/schema.org\/Answer\">\n<p itemprop=\"text\">Un pot de <strong>50ml dure environ 2 \u00e0 3 mois<\/strong> avec une utilisation quotidienne appropri\u00e9e. Une noisette suffit pour couvrir l&rsquo;ensemble du visage et du cou. Cette dur\u00e9e optimale permet de b\u00e9n\u00e9ficier pleinement des <strong>actifs concentr\u00e9s<\/strong> tout en justifiant l&rsquo;investissement dans ces soins premium.<\/p>\n<\/div>\n<\/div>\n<div itemscope itemprop=\"mainEntity\" itemtype=\"https:\/\/schema.org\/Question\">\n<h3 itemprop=\"name\"><span class=\"ez-toc-section\" id=\"Peut-on_utiliser_la_creme_de_nuit_Helena_Rubinstein_sur_le_contour_des_yeux\"><\/span>Peut-on utiliser la cr\u00e8me de nuit Helena Rubinstein sur le contour des yeux ?<span class=\"ez-toc-section-end\"><\/span><\/h3>\n<div itemscope itemprop=\"acceptedAnswer\" itemtype=\"https:\/\/schema.org\/Answer\">\n<p itemprop=\"text\">Il est pr\u00e9f\u00e9rable d&rsquo;utiliser un <strong>soin contour des yeux sp\u00e9cifique<\/strong> de la marque, formul\u00e9 pour cette zone d\u00e9licate. Les cr\u00e8mes de nuit pour le visage contiennent des actifs plus concentr\u00e9s qui peuvent s&rsquo;av\u00e9rer trop riches pour le contour oculaire et provoquer des irritations.<\/p>\n<\/div>\n<\/div>\n<div itemscope itemprop=\"mainEntity\" itemtype=\"https:\/\/schema.org\/Question\">\n<h3 itemprop=\"name\"><span class=\"ez-toc-section\" id=\"La_creme_de_nuit_Helena_Rubinstein_convient-elle_aux_peaux_sensibles\"><\/span>La cr\u00e8me de nuit Helena Rubinstein convient-elle aux peaux sensibles ?<span class=\"ez-toc-section-end\"><\/span><\/h3>\n<div itemscope itemprop=\"acceptedAnswer\" itemtype=\"https:\/\/schema.org\/Answer\">\n<p itemprop=\"text\">Les formules Helena Rubinstein sont <strong>test\u00e9es dermatologiquement<\/strong>, mais leur richesse en actifs peut ne pas convenir \u00e0 toutes les peaux sensibles. Il est recommand\u00e9 de r\u00e9aliser un test cutan\u00e9 sur une petite zone avant utilisation compl\u00e8te. Consultez une esth\u00e9ticienne pour des conseils personnalis\u00e9s adapt\u00e9s.<\/p>\n<\/div>\n<\/div>\n<div itemscope itemprop=\"mainEntity\" itemtype=\"https:\/\/schema.org\/Question\">\n<h3 itemprop=\"name\"><span class=\"ez-toc-section\" id=\"Faut-il_alterner_avec_dautres_marques_ou_rester_fidele_a_Helena_Rubinstein\"><\/span>Faut-il alterner avec d&rsquo;autres marques ou rester fid\u00e8le \u00e0 Helena Rubinstein ?<span class=\"ez-toc-section-end\"><\/span><\/h3>\n<div itemscope itemprop=\"acceptedAnswer\" itemtype=\"https:\/\/schema.org\/Answer\">\n<p itemprop=\"text\">Pour des <strong>optimum results<\/strong>, il est pr\u00e9f\u00e9rable de maintenir une routine coh\u00e9rente pendant au moins 3 mois. Helena Rubinstein propose des gammes compl\u00e8tes qui fonctionnent en synergie. Cependant, vous pouvez combiner avec des s\u00e9rums d&rsquo;autres marques selon vos besoins sp\u00e9cifiques cutan\u00e9s.<\/p>\n<\/div>\n<\/div>\n<\/div>","protected":false},"excerpt":{"rendered":"<p>\u2713 Les infos \u00e0 retenir La gamme Re-Plasty Age Recovery d&rsquo;Helena Rubinstein contient des peptides biomim\u00e9tiques qui stimulent la production naturelle de collag\u00e8ne Les cr\u00e8mes de nuit Helena Rubinstein se situent dans une fourchette de prix entre 80 et 200 euros selon les gammes La ligne Prodigy Cellglow booste l&rsquo;activit\u00e9 cellulaire pendant la nuit, p\u00e9riode [&hellip;]<\/p>\n","protected":false},"author":1,"featured_media":2926,"comment_status":"open","ping_status":"","sticky":false,"template":"","format":"standard","meta":{"footnotes":""},"categories":[37],"tags":[],"class_list":["post-2929","post","type-post","status-publish","format-standard","has-post-thumbnail","hentry","category-sante"],"_links":{"self":[{"href":"https:\/\/www.appareil-minceur.fr\/en\/wp-json\/wp\/v2\/posts\/2929","targetHints":{"allow":["GET"]}}],"collection":[{"href":"https:\/\/www.appareil-minceur.fr\/en\/wp-json\/wp\/v2\/posts"}],"about":[{"href":"https:\/\/www.appareil-minceur.fr\/en\/wp-json\/wp\/v2\/types\/post"}],"author":[{"embeddable":true,"href":"https:\/\/www.appareil-minceur.fr\/en\/wp-json\/wp\/v2\/users\/1"}],"replies":[{"embeddable":true,"href":"https:\/\/www.appareil-minceur.fr\/en\/wp-json\/wp\/v2\/comments?post=2929"}],"version-history":[{"count":0,"href":"https:\/\/www.appareil-minceur.fr\/en\/wp-json\/wp\/v2\/posts\/2929\/revisions"}],"wp:featuredmedia":[{"embeddable":true,"href":"https:\/\/www.appareil-minceur.fr\/en\/wp-json\/wp\/v2\/media\/2926"}],"wp:attachment":[{"href":"https:\/\/www.appareil-minceur.fr\/en\/wp-json\/wp\/v2\/media?parent=2929"}],"wp:term":[{"taxonomy":"category","embeddable":true,"href":"https:\/\/www.appareil-minceur.fr\/en\/wp-json\/wp\/v2\/categories?post=2929"},{"taxonomy":"post_tag","embeddable":true,"href":"https:\/\/www.appareil-minceur.fr\/en\/wp-json\/wp\/v2\/tags?post=2929"}],"curies":[{"name":"wp","href":"https:\/\/api.w.org\/{rel}","templated":true}]}}