{"id":3027,"date":"2026-01-26T11:04:30","date_gmt":"2026-01-26T11:04:30","guid":{"rendered":"https:\/\/www.appareil-minceur.fr\/non-categorise\/taille-macron\/"},"modified":"2026-01-26T11:04:30","modified_gmt":"2026-01-26T11:04:30","slug":"taille-macron","status":"publish","type":"post","link":"https:\/\/www.appareil-minceur.fr\/en\/health\/taille-macron\/","title":{"rendered":"How tall is Macron exactly?"},"content":{"rendered":"<div class=\"kk-star-ratings kksr-auto kksr-align-left kksr-valign-top\"\n    data-payload='{&quot;align&quot;:&quot;left&quot;,&quot;id&quot;:&quot;3027&quot;,&quot;slug&quot;:&quot;default&quot;,&quot;valign&quot;:&quot;top&quot;,&quot;ignore&quot;:&quot;&quot;,&quot;reference&quot;:&quot;auto&quot;,&quot;class&quot;:&quot;&quot;,&quot;count&quot;:&quot;0&quot;,&quot;legendonly&quot;:&quot;&quot;,&quot;readonly&quot;:&quot;&quot;,&quot;score&quot;:&quot;0&quot;,&quot;starsonly&quot;:&quot;&quot;,&quot;best&quot;:&quot;5&quot;,&quot;gap&quot;:&quot;5&quot;,&quot;greet&quot;:&quot;Notez cet article !&quot;,&quot;legend&quot;:&quot;0\\\/5 - (0 votes)&quot;,&quot;size&quot;:&quot;16&quot;,&quot;title&quot;:&quot;Quelle est la taille exacte de Macron ?&quot;,&quot;width&quot;:&quot;0&quot;,&quot;_legend&quot;:&quot;{score}\\\/{best} - ({count} {votes})&quot;,&quot;font_factor&quot;:&quot;1.25&quot;}'>\n            \n<div class=\"kksr-stars\">\n    \n<div class=\"kksr-stars-inactive\">\n            <div class=\"kksr-star\" data-star=\"1\" style=\"padding-right: 5px\">\n            \n\n<div class=\"kksr-icon\" style=\"width: 16px; height: 16px;\"><\/div>\n        <\/div>\n            <div class=\"kksr-star\" data-star=\"2\" style=\"padding-right: 5px\">\n            \n\n<div class=\"kksr-icon\" style=\"width: 16px; height: 16px;\"><\/div>\n        <\/div>\n            <div class=\"kksr-star\" data-star=\"3\" style=\"padding-right: 5px\">\n            \n\n<div class=\"kksr-icon\" style=\"width: 16px; height: 16px;\"><\/div>\n        <\/div>\n            <div class=\"kksr-star\" data-star=\"4\" style=\"padding-right: 5px\">\n            \n\n<div class=\"kksr-icon\" style=\"width: 16px; height: 16px;\"><\/div>\n        <\/div>\n            <div class=\"kksr-star\" data-star=\"5\" style=\"padding-right: 5px\">\n            \n\n<div class=\"kksr-icon\" style=\"width: 16px; height: 16px;\"><\/div>\n        <\/div>\n    <\/div>\n    \n<div class=\"kksr-stars-active\" style=\"width: 0px;\">\n            <div class=\"kksr-star\" style=\"padding-right: 5px\">\n            \n\n<div class=\"kksr-icon\" style=\"width: 16px; height: 16px;\"><\/div>\n        <\/div>\n            <div class=\"kksr-star\" style=\"padding-right: 5px\">\n            \n\n<div class=\"kksr-icon\" style=\"width: 16px; height: 16px;\"><\/div>\n        <\/div>\n            <div class=\"kksr-star\" style=\"padding-right: 5px\">\n            \n\n<div class=\"kksr-icon\" style=\"width: 16px; height: 16px;\"><\/div>\n        <\/div>\n            <div class=\"kksr-star\" style=\"padding-right: 5px\">\n            \n\n<div class=\"kksr-icon\" style=\"width: 16px; height: 16px;\"><\/div>\n        <\/div>\n            <div class=\"kksr-star\" style=\"padding-right: 5px\">\n            \n\n<div class=\"kksr-icon\" style=\"width: 16px; height: 16px;\"><\/div>\n        <\/div>\n    <\/div>\n<\/div>\n                \n\n<div class=\"kksr-legend\" style=\"font-size: 12.8px;\">\n            <span class=\"kksr-muted\">Rate this article!<\/span>\n    <\/div>\n    <\/div>\n<article>\n<div style=\"background-color: #f8f9fa; border-left: 4px solid #FF6600; padding: 20px; margin: 30px 0; border-radius: 5px; color: black;\">\n<h2><span class=\"ez-toc-section\" id=\"%E2%9C%93_Les_infos_a_retenir\"><\/span>\u2713 News to remember<span class=\"ez-toc-section-end\"><\/span><\/h2>\n<ul style=\"line-height: 1.8; margin: 15px 0; padding-left: 20px;\">\n<li><b>Emmanuel Macron mesure 1,73 m<\/b>, exactement la taille moyenne des hommes fran\u00e7ais<\/li>\n<li><b>Charles de Gaulle<\/b> \u00e9tait le plus grand pr\u00e9sident fran\u00e7ais avec 1,96 m, tandis que <b>Nicolas Sarkozy<\/b> \u00e9tait le plus petit avec 1,68 m<\/li>\n<li>Les pr\u00e9sidents am\u00e9ricains mesurent en moyenne <b>1,80 m<\/b>, soit 3 cm de plus que leurs homologues fran\u00e7ais<\/li>\n<li>Le mythe du \u00ab complexe de Napol\u00e9on \u00bb est fond\u00e9 sur une fausse information : l&#8217;empereur mesurait <b>1,68 m<\/b>, pas 1,50 m<\/li>\n<li>La taille influence les r\u00e9sultats \u00e9lectoraux de seulement <b>1 \u00e0 3 %<\/b> aux \u00c9tats-Unis : le charisme et l&rsquo;\u00e9loquence comptent bien plus<\/li>\n<\/ul>\n<\/div>\n<h2><span class=\"ez-toc-section\" id=\"Quelle_est_la_taille_exacte_dEmmanuel_Macron\"><\/span>Quelle est la taille exacte d&rsquo;Emmanuel Macron ?<span class=\"ez-toc-section-end\"><\/span><\/h2>\n<p>Commen\u00e7ons par r\u00e9pondre directement \u00e0 la question qui t&rsquo;am\u00e8ne ici : <b>Emmanuel Macron<\/b> mesure officiellement 1,73 m. Voil\u00e0, c&rsquo;est dit ! Cette taille le place dans la moyenne fran\u00e7aise pour les hommes, sans faire de lui ni un g\u00e9ant ni quelqu&rsquo;un de particuli\u00e8rement petit.<\/p><div id=\"ez-toc-container\" class=\"ez-toc-v2_0_82_2 counter-hierarchy ez-toc-counter ez-toc-custom ez-toc-container-direction\">\n<div class=\"ez-toc-title-container\">\n<p class=\"ez-toc-title\" style=\"cursor:inherit\">Article summary<\/p>\n<span class=\"ez-toc-title-toggle\"><a href=\"#\" class=\"ez-toc-pull-right ez-toc-btn ez-toc-btn-xs ez-toc-btn-default ez-toc-toggle\" aria-label=\"Toggle Table of Content\"><span class=\"ez-toc-js-icon-con\"><span class=\"\"><span class=\"eztoc-hide\" style=\"display:none;\">Toggle<\/span><span class=\"ez-toc-icon-toggle-span\"><svg style=\"fill: #ffffff;color:#ffffff\" xmlns=\"http:\/\/www.w3.org\/2000\/svg\" class=\"list-377408\" width=\"20px\" height=\"20px\" viewbox=\"0 0 24 24\" fill=\"none\"><path d=\"M6 6H4v2h2V6zm14 0H8v2h12V6zM4 11h2v2H4v-2zm16 0H8v2h12v-2zM4 16h2v2H4v-2zm16 0H8v2h12v-2z\" fill=\"currentColor\"><\/path><\/svg><svg style=\"fill: #ffffff;color:#ffffff\" class=\"arrow-unsorted-368013\" xmlns=\"http:\/\/www.w3.org\/2000\/svg\" width=\"10px\" height=\"10px\" viewbox=\"0 0 24 24\" version=\"1.2\" baseprofile=\"tiny\"><path d=\"M18.2 9.3l-6.2-6.3-6.2 6.3c-.2.2-.3.4-.3.7s.1.5.3.7c.2.2.4.3.7.3h11c.3 0 .5-.1.7-.3.2-.2.3-.5.3-.7s-.1-.5-.3-.7zM5.8 14.7l6.2 6.3 6.2-6.3c.2-.2.3-.5.3-.7s-.1-.5-.3-.7c-.2-.2-.4-.3-.7-.3h-11c-.3 0-.5.1-.7.3-.2.2-.3.5-.3.7s.1.5.3.7z\"\/><\/svg><\/span><\/span><\/span><\/a><\/span><\/div>\n<nav><ul class='ez-toc-list ez-toc-list-level-1 eztoc-toggle-hide-by-default' ><li class='ez-toc-page-1 ez-toc-heading-level-2'><a class=\"ez-toc-link ez-toc-heading-1\" href=\"https:\/\/www.appareil-minceur.fr\/en\/health\/taille-macron\/#%E2%9C%93_Les_infos_a_retenir\" >\u2713 News to remember<\/a><\/li><li class='ez-toc-page-1 ez-toc-heading-level-2'><a class=\"ez-toc-link ez-toc-heading-2\" href=\"https:\/\/www.appareil-minceur.fr\/en\/health\/taille-macron\/#Quelle_est_la_taille_exacte_dEmmanuel_Macron\" >Quelle est la taille exacte d&rsquo;Emmanuel Macron ?<\/a><\/li><li class='ez-toc-page-1 ez-toc-heading-level-2'><a class=\"ez-toc-link ez-toc-heading-3\" href=\"https:\/\/www.appareil-minceur.fr\/en\/health\/taille-macron\/#Comment_se_positionne-t-il_face_aux_autres_presidents_francais\" >Comment se positionne-t-il face aux autres pr\u00e9sidents fran\u00e7ais ?<\/a><ul class='ez-toc-list-level-3' ><li class='ez-toc-heading-level-3'><a class=\"ez-toc-link ez-toc-heading-4\" href=\"https:\/\/www.appareil-minceur.fr\/en\/health\/taille-macron\/#La_taille_moyenne_des_dirigeants_francais\" >La taille moyenne des dirigeants fran\u00e7ais<\/a><\/li><\/ul><\/li><li class='ez-toc-page-1 ez-toc-heading-level-2'><a class=\"ez-toc-link ez-toc-heading-5\" href=\"https:\/\/www.appareil-minceur.fr\/en\/health\/taille-macron\/#La_taille_des_presidents_americains_une_comparaison_internationale\" >La taille des pr\u00e9sidents am\u00e9ricains : une comparaison internationale<\/a><ul class='ez-toc-list-level-3' ><li class='ez-toc-heading-level-3'><a class=\"ez-toc-link ez-toc-heading-6\" href=\"https:\/\/www.appareil-minceur.fr\/en\/health\/taille-macron\/#Pourquoi_cette_difference_culturelle\" >Pourquoi cette diff\u00e9rence culturelle ?<\/a><\/li><\/ul><\/li><li class='ez-toc-page-1 ez-toc-heading-level-2'><a class=\"ez-toc-link ez-toc-heading-7\" href=\"https:\/\/www.appareil-minceur.fr\/en\/health\/taille-macron\/#Le_mythe_de_Napoleon_petit_homme_grande_legende\" >Le mythe de Napol\u00e9on : petit homme, grande l\u00e9gende ?<\/a><ul class='ez-toc-list-level-3' ><li class='ez-toc-heading-level-3'><a class=\"ez-toc-link ez-toc-heading-8\" href=\"https:\/\/www.appareil-minceur.fr\/en\/health\/taille-macron\/#Lorigine_de_la_propagande_anglaise\" >L&rsquo;origine de la propagande anglaise<\/a><\/li><\/ul><\/li><li class='ez-toc-page-1 ez-toc-heading-level-2'><a class=\"ez-toc-link ez-toc-heading-9\" href=\"https:\/\/www.appareil-minceur.fr\/en\/health\/taille-macron\/#La_taille_influence-t-elle_vraiment_le_leadership\" >La taille influence-t-elle vraiment le leadership ?<\/a><ul class='ez-toc-list-level-3' ><li class='ez-toc-heading-level-3'><a class=\"ez-toc-link ez-toc-heading-10\" href=\"https:\/\/www.appareil-minceur.fr\/en\/health\/taille-macron\/#Des_exemples_qui_parlent_deux-memes\" >Des exemples qui parlent d&rsquo;eux-m\u00eames<\/a><\/li><\/ul><\/li><li class='ez-toc-page-1 ez-toc-heading-level-2'><a class=\"ez-toc-link ez-toc-heading-11\" href=\"https:\/\/www.appareil-minceur.fr\/en\/health\/taille-macron\/#Taille_et_intelligence_existe-t-il_un_lien\" >Taille et intelligence : existe-t-il un lien ?<\/a><ul class='ez-toc-list-level-3' ><li class='ez-toc-heading-level-3'><a class=\"ez-toc-link ez-toc-heading-12\" href=\"https:\/\/www.appareil-minceur.fr\/en\/health\/taille-macron\/#Les_grands_hommes_ne_sont_pas_toujours_grands\" >Les grands hommes ne sont pas toujours grands<\/a><\/li><\/ul><\/li><li class='ez-toc-page-1 ez-toc-heading-level-2'><a class=\"ez-toc-link ez-toc-heading-13\" href=\"https:\/\/www.appareil-minceur.fr\/en\/health\/taille-macron\/#Pourquoi_la_taille_des_politiques_nous_intrigue_tant\" >Pourquoi la taille des politiques nous intrigue tant ?<\/a><ul class='ez-toc-list-level-3' ><li class='ez-toc-heading-level-3'><a class=\"ez-toc-link ez-toc-heading-14\" href=\"https:\/\/www.appareil-minceur.fr\/en\/health\/taille-macron\/#Les_biais_cognitifs_a_loeuvre\" >Les biais cognitifs \u00e0 l&rsquo;\u0153uvre<\/a><\/li><\/ul><\/li><li class='ez-toc-page-1 ez-toc-heading-level-2'><a class=\"ez-toc-link ez-toc-heading-15\" href=\"https:\/\/www.appareil-minceur.fr\/en\/health\/taille-macron\/#Les_chefs_dentreprise_sont-ils_plus_grands\" >Les chefs d&rsquo;entreprise sont-ils plus grands ?<\/a><ul class='ez-toc-list-level-3' ><li class='ez-toc-heading-level-3'><a class=\"ez-toc-link ez-toc-heading-16\" href=\"https:\/\/www.appareil-minceur.fr\/en\/health\/taille-macron\/#Limportance_relative_de_lapparence\" >L&rsquo;importance relative de l&rsquo;apparence<\/a><\/li><\/ul><\/li><li class='ez-toc-page-1 ez-toc-heading-level-2'><a class=\"ez-toc-link ez-toc-heading-17\" href=\"https:\/\/www.appareil-minceur.fr\/en\/health\/taille-macron\/#Questions_frequentes_sur_la_taille_des_dirigeants\" >Questions fr\u00e9quentes sur la taille des dirigeants<\/a><ul class='ez-toc-list-level-3' ><li class='ez-toc-heading-level-3'><a class=\"ez-toc-link ez-toc-heading-18\" href=\"https:\/\/www.appareil-minceur.fr\/en\/health\/taille-macron\/#Pourquoi_certains_dirigeants_semblent-ils_plus_grands_en_public\" >Pourquoi certains dirigeants semblent-ils plus grands en public ?<\/a><\/li><li class='ez-toc-page-1 ez-toc-heading-level-3'><a class=\"ez-toc-link ez-toc-heading-19\" href=\"https:\/\/www.appareil-minceur.fr\/en\/health\/taille-macron\/#Quelle_est_la_taille_moyenne_des_chefs_dEtat_europeens\" >Quelle est la taille moyenne des chefs d&rsquo;\u00c9tat europ\u00e9ens ?<\/a><\/li><li class='ez-toc-page-1 ez-toc-heading-level-3'><a class=\"ez-toc-link ez-toc-heading-20\" href=\"https:\/\/www.appareil-minceur.fr\/en\/health\/taille-macron\/#Existe-t-il_des_dirigeants_exceptionnellement_petits_ou_grands\" >Existe-t-il des dirigeants exceptionnellement petits ou grands ?<\/a><\/li><li class='ez-toc-page-1 ez-toc-heading-level-3'><a class=\"ez-toc-link ez-toc-heading-21\" href=\"https:\/\/www.appareil-minceur.fr\/en\/health\/taille-macron\/#Comment_les_medias_verifient-ils_la_taille_des_dirigeants\" >Comment les m\u00e9dias v\u00e9rifient-ils la taille des dirigeants ?<\/a><\/li><li class='ez-toc-page-1 ez-toc-heading-level-3'><a class=\"ez-toc-link ez-toc-heading-22\" href=\"https:\/\/www.appareil-minceur.fr\/en\/health\/taille-macron\/#La_taille_influence-t-elle_les_resultats_electoraux\" >La taille influence-t-elle les r\u00e9sultats \u00e9lectoraux ?<\/a><\/li><\/ul><\/li><\/ul><\/nav><\/div>\n\n<p>Tu te demandes peut-\u00eatre d&rsquo;o\u00f9 vient cette info ? Les donn\u00e9es proviennent de sources officielles et d&rsquo;interviews o\u00f9 le pr\u00e9sident a lui-m\u00eame \u00e9voqu\u00e9 sa stature. Aucun myst\u00e8re l\u00e0-dedans, contrairement \u00e0 ce qu&rsquo;on peut lire parfois sur les r\u00e9seaux sociaux !<\/p>\n<blockquote style=\"background-color: #efefef; color: black; border-radius: 10px; padding: 15px; margin: 20px 0;\"><p>\nEmmanuel Macron mesure 1,73 m, ce qui correspond exactement \u00e0 la taille moyenne des hommes fran\u00e7ais \u2705\n<\/p><\/blockquote>\n<p><img decoding=\"async\" src=\"https:\/\/www.appareil-minceur.fr\/wp-content\/uploads\/2026\/01\/macron-taille-exacte-dirigeants-comparaison-scaled.jpg\" style=\"width: 100%; height: auto; border-radius: 10px; margin: 20px 0;\"><\/p>\n<h2><span class=\"ez-toc-section\" id=\"Comment_se_positionne-t-il_face_aux_autres_presidents_francais\"><\/span>Comment se positionne-t-il face aux autres pr\u00e9sidents fran\u00e7ais ?<span class=\"ez-toc-section-end\"><\/span><\/h2>\n<p>Maintenant qu&rsquo;on conna\u00eet sa taille, voyons comment Macron se situe par rapport \u00e0 ses pr\u00e9d\u00e9cesseurs. L&rsquo;histoire de la Ve R\u00e9publique nous offre un panel int\u00e9ressant de gabarits diff\u00e9rents !<\/p>\n<table border=\"1\" cellpadding=\"10\" cellspacing=\"0\" style=\"width: 100%; border-collapse: collapse; margin: 20px 0;\">\n<thead>\n<tr style=\"background-color: #f5f5f5;\">\n<th>Pr\u00e9sident<\/th>\n<th>Taille<\/th>\n<\/tr>\n<\/thead>\n<tbody>\n<tr>\n<td>Charles de Gaulle<\/td>\n<td>1,96 m<\/td>\n<\/tr>\n<tr>\n<td>Georges Pompidou<\/td>\n<td>1,73 m<\/td>\n<\/tr>\n<tr>\n<td>Val\u00e9ry Giscard d&rsquo;Estaing<\/td>\n<td>1,87 m<\/td>\n<\/tr>\n<tr>\n<td>Fran\u00e7ois Mitterrand<\/td>\n<td>1,72 m<\/td>\n<\/tr>\n<tr>\n<td>Jacques Chirac<\/td>\n<td>1,89 m<\/td>\n<\/tr>\n<tr>\n<td>Nicolas Sarkozy<\/td>\n<td>1,68 m<\/td>\n<\/tr>\n<tr>\n<td>Fran\u00e7ois Hollande<\/td>\n<td>1,70 m<\/td>\n<\/tr>\n<tr>\n<td>Emmanuel Macron<\/td>\n<td>1,73 m<\/td>\n<\/tr>\n<\/tbody>\n<\/table>\n<p>Avec ses 1,73 m, Macron se situe pile au milieu du classement. Il d\u00e9passe Sarkozy, Hollande et Mitterrand, mais reste loin derri\u00e8re les g\u00e9ants comme de Gaulle ou Chirac. Pas mal, non ?<\/p>\n<h3><span class=\"ez-toc-section\" id=\"La_taille_moyenne_des_dirigeants_francais\"><\/span>La taille moyenne des dirigeants fran\u00e7ais<span class=\"ez-toc-section-end\"><\/span><\/h3>\n<p>Si tu calcules la moyenne, les pr\u00e9sidents de la Ve R\u00e9publique mesurent environ 1,77 m. Macron est donc l\u00e9g\u00e8rement en dessous, mais \u00e7a n&rsquo;a jamais emp\u00each\u00e9 personne d&rsquo;exercer le pouvoir efficacement ! \ud83d\udcaa<\/p>\n<h2><span class=\"ez-toc-section\" id=\"La_taille_des_presidents_americains_une_comparaison_internationale\"><\/span>La taille des pr\u00e9sidents am\u00e9ricains : une comparaison internationale<span class=\"ez-toc-section-end\"><\/span><\/h2>\n<p>Jetons maintenant un \u0153il du c\u00f4t\u00e9 des \u00c9tats-Unis. Les pr\u00e9sidents am\u00e9ricains ont souvent \u00e9t\u00e9 plus grands que leurs homologues fran\u00e7ais. La taille moyenne des pr\u00e9sidents am\u00e9ricains tourne autour de 1,80 m.<\/p>\n<p>Abraham Lincoln tr\u00f4nait \u00e0 1,93 m, tandis que Donald Trump affiche 1,90 m. Barack Obama mesure 1,85 m. Tu vois la diff\u00e9rence ? Les Am\u00e9ricains semblent avoir un faible pour les grands gabarits dans leurs urnes.<\/p>\n<h3><span class=\"ez-toc-section\" id=\"Pourquoi_cette_difference_culturelle\"><\/span>Pourquoi cette diff\u00e9rence culturelle ?<span class=\"ez-toc-section-end\"><\/span><\/h3>\n<p>Des \u00e9tudes ont montr\u00e9 que les \u00e9lecteurs am\u00e9ricains associent inconsciemment la grande taille au <b>leadership<\/b> et \u00e0 l&rsquo;autorit\u00e9. Ce biais cognitif joue parfois un r\u00f4le lors des scrutins serr\u00e9s. Dingue, hein ?<\/p>\n<div style=\"width: 100%; max-width: 100%; margin: 30px 0;\">\n<iframe width=\"100%\" height=\"400\" src=\"https:\/\/www.youtube.com\/embed\/BR6ucV0ncAI\" frameborder=\"0\" allow=\"accelerometer; autoplay; clipboard-write; encrypted-media; gyroscope; picture-in-picture\" allowfullscreen><\/iframe>\n<\/div>\n<h2><span class=\"ez-toc-section\" id=\"Le_mythe_de_Napoleon_petit_homme_grande_legende\"><\/span>Le mythe de Napol\u00e9on : petit homme, grande l\u00e9gende ?<span class=\"ez-toc-section-end\"><\/span><\/h2>\n<p>Parlons maintenant d&rsquo;un mythe tenace : celui du <b>complexe de Napol\u00e9on<\/b>. Tu as s\u00fbrement entendu cette expression qui sugg\u00e8re que les hommes de petite taille compenseraient par une ambition d\u00e9mesur\u00e9e.<\/p>\n<p>Mais attention, Napol\u00e9on Bonaparte ne mesurait pas 1,50 m comme on le croit souvent ! Il faisait en r\u00e9alit\u00e9 environ 1,68 m, ce qui \u00e9tait parfaitement normal pour son \u00e9poque. La confusion vient d&rsquo;une diff\u00e9rence de mesure entre le syst\u00e8me fran\u00e7ais et anglais de l&rsquo;\u00e9poque.<\/p>\n<blockquote style=\"background-color: #efefef; color: black; border-radius: 10px; padding: 15px; margin: 20px 0;\"><p>\nLe \u00ab\u00a0complexe de Napol\u00e9on\u00a0\u00bb repose sur un mythe : l&#8217;empereur mesurait 1,68 m, une taille normale pour son \u00e9poque \ud83d\udccf\n<\/p><\/blockquote>\n<h3><span class=\"ez-toc-section\" id=\"Lorigine_de_la_propagande_anglaise\"><\/span>L&rsquo;origine de la propagande anglaise<span class=\"ez-toc-section-end\"><\/span><\/h3>\n<p>Les caricaturistes britanniques ont volontairement repr\u00e9sent\u00e9 Napol\u00e9on comme un petit homme rageur pour se moquer de lui. Cette image s&rsquo;est ancr\u00e9e dans l&rsquo;imaginaire collectif, alors qu&rsquo;elle \u00e9tait totalement fausse !<\/p>\n<p><img decoding=\"async\" src=\"https:\/\/www.appareil-minceur.fr\/wp-content\/uploads\/2026\/01\/macron-taille-mesure-dirigeants-comparaison-scaled.jpg\" style=\"width: 100%; height: auto; border-radius: 10px; margin: 20px 0;\"><\/p>\n<h2><span class=\"ez-toc-section\" id=\"La_taille_influence-t-elle_vraiment_le_leadership\"><\/span>La taille influence-t-elle vraiment le leadership ?<span class=\"ez-toc-section-end\"><\/span><\/h2>\n<p>Voil\u00e0 LA question qui tue. Est-ce que ta taille d\u00e9termine ta capacit\u00e9 \u00e0 diriger ? Spoiler : absolument pas ! Les \u00e9tudes psychologiques donnent des r\u00e9sultats nuanc\u00e9s sur ce sujet.<\/p>\n<p>Certaines recherches montrent qu&rsquo;il existe une l\u00e9g\u00e8re corr\u00e9lation entre taille et perception d&rsquo;autorit\u00e9. Mais d&rsquo;autres facteurs comptent bien plus : le charisme, l&rsquo;intelligence, la communication, l&rsquo;exp\u00e9rience&#8230;<\/p>\n<h3><span class=\"ez-toc-section\" id=\"Des_exemples_qui_parlent_deux-memes\"><\/span>Des exemples qui parlent d&rsquo;eux-m\u00eames<span class=\"ez-toc-section-end\"><\/span><\/h3>\n<p>Regarde certains des plus grands dirigeants de l&rsquo;histoire :<\/p>\n<ul>\n<li>Winston Churchill : 1,67 m<\/li>\n<li>Vladimir Poutine : 1,70 m<\/li>\n<li>Angela Merkel : 1,65 m<\/li>\n<li>Indira Gandhi : 1,60 m<\/li>\n<\/ul>\n<p>Aucun d&rsquo;eux n&rsquo;\u00e9tait particuli\u00e8rement grand, et pourtant ils ont marqu\u00e9 l&rsquo;histoire ! La preuve que le <b>leadership<\/b> ne se mesure pas en centim\u00e8tres. Ces exemples montrent bien que <a href=\"https:\/\/www.appareil-minceur.fr\/en\/weight-loss-2\/calculate-weight-loss-percentage\/\" style=\"color: #FF6600; text-decoration: none;\">le succ\u00e8s se mesure \u00e0 bien d&rsquo;autres crit\u00e8res que nos caract\u00e9ristiques physiques<\/a>, qu&rsquo;elles soient la taille ou le poids.<\/p>\n<h2><span class=\"ez-toc-section\" id=\"Taille_et_intelligence_existe-t-il_un_lien\"><\/span>Taille et intelligence : existe-t-il un lien ?<span class=\"ez-toc-section-end\"><\/span><\/h2>\n<p>Certains se demandent s&rsquo;il existe une corr\u00e9lation entre taille et QI. Les scientifiques ont \u00e9tudi\u00e9 cette question et les r\u00e9sultats sont&#8230; surprenants ! Des \u00e9tudes ont effectivement trouv\u00e9 une l\u00e9g\u00e8re corr\u00e9lation positive, mais celle-ci s&rsquo;explique surtout par des facteurs nutritionnels pendant l&rsquo;enfance.<\/p>\n<p>Albert Einstein mesurait 1,75 m, Stephen Hawking 1,69 m. Rien d&rsquo;extraordinaire niveau gabarit, mais des cerveaux hors norme ! La taille n&rsquo;a jamais \u00e9t\u00e9 un crit\u00e8re de g\u00e9nie.<\/p>\n<h3><span class=\"ez-toc-section\" id=\"Les_grands_hommes_ne_sont_pas_toujours_grands\"><\/span>Les grands hommes ne sont pas toujours grands<span class=\"ez-toc-section-end\"><\/span><\/h3>\n<p>Alexandre le Grand, malgr\u00e9 son nom, mesurait probablement autour de 1,65 m. Charlie Chaplin faisait 1,65 m \u00e9galement. La grandeur se trouve ailleurs que dans le m\u00e8tre ruban, c&rsquo;est \u00e9vident !<\/p>\n<h2><span class=\"ez-toc-section\" id=\"Pourquoi_la_taille_des_politiques_nous_intrigue_tant\"><\/span>Pourquoi la taille des politiques nous intrigue tant ?<span class=\"ez-toc-section-end\"><\/span><\/h2>\n<p>Tu t&rsquo;es peut-\u00eatre d\u00e9j\u00e0 pos\u00e9 cette question : pourquoi on s&rsquo;int\u00e9resse autant \u00e0 la taille de nos dirigeants ? C&rsquo;est un ph\u00e9nom\u00e8ne psychologique assez marrant quand tu y r\u00e9fl\u00e9chis \ud83d\ude0a<\/p>\n<p>D&rsquo;abord, il y a cette curiosit\u00e9 naturelle pour les d\u00e9tails physiques des personnalit\u00e9s publiques. On veut tout savoir d&rsquo;eux, m\u00eame les infos les plus banales. Ensuite, la taille reste associ\u00e9e dans notre inconscient \u00e0 des notions de pouvoir et d&rsquo;autorit\u00e9.<\/p>\n<h3><span class=\"ez-toc-section\" id=\"Les_biais_cognitifs_a_loeuvre\"><\/span>Les biais cognitifs \u00e0 l&rsquo;\u0153uvre<span class=\"ez-toc-section-end\"><\/span><\/h3>\n<p>Notre cerveau fonctionne par associations rapides. Une personne grande nous semble instinctivement plus imposante, donc potentiellement plus apte \u00e0 commander. C&rsquo;est compl\u00e8tement irrationnel, mais c&rsquo;est comme \u00e7a qu&rsquo;on est c\u00e2bl\u00e9s !<\/p>\n<p>Heureusement, l&rsquo;\u00e9ducation et la raison nous permettent de d\u00e9passer ces biais. Un bon dirigeant se reconna\u00eet \u00e0 ses actes, pas \u00e0 sa stature. Point final !<\/p>\n<p><img decoding=\"async\" src=\"https:\/\/www.appareil-minceur.fr\/wp-content\/uploads\/2026\/01\/macron-taille-comparaison-dirigeants-france-scaled.jpg\" style=\"width: 100%; height: auto; border-radius: 10px; margin: 20px 0;\"><\/p>\n<h2><span class=\"ez-toc-section\" id=\"Les_chefs_dentreprise_sont-ils_plus_grands\"><\/span>Les chefs d&rsquo;entreprise sont-ils plus grands ?<span class=\"ez-toc-section-end\"><\/span><\/h2>\n<p>Terminons par un d\u00e9tour c\u00f4t\u00e9 business. Des \u00e9tudes men\u00e9es sur les PDG des grandes entreprises am\u00e9ricaines ont r\u00e9v\u00e9l\u00e9 qu&rsquo;ils mesuraient en moyenne 1,83 m, soit 7 cm de plus que la moyenne masculine aux USA.<\/p>\n<p>Jeff Bezos mesure 1,71 m, Mark Zuckerberg 1,71 m \u00e9galement. Comme quoi, m\u00eame dans le monde des affaires, la taille ne fait pas tout ! Le talent, la vision et le travail comptent infiniment plus. <a href=\"https:\/\/www.appareil-minceur.fr\/en\/health\/female-bone-mass-2-kg\/\" style=\"color: #FF6600; text-decoration: none;\">La composition corporelle et les facteurs biologiques<\/a> peuvent influencer comment on nous per\u00e7oit, mais ils ne d\u00e9terminent jamais notre potentiel r\u00e9el. \ud83d\udc4d<\/p>\n<h3><span class=\"ez-toc-section\" id=\"Limportance_relative_de_lapparence\"><\/span>L&rsquo;importance relative de l&rsquo;apparence<span class=\"ez-toc-section-end\"><\/span><\/h3>\n<p>Certes, l&rsquo;apparence joue un r\u00f4le dans la premi\u00e8re impression. Mais une fois que tu prouves ta valeur, personne ne se souvient si tu mesurais 1,65 m ou 1,85 m. Ce qui reste, c&rsquo;est l&rsquo;impact de tes d\u00e9cisions et de ton action.<\/p>\n<p>D&rsquo;ailleurs, si tu es int\u00e9ress\u00e9 par la composition physique et comment elle se mesure, <a href=\"https:\/\/www.appareil-minceur.fr\/en\/devices\/professional-impedance-meter-scale\/\" style=\"color: #FF6600; text-decoration: none;\">une balance imp\u00e9dancem\u00e8tre professionnelle<\/a> peut te fournir des donn\u00e9es bien plus r\u00e9v\u00e9latrices que la simple taille sur un m\u00e8tre ruban.<\/p>\n<p>Alors oui, Emmanuel Macron mesure 1,73 m. Maintenant que tu as l&rsquo;info, tu sais aussi qu&rsquo;elle ne d\u00e9finit en rien sa capacit\u00e9 \u00e0 diriger ! La vraie grandeur se trouve dans les actions, les valeurs et l&rsquo;impact qu&rsquo;on laisse derri\u00e8re soi. Et \u00e7a, \u00e7a ne se mesure d\u00e9finitivement pas avec un m\u00e8tre ruban ! \ud83c\udfaf<\/p>\n<div style=\"background-color: #f8f9fa; border-left: 4px solid #FF6600; padding: 20px; color: black; margin-top: 40px; border-radius: 5px;\">\n<h2><span class=\"ez-toc-section\" id=\"Questions_frequentes_sur_la_taille_des_dirigeants\"><\/span>Questions fr\u00e9quentes sur la taille des dirigeants<span class=\"ez-toc-section-end\"><\/span><\/h2>\n<div itemscope itemprop=\"mainEntity\" itemtype=\"https:\/\/schema.org\/Question\">\n<h3 itemprop=\"name\"><span class=\"ez-toc-section\" id=\"Pourquoi_certains_dirigeants_semblent-ils_plus_grands_en_public\"><\/span>Pourquoi certains dirigeants semblent-ils plus grands en public ?<span class=\"ez-toc-section-end\"><\/span><\/h3>\n<div itemscope itemprop=\"acceptedAnswer\" itemtype=\"https:\/\/schema.org\/Answer\">\n<div itemprop=\"text\">\n<p>Les dirigeants utilisent souvent des <b>estrades<\/b> sur\u00e9lev\u00e9es (10 \u00e0 20 cm) et des <b>talonnettes<\/b> discr\u00e8tes dans leurs chaussures. Emmanuel Macron, par exemple, porte des semelles compens\u00e9es lors des discours. Les angles de cam\u00e9ra et les <b>costumes<\/b> ajust\u00e9s (\u00e9paulettes, vestes cintr\u00e9es) amplifient aussi cette perception. Ces techniques visent \u00e0 renforcer leur <b>pr\u00e9sence<\/b> sans alt\u00e9rer leur taille r\u00e9elle.<\/p>\n<\/div>\n<\/div>\n<\/div>\n<div itemscope itemprop=\"mainEntity\" itemtype=\"https:\/\/schema.org\/Question\">\n<h3 itemprop=\"name\"><span class=\"ez-toc-section\" id=\"Quelle_est_la_taille_moyenne_des_chefs_dEtat_europeens\"><\/span>Quelle est la taille moyenne des chefs d&rsquo;\u00c9tat europ\u00e9ens ?<span class=\"ez-toc-section-end\"><\/span><\/h3>\n<div itemscope itemprop=\"acceptedAnswer\" itemtype=\"https:\/\/schema.org\/Answer\">\n<div itemprop=\"text\">\n<p>La taille moyenne des dirigeants europ\u00e9ens oscille entre <b>1,75 m<\/b> and <b>1,80 m<\/b>. Olaf Scholz (Allemagne) mesure 1,76 m, Pedro S\u00e1nchez (Espagne) 1,82 m, et Giorgia Meloni (Italie) 1,65 m. Ces chiffres refl\u00e8tent les standards locaux : les pays nordiques affichent des moyennes plus \u00e9lev\u00e9es (1,80 m pour les hommes) que les pays m\u00e9diterran\u00e9ens (1,74 m).<\/p>\n<\/div>\n<\/div>\n<\/div>\n<div itemscope itemprop=\"mainEntity\" itemtype=\"https:\/\/schema.org\/Question\">\n<h3 itemprop=\"name\"><span class=\"ez-toc-section\" id=\"Existe-t-il_des_dirigeants_exceptionnellement_petits_ou_grands\"><\/span>Existe-t-il des dirigeants exceptionnellement petits ou grands ?<span class=\"ez-toc-section-end\"><\/span><\/h3>\n<div itemscope itemprop=\"acceptedAnswer\" itemtype=\"https:\/\/schema.org\/Answer\">\n<div itemprop=\"text\">\n<p>Oui. Benito Mussolini mesurait <b>1,69 m<\/b>, tandis que Charles de Gaulle culminait \u00e0 <b>1,96 m<\/b>. Parmi les dirigeants actuels, Jair Bolsonaro (Br\u00e9sil) affiche 1,73 m, et Justin Trudeau (Canada) 1,88 m. Les \u00e9carts extr\u00eames (comme Lyndon B. Johnson \u00e0 1,92 m ou Deng Xiaoping \u00e0 1,50 m) restent rares, mais marquent les m\u00e9moires par leur <b>symbolique<\/b>.<\/p>\n<\/div>\n<\/div>\n<\/div>\n<div itemscope itemprop=\"mainEntity\" itemtype=\"https:\/\/schema.org\/Question\">\n<h3 itemprop=\"name\"><span class=\"ez-toc-section\" id=\"Comment_les_medias_verifient-ils_la_taille_des_dirigeants\"><\/span>Comment les m\u00e9dias v\u00e9rifient-ils la taille des dirigeants ?<span class=\"ez-toc-section-end\"><\/span><\/h3>\n<div itemscope itemprop=\"acceptedAnswer\" itemtype=\"https:\/\/schema.org\/Answer\">\n<div itemprop=\"text\">\n<p>Les m\u00e9dias croisent les <b>d\u00e9clarations officielles<\/b> (fiches militaires, passeports) avec des comparaisons visuelles. Par exemple, la taille de Macron (1,73 m) a \u00e9t\u00e9 confirm\u00e9e via des photos aux c\u00f4t\u00e9s de Barack Obama (1,85 m) ou Angela Merkel (1,65 m). Les <b>archives<\/b> m\u00e9dicales et les mesures prises lors des visites protocolaires (comme les sommets du G20) servent aussi de r\u00e9f\u00e9rences.<\/p>\n<\/div>\n<\/div>\n<\/div>\n<div itemscope itemprop=\"mainEntity\" itemtype=\"https:\/\/schema.org\/Question\">\n<h3 itemprop=\"name\"><span class=\"ez-toc-section\" id=\"La_taille_influence-t-elle_les_resultats_electoraux\"><\/span>La taille influence-t-elle les r\u00e9sultats \u00e9lectoraux ?<span class=\"ez-toc-section-end\"><\/span><\/h3>\n<div itemscope itemprop=\"acceptedAnswer\" itemtype=\"https:\/\/schema.org\/Answer\">\n<div itemprop=\"text\">\n<p>Des \u00e9tudes montrent un <b>biais<\/b> de 1 \u00e0 3 % en faveur des candidats plus grands. Aux \u00c9tats-Unis, les pr\u00e9sidents \u00e9lus mesuraient en moyenne <b>2,5 cm<\/b> de plus que leurs adversaires. En France, ce facteur est moins marqu\u00e9 : Sarkozy (1,68 m) a battu Royal (1,78 m) malgr\u00e9 un \u00e9cart de 10 cm. L&rsquo;<b>\u00e9loquence<\/b> and the <b>charisme<\/b> compensent souvent les diff\u00e9rences.<\/p>\n<\/div>\n<\/div>\n<\/div>\n<\/div>\n<\/article>","protected":false},"excerpt":{"rendered":"<p>\u2713 Les infos \u00e0 retenir Emmanuel Macron mesure 1,73 m, exactement la taille moyenne des hommes fran\u00e7ais Charles de Gaulle \u00e9tait le plus grand pr\u00e9sident fran\u00e7ais avec 1,96 m, tandis que Nicolas Sarkozy \u00e9tait le plus petit avec 1,68 m Les pr\u00e9sidents am\u00e9ricains mesurent en moyenne 1,80 m, soit 3 cm de plus que leurs [&hellip;]<\/p>\n","protected":false},"author":1,"featured_media":3024,"comment_status":"open","ping_status":"","sticky":false,"template":"","format":"standard","meta":{"footnotes":""},"categories":[37],"tags":[],"class_list":["post-3027","post","type-post","status-publish","format-standard","has-post-thumbnail","hentry","category-sante"],"_links":{"self":[{"href":"https:\/\/www.appareil-minceur.fr\/en\/wp-json\/wp\/v2\/posts\/3027","targetHints":{"allow":["GET"]}}],"collection":[{"href":"https:\/\/www.appareil-minceur.fr\/en\/wp-json\/wp\/v2\/posts"}],"about":[{"href":"https:\/\/www.appareil-minceur.fr\/en\/wp-json\/wp\/v2\/types\/post"}],"author":[{"embeddable":true,"href":"https:\/\/www.appareil-minceur.fr\/en\/wp-json\/wp\/v2\/users\/1"}],"replies":[{"embeddable":true,"href":"https:\/\/www.appareil-minceur.fr\/en\/wp-json\/wp\/v2\/comments?post=3027"}],"version-history":[{"count":0,"href":"https:\/\/www.appareil-minceur.fr\/en\/wp-json\/wp\/v2\/posts\/3027\/revisions"}],"wp:featuredmedia":[{"embeddable":true,"href":"https:\/\/www.appareil-minceur.fr\/en\/wp-json\/wp\/v2\/media\/3024"}],"wp:attachment":[{"href":"https:\/\/www.appareil-minceur.fr\/en\/wp-json\/wp\/v2\/media?parent=3027"}],"wp:term":[{"taxonomy":"category","embeddable":true,"href":"https:\/\/www.appareil-minceur.fr\/en\/wp-json\/wp\/v2\/categories?post=3027"},{"taxonomy":"post_tag","embeddable":true,"href":"https:\/\/www.appareil-minceur.fr\/en\/wp-json\/wp\/v2\/tags?post=3027"}],"curies":[{"name":"wp","href":"https:\/\/api.w.org\/{rel}","templated":true}]}}