{"id":3390,"date":"2026-04-26T10:10:44","date_gmt":"2026-04-26T10:10:44","guid":{"rendered":"https:\/\/www.appareil-minceur.fr\/non-categorise\/comment-meurt-on-de-la-maladie-de-parkinson\/"},"modified":"2026-04-26T10:10:44","modified_gmt":"2026-04-26T10:10:44","slug":"comment-meurt-on-de-la-maladie-de-parkinson","status":"publish","type":"post","link":"https:\/\/www.appareil-minceur.fr\/en\/health\/comment-meurt-on-de-la-maladie-de-parkinson\/","title":{"rendered":"Comment meurt-on de la maladie de Parkinson ?"},"content":{"rendered":"<div class=\"kk-star-ratings kksr-auto kksr-align-left kksr-valign-top\"\n    data-payload='{&quot;align&quot;:&quot;left&quot;,&quot;id&quot;:&quot;3390&quot;,&quot;slug&quot;:&quot;default&quot;,&quot;valign&quot;:&quot;top&quot;,&quot;ignore&quot;:&quot;&quot;,&quot;reference&quot;:&quot;auto&quot;,&quot;class&quot;:&quot;&quot;,&quot;count&quot;:&quot;0&quot;,&quot;legendonly&quot;:&quot;&quot;,&quot;readonly&quot;:&quot;&quot;,&quot;score&quot;:&quot;0&quot;,&quot;starsonly&quot;:&quot;&quot;,&quot;best&quot;:&quot;5&quot;,&quot;gap&quot;:&quot;5&quot;,&quot;greet&quot;:&quot;Notez cet article !&quot;,&quot;legend&quot;:&quot;0\\\/5 - (0 votes)&quot;,&quot;size&quot;:&quot;16&quot;,&quot;title&quot;:&quot;Comment meurt-on de la maladie de Parkinson ?&quot;,&quot;width&quot;:&quot;0&quot;,&quot;_legend&quot;:&quot;{score}\\\/{best} - ({count} {votes})&quot;,&quot;font_factor&quot;:&quot;1.25&quot;}'>\n            \n<div class=\"kksr-stars\">\n    \n<div class=\"kksr-stars-inactive\">\n            <div class=\"kksr-star\" data-star=\"1\" style=\"padding-right: 5px\">\n            \n\n<div class=\"kksr-icon\" style=\"width: 16px; height: 16px;\"><\/div>\n        <\/div>\n            <div class=\"kksr-star\" data-star=\"2\" style=\"padding-right: 5px\">\n            \n\n<div class=\"kksr-icon\" style=\"width: 16px; height: 16px;\"><\/div>\n        <\/div>\n            <div class=\"kksr-star\" data-star=\"3\" style=\"padding-right: 5px\">\n            \n\n<div class=\"kksr-icon\" style=\"width: 16px; height: 16px;\"><\/div>\n        <\/div>\n            <div class=\"kksr-star\" data-star=\"4\" style=\"padding-right: 5px\">\n            \n\n<div class=\"kksr-icon\" style=\"width: 16px; height: 16px;\"><\/div>\n        <\/div>\n            <div class=\"kksr-star\" data-star=\"5\" style=\"padding-right: 5px\">\n            \n\n<div class=\"kksr-icon\" style=\"width: 16px; height: 16px;\"><\/div>\n        <\/div>\n    <\/div>\n    \n<div class=\"kksr-stars-active\" style=\"width: 0px;\">\n            <div class=\"kksr-star\" style=\"padding-right: 5px\">\n            \n\n<div class=\"kksr-icon\" style=\"width: 16px; height: 16px;\"><\/div>\n        <\/div>\n            <div class=\"kksr-star\" style=\"padding-right: 5px\">\n            \n\n<div class=\"kksr-icon\" style=\"width: 16px; height: 16px;\"><\/div>\n        <\/div>\n            <div class=\"kksr-star\" style=\"padding-right: 5px\">\n            \n\n<div class=\"kksr-icon\" style=\"width: 16px; height: 16px;\"><\/div>\n        <\/div>\n            <div class=\"kksr-star\" style=\"padding-right: 5px\">\n            \n\n<div class=\"kksr-icon\" style=\"width: 16px; height: 16px;\"><\/div>\n        <\/div>\n            <div class=\"kksr-star\" style=\"padding-right: 5px\">\n            \n\n<div class=\"kksr-icon\" style=\"width: 16px; height: 16px;\"><\/div>\n        <\/div>\n    <\/div>\n<\/div>\n                \n\n<div class=\"kksr-legend\" style=\"font-size: 12.8px;\">\n            <span class=\"kksr-muted\">Rate this article!<\/span>\n    <\/div>\n    <\/div>\n<article>\n<div style=\"background-color: #f8f9fa; border-left: 4px solid #FF6600; padding: 20px; margin: 30px 0; border-radius: 5px; color:#000000;\">\n<h2><span class=\"ez-toc-section\" id=\"%E2%9C%93_Les_infos_a_retenir\"><\/span>\u2713 News to remember<span class=\"ez-toc-section-end\"><\/span><\/h2>\n<ul style=\"line-height: 1.8; margin: 15px 0; padding-left: 20px; color:#000000;\">\n<li>La maladie de Parkinson <strong>n&rsquo;est pas directement mortelle<\/strong> : ce sont ses complications (pneumonies d&rsquo;inhalation, chutes, infections) qui entra\u00eenent le d\u00e9c\u00e8s chez environ 200 000 patients en France<\/li>\n<li>L&rsquo;esp\u00e9rance de vie apr\u00e8s diagnostic est en moyenne de <strong>15 \u00e0 20 ans<\/strong>, avec un d\u00e9c\u00e8s moyen autour de 83 ans, tr\u00e8s proche de l&rsquo;esp\u00e9rance de vie g\u00e9n\u00e9rale<\/li>\n<li>Visit <strong>pneumonies d&rsquo;inhalation<\/strong> repr\u00e9sentent la cause num\u00e9ro 1 de d\u00e9c\u00e8s, dues \u00e0 la dysphagie (difficult\u00e9s \u00e0 avaler) et aux fausses routes alimentaires<\/li>\n<li>Entre <strong>50 et 80 %<\/strong> des patients d\u00e9veloppent une d\u00e9mence parkinsonnienne en phase avanc\u00e9e, acc\u00e9l\u00e9rant la progression vers la phase terminale<\/li>\n<li>Visit <strong>soins palliatifs<\/strong> et la loi Claeys-Leonetti permettent d&rsquo;anticiper la fin de vie et de garantir une prise en charge confortable et digne<\/li>\n<\/ul>\n<\/div>\n<h2><span class=\"ez-toc-section\" id=\"La_maladie_de_Parkinson_est-elle_directement_mortelle\"><\/span>La maladie de Parkinson est-elle directement mortelle ?<span class=\"ez-toc-section-end\"><\/span><\/h2>\n<p>C&rsquo;est la question que beaucoup de proches et de patients se posent, souvent avec beaucoup d&rsquo;\u00e9motion. La r\u00e9ponse courte : <strong>non, la maladie de Parkinson n&rsquo;est pas directement mortelle<\/strong>. Ce n&rsquo;est pas la maladie elle-m\u00eame qui emporte les patients, mais ses complications. C&rsquo;est une nuance importante \u00e0 comprendre pour mieux anticiper et accompagner.<\/p><div id=\"ez-toc-container\" class=\"ez-toc-v2_0_82_2 counter-hierarchy ez-toc-counter ez-toc-custom ez-toc-container-direction\">\n<div class=\"ez-toc-title-container\">\n<p class=\"ez-toc-title\" style=\"cursor:inherit\">Article summary<\/p>\n<span class=\"ez-toc-title-toggle\"><a href=\"#\" class=\"ez-toc-pull-right ez-toc-btn ez-toc-btn-xs ez-toc-btn-default ez-toc-toggle\" aria-label=\"Toggle Table of Content\"><span class=\"ez-toc-js-icon-con\"><span class=\"\"><span class=\"eztoc-hide\" style=\"display:none;\">Toggle<\/span><span class=\"ez-toc-icon-toggle-span\"><svg style=\"fill: #ffffff;color:#ffffff\" xmlns=\"http:\/\/www.w3.org\/2000\/svg\" class=\"list-377408\" width=\"20px\" height=\"20px\" viewbox=\"0 0 24 24\" fill=\"none\"><path d=\"M6 6H4v2h2V6zm14 0H8v2h12V6zM4 11h2v2H4v-2zm16 0H8v2h12v-2zM4 16h2v2H4v-2zm16 0H8v2h12v-2z\" fill=\"currentColor\"><\/path><\/svg><svg style=\"fill: #ffffff;color:#ffffff\" class=\"arrow-unsorted-368013\" xmlns=\"http:\/\/www.w3.org\/2000\/svg\" width=\"10px\" height=\"10px\" viewbox=\"0 0 24 24\" version=\"1.2\" baseprofile=\"tiny\"><path d=\"M18.2 9.3l-6.2-6.3-6.2 6.3c-.2.2-.3.4-.3.7s.1.5.3.7c.2.2.4.3.7.3h11c.3 0 .5-.1.7-.3.2-.2.3-.5.3-.7s-.1-.5-.3-.7zM5.8 14.7l6.2 6.3 6.2-6.3c.2-.2.3-.5.3-.7s-.1-.5-.3-.7c-.2-.2-.4-.3-.7-.3h-11c-.3 0-.5.1-.7.3-.2.2-.3.5-.3.7s.1.5.3.7z\"\/><\/svg><\/span><\/span><\/span><\/a><\/span><\/div>\n<nav><ul class='ez-toc-list ez-toc-list-level-1 eztoc-toggle-hide-by-default' ><li class='ez-toc-page-1 ez-toc-heading-level-2'><a class=\"ez-toc-link ez-toc-heading-1\" href=\"https:\/\/www.appareil-minceur.fr\/en\/health\/comment-meurt-on-de-la-maladie-de-parkinson\/#%E2%9C%93_Les_infos_a_retenir\" >\u2713 News to remember<\/a><\/li><li class='ez-toc-page-1 ez-toc-heading-level-2'><a class=\"ez-toc-link ez-toc-heading-2\" href=\"https:\/\/www.appareil-minceur.fr\/en\/health\/comment-meurt-on-de-la-maladie-de-parkinson\/#La_maladie_de_Parkinson_est-elle_directement_mortelle\" >La maladie de Parkinson est-elle directement mortelle ?<\/a><\/li><li class='ez-toc-page-1 ez-toc-heading-level-2'><a class=\"ez-toc-link ez-toc-heading-3\" href=\"https:\/\/www.appareil-minceur.fr\/en\/health\/comment-meurt-on-de-la-maladie-de-parkinson\/#Comment_evolue_la_maladie_de_Parkinson_jusquau_stade_terminal\" >Comment \u00e9volue la maladie de Parkinson jusqu&rsquo;au stade terminal ?<\/a><ul class='ez-toc-list-level-3' ><li class='ez-toc-heading-level-3'><a class=\"ez-toc-link ez-toc-heading-4\" href=\"https:\/\/www.appareil-minceur.fr\/en\/health\/comment-meurt-on-de-la-maladie-de-parkinson\/#Les_stades_avances_ce_qui_change_vraiment\" >Les stades avanc\u00e9s : ce qui change vraiment<\/a><\/li><\/ul><\/li><li class='ez-toc-page-1 ez-toc-heading-level-2'><a class=\"ez-toc-link ez-toc-heading-5\" href=\"https:\/\/www.appareil-minceur.fr\/en\/health\/comment-meurt-on-de-la-maladie-de-parkinson\/#Quelles_sont_les_principales_causes_de_deces_liees_a_Parkinson\" >Quelles sont les principales causes de d\u00e9c\u00e8s li\u00e9es \u00e0 Parkinson ?<\/a><ul class='ez-toc-list-level-3' ><li class='ez-toc-heading-level-3'><a class=\"ez-toc-link ez-toc-heading-6\" href=\"https:\/\/www.appareil-minceur.fr\/en\/health\/comment-meurt-on-de-la-maladie-de-parkinson\/#Le_cas_particulier_de_la_demence_a_corps_de_Lewy\" >Le cas particulier de la d\u00e9mence \u00e0 corps de Lewy<\/a><\/li><\/ul><\/li><li class='ez-toc-page-1 ez-toc-heading-level-2'><a class=\"ez-toc-link ez-toc-heading-7\" href=\"https:\/\/www.appareil-minceur.fr\/en\/health\/comment-meurt-on-de-la-maladie-de-parkinson\/#Quelle_est_lesperance_de_vie_avec_la_maladie_de_Parkinson\" >Quelle est l&rsquo;esp\u00e9rance de vie avec la maladie de Parkinson ?<\/a><ul class='ez-toc-list-level-3' ><li class='ez-toc-heading-level-3'><a class=\"ez-toc-link ez-toc-heading-8\" href=\"https:\/\/www.appareil-minceur.fr\/en\/health\/comment-meurt-on-de-la-maladie-de-parkinson\/#Les_facteurs_qui_influencent_la_duree_de_vie\" >Les facteurs qui influencent la dur\u00e9e de vie<\/a><\/li><\/ul><\/li><li class='ez-toc-page-1 ez-toc-heading-level-2'><a class=\"ez-toc-link ez-toc-heading-9\" href=\"https:\/\/www.appareil-minceur.fr\/en\/health\/comment-meurt-on-de-la-maladie-de-parkinson\/#Comment_reconnaitre_les_signes_de_fin_de_vie_chez_un_patient_parkinsonien\" >Comment reconna\u00eetre les signes de fin de vie chez un patient parkinsonien ?<\/a><ul class='ez-toc-list-level-3' ><li class='ez-toc-heading-level-3'><a class=\"ez-toc-link ez-toc-heading-10\" href=\"https:\/\/www.appareil-minceur.fr\/en\/health\/comment-meurt-on-de-la-maladie-de-parkinson\/#Les_signes_physiques_a_surveiller\" >Les signes physiques \u00e0 surveiller<\/a><\/li><li class='ez-toc-page-1 ez-toc-heading-level-3'><a class=\"ez-toc-link ez-toc-heading-11\" href=\"https:\/\/www.appareil-minceur.fr\/en\/health\/comment-meurt-on-de-la-maladie-de-parkinson\/#Les_signes_cognitifs_et_emotionnels\" >Les signes cognitifs et \u00e9motionnels<\/a><\/li><\/ul><\/li><li class='ez-toc-page-1 ez-toc-heading-level-2'><a class=\"ez-toc-link ez-toc-heading-12\" href=\"https:\/\/www.appareil-minceur.fr\/en\/health\/comment-meurt-on-de-la-maladie-de-parkinson\/#La_maladie_de_Parkinson_fait-elle_souffrir_en_fin_de_vie\" >La maladie de Parkinson fait-elle souffrir en fin de vie ?<\/a><ul class='ez-toc-list-level-3' ><li class='ez-toc-heading-level-3'><a class=\"ez-toc-link ez-toc-heading-13\" href=\"https:\/\/www.appareil-minceur.fr\/en\/health\/comment-meurt-on-de-la-maladie-de-parkinson\/#Gerer_la_douleur_en_phase_terminale\" >G\u00e9rer la douleur en phase terminale<\/a><\/li><\/ul><\/li><li class='ez-toc-page-1 ez-toc-heading-level-2'><a class=\"ez-toc-link ez-toc-heading-14\" href=\"https:\/\/www.appareil-minceur.fr\/en\/health\/comment-meurt-on-de-la-maladie-de-parkinson\/#Comment_accompagner_un_proche_en_phase_terminale_de_Parkinson\" >Comment accompagner un proche en phase terminale de Parkinson ?<\/a><ul class='ez-toc-list-level-3' ><li class='ez-toc-heading-level-3'><a class=\"ez-toc-link ez-toc-heading-15\" href=\"https:\/\/www.appareil-minceur.fr\/en\/health\/comment-meurt-on-de-la-maladie-de-parkinson\/#Adapter_la_communication\" >Adapter la communication<\/a><\/li><li class='ez-toc-page-1 ez-toc-heading-level-3'><a class=\"ez-toc-link ez-toc-heading-16\" href=\"https:\/\/www.appareil-minceur.fr\/en\/health\/comment-meurt-on-de-la-maladie-de-parkinson\/#Les_soins_palliatifs_une_equipe_a_tes_cotes\" >Les soins palliatifs : une \u00e9quipe \u00e0 tes c\u00f4t\u00e9s<\/a><\/li><li class='ez-toc-page-1 ez-toc-heading-level-3'><a class=\"ez-toc-link ez-toc-heading-17\" href=\"https:\/\/www.appareil-minceur.fr\/en\/health\/comment-meurt-on-de-la-maladie-de-parkinson\/#Faut-il_envisager_un_EHPAD_ou_rester_a_domicile\" >Faut-il envisager un EHPAD ou rester \u00e0 domicile ?<\/a><\/li><\/ul><\/li><li class='ez-toc-page-1 ez-toc-heading-level-2'><a class=\"ez-toc-link ez-toc-heading-18\" href=\"https:\/\/www.appareil-minceur.fr\/en\/health\/comment-meurt-on-de-la-maladie-de-parkinson\/#Anticiper_la_fin_de_vie_les_demarches_a_connaitre\" >Anticiper la fin de vie : les d\u00e9marches \u00e0 conna\u00eetre<\/a><ul class='ez-toc-list-level-3' ><li class='ez-toc-heading-level-3'><a class=\"ez-toc-link ez-toc-heading-19\" href=\"https:\/\/www.appareil-minceur.fr\/en\/health\/comment-meurt-on-de-la-maladie-de-parkinson\/#Les_directives_anticipees\" >Les directives anticip\u00e9es<\/a><\/li><li class='ez-toc-page-1 ez-toc-heading-level-3'><a class=\"ez-toc-link ez-toc-heading-20\" href=\"https:\/\/www.appareil-minceur.fr\/en\/health\/comment-meurt-on-de-la-maladie-de-parkinson\/#La_personne_de_confiance\" >La personne de confiance<\/a><\/li><li class='ez-toc-page-1 ez-toc-heading-level-3'><a class=\"ez-toc-link ez-toc-heading-21\" href=\"https:\/\/www.appareil-minceur.fr\/en\/health\/comment-meurt-on-de-la-maladie-de-parkinson\/#Le_soutien_aux_aidants\" >Le soutien aux aidants<\/a><\/li><\/ul><\/li><li class='ez-toc-page-1 ez-toc-heading-level-2'><a class=\"ez-toc-link ez-toc-heading-22\" href=\"https:\/\/www.appareil-minceur.fr\/en\/health\/comment-meurt-on-de-la-maladie-de-parkinson\/#Ou_en_est_la_recherche_sur_la_maladie_de_Parkinson\" >O\u00f9 en est la recherche sur la maladie de Parkinson ?<\/a><\/li><li class='ez-toc-page-1 ez-toc-heading-level-2'><a class=\"ez-toc-link ez-toc-heading-23\" href=\"https:\/\/www.appareil-minceur.fr\/en\/health\/comment-meurt-on-de-la-maladie-de-parkinson\/#Ce_que_tu_dois_retenir_sur_la_fin_de_vie_avec_Parkinson\" >Ce que tu dois retenir sur la fin de vie avec Parkinson<\/a><\/li><li class='ez-toc-page-1 ez-toc-heading-level-2'><a class=\"ez-toc-link ez-toc-heading-24\" href=\"https:\/\/www.appareil-minceur.fr\/en\/health\/comment-meurt-on-de-la-maladie-de-parkinson\/#Questions_frequentes_sur_la_fin_de_vie_et_la_maladie_de_Parkinson\" >Questions fr\u00e9quentes sur la fin de vie et la maladie de Parkinson<\/a><ul class='ez-toc-list-level-3' ><li class='ez-toc-heading-level-3'><a class=\"ez-toc-link ez-toc-heading-25\" href=\"https:\/\/www.appareil-minceur.fr\/en\/health\/comment-meurt-on-de-la-maladie-de-parkinson\/#Peut-on_prevenir_les_pneumonies_dinhalation_chez_les_patients_parkinsoniens\" >Peut-on pr\u00e9venir les pneumonies d&rsquo;inhalation chez les patients parkinsoniens ?<\/a><\/li><li class='ez-toc-page-1 ez-toc-heading-level-3'><a class=\"ez-toc-link ez-toc-heading-26\" href=\"https:\/\/www.appareil-minceur.fr\/en\/health\/comment-meurt-on-de-la-maladie-de-parkinson\/#Quels_sont_les_criteres_pour_integrer_une_unite_de_soins_palliatifs_USP\" >Quels sont les crit\u00e8res pour int\u00e9grer une unit\u00e9 de soins palliatifs (USP) ?<\/a><\/li><li class='ez-toc-page-1 ez-toc-heading-level-3'><a class=\"ez-toc-link ez-toc-heading-27\" href=\"https:\/\/www.appareil-minceur.fr\/en\/health\/comment-meurt-on-de-la-maladie-de-parkinson\/#Existe-t-il_des_aides_financieres_pour_les_aidants_familiaux\" >Existe-t-il des aides financi\u00e8res pour les aidants familiaux ?<\/a><\/li><li class='ez-toc-page-1 ez-toc-heading-level-3'><a class=\"ez-toc-link ez-toc-heading-28\" href=\"https:\/\/www.appareil-minceur.fr\/en\/health\/comment-meurt-on-de-la-maladie-de-parkinson\/#Quelle_est_la_difference_entre_akinesie_et_akinesie_totale\" >Quelle est la diff\u00e9rence entre akin\u00e9sie et akin\u00e9sie totale ?<\/a><\/li><li class='ez-toc-page-1 ez-toc-heading-level-3'><a class=\"ez-toc-link ez-toc-heading-29\" href=\"https:\/\/www.appareil-minceur.fr\/en\/health\/comment-meurt-on-de-la-maladie-de-parkinson\/#Comment_gerer_les_hallucinations_visuelles_en_fin_de_vie\" >Comment g\u00e9rer les hallucinations visuelles en fin de vie ?<\/a><\/li><li class='ez-toc-page-1 ez-toc-heading-level-3'><a class=\"ez-toc-link ez-toc-heading-30\" href=\"https:\/\/www.appareil-minceur.fr\/en\/health\/comment-meurt-on-de-la-maladie-de-parkinson\/#Combien_de_temps_dure_la_phase_terminale_de_Parkinson\" >Combien de temps dure la phase terminale de Parkinson ?<\/a><\/li><li class='ez-toc-page-1 ez-toc-heading-level-3'><a class=\"ez-toc-link ez-toc-heading-31\" href=\"https:\/\/www.appareil-minceur.fr\/en\/health\/comment-meurt-on-de-la-maladie-de-parkinson\/#Parkinson_et_Alzheimer_quelles_differences_en_fin_de_vie\" >Parkinson et Alzheimer : quelles diff\u00e9rences en fin de vie ?<\/a><\/li><li class='ez-toc-page-1 ez-toc-heading-level-3'><a class=\"ez-toc-link ez-toc-heading-32\" href=\"https:\/\/www.appareil-minceur.fr\/en\/health\/comment-meurt-on-de-la-maladie-de-parkinson\/#Est-ce_que_tous_les_patients_parkinsoniens_developpent_une_demence\" >Est-ce que tous les patients parkinsoniens d\u00e9veloppent une d\u00e9mence ?<\/a><\/li><li class='ez-toc-page-1 ez-toc-heading-level-3'><a class=\"ez-toc-link ez-toc-heading-33\" href=\"https:\/\/www.appareil-minceur.fr\/en\/health\/comment-meurt-on-de-la-maladie-de-parkinson\/#Peut-on_mourir_brutalement_avec_la_maladie_de_Parkinson\" >Peut-on mourir brutalement avec la maladie de Parkinson ?<\/a><\/li><li class='ez-toc-page-1 ez-toc-heading-level-3'><a class=\"ez-toc-link ez-toc-heading-34\" href=\"https:\/\/www.appareil-minceur.fr\/en\/health\/comment-meurt-on-de-la-maladie-de-parkinson\/#La_levodopa_perd-elle_son_efficacite_en_fin_de_vie\" >La l\u00e9vodopa perd-elle son efficacit\u00e9 en fin de vie ?<\/a><\/li><\/ul><\/li><\/ul><\/nav><\/div>\n\n<p>La maladie de Parkinson est une pathologie neurod\u00e9g\u00e9n\u00e9rative chronique qui touche environ 200 000 personnes en France. Elle \u00e9volue lentement, sur des ann\u00e9es, parfois des d\u00e9cennies. Ce sont les cons\u00e9quences de cette \u00e9volution progressive qui fragilisent l&rsquo;organisme jusqu&rsquo;\u00e0 un point de non-retour.<\/p>\n<blockquote style=\"background-color:#efefef; color:#000000; border-radius:10px; padding:20px; margin:20px 0;\"><p>\n\ud83d\udca1 La maladie de Parkinson n&rsquo;est pas une cause directe de d\u00e9c\u00e8s : ce sont ses complications \u2014 pneumonies, chutes, infections \u2014 qui entra\u00eenent la mort dans la grande majorit\u00e9 des cas.\n<\/p><\/blockquote>\n<p><img decoding=\"async\" src=\"https:\/\/www.appareil-minceur.fr\/wp-content\/uploads\/2026\/04\/mort-parkinson-complications-dernieres-etapes-scaled.jpg\" alt=\"Complications et derni\u00e8res \u00e9tapes de la maladie de Parkinson\" style=\"width: 100%; height: auto; border-radius: 10px; margin: 20px 0;\"><\/p>\n<h2><span class=\"ez-toc-section\" id=\"Comment_evolue_la_maladie_de_Parkinson_jusquau_stade_terminal\"><\/span>Comment \u00e9volue la maladie de Parkinson jusqu&rsquo;au stade terminal ?<span class=\"ez-toc-section-end\"><\/span><\/h2>\n<p>La maladie de Parkinson progresse en plusieurs stades, class\u00e9s selon l&rsquo;\u00e9chelle de Hoehn et Yahr (de 1 \u00e0 5). Aux premiers stades, les sympt\u00f4mes sont discrets : tremblements au repos, rigidit\u00e9 musculaire, lenteur des mouvements (bradykin\u00e9sie). La vie quotidienne reste g\u00e9rable.<\/p>\n<p>Au fil du temps, la d\u00e9pendance augmente. Les chutes deviennent fr\u00e9quentes. La parole se d\u00e9grade. La d\u00e9glutition pose probl\u00e8me. Et progressivement, le patient entre dans ce qu&rsquo;on appelle la <strong>phase terminale<\/strong>, o\u00f9 le corps ne r\u00e9pond plus suffisamment aux traitements comme la l\u00e9vodopa.<\/p>\n<h3><span class=\"ez-toc-section\" id=\"Les_stades_avances_ce_qui_change_vraiment\"><\/span>Les stades avanc\u00e9s : ce qui change vraiment<span class=\"ez-toc-section-end\"><\/span><\/h3>\n<p>Aux stades 4 et 5, le patient est souvent confin\u00e9 au fauteuil ou au lit. L&rsquo;akin\u00e9sie (blocage total des mouvements) s&rsquo;installe. Les troubles cognitifs s&rsquo;aggravent, pouvant \u00e9voluer vers une d\u00e9mence parkinsonnienne. La communication devient tr\u00e8s difficile.<\/p>\n<p>\u00c0 ce stade, les soins se concentrent sur le confort, pas sur la gu\u00e9rison. C&rsquo;est l\u00e0 que les soins palliatifs prennent tout leur sens.<\/p>\n<h2><span class=\"ez-toc-section\" id=\"Quelles_sont_les_principales_causes_de_deces_liees_a_Parkinson\"><\/span>Quelles sont les principales causes de d\u00e9c\u00e8s li\u00e9es \u00e0 Parkinson ?<span class=\"ez-toc-section-end\"><\/span><\/h2>\n<p>C&rsquo;est vraiment LE point central de cet article. Plusieurs complications majeures peuvent entra\u00eener le d\u00e9c\u00e8s chez un patient parkinsonien. Voici les plus fr\u00e9quentes :<\/p>\n<ul>\n<li><strong>Les pneumonies d&rsquo;inhalation<\/strong> : c&rsquo;est la cause de d\u00e9c\u00e8s num\u00e9ro 1. La dysphagie (difficult\u00e9 \u00e0 avaler) provoque des fausses routes alimentaires qui infectent les poumons. Ces pneumonies sont souvent r\u00e9sistantes aux traitements classiques.<\/li>\n<li><strong>Les chutes et leurs cons\u00e9quences<\/strong> : fractures du col du f\u00e9mur, traumatismes cr\u00e2niens, complications chirurgicales. Une chute peut \u00eatre fatale chez un patient tr\u00e8s affaibli.<\/li>\n<li><strong>Les infections urinaires et cutan\u00e9es<\/strong> : l&rsquo;immobilit\u00e9 favorise les escarres et les infections, qui peuvent d\u00e9g\u00e9n\u00e9rer en septic\u00e9mie.<\/li>\n<li><strong>L&#8217;embolie pulmonaire<\/strong> : li\u00e9e \u00e0 l&rsquo;immobilisation prolong\u00e9e, elle est malheureusement fr\u00e9quente en phase terminale.<\/li>\n<li><strong>La d\u00e9nutrition et la d\u00e9shydratation<\/strong> : quand avaler devient impossible, l&rsquo;organisme s&rsquo;\u00e9puise rapidement.<\/li>\n<\/ul>\n<blockquote style=\"background-color:#efefef; color:#000000; border-radius:10px; padding:20px; margin:20px 0;\"><p>\n\u2705 Les pneumonies d&rsquo;inhalation, directement li\u00e9es aux troubles de la d\u00e9glutition, repr\u00e9sentent la premi\u00e8re cause de d\u00e9c\u00e8s chez les patients atteints de la maladie de Parkinson \u00e0 un stade avanc\u00e9.\n<\/p><\/blockquote>\n<h3><span class=\"ez-toc-section\" id=\"Le_cas_particulier_de_la_demence_a_corps_de_Lewy\"><\/span>Le cas particulier de la d\u00e9mence \u00e0 corps de Lewy<span class=\"ez-toc-section-end\"><\/span><\/h3>\n<p>La d\u00e9mence \u00e0 corps de Lewy est une maladie neurod\u00e9g\u00e9n\u00e9rative proche du Parkinson, souvent confondue avec lui. Elle se distingue par des hallucinations visuelles pr\u00e9coces, des fluctuations cognitives importantes et une grande sensibilit\u00e9 aux neuroleptiques. Son \u00e9volution est g\u00e9n\u00e9ralement plus rapide, avec une esp\u00e9rance de vie plus courte apr\u00e8s diagnostic \u2014 souvent entre 5 et 8 ans.<\/p>\n<p>Chez les patients parkinsoniens qui d\u00e9veloppent une d\u00e9mence (ce qui arrive dans 50 \u00e0 80 % des cas \u00e0 un stade avanc\u00e9), la progression vers la phase terminale s&rsquo;acc\u00e9l\u00e8re significativement.<\/p>\n<h2><span class=\"ez-toc-section\" id=\"Quelle_est_lesperance_de_vie_avec_la_maladie_de_Parkinson\"><\/span>Quelle est l&rsquo;esp\u00e9rance de vie avec la maladie de Parkinson ?<span class=\"ez-toc-section-end\"><\/span><\/h2>\n<p>Bonne nouvelle : avec les avanc\u00e9es m\u00e9dicales actuelles, <strong>l&rsquo;esp\u00e9rance de vie des patients parkinsoniens s&rsquo;est nettement am\u00e9lior\u00e9e<\/strong>. Aujourd&rsquo;hui, l&rsquo;\u00e2ge moyen au moment du d\u00e9c\u00e8s se situe autour de 83 ans, soit tr\u00e8s proche de l&rsquo;esp\u00e9rance de vie g\u00e9n\u00e9rale de la population.<\/p>\n<p>Le diagnostic est pos\u00e9 en moyenne vers 60 ans (parfois plus t\u00f4t, on parle alors de Parkinson juv\u00e9nile, diagnostiqu\u00e9 avant 40 ans). La dur\u00e9e moyenne de vie apr\u00e8s diagnostic est donc d&rsquo;environ 15 \u00e0 20 ans, m\u00eame si cela varie \u00e9norm\u00e9ment selon les individus.<\/p>\n<h3><span class=\"ez-toc-section\" id=\"Les_facteurs_qui_influencent_la_duree_de_vie\"><\/span>Les facteurs qui influencent la dur\u00e9e de vie<span class=\"ez-toc-section-end\"><\/span><\/h3>\n<p>Plusieurs \u00e9l\u00e9ments jouent sur l&rsquo;\u00e9volution de la maladie et l&rsquo;esp\u00e9rance de vie : l&rsquo;\u00e2ge au moment du diagnostic, la pr\u00e9sence ou non de troubles cognitifs, la qualit\u00e9 de la prise en charge m\u00e9dicale, l&rsquo;accompagnement par les aidants et l&rsquo;acc\u00e8s aux soins sp\u00e9cialis\u00e9s comme les \u00e9quipes de neurologie ou les services de soins palliatifs.<\/p>\n<p>Les patients diagnostiqu\u00e9s jeunes et sans troubles cognitifs importants ont g\u00e9n\u00e9ralement une meilleure esp\u00e9rance de vie. \u00c0 l&rsquo;inverse, l&rsquo;apparition rapide d&rsquo;une d\u00e9mence est associ\u00e9e \u00e0 un pronostic moins favorable. Il est important de noter que certaines conditions, comme <a href=\"https:\/\/www.appareil-minceur.fr\/en\/health\/stent-et-esperance-de-vie\/\" style=\"color: #FF6600; text-decoration: none;\">les probl\u00e8mes cardiovasculaires qui peuvent affecter l&rsquo;esp\u00e9rance de vie<\/a>, peuvent coexister avec Parkinson et influencer le pronostic global.<\/p>\n<table style=\"border-collapse:collapse; width:100%; margin:20px 0;\">\n<thead>\n<tr style=\"background-color:#efefef;\">\n<th style=\"padding:10px; border:1px solid #ccc;\">Facteur<\/th>\n<th style=\"padding:10px; border:1px solid #ccc;\">Impact sur l&rsquo;esp\u00e9rance de vie<\/th>\n<\/tr>\n<\/thead>\n<tbody>\n<tr>\n<td style=\"padding:10px; border:1px solid #ccc;\">\u00c2ge au diagnostic (avant 60 ans)<\/td>\n<td style=\"padding:10px; border:1px solid #ccc;\">Favorable (\u00e9volution plus lente)<\/td>\n<\/tr>\n<tr>\n<td style=\"padding:10px; border:1px solid #ccc;\">Pr\u00e9sence de d\u00e9mence<\/td>\n<td style=\"padding:10px; border:1px solid #ccc;\">D\u00e9favorable (acc\u00e9l\u00e8re l&rsquo;\u00e9volution)<\/td>\n<\/tr>\n<tr>\n<td style=\"padding:10px; border:1px solid #ccc;\">R\u00e9ponse \u00e0 la l\u00e9vodopa<\/td>\n<td style=\"padding:10px; border:1px solid #ccc;\">Favorable si bonne r\u00e9ponse initiale<\/td>\n<\/tr>\n<tr>\n<td style=\"padding:10px; border:1px solid #ccc;\">Chutes r\u00e9p\u00e9t\u00e9es<\/td>\n<td style=\"padding:10px; border:1px solid #ccc;\">D\u00e9favorable (risque de complications)<\/td>\n<\/tr>\n<tr>\n<td style=\"padding:10px; border:1px solid #ccc;\">Qualit\u00e9 de la prise en charge<\/td>\n<td style=\"padding:10px; border:1px solid #ccc;\">Tr\u00e8s favorable<\/td>\n<\/tr>\n<\/tbody>\n<\/table>\n<p><img decoding=\"async\" src=\"https:\/\/www.appareil-minceur.fr\/wp-content\/uploads\/2026\/04\/parkinson-complications-fin-de-vie-scaled.jpg\" alt=\"Complications et fin de vie avec Parkinson\" style=\"width: 100%; height: auto; border-radius: 10px; margin: 20px 0;\"><\/p>\n<h2><span class=\"ez-toc-section\" id=\"Comment_reconnaitre_les_signes_de_fin_de_vie_chez_un_patient_parkinsonien\"><\/span>Comment reconna\u00eetre les signes de fin de vie chez un patient parkinsonien ?<span class=\"ez-toc-section-end\"><\/span><\/h2>\n<p>C&rsquo;est souvent la question la plus difficile \u00e0 poser pour les familles. Et pourtant, reconna\u00eetre les signes de fin de vie permet de mieux accompagner, de pr\u00e9parer les adieux et d&rsquo;adapter les soins. Ces signes sont globalement progressifs et s&rsquo;installent sur plusieurs semaines ou mois.<\/p>\n<h3><span class=\"ez-toc-section\" id=\"Les_signes_physiques_a_surveiller\"><\/span>Les signes physiques \u00e0 surveiller<span class=\"ez-toc-section-end\"><\/span><\/h3>\n<p>Visit <strong>dysphagie s\u00e9v\u00e8re<\/strong> est souvent le premier grand signal d&rsquo;alarme. Le patient ne parvient plus \u00e0 avaler correctement, m\u00eame les liquides. La perte de poids s&rsquo;acc\u00e9l\u00e8re, la d\u00e9nutrition s&rsquo;installe. La respiration devient irr\u00e9guli\u00e8re, parfois accompagn\u00e9e d&rsquo;un bruit caract\u00e9ristique qu&rsquo;on appelle le \u00ab\u00a0r\u00e2le agonique\u00a0\u00bb.<\/p>\n<p>L&rsquo;akin\u00e9sie totale immobilise le patient. La peau devient froide, marbr\u00e9e. Les extr\u00e9mit\u00e9s bleuissent. Le sommeil prend de plus en plus de place, jusqu&rsquo;\u00e0 des p\u00e9riodes de somnolence quasi continues.<\/p>\n<h3><span class=\"ez-toc-section\" id=\"Les_signes_cognitifs_et_emotionnels\"><\/span>Les signes cognitifs et \u00e9motionnels<span class=\"ez-toc-section-end\"><\/span><\/h3>\n<p>La confusion, les hallucinations et la d\u00e9sorientation s&rsquo;intensifient. Le patient peut ne plus reconna\u00eetre ses proches. Les p\u00e9riodes de lucidit\u00e9 deviennent rares mais restent pr\u00e9cieuses \u2014 c&rsquo;est souvent dans ces moments-l\u00e0 que les derniers \u00e9changes importants ont lieu.<\/p>\n<p>La phase terminale proprement dite dure g\u00e9n\u00e9ralement entre 6 et 12 mois, mais cette dur\u00e9e est tr\u00e8s variable. Certains patients d\u00e9clinent rapidement en quelques semaines, d&rsquo;autres se stabilisent plusieurs mois avant le d\u00e9c\u00e8s.<\/p>\n<h2><span class=\"ez-toc-section\" id=\"La_maladie_de_Parkinson_fait-elle_souffrir_en_fin_de_vie\"><\/span>La maladie de Parkinson fait-elle souffrir en fin de vie ?<span class=\"ez-toc-section-end\"><\/span><\/h2>\n<p>C&rsquo;est une vraie crainte, et je comprends totalement qu&rsquo;on se pose cette question. La v\u00e9rit\u00e9, c&rsquo;est que la douleur est pr\u00e9sente chez beaucoup de patients parkinsoniens \u2014 on estime qu&rsquo;entre 40 et 85 % d&rsquo;entre eux souffrent de douleurs \u00e0 un moment ou un autre de la maladie.<\/p>\n<p>Ces douleurs peuvent \u00eatre musculaires (crampes, rigidit\u00e9), articulaires, ou li\u00e9es \u00e0 des complications comme les escarres. La bonne nouvelle, c&rsquo;est que les \u00e9quipes de soins palliatifs disposent aujourd&rsquo;hui d&rsquo;outils tr\u00e8s efficaces pour soulager ces douleurs, m\u00eame quand la communication avec le patient est tr\u00e8s limit\u00e9e. Par ailleurs, il existe de nombreuses approches pour <a href=\"https:\/\/www.appareil-minceur.fr\/en\/health\/remede-de-grand-mere-pour-arthrose-du-genou\/\" style=\"color: #FF6600; text-decoration: none;\">soulager les douleurs articulaires et musculaires<\/a>, dont certaines peuvent \u00eatre adapt\u00e9es au contexte de la fin de vie.<\/p>\n<h3><span class=\"ez-toc-section\" id=\"Gerer_la_douleur_en_phase_terminale\"><\/span>G\u00e9rer la douleur en phase terminale<span class=\"ez-toc-section-end\"><\/span><\/h3>\n<p>Des antalgiques puissants, des patchs de morphine, des s\u00e9dations l\u00e9g\u00e8res ou profondes selon les cas : les m\u00e9decins adaptent les traitements au confort du patient. L&rsquo;objectif n&rsquo;est plus de traiter la maladie, mais de garantir une fin de vie la plus douce et digne possible. C&rsquo;est exactement ce que vise l&rsquo;approche palliative !<\/p>\n<h2><span class=\"ez-toc-section\" id=\"Comment_accompagner_un_proche_en_phase_terminale_de_Parkinson\"><\/span>Comment accompagner un proche en phase terminale de Parkinson ?<span class=\"ez-toc-section-end\"><\/span><\/h2>\n<p>Accompagner quelqu&rsquo;un en fin de vie, c&rsquo;est \u00e0 la fois \u00e9puisant et profond\u00e9ment humain. Si tu vis cette situation, sache que tu n&rsquo;es pas seul(e), et qu&rsquo;il existe des ressources concr\u00e8tes pour t&rsquo;aider.<\/p>\n<h3><span class=\"ez-toc-section\" id=\"Adapter_la_communication\"><\/span>Adapter la communication<span class=\"ez-toc-section-end\"><\/span><\/h3>\n<p>Quand la parole devient trop difficile, on peut s&rsquo;appuyer sur des tableaux de communication, des gestes simples, le regard, le toucher. M\u00eame un patient tr\u00e8s diminu\u00e9 per\u00e7oit souvent encore les voix famili\u00e8res et le contact physique. Parler doucement, tenir la main : \u00e7a compte \u00e9norm\u00e9ment, m\u00eame si la r\u00e9ponse n&rsquo;est plus verbale.<\/p>\n<h3><span class=\"ez-toc-section\" id=\"Les_soins_palliatifs_une_equipe_a_tes_cotes\"><\/span>Les soins palliatifs : une \u00e9quipe \u00e0 tes c\u00f4t\u00e9s<span class=\"ez-toc-section-end\"><\/span><\/h3>\n<p>Les \u00e9quipes de soins palliatifs interviennent \u00e0 domicile ou en EHPAD pour soulager les sympt\u00f4mes, soutenir les familles et coordonner les soins. En France, les Unit\u00e9s de Soins Palliatifs (USP) et les \u00c9quipes Mobiles de Soins Palliatifs (EMSP) sont des ressources accessibles sur prescription m\u00e9dicale.<\/p>\n<p>Le m\u00e9decin traitant, le neurologue, l&rsquo;infirmi\u00e8re coordinatrice : toute une \u00e9quipe peut se mobiliser. N&rsquo;h\u00e9site pas \u00e0 demander une r\u00e9union de concertation pluridisciplinaire pour faire le point sur les options disponibles.<\/p>\n<h3><span class=\"ez-toc-section\" id=\"Faut-il_envisager_un_EHPAD_ou_rester_a_domicile\"><\/span>Faut-il envisager un EHPAD ou rester \u00e0 domicile ?<span class=\"ez-toc-section-end\"><\/span><\/h3>\n<p>Il n&rsquo;y a pas de r\u00e9ponse universelle. Le maintien \u00e0 domicile est possible avec une aide \u00e0 domicile renforc\u00e9e, des auxiliaires de vie et l&rsquo;intervention r\u00e9guli\u00e8re de professionnels de sant\u00e9. Mais quand les besoins en soins d\u00e9passent ce que la famille peut assurer, un EHPAD sp\u00e9cialis\u00e9 (ou une unit\u00e9 de soins palliatifs) peut offrir un cadre plus s\u00e9curis\u00e9 et confortable.<\/p>\n<p>L&rsquo;important, c&rsquo;est que la d\u00e9cision soit prise en concertation avec le patient (tant qu&rsquo;il peut s&rsquo;exprimer), les proches et les soignants. Les directives anticip\u00e9es permettent justement d&rsquo;anticiper ces choix avant que la situation ne devienne urgente !<\/p>\n<h2><span class=\"ez-toc-section\" id=\"Anticiper_la_fin_de_vie_les_demarches_a_connaitre\"><\/span>Anticiper la fin de vie : les d\u00e9marches \u00e0 conna\u00eetre<span class=\"ez-toc-section-end\"><\/span><\/h2>\n<p>Pr\u00e9parer la fin de vie, ce n&rsquo;est pas abandonner. C&rsquo;est au contraire prendre soin de son proche de la mani\u00e8re la plus respectueuse possible. Plusieurs d\u00e9marches m\u00e9ritent d&rsquo;\u00eatre abord\u00e9es le plus t\u00f4t possible, id\u00e9alement d\u00e8s le diagnostic.<\/p>\n<h3><span class=\"ez-toc-section\" id=\"Les_directives_anticipees\"><\/span>Les directives anticip\u00e9es<span class=\"ez-toc-section-end\"><\/span><\/h3>\n<p>En France, la loi Claeys-Leonetti (loi du 2 f\u00e9vrier 2016) permet \u00e0 chaque personne de r\u00e9diger des <strong>directives anticip\u00e9es<\/strong> pour indiquer ses volont\u00e9s concernant les soins en fin de vie : refus d&rsquo;acharnement th\u00e9rapeutique, souhait de s\u00e9dation profonde, etc. Ces directives s&rsquo;imposent aux m\u00e9decins sauf dans des cas tr\u00e8s pr\u00e9cis.<\/p>\n<h3><span class=\"ez-toc-section\" id=\"La_personne_de_confiance\"><\/span>La personne de confiance<span class=\"ez-toc-section-end\"><\/span><\/h3>\n<p>D\u00e9signer une personne de confiance est une d\u00e9marche simple mais tr\u00e8s utile. Cette personne sera consult\u00e9e par les m\u00e9decins si le patient n&rsquo;est plus en mesure de s&rsquo;exprimer. Elle peut \u00eatre un conjoint, un enfant, un ami proche \u2014 peu importe, du moment que la confiance est l\u00e0.<\/p>\n<h3><span class=\"ez-toc-section\" id=\"Le_soutien_aux_aidants\"><\/span>Le soutien aux aidants<span class=\"ez-toc-section-end\"><\/span><\/h3>\n<p>Les aidants familiaux sont souvent au bout du rouleau, et c&rsquo;est tout \u00e0 fait normal. Des dispositifs existent pour les soutenir : le cong\u00e9 de proche aidant (jusqu&rsquo;\u00e0 3 mois par salari\u00e9), l&rsquo;allocation journali\u00e8re du proche aidant (AJPA), les groupes de parole, les plateformes de r\u00e9pit. France Alzheimer, la Fondation France Parkinson et d&rsquo;autres associations proposent \u00e9galement des ressources pr\u00e9cieuses. Ne reste pas seul(e) face \u00e0 cette \u00e9preuve ! Les complications li\u00e9es \u00e0 l&rsquo;immobilit\u00e9 prolong\u00e9e, comme <a href=\"https:\/\/www.appareil-minceur.fr\/en\/health\/algodystrophie-genou\/\" style=\"color: #FF6600; text-decoration: none;\">l&rsquo;algodystrophie du genou<\/a>, peuvent aussi n\u00e9cessiter une prise en charge sp\u00e9cifique lors du suivi d&rsquo;un proche en fin de vie.<\/p>\n<p><img decoding=\"async\" src=\"https:\/\/www.appareil-minceur.fr\/wp-content\/uploads\/2026\/04\/parkinson-comment-survient-la-mort-scaled.jpg\" alt=\"Comment survient la mort avec la maladie de Parkinson\" style=\"width: 100%; height: auto; border-radius: 10px; margin: 20px 0;\"><\/p>\n<h2><span class=\"ez-toc-section\" id=\"Ou_en_est_la_recherche_sur_la_maladie_de_Parkinson\"><\/span>O\u00f9 en est la recherche sur la maladie de Parkinson ?<span class=\"ez-toc-section-end\"><\/span><\/h2>\n<p>La recherche avance, et c&rsquo;est vraiment encourageant ! Des th\u00e9rapies comme la stimulation c\u00e9r\u00e9brale profonde (DBS) permettent d\u00e9j\u00e0 de soulager consid\u00e9rablement les sympt\u00f4mes moteurs chez certains patients. Des essais cliniques explorent des pistes comme les th\u00e9rapies g\u00e9niques, les anticorps anti-alpha-synucl\u00e9ine (la prot\u00e9ine impliqu\u00e9e dans la maladie) ou encore la greffe de cellules souches.<\/p>\n<p>Des institutions comme l&rsquo;INSERM, le CHU de Bordeaux (reconnu pour son expertise en neurologie), l&rsquo;Institut du Cerveau \u00e0 Paris ou encore la Fondation France Parkinson financent des recherches ambitieuses. L&rsquo;objectif \u00e0 terme : ralentir ou stopper la progression de la maladie, et non plus seulement en traiter les sympt\u00f4mes.<\/p>\n<h2><span class=\"ez-toc-section\" id=\"Ce_que_tu_dois_retenir_sur_la_fin_de_vie_avec_Parkinson\"><\/span>Ce que tu dois retenir sur la fin de vie avec Parkinson<span class=\"ez-toc-section-end\"><\/span><\/h2>\n<p>La maladie de Parkinson est une \u00e9preuve longue et exigeante, autant pour les patients que pour leurs proches. Mais comprendre comment elle \u00e9volue, anticiper les complications et s&rsquo;appuyer sur les bons professionnels fait vraiment toute la diff\u00e9rence dans la qualit\u00e9 de la fin de vie.<\/p>\n<p>Les pneumonies d&rsquo;inhalation, les chutes, les infections : ce sont ces complications qu&rsquo;il faut surveiller et pr\u00e9venir autant que possible. Les soins palliatifs ne sont pas une capitulation \u2014 c&rsquo;est au contraire la forme la plus humaine et la plus respectueuse de prendre soin d&rsquo;une personne en fin de vie.<\/p>\n<p>Et si tu traverses cette p\u00e9riode avec un proche, sache qu&rsquo;il existe des \u00e9quipes enti\u00e8res d\u00e9di\u00e9es pour t&rsquo;accompagner. Tu n&rsquo;as pas \u00e0 porter \u00e7a tout seul(e) ! \ud83d\udc99<\/p>\n<div style=\"background-color:#f8f9fa; border-left:4px solid #FF6600; padding:20px; color:#000000;\">\n<h2><span class=\"ez-toc-section\" id=\"Questions_frequentes_sur_la_fin_de_vie_et_la_maladie_de_Parkinson\"><\/span>Questions fr\u00e9quentes sur la fin de vie et la maladie de Parkinson<span class=\"ez-toc-section-end\"><\/span><\/h2>\n<div itemscope itemprop=\"mainEntity\" itemtype=\"https:\/\/schema.org\/Question\">\n<h3 itemprop=\"name\"><span class=\"ez-toc-section\" id=\"Peut-on_prevenir_les_pneumonies_dinhalation_chez_les_patients_parkinsoniens\"><\/span>Peut-on pr\u00e9venir les pneumonies d&rsquo;inhalation chez les patients parkinsoniens ?<span class=\"ez-toc-section-end\"><\/span><\/h3>\n<div itemscope itemprop=\"acceptedAnswer\" itemtype=\"https:\/\/schema.org\/Answer\">\n<div itemprop=\"text\">\n<p>Yes, some <strong>mesures pr\u00e9ventives<\/strong> r\u00e9duisent les risques : r\u00e9\u00e9ducation orthophonique pour la <strong>d\u00e9glutition<\/strong>, adaptation de la texture des aliments (mix\u00e9s, \u00e9paississants), et position assise pendant les repas. Une \u00e9tude montre que 60 % des pneumonies d&rsquo;inhalation sont \u00e9vit\u00e9es avec ces protocoles. Les <strong>soins palliatifs<\/strong> incluent souvent un suivi nutritionnel pour limiter ces complications.<\/p>\n<\/div>\n<\/div>\n<\/div>\n<div itemscope itemprop=\"mainEntity\" itemtype=\"https:\/\/schema.org\/Question\">\n<h3 itemprop=\"name\"><span class=\"ez-toc-section\" id=\"Quels_sont_les_criteres_pour_integrer_une_unite_de_soins_palliatifs_USP\"><\/span>Quels sont les crit\u00e8res pour int\u00e9grer une unit\u00e9 de soins palliatifs (USP) ?<span class=\"ez-toc-section-end\"><\/span><\/h3>\n<div itemscope itemprop=\"acceptedAnswer\" itemtype=\"https:\/\/schema.org\/Answer\">\n<div itemprop=\"text\">\n<p>L&rsquo;admission en <strong>USP<\/strong> repose sur trois crit\u00e8res : une maladie <strong>incurable<\/strong> en phase avanc\u00e9e, des sympt\u00f4mes r\u00e9fractaires (douleur, dyspn\u00e9e), et un pronostic vital engag\u00e9 \u00e0 court terme. En France, 80 % des patients en USP souffrent de cancers ou de maladies neurod\u00e9g\u00e9n\u00e9ratives comme Parkinson. Une prescription m\u00e9dicale est obligatoire pour y acc\u00e9der.<\/p>\n<\/div>\n<\/div>\n<\/div>\n<div itemscope itemprop=\"mainEntity\" itemtype=\"https:\/\/schema.org\/Question\">\n<h3 itemprop=\"name\"><span class=\"ez-toc-section\" id=\"Existe-t-il_des_aides_financieres_pour_les_aidants_familiaux\"><\/span>Existe-t-il des aides financi\u00e8res pour les aidants familiaux ?<span class=\"ez-toc-section-end\"><\/span><\/h3>\n<div itemscope itemprop=\"acceptedAnswer\" itemtype=\"https:\/\/schema.org\/Answer\">\n<div itemprop=\"text\">\n<p>Oui, plusieurs dispositifs existent : l&rsquo;<strong>allocation journali\u00e8re du proche aidant<\/strong> (AJPA), le <strong>cong\u00e9 de proche aidant<\/strong> (r\u00e9mun\u00e9r\u00e9), et des aides locales (d\u00e9partements, CCAS). L&rsquo;AJPA verse environ 58 \u20ac par jour, dans la limite de 66 jours. Les associations comme France Parkinson offrent aussi des bourses pour les <strong>frais m\u00e9dicaux<\/strong> non couverts.<\/p>\n<\/div>\n<\/div>\n<\/div>\n<div itemscope itemprop=\"mainEntity\" itemtype=\"https:\/\/schema.org\/Question\">\n<h3 itemprop=\"name\"><span class=\"ez-toc-section\" id=\"Quelle_est_la_difference_entre_akinesie_et_akinesie_totale\"><\/span>Quelle est la diff\u00e9rence entre akin\u00e9sie et akin\u00e9sie totale ?<span class=\"ez-toc-section-end\"><\/span><\/h3>\n<div itemscope itemprop=\"acceptedAnswer\" itemtype=\"https:\/\/schema.org\/Answer\">\n<div itemprop=\"text\">\n<p>L'<strong>akin\u00e9sie<\/strong> d\u00e9signe un ralentissement des mouvements, fr\u00e9quent dans Parkinson. L&rsquo;<strong>akin\u00e9sie totale<\/strong> est un blocage complet, souvent en phase terminale, o\u00f9 le patient ne peut plus initier aucun geste. Elle touche 30 % des patients en stade avanc\u00e9 et n\u00e9cessite une <strong>prise en charge palliative<\/strong> pour \u00e9viter les complications (escarres, infections).<\/p>\n<\/div>\n<\/div>\n<\/div>\n<div itemscope itemprop=\"mainEntity\" itemtype=\"https:\/\/schema.org\/Question\">\n<h3 itemprop=\"name\"><span class=\"ez-toc-section\" id=\"Comment_gerer_les_hallucinations_visuelles_en_fin_de_vie\"><\/span>Comment g\u00e9rer les hallucinations visuelles en fin de vie ?<span class=\"ez-toc-section-end\"><\/span><\/h3>\n<div itemscope itemprop=\"acceptedAnswer\" itemtype=\"https:\/\/schema.org\/Answer\">\n<div itemprop=\"text\">\n<p>Visit <strong>hallucinations<\/strong> (souvent li\u00e9es \u00e0 la d\u00e9mence \u00e0 corps de Lewy) se traitent par des ajustements m\u00e9dicamenteux (r\u00e9duction des neuroleptiques) et des approches non pharmacologiques : \u00e9clairage doux, environnement calme, et <strong>validation th\u00e9rapeutique<\/strong>. 40 % des patients parkinsoniens en phase terminale en souffrent. Les \u00e9quipes de <strong>neurologie<\/strong> adaptent les doses de l\u00e9vodopa pour limiter ces \u00e9pisodes.<\/p>\n<\/div>\n<\/div>\n<\/div>\n<div itemscope itemprop=\"mainEntity\" itemtype=\"https:\/\/schema.org\/Question\">\n<h3 itemprop=\"name\"><span class=\"ez-toc-section\" id=\"Combien_de_temps_dure_la_phase_terminale_de_Parkinson\"><\/span>Combien de temps dure la phase terminale de Parkinson ?<span class=\"ez-toc-section-end\"><\/span><\/h3>\n<div itemscope itemprop=\"acceptedAnswer\" itemtype=\"https:\/\/schema.org\/Answer\">\n<div itemprop=\"text\">\n<p>La phase terminale dure en moyenne entre 6 et 12 mois, mais cette dur\u00e9e varie fortement d&rsquo;un patient \u00e0 l&rsquo;autre. Certains patients se stabilisent pendant plusieurs mois, d&rsquo;autres d\u00e9clinent rapidement. L&rsquo;accompagnement m\u00e9dical adapt\u00e9 peut influencer la dur\u00e9e et la qualit\u00e9 de cette phase.<\/p>\n<\/div>\n<\/div>\n<\/div>\n<div itemscope itemprop=\"mainEntity\" itemtype=\"https:\/\/schema.org\/Question\">\n<h3 itemprop=\"name\"><span class=\"ez-toc-section\" id=\"Parkinson_et_Alzheimer_quelles_differences_en_fin_de_vie\"><\/span>Parkinson et Alzheimer : quelles diff\u00e9rences en fin de vie ?<span class=\"ez-toc-section-end\"><\/span><\/h3>\n<div itemscope itemprop=\"acceptedAnswer\" itemtype=\"https:\/\/schema.org\/Answer\">\n<div itemprop=\"text\">\n<p>Les deux maladies sont neurod\u00e9g\u00e9n\u00e9ratives, mais leur \u00e9volution diff\u00e8re. Alzheimer touche en priorit\u00e9 la m\u00e9moire et la cognition d\u00e8s les premiers stades. Parkinson commence par les sympt\u00f4mes moteurs et les troubles cognitifs apparaissent plus tardivement. En fin de vie, les deux maladies convergent vers une grande d\u00e9pendance, mais les complications sp\u00e9cifiques (dysphagie marqu\u00e9e pour Parkinson, d\u00e9ambulation nocturne pour Alzheimer) diff\u00e8rent.<\/p>\n<\/div>\n<\/div>\n<\/div>\n<div itemscope itemprop=\"mainEntity\" itemtype=\"https:\/\/schema.org\/Question\">\n<h3 itemprop=\"name\"><span class=\"ez-toc-section\" id=\"Est-ce_que_tous_les_patients_parkinsoniens_developpent_une_demence\"><\/span>Est-ce que tous les patients parkinsoniens d\u00e9veloppent une d\u00e9mence ?<span class=\"ez-toc-section-end\"><\/span><\/h3>\n<div itemscope itemprop=\"acceptedAnswer\" itemtype=\"https:\/\/schema.org\/Answer\">\n<div itemprop=\"text\">\n<p>Non, pas tous. Mais le risque augmente avec l&rsquo;\u00e2ge et la dur\u00e9e de la maladie. On estime qu&rsquo;entre 50 et 80 % des patients d\u00e9veloppent une forme de d\u00e9mence parkinsonnienne apr\u00e8s 10 \u00e0 15 ans d&rsquo;\u00e9volution. La d\u00e9mence \u00e0 corps de Lewy est la forme la plus proche du Parkinson.<\/p>\n<\/div>\n<\/div>\n<\/div>\n<div itemscope itemprop=\"mainEntity\" itemtype=\"https:\/\/schema.org\/Question\">\n<h3 itemprop=\"name\"><span class=\"ez-toc-section\" id=\"Peut-on_mourir_brutalement_avec_la_maladie_de_Parkinson\"><\/span>Peut-on mourir brutalement avec la maladie de Parkinson ?<span class=\"ez-toc-section-end\"><\/span><\/h3>\n<div itemscope itemprop=\"acceptedAnswer\" itemtype=\"https:\/\/schema.org\/Answer\">\n<div itemprop=\"text\">\n<p>Un d\u00e9c\u00e8s brutal est rare mais possible, notamment \u00e0 cause d&rsquo;une chute grave (fracture du col du f\u00e9mur suivie de complications chirurgicales) ou d&rsquo;une embolie pulmonaire massive. Dans la grande majorit\u00e9 des cas, le d\u00e9c\u00e8s survient progressivement, \u00e0 la suite d&rsquo;une d\u00e9gradation de l&rsquo;\u00e9tat g\u00e9n\u00e9ral.<\/p>\n<\/div>\n<\/div>\n<\/div>\n<div itemscope itemprop=\"mainEntity\" itemtype=\"https:\/\/schema.org\/Question\">\n<h3 itemprop=\"name\"><span class=\"ez-toc-section\" id=\"La_levodopa_perd-elle_son_efficacite_en_fin_de_vie\"><\/span>La l\u00e9vodopa perd-elle son efficacit\u00e9 en fin de vie ?<span class=\"ez-toc-section-end\"><\/span><\/h3>\n<div itemscope itemprop=\"acceptedAnswer\" itemtype=\"https:\/\/schema.org\/Answer\">\n<div itemprop=\"text\">\n<p>Oui, avec le temps, l&rsquo;efficacit\u00e9 de la l\u00e9vodopa diminue. Des ph\u00e9nom\u00e8nes de fluctuations motrices (\u00ab\u00a0on-off\u00a0\u00bb) apparaissent : le m\u00e9dicament fait effet par intermittence, avec des p\u00e9riodes de blocage moteur de plus en plus fr\u00e9quentes. En phase terminale, les traitements sont souvent simplifi\u00e9s pour se concentrer sur le confort.<\/p>\n<\/div>\n<\/div>\n<\/div>\n<\/div>\n<\/article>","protected":false},"excerpt":{"rendered":"<p>\u2713 Les infos \u00e0 retenir La maladie de Parkinson n&rsquo;est pas directement mortelle : ce sont ses complications (pneumonies d&rsquo;inhalation, chutes, infections) qui entra\u00eenent le d\u00e9c\u00e8s chez environ 200 000 patients en France L&rsquo;esp\u00e9rance de vie apr\u00e8s diagnostic est en moyenne de 15 \u00e0 20 ans, avec un d\u00e9c\u00e8s moyen autour de 83 ans, tr\u00e8s [&hellip;]<\/p>\n","protected":false},"author":1,"featured_media":3387,"comment_status":"open","ping_status":"","sticky":false,"template":"","format":"standard","meta":{"footnotes":""},"categories":[37],"tags":[],"class_list":["post-3390","post","type-post","status-publish","format-standard","has-post-thumbnail","hentry","category-sante"],"_links":{"self":[{"href":"https:\/\/www.appareil-minceur.fr\/en\/wp-json\/wp\/v2\/posts\/3390","targetHints":{"allow":["GET"]}}],"collection":[{"href":"https:\/\/www.appareil-minceur.fr\/en\/wp-json\/wp\/v2\/posts"}],"about":[{"href":"https:\/\/www.appareil-minceur.fr\/en\/wp-json\/wp\/v2\/types\/post"}],"author":[{"embeddable":true,"href":"https:\/\/www.appareil-minceur.fr\/en\/wp-json\/wp\/v2\/users\/1"}],"replies":[{"embeddable":true,"href":"https:\/\/www.appareil-minceur.fr\/en\/wp-json\/wp\/v2\/comments?post=3390"}],"version-history":[{"count":0,"href":"https:\/\/www.appareil-minceur.fr\/en\/wp-json\/wp\/v2\/posts\/3390\/revisions"}],"wp:featuredmedia":[{"embeddable":true,"href":"https:\/\/www.appareil-minceur.fr\/en\/wp-json\/wp\/v2\/media\/3387"}],"wp:attachment":[{"href":"https:\/\/www.appareil-minceur.fr\/en\/wp-json\/wp\/v2\/media?parent=3390"}],"wp:term":[{"taxonomy":"category","embeddable":true,"href":"https:\/\/www.appareil-minceur.fr\/en\/wp-json\/wp\/v2\/categories?post=3390"},{"taxonomy":"post_tag","embeddable":true,"href":"https:\/\/www.appareil-minceur.fr\/en\/wp-json\/wp\/v2\/tags?post=3390"}],"curies":[{"name":"wp","href":"https:\/\/api.w.org\/{rel}","templated":true}]}}