{"id":455,"date":"2025-02-06T09:53:04","date_gmt":"2025-02-06T09:53:04","guid":{"rendered":"https:\/\/www.appareil-minceur.fr\/?p=455"},"modified":"2025-02-06T10:12:27","modified_gmt":"2025-02-06T10:12:27","slug":"radiofrequency-face-duration","status":"publish","type":"post","link":"https:\/\/www.appareil-minceur.fr\/en\/weight-loss-2\/radiofrequency-face-duration\/","title":{"rendered":"How long does a facial radiofrequency session last?"},"content":{"rendered":"<div class=\"kk-star-ratings kksr-auto kksr-align-left kksr-valign-top\"\n    data-payload='{&quot;align&quot;:&quot;left&quot;,&quot;id&quot;:&quot;455&quot;,&quot;slug&quot;:&quot;default&quot;,&quot;valign&quot;:&quot;top&quot;,&quot;ignore&quot;:&quot;&quot;,&quot;reference&quot;:&quot;auto&quot;,&quot;class&quot;:&quot;&quot;,&quot;count&quot;:&quot;0&quot;,&quot;legendonly&quot;:&quot;&quot;,&quot;readonly&quot;:&quot;&quot;,&quot;score&quot;:&quot;0&quot;,&quot;starsonly&quot;:&quot;&quot;,&quot;best&quot;:&quot;5&quot;,&quot;gap&quot;:&quot;5&quot;,&quot;greet&quot;:&quot;Notez cet article !&quot;,&quot;legend&quot;:&quot;0\\\/5 - (0 votes)&quot;,&quot;size&quot;:&quot;16&quot;,&quot;title&quot;:&quot;Quelle est la dur\u00e9e d\\u0026#039;une s\u00e9ance de radiofr\u00e9quence visage ?&quot;,&quot;width&quot;:&quot;0&quot;,&quot;_legend&quot;:&quot;{score}\\\/{best} - ({count} {votes})&quot;,&quot;font_factor&quot;:&quot;1.25&quot;}'>\n            \n<div class=\"kksr-stars\">\n    \n<div class=\"kksr-stars-inactive\">\n            <div class=\"kksr-star\" data-star=\"1\" style=\"padding-right: 5px\">\n            \n\n<div class=\"kksr-icon\" style=\"width: 16px; height: 16px;\"><\/div>\n        <\/div>\n            <div class=\"kksr-star\" data-star=\"2\" style=\"padding-right: 5px\">\n            \n\n<div class=\"kksr-icon\" style=\"width: 16px; height: 16px;\"><\/div>\n        <\/div>\n            <div class=\"kksr-star\" data-star=\"3\" style=\"padding-right: 5px\">\n            \n\n<div class=\"kksr-icon\" style=\"width: 16px; height: 16px;\"><\/div>\n        <\/div>\n            <div class=\"kksr-star\" data-star=\"4\" style=\"padding-right: 5px\">\n            \n\n<div class=\"kksr-icon\" style=\"width: 16px; height: 16px;\"><\/div>\n        <\/div>\n            <div class=\"kksr-star\" data-star=\"5\" style=\"padding-right: 5px\">\n            \n\n<div class=\"kksr-icon\" style=\"width: 16px; height: 16px;\"><\/div>\n        <\/div>\n    <\/div>\n    \n<div class=\"kksr-stars-active\" style=\"width: 0px;\">\n            <div class=\"kksr-star\" style=\"padding-right: 5px\">\n            \n\n<div class=\"kksr-icon\" style=\"width: 16px; height: 16px;\"><\/div>\n        <\/div>\n            <div class=\"kksr-star\" style=\"padding-right: 5px\">\n            \n\n<div class=\"kksr-icon\" style=\"width: 16px; height: 16px;\"><\/div>\n        <\/div>\n            <div class=\"kksr-star\" style=\"padding-right: 5px\">\n            \n\n<div class=\"kksr-icon\" style=\"width: 16px; height: 16px;\"><\/div>\n        <\/div>\n            <div class=\"kksr-star\" style=\"padding-right: 5px\">\n            \n\n<div class=\"kksr-icon\" style=\"width: 16px; height: 16px;\"><\/div>\n        <\/div>\n            <div class=\"kksr-star\" style=\"padding-right: 5px\">\n            \n\n<div class=\"kksr-icon\" style=\"width: 16px; height: 16px;\"><\/div>\n        <\/div>\n    <\/div>\n<\/div>\n                \n\n<div class=\"kksr-legend\" style=\"font-size: 12.8px;\">\n            <span class=\"kksr-muted\">Rate this article!<\/span>\n    <\/div>\n    <\/div>\n\n<p>Vous vous demandez combien de temps dure une s\u00e9ance de radiofr\u00e9quence visage ? Parfait, vous \u00eates au bon endroit ! En tant que coach sportive passionn\u00e9e par les techniques de beaut\u00e9 innovantes, je vais tout vous dire sur cette m\u00e9thode qui fait sensation. La <b>radiofrequency face<\/b> est devenue l&rsquo;une des solutions pr\u00e9f\u00e9r\u00e9es de mes clientes pour retrouver une peau plus ferme et plus jeune. Et la meilleure nouvelle ? Les s\u00e9ances sont <b>ultra-rapides<\/b> et s&rsquo;int\u00e8grent facilement dans un emploi du temps charg\u00e9. D\u00e9couvrez avec moi pourquoi cette technique est si efficace et comment elle peut transformer votre peau en profondeur. Je vous promets que vous allez adorer les <b>impressive results<\/b> de ce soin !<\/p><div id=\"ez-toc-container\" class=\"ez-toc-v2_0_82_2 counter-hierarchy ez-toc-counter ez-toc-custom ez-toc-container-direction\">\n<div class=\"ez-toc-title-container\">\n<p class=\"ez-toc-title\" style=\"cursor:inherit\">Article summary<\/p>\n<span class=\"ez-toc-title-toggle\"><a href=\"#\" class=\"ez-toc-pull-right ez-toc-btn ez-toc-btn-xs ez-toc-btn-default ez-toc-toggle\" aria-label=\"Toggle Table of Content\"><span class=\"ez-toc-js-icon-con\"><span class=\"\"><span class=\"eztoc-hide\" style=\"display:none;\">Toggle<\/span><span class=\"ez-toc-icon-toggle-span\"><svg style=\"fill: #ffffff;color:#ffffff\" xmlns=\"http:\/\/www.w3.org\/2000\/svg\" class=\"list-377408\" width=\"20px\" height=\"20px\" viewbox=\"0 0 24 24\" fill=\"none\"><path d=\"M6 6H4v2h2V6zm14 0H8v2h12V6zM4 11h2v2H4v-2zm16 0H8v2h12v-2zM4 16h2v2H4v-2zm16 0H8v2h12v-2z\" fill=\"currentColor\"><\/path><\/svg><svg style=\"fill: #ffffff;color:#ffffff\" class=\"arrow-unsorted-368013\" xmlns=\"http:\/\/www.w3.org\/2000\/svg\" width=\"10px\" height=\"10px\" viewbox=\"0 0 24 24\" version=\"1.2\" baseprofile=\"tiny\"><path d=\"M18.2 9.3l-6.2-6.3-6.2 6.3c-.2.2-.3.4-.3.7s.1.5.3.7c.2.2.4.3.7.3h11c.3 0 .5-.1.7-.3.2-.2.3-.5.3-.7s-.1-.5-.3-.7zM5.8 14.7l6.2 6.3 6.2-6.3c.2-.2.3-.5.3-.7s-.1-.5-.3-.7c-.2-.2-.4-.3-.7-.3h-11c-.3 0-.5.1-.7.3-.2.2-.3.5-.3.7s.1.5.3.7z\"\/><\/svg><\/span><\/span><\/span><\/a><\/span><\/div>\n<nav><ul class='ez-toc-list ez-toc-list-level-1 eztoc-toggle-hide-by-default' ><li class='ez-toc-page-1 ez-toc-heading-level-2'><a class=\"ez-toc-link ez-toc-heading-1\" href=\"https:\/\/www.appareil-minceur.fr\/en\/weight-loss-2\/radiofrequency-face-duration\/#Comment_fonctionne_la_radiofrequence_pour_le_visage\" >Comment fonctionne la radiofr\u00e9quence pour le visage ?<\/a><ul class='ez-toc-list-level-3' ><li class='ez-toc-heading-level-3'><a class=\"ez-toc-link ez-toc-heading-2\" href=\"https:\/\/www.appareil-minceur.fr\/en\/weight-loss-2\/radiofrequency-face-duration\/#La_technologie_par_ondes_electromagnetiques\" >La technologie par ondes \u00e9lectromagn\u00e9tiques<\/a><\/li><\/ul><\/li><li class='ez-toc-page-1 ez-toc-heading-level-2'><a class=\"ez-toc-link ez-toc-heading-3\" href=\"https:\/\/www.appareil-minceur.fr\/en\/weight-loss-2\/radiofrequency-face-duration\/#Quels_facteurs_influencent_les_resultats_de_la_radiofrequence_visage\" >Quels facteurs influencent les r\u00e9sultats de la radiofr\u00e9quence visage ?<\/a><ul class='ez-toc-list-level-3' ><li class='ez-toc-heading-level-3'><a class=\"ez-toc-link ez-toc-heading-4\" href=\"https:\/\/www.appareil-minceur.fr\/en\/weight-loss-2\/radiofrequency-face-duration\/#Lage_et_la_frequence_des_seances\" >L&rsquo;\u00e2ge et la fr\u00e9quence des s\u00e9ances<\/a><\/li><\/ul><\/li><li class='ez-toc-page-1 ez-toc-heading-level-2'><a class=\"ez-toc-link ez-toc-heading-5\" href=\"https:\/\/www.appareil-minceur.fr\/en\/weight-loss-2\/radiofrequency-face-duration\/#Combien_de_temps_dure_une_seance_de_radiofrequence_visage\" >Combien de temps dure une s\u00e9ance de radiofr\u00e9quence visage ?<\/a><ul class='ez-toc-list-level-3' ><li class='ez-toc-heading-level-3'><a class=\"ez-toc-link ez-toc-heading-6\" href=\"https:\/\/www.appareil-minceur.fr\/en\/weight-loss-2\/radiofrequency-face-duration\/#Les_facteurs_qui_influencent_la_duree_du_soin\" >Les facteurs qui influencent la dur\u00e9e du soin<\/a><\/li><\/ul><\/li><li class='ez-toc-page-1 ez-toc-heading-level-2'><a class=\"ez-toc-link ez-toc-heading-7\" href=\"https:\/\/www.appareil-minceur.fr\/en\/weight-loss-2\/radiofrequency-face-duration\/#Comment_planifier_ses_seances_de_radiofrequence_pour_un_maximum_de_resultats\" >Comment planifier ses s\u00e9ances de radiofr\u00e9quence pour un maximum de r\u00e9sultats ?<\/a><ul class='ez-toc-list-level-3' ><li class='ez-toc-heading-level-3'><a class=\"ez-toc-link ez-toc-heading-8\" href=\"https:\/\/www.appareil-minceur.fr\/en\/weight-loss-2\/radiofrequency-face-duration\/#Le_nombre_de_seances_pour_des_resultats_visibles\" >Le nombre de s\u00e9ances pour des r\u00e9sultats visibles<\/a><\/li><li class='ez-toc-page-1 ez-toc-heading-level-3'><a class=\"ez-toc-link ez-toc-heading-9\" href=\"https:\/\/www.appareil-minceur.fr\/en\/weight-loss-2\/radiofrequency-face-duration\/#Maintenir_ses_resultats_dans_le_temps\" >Maintenir ses r\u00e9sultats dans le temps<\/a><\/li><\/ul><\/li><li class='ez-toc-page-1 ez-toc-heading-level-2'><a class=\"ez-toc-link ez-toc-heading-10\" href=\"https:\/\/www.appareil-minceur.fr\/en\/weight-loss-2\/radiofrequency-face-duration\/#Que_se_passe-t-il_juste_apres_une_seance_de_radiofrequence\" >Que se passe-t-il juste apr\u00e8s une s\u00e9ance de radiofr\u00e9quence ?<\/a><ul class='ez-toc-list-level-3' ><li class='ez-toc-heading-level-3'><a class=\"ez-toc-link ez-toc-heading-11\" href=\"https:\/\/www.appareil-minceur.fr\/en\/weight-loss-2\/radiofrequency-face-duration\/#Les_reactions_naturelles_de_votre_peau\" >Les r\u00e9actions naturelles de votre peau<\/a><\/li><\/ul><\/li><li class='ez-toc-page-1 ez-toc-heading-level-2'><a class=\"ez-toc-link ez-toc-heading-12\" href=\"https:\/\/www.appareil-minceur.fr\/en\/weight-loss-2\/radiofrequency-face-duration\/#Quels_sont_les_resultats_visibles_apres_une_seance_de_radiofrequence_visage\" >Quels sont les r\u00e9sultats visibles apr\u00e8s une s\u00e9ance de radiofr\u00e9quence visage ?<\/a><ul class='ez-toc-list-level-3' ><li class='ez-toc-heading-level-3'><a class=\"ez-toc-link ez-toc-heading-13\" href=\"https:\/\/www.appareil-minceur.fr\/en\/weight-loss-2\/radiofrequency-face-duration\/#Des_resultats_progressifs_et_naturels\" >Progressive, natural results<\/a><\/li><li class='ez-toc-page-1 ez-toc-heading-level-3'><a class=\"ez-toc-link ez-toc-heading-14\" href=\"https:\/\/www.appareil-minceur.fr\/en\/weight-loss-2\/radiofrequency-face-duration\/#Maintenir_ces_superbes_resultats\" >Maintenir ces superbes r\u00e9sultats<\/a><\/li><\/ul><\/li><li class='ez-toc-page-1 ez-toc-heading-level-2'><a class=\"ez-toc-link ez-toc-heading-15\" href=\"https:\/\/www.appareil-minceur.fr\/en\/weight-loss-2\/radiofrequency-face-duration\/#Quels_avantages_offre_la_radiofrequence_par_rapport_aux_autres_soins_du_visage\" >Quels avantages offre la radiofr\u00e9quence par rapport aux autres soins du visage ?<\/a><ul class='ez-toc-list-level-3' ><li class='ez-toc-heading-level-3'><a class=\"ez-toc-link ez-toc-heading-16\" href=\"https:\/\/www.appareil-minceur.fr\/en\/weight-loss-2\/radiofrequency-face-duration\/#Des_resultats_qui_durent_dans_le_temps\" >Results that last<\/a><\/li><\/ul><\/li><li class='ez-toc-page-1 ez-toc-heading-level-2'><a class=\"ez-toc-link ez-toc-heading-17\" href=\"https:\/\/www.appareil-minceur.fr\/en\/weight-loss-2\/radiofrequency-face-duration\/#Quels_sont_les_effets_secondaires_a_prevoir_apres_une_seance_de_radiofrequence\" >Quels sont les effets secondaires \u00e0 pr\u00e9voir apr\u00e8s une s\u00e9ance de radiofr\u00e9quence ?<\/a><ul class='ez-toc-list-level-3' ><li class='ez-toc-heading-level-3'><a class=\"ez-toc-link ez-toc-heading-18\" href=\"https:\/\/www.appareil-minceur.fr\/en\/weight-loss-2\/radiofrequency-face-duration\/#Des_reactions_temporaires_tout_a_fait_normales\" >Des r\u00e9actions temporaires tout \u00e0 fait normales<\/a><\/li><\/ul><\/li><li class='ez-toc-page-1 ez-toc-heading-level-2'><a class=\"ez-toc-link ez-toc-heading-19\" href=\"https:\/\/www.appareil-minceur.fr\/en\/weight-loss-2\/radiofrequency-face-duration\/#Quels_progres_la_radiofrequence_a-t-elle_fait_ces_dernieres_annees\" >Quels progr\u00e8s la radiofr\u00e9quence a-t-elle fait ces derni\u00e8res ann\u00e9es ?<\/a><ul class='ez-toc-list-level-3' ><li class='ez-toc-heading-level-3'><a class=\"ez-toc-link ez-toc-heading-20\" href=\"https:\/\/www.appareil-minceur.fr\/en\/weight-loss-2\/radiofrequency-face-duration\/#Des_seances_plus_rapides_des_resultats_bluffants\" >Des s\u00e9ances plus rapides, des r\u00e9sultats bluffants<\/a><\/li><\/ul><\/li><li class='ez-toc-page-1 ez-toc-heading-level-2'><a class=\"ez-toc-link ez-toc-heading-21\" href=\"https:\/\/www.appareil-minceur.fr\/en\/weight-loss-2\/radiofrequency-face-duration\/#Comment_choisir_un_expert_en_radiofrequence_pour_votre_visage\" >Comment choisir un expert en radiofr\u00e9quence pour votre visage ?<\/a><ul class='ez-toc-list-level-3' ><li class='ez-toc-heading-level-3'><a class=\"ez-toc-link ez-toc-heading-22\" href=\"https:\/\/www.appareil-minceur.fr\/en\/weight-loss-2\/radiofrequency-face-duration\/#Les_points_essentiels_a_verifier\" >Essential points to check<\/a><\/li><\/ul><\/li><\/ul><\/nav><\/div>\n\n\n\n\n<figure class=\"wp-block-image\"><img decoding=\"async\" src=\"https:\/\/www.appareil-minceur.fr\/wp-content\/uploads\/2025\/02\/fonctionnement-radiofrequence-ondes-chauffantes-visage.png\" alt=\"\"\/><\/figure>\n\n\n\n<p><\/p>\n\n\n\n<h2 class=\"wp-block-heading\"><span class=\"ez-toc-section\" id=\"Comment_fonctionne_la_radiofrequence_pour_le_visage\"><\/span>Comment fonctionne la radiofr\u00e9quence pour le visage ?<span class=\"ez-toc-section-end\"><\/span><\/h2>\n\n\n\n<h3 class=\"wp-block-heading\"><span class=\"ez-toc-section\" id=\"La_technologie_par_ondes_electromagnetiques\"><\/span>La technologie par ondes \u00e9lectromagn\u00e9tiques<span class=\"ez-toc-section-end\"><\/span><\/h3>\n\n\n\n<p>Vous cherchez une solution efficace pour raffermir votre peau sans passer par la case chirurgie ? La radiofr\u00e9quence est faite pour vous ! Cette technique moderne et <b>non-invasive<\/b> utilise des ondes \u00e9lectromagn\u00e9tiques pour donner un v\u00e9ritable coup de boost \u00e0 votre peau. Le principe est simple : ces ondes stimulent naturellement la production de <b>collagen<\/b> and<b>elastin<\/b>, les prot\u00e9ines responsables de la fermet\u00e9 de votre peau.<\/p>\n\n\n\n<p>L&rsquo;avantage principal ? Cette m\u00e9thode agit en profondeur sur votre peau en la raffermissant imm\u00e9diatement, tout en continuant son action anti-\u00e2ge sur le long terme. La chaleur diffus\u00e9e par les ondes va directement cibler les couches profondes de votre peau, provoquant une contraction des fibres existantes. R\u00e9sultat ? Une peau plus tonique et plus ferme d\u00e8s les premi\u00e8res s\u00e9ances !<\/p>\n\n\n\n<p>La bonne nouvelle, c&rsquo;est que ce traitement est super confortable ! Vous ressentirez juste une agr\u00e9able sensation de chaleur pendant la s\u00e9ance. Il est possible d&rsquo;observer quelques rougeurs ou un l\u00e9ger gonflement apr\u00e8s le traitement, mais pas d&rsquo;inqui\u00e9tude : ces petits effets disparaissent rapidement et vous pourrez reprendre vos activit\u00e9s directement apr\u00e8s la s\u00e9ance.<\/p>\n\n\n\n<h2 class=\"wp-block-heading\"><span class=\"ez-toc-section\" id=\"Quels_facteurs_influencent_les_resultats_de_la_radiofrequence_visage\"><\/span>Quels facteurs influencent les r\u00e9sultats de la radiofr\u00e9quence visage ?<span class=\"ez-toc-section-end\"><\/span><\/h2>\n\n\n\n<p>Super question ! Le succ\u00e8s d&rsquo;un traitement par radiofr\u00e9quence d\u00e9pend de plusieurs \u00e9l\u00e9ments cl\u00e9s. D&rsquo;abord, parlons du <b>type de peau<\/b> qui joue un r\u00f4le majeur dans l&rsquo;efficacit\u00e9 des r\u00e9sultats. Les peaux grasses adorent la radiofr\u00e9quence car elles conduisent mieux la chaleur, ce qui permet d&rsquo;obtenir des r\u00e9sultats plus rapides. \u00c0 l&rsquo;inverse, les peaux s\u00e8ches demandent un peu plus de patience et n\u00e9cessitent davantage de s\u00e9ances.<\/p>\n\n\n\n<h3 class=\"wp-block-heading\"><span class=\"ez-toc-section\" id=\"Lage_et_la_frequence_des_seances\"><\/span>L&rsquo;\u00e2ge et la fr\u00e9quence des s\u00e9ances<span class=\"ez-toc-section-end\"><\/span><\/h3>\n\n\n\n<p>Je remarque souvent chez mes clients que l&rsquo;<b>\u00e2ge<\/b> fait toute la diff\u00e9rence ! Plus on avance dans l&rsquo;\u00e2ge, plus notre peau perd naturellement en \u00e9lasticit\u00e9. C&rsquo;est pour \u00e7a que mes clients de plus de 40 ans suivent g\u00e9n\u00e9ralement un programme de 4 \u00e0 6 s\u00e9ances pour retrouver une peau plus ferme. Les plus jeunes voient des r\u00e9sultats plus rapidement, mais pas de panique : avec un bon suivi, tout le monde peut obtenir des r\u00e9sultats satisfaisants ! La cl\u00e9, c&rsquo;est d&rsquo;espacer les s\u00e9ances d&rsquo;environ trois semaines pour laisser le temps \u00e0 la peau de bien r\u00e9agir au traitement et de produire ce pr\u00e9cieux <b>collagen<\/b> qui nous fait tant d\u00e9faut avec le temps.<\/p>\n\n\n\n<figure class=\"wp-block-embed is-type-video is-provider-youtube wp-block-embed-youtube wp-embed-aspect-16-9 wp-has-aspect-ratio\"><div class=\"wp-block-embed__wrapper\">\n<iframe title=\"I&#039;M TESTING ANTI-AGING RADIOFREQUENCY!\" width=\"800\" height=\"450\" src=\"https:\/\/www.youtube.com\/embed\/prX-RG2-k_0?feature=oembed\" frameborder=\"0\" allow=\"accelerometer; autoplay; clipboard-write; encrypted-media; gyroscope; picture-in-picture; web-share\" referrerpolicy=\"strict-origin-when-cross-origin\" allowfullscreen><\/iframe>\n<\/div><\/figure>\n\n\n\n<h2 class=\"wp-block-heading\"><span class=\"ez-toc-section\" id=\"Combien_de_temps_dure_une_seance_de_radiofrequence_visage\"><\/span>Combien de temps dure une s\u00e9ance de radiofr\u00e9quence visage ?<span class=\"ez-toc-section-end\"><\/span><\/h2>\n\n\n\n<p>Super nouvelle : une s\u00e9ance de <b><a href=\"https:\/\/www.appareil-minceur.fr\/en\/board\/radiofrequency-face\/\">radiofrequency face<\/a><\/b> ne vous prendra que 30 \u00e0 45 minutes ! C&rsquo;est le temps id\u00e9al pour obtenir des r\u00e9sultats visibles sans passer des heures en cabine. Cette dur\u00e9e est parfaitement calcul\u00e9e pour stimuler efficacement la production de collag\u00e8ne et raffermir votre peau.<\/p>\n\n\n\n<h3 class=\"wp-block-heading\"><span class=\"ez-toc-section\" id=\"Les_facteurs_qui_influencent_la_duree_du_soin\"><\/span>Les facteurs qui influencent la dur\u00e9e du soin<span class=\"ez-toc-section-end\"><\/span><\/h3>\n\n\n\n<p>La dur\u00e9e peut varier selon vos besoins sp\u00e9cifiques. Voici les principaux \u00e9l\u00e9ments qui d\u00e9terminent le temps de votre s\u00e9ance :<\/p>\n\n\n\n<ul class=\"wp-block-list\">\n<li>Visit <b>zone trait\u00e9e<\/b> : le front ou les rides du lion peuvent n\u00e9cessiter seulement 20-30 minutes<\/li>\n\n\n\n<li>L&rsquo;\u00e9tat initial de votre peau et son rel\u00e2chement<\/li>\n\n\n\n<li>Votre \u00e2ge et type de peau<\/li>\n\n\n\n<li>Les objectifs que vous souhaitez atteindre<\/li>\n<\/ul>\n\n\n\n<p>Dans certains cas, notamment pour traiter plusieurs zones en m\u00eame temps ou si votre peau demande plus d&rsquo;attention, la s\u00e9ance peut s&rsquo;\u00e9tendre jusqu&rsquo;\u00e0 60 minutes. C&rsquo;est d&rsquo;ailleurs l&rsquo;un des aspects que j&rsquo;appr\u00e9cie particuli\u00e8rement avec la radiofr\u00e9quence : elle s&rsquo;adapte parfaitement \u00e0 chaque personne !<\/p>\n\n\n\n<h2 class=\"wp-block-heading\"><span class=\"ez-toc-section\" id=\"Comment_planifier_ses_seances_de_radiofrequence_pour_un_maximum_de_resultats\"><\/span>Comment planifier ses s\u00e9ances de radiofr\u00e9quence pour un maximum de r\u00e9sultats ?<span class=\"ez-toc-section-end\"><\/span><\/h2>\n\n\n\n<p>Envie d&rsquo;optimiser vos r\u00e9sultats avec la radiofr\u00e9quence visage ? Parlons du timing id\u00e9al ! Ayant accompagn\u00e9 de nombreux clients dans leur routine beaut\u00e9, je peux vous dire qu&rsquo;il existe un rythme parfait pour maximiser les effets de ce traitement. La cl\u00e9 ? Espacer les s\u00e9ances d&rsquo;une \u00e0 six semaines, selon votre type de peau et vos objectifs. C&rsquo;est le d\u00e9lai parfait pour laisser votre peau se r\u00e9g\u00e9n\u00e9rer naturellement !<\/p>\n\n\n\n<h3 class=\"wp-block-heading\"><span class=\"ez-toc-section\" id=\"Le_nombre_de_seances_pour_des_resultats_visibles\"><\/span>Le nombre de s\u00e9ances pour des r\u00e9sultats visibles<span class=\"ez-toc-section-end\"><\/span><\/h3>\n\n\n\n<p>Pour voir une belle am\u00e9lioration de la fermet\u00e9 et de la texture de votre peau, comptez entre <b>4 and 6 sessions<\/b>. C&rsquo;est particuli\u00e8rement vrai si vous avez plus de 40 ans. Les premiers r\u00e9sultats apparaissent g\u00e9n\u00e9ralement apr\u00e8s 2-4 s\u00e9ances, et s&rsquo;am\u00e9liorent encore pendant plusieurs mois. Super motivant, non ?<\/p>\n\n\n\n<h3 class=\"wp-block-heading\"><span class=\"ez-toc-section\" id=\"Maintenir_ses_resultats_dans_le_temps\"><\/span>Maintenir ses r\u00e9sultats dans le temps<span class=\"ez-toc-section-end\"><\/span><\/h3>\n\n\n\n<p>Une fois vos s\u00e9ances initiales termin\u00e9es, pas question de tout laisser tomber ! Pour garder une peau tonique et repulp\u00e9e, je recommande \u00e0 mes clients de programmer une s\u00e9ance d&rsquo;entretien tous les <b>4 \u00e0 12 mois<\/b>. C&rsquo;est comme aller \u00e0 la salle de sport : la r\u00e9gularit\u00e9 est votre meilleure alli\u00e9e pour maintenir les r\u00e9sultats. Cette routine simple vous permettra de conserver une peau \u00e9clatante et tonique sur le long terme.<\/p>\n\n\n\n<h2 class=\"wp-block-heading\"><span class=\"ez-toc-section\" id=\"Que_se_passe-t-il_juste_apres_une_seance_de_radiofrequence\"><\/span>Que se passe-t-il juste apr\u00e8s une s\u00e9ance de radiofr\u00e9quence ?<span class=\"ez-toc-section-end\"><\/span><\/h2>\n\n\n\n<h3 class=\"wp-block-heading\"><span class=\"ez-toc-section\" id=\"Les_reactions_naturelles_de_votre_peau\"><\/span>Les r\u00e9actions naturelles de votre peau<span class=\"ez-toc-section-end\"><\/span><\/h3>\n\n\n\n<p>Pas de panique si votre peau devient l\u00e9g\u00e8rement rouge et gonfl\u00e9e apr\u00e8s votre s\u00e9ance de radiofr\u00e9quence visage ! C&rsquo;est totalement normal et m\u00eame plut\u00f4t bon signe : \u00e7a prouve que votre peau r\u00e9agit bien au traitement. Ces petits d\u00e9sagr\u00e9ments ne durent g\u00e9n\u00e9ralement que quelques heures, m\u00eame si parfois ils peuvent s&rsquo;\u00e9tendre sur 24 \u00e0 48h. C&rsquo;est simplement votre peau qui montre qu&rsquo;elle travaille dur pour produire du <b>collagen<\/b> gr\u00e2ce \u00e0 la chaleur des ondes. Le plus cool ? Ces r\u00e9actions sont tellement l\u00e9g\u00e8res que vous pourrez continuer vos activit\u00e9s sans souci !<\/p>\n\n\n\n<p>Pour aider votre peau \u00e0 se remettre rapidement, gardez-la bien hydrat\u00e9e et \u00e9vitez de l&rsquo;exposer directement au soleil pendant quelques jours. Mettez aussi de c\u00f4t\u00e9 vos soins du visage un peu agressifs le temps que votre peau se remette compl\u00e8tement. Super simple, non ? Ces petites pr\u00e9cautions vont non seulement acc\u00e9l\u00e9rer la disparition des rougeurs, mais aussi booster les <b>results<\/b> de votre s\u00e9ance. Et si vous avez la moindre question, n&rsquo;h\u00e9sitez pas \u00e0 demander conseil \u00e0 votre praticien, il saura vous guider selon votre type de peau !<\/p>\n\n\n\n<figure class=\"wp-block-image\"><img decoding=\"async\" src=\"https:\/\/www.appareil-minceur.fr\/wp-content\/uploads\/2025\/02\/resultats-radiofrequence-visage-selon-age-peau.jpg\" alt=\"\"\/><\/figure>\n\n\n\n<p><\/p>\n\n\n\n<h2 class=\"wp-block-heading\"><span class=\"ez-toc-section\" id=\"Quels_sont_les_resultats_visibles_apres_une_seance_de_radiofrequence_visage\"><\/span>Quels sont les r\u00e9sultats visibles apr\u00e8s une s\u00e9ance de radiofr\u00e9quence visage ?<span class=\"ez-toc-section-end\"><\/span><\/h2>\n\n\n\n<h3 class=\"wp-block-heading\"><span class=\"ez-toc-section\" id=\"Des_resultats_progressifs_et_naturels\"><\/span>Progressive, natural results<span class=\"ez-toc-section-end\"><\/span><\/h3>\n\n\n\n<p>Bonne nouvelle ! Les effets de la radiofr\u00e9quence sur votre peau se manifestent progressivement, mais ils valent vraiment le coup d&rsquo;attendre. Les premiers changements se font sentir apr\u00e8s quelques s\u00e9ances, avec une peau plus ferme et une texture am\u00e9lior\u00e9e. Le maximum des r\u00e9sultats arrive g\u00e9n\u00e9ralement entre la <b>3\u00e8me et la 6\u00e8me s\u00e9ance<\/b>. C&rsquo;est totalement normal &#8211; votre peau a besoin de temps pour produire ce pr\u00e9cieux collag\u00e8ne !<\/p>\n\n\n\n<h3 class=\"wp-block-heading\"><span class=\"ez-toc-section\" id=\"Maintenir_ces_superbes_resultats\"><\/span>Maintenir ces superbes r\u00e9sultats<span class=\"ez-toc-section-end\"><\/span><\/h3>\n\n\n\n<p>Les effets de la radiofr\u00e9quence peuvent durer plusieurs mois, mais pour les optimiser au maximum, voici mes conseils de coach :<\/p>\n\n\n\n<ul class=\"wp-block-list\">\n<li>Adopt a <b>alimentation riche en antioxydants<\/b><\/li>\n\n\n\n<li>Buvez beaucoup d&rsquo;eau (au moins 1,5L par jour)<\/li>\n\n\n\n<li>Prot\u00e9gez votre peau du soleil (c&rsquo;est non n\u00e9gociable !)<\/li>\n\n\n\n<li>Suivez une routine de soin adapt\u00e9e<\/li>\n<\/ul>\n\n\n\n<p>Pour garder ces r\u00e9sultats sur la dur\u00e9e, je conseille \u00e0 mes clientes de programmer des s\u00e9ances d&rsquo;entretien r\u00e9guli\u00e8res. C&rsquo;est comme pour le sport : la constance est la cl\u00e9 ! N&rsquo;oubliez pas que chaque personne est diff\u00e9rente, donc les r\u00e9sultats peuvent varier selon votre \u00e2ge, votre type de peau et votre mode de vie. Mais avec un peu de patience et les bons gestes, vous obtiendrez une <b>peau plus jeune et tonique<\/b> !<\/p>\n\n\n\n<h2 class=\"wp-block-heading\"><span class=\"ez-toc-section\" id=\"Quels_avantages_offre_la_radiofrequence_par_rapport_aux_autres_soins_du_visage\"><\/span>Quels avantages offre la radiofr\u00e9quence par rapport aux autres soins du visage ?<span class=\"ez-toc-section-end\"><\/span><\/h2>\n\n\n\n<p>Super nouvelle si tu cherches un traitement efficace sans y passer des heures : la <b>radiofrequency<\/b> est vraiment plus rapide que les autres soins du visage ! Une s\u00e9ance dure \u00e0 peine 20-30 minutes, alors que d&rsquo;autres techniques comme le lifting peuvent te prendre une demi-journ\u00e9e&#8230; Pas tr\u00e8s pratique quand on a une vie bien remplie ! La <b>radiofrequency face<\/b> se d\u00e9roule g\u00e9n\u00e9ralement sur 6 \u00e0 8 s\u00e9ances espac\u00e9es de quelques semaines, ce qui te permet de garder ton rythme habituel sans chambouler ton agenda.<\/p>\n\n\n\n<h3 class=\"wp-block-heading\"><span class=\"ez-toc-section\" id=\"Des_resultats_qui_durent_dans_le_temps\"><\/span>Results that last<span class=\"ez-toc-section-end\"><\/span><\/h3>\n\n\n\n<p>Le gros plus de cette technique ? Elle stimule naturellement ton collag\u00e8ne, ce qui donne des r\u00e9sultats progressifs mais vraiment durables &#8211; jusqu&rsquo;\u00e0 2 ans ! C&rsquo;est beaucoup plus int\u00e9ressant que certains soins express qui s&rsquo;estompent au bout de quelques semaines. Et niveau budget, m\u00eame si le tarif par s\u00e9ance peut sembler cons\u00e9quent (environ 150\u20ac), c&rsquo;est un super investissement sur la dur\u00e9e puisque tu auras besoin de beaucoup moins de s\u00e9ances d&rsquo;entretien qu&rsquo;avec d&rsquo;autres m\u00e9thodes. Un vrai gain de temps et d&rsquo;argent !<\/p>\n\n\n\n<h2 class=\"wp-block-heading\"><span class=\"ez-toc-section\" id=\"Quels_sont_les_effets_secondaires_a_prevoir_apres_une_seance_de_radiofrequence\"><\/span>Quels sont les effets secondaires \u00e0 pr\u00e9voir apr\u00e8s une s\u00e9ance de radiofr\u00e9quence ?<span class=\"ez-toc-section-end\"><\/span><\/h2>\n\n\n\n<h3 class=\"wp-block-heading\"><span class=\"ez-toc-section\" id=\"Des_reactions_temporaires_tout_a_fait_normales\"><\/span>Des r\u00e9actions temporaires tout \u00e0 fait normales<span class=\"ez-toc-section-end\"><\/span><\/h3>\n\n\n\n<p>Pas de panique ! Les effets secondaires de la radiofr\u00e9quence visage sont vraiment minimes. Apr\u00e8s votre s\u00e9ance, vous remarquerez peut-\u00eatre quelques <b>rashes<\/b> and a slight <b>swelling<\/b> sur les zones trait\u00e9es &#8211; mais rien d&rsquo;alarmant ! Ces petits d\u00e9sagr\u00e9ments disparaissent g\u00e9n\u00e9ralement en quelques heures, maximum 2-3 jours. C&rsquo;est ce qui fait la force de cette technique : vous pouvez reprendre vos activit\u00e9s quasi imm\u00e9diatement.<\/p>\n\n\n\n<p>Pour vous assurer une exp\u00e9rience optimale, choisissez un sp\u00e9cialiste qualifi\u00e9 qui saura parfaitement calibrer l&rsquo;appareil. C&rsquo;est super important pour \u00e9viter tout risque de surchauffe ! D&rsquo;ailleurs, pendant la s\u00e9ance, vous ne ressentirez qu&rsquo;une sensation de chaleur agr\u00e9able. Je recommande toujours \u00e0 mes clients de bien suivre les conseils post-traitement : exit l&rsquo;exposition solaire directe pendant quelques jours, et n&rsquo;oubliez pas d&rsquo;appliquer les soins recommand\u00e9s par votre praticien.<\/p>\n\n\n\n<p>Gardez en t\u00eate que la <b>radiofrequency<\/b> est une technique super s\u00fbre et \u00e9prouv\u00e9e. Les complications sont extr\u00eamement rares quand le traitement est r\u00e9alis\u00e9 par un pro. Bien s\u00fbr, si vous remarquez quoi que ce soit d&rsquo;inhabituel apr\u00e8s votre s\u00e9ance, n&rsquo;h\u00e9sitez pas \u00e0 contacter votre praticien &#8211; mais franchement, en 12 ans d&rsquo;exp\u00e9rience, je peux vous dire que c&rsquo;est vraiment exceptionnel !<\/p>\n\n\n\n<figure class=\"wp-block-image\"><img decoding=\"async\" src=\"https:\/\/www.appareil-minceur.fr\/wp-content\/uploads\/2025\/02\/duree-seance-radiofrequence-visage-protocole.jpg\" alt=\"\"\/><\/figure>\n\n\n\n<p><\/p>\n\n\n\n<h2 class=\"wp-block-heading\"><span class=\"ez-toc-section\" id=\"Quels_progres_la_radiofrequence_a-t-elle_fait_ces_dernieres_annees\"><\/span>Quels progr\u00e8s la radiofr\u00e9quence a-t-elle fait ces derni\u00e8res ann\u00e9es ?<span class=\"ez-toc-section-end\"><\/span><\/h2>\n\n\n\n<h3 class=\"wp-block-heading\"><span class=\"ez-toc-section\" id=\"Des_seances_plus_rapides_des_resultats_bluffants\"><\/span>Des s\u00e9ances plus rapides, des r\u00e9sultats bluffants<span class=\"ez-toc-section-end\"><\/span><\/h3>\n\n\n\n<p>La technologie de la radiofr\u00e9quence a fait des sacr\u00e9s bonds en avant ! Les traitements sont maintenant plus courts et tellement plus efficaces qu&rsquo;avant. Je suis vraiment impressionn\u00e9e par les nouvelles machines qui boostent la production de <b>collagen<\/b> de mani\u00e8re super cibl\u00e9e. C&rsquo;est exactement ce qu&rsquo;il faut pour avoir une peau plus ferme !<\/p>\n\n\n\n<p>Ce qui me fait vraiment kiffer dans ces nouvelles technologies, c&rsquo;est leur pr\u00e9cision incroyable. Les appareils de derni\u00e8re g\u00e9n\u00e9ration s&rsquo;adaptent parfaitement \u00e0 votre type de peau gr\u00e2ce \u00e0 des algorithmes ultra-sophistiqu\u00e9s. R\u00e9sultat ? Des s\u00e9ances vraiment confortables et des effets qui durent dans le temps !<\/p>\n\n\n\n<p>Voici ce qui a chang\u00e9 avec ces nouveaux appareils :<\/p>\n\n\n\n<ul class=\"wp-block-list\">\n<li>A <b>dur\u00e9e de traitement optimis\u00e9e<\/b> entre 20 et 45 minutes<\/li>\n\n\n\n<li>Une distribution d&rsquo;\u00e9nergie personnalis\u00e9e selon votre peau<\/li>\n\n\n\n<li>Des r\u00e9sultats visibles plus rapidement<\/li>\n\n\n\n<li>Un confort nettement am\u00e9lior\u00e9 pendant les s\u00e9ances<\/li>\n<\/ul>\n\n\n\n<p>Les chercheurs travaillent d&rsquo;arrache-pied pour rendre ces s\u00e9ances encore plus courtes et performantes. L&rsquo;objectif ? Vous permettre d&rsquo;int\u00e9grer facilement ces soins dans votre emploi du temps charg\u00e9, tout en gardant une <b>efficacit\u00e9 maximale<\/b>. Une vraie r\u00e9volution pour celles et ceux qui veulent prendre soin de leur peau sans y passer des heures !<\/p>\n\n\n\n<h2 class=\"wp-block-heading\"><span class=\"ez-toc-section\" id=\"Comment_choisir_un_expert_en_radiofrequence_pour_votre_visage\"><\/span>Comment choisir un expert en radiofr\u00e9quence pour votre visage ?<span class=\"ez-toc-section-end\"><\/span><\/h2>\n\n\n\n<p>Hey, parlons un peu du choix de votre praticien ! C&rsquo;est super important de trouver la bonne personne pour prendre soin de votre visage. Je vous conseille de miser sur un <b>professionnel exp\u00e9riment\u00e9<\/b> qui ma\u00eetrise parfaitement la technologie de radiofr\u00e9quence. Cette technique demande un vrai savoir-faire pour stimuler efficacement la production de collag\u00e8ne et raffermir votre peau.<\/p>\n\n\n\n<h3 class=\"wp-block-heading\"><span class=\"ez-toc-section\" id=\"Les_points_essentiels_a_verifier\"><\/span>Essential points to check<span class=\"ez-toc-section-end\"><\/span><\/h3>\n\n\n\n<p>Prenez le temps de discuter avec votre futur praticien ! Une s\u00e9ance dure g\u00e9n\u00e9ralement <b>30 minutes<\/b>, mais c&rsquo;est \u00e0 vous de voir combien de s\u00e9ances seront n\u00e9cessaires selon vos objectifs. N&rsquo;h\u00e9sitez pas \u00e0 lui poser toutes vos questions sur le d\u00e9roulement du traitement. Un bon pro saura vous expliquer clairement le rythme id\u00e9al des s\u00e9ances (espac\u00e9es d&rsquo;une \u00e0 deux semaines) et les r\u00e9sultats que vous pouvez esp\u00e9rer.<\/p>\n\n\n\n<p>Pour \u00eatre s\u00fbr de faire le bon choix, jetez un \u0153il aux <b>before\/after photos<\/b> et aux retours d&rsquo;autres clients. C&rsquo;est la meilleure fa\u00e7on de v\u00e9rifier l&rsquo;expertise de votre praticien ! Vous verrez concr\u00e8tement les r\u00e9sultats qu&rsquo;il obtient sur le rel\u00e2chement cutan\u00e9 et le rajeunissement du visage. Faites-vous confiance : si vous vous sentez en confiance et que les r\u00e9sultats vous plaisent, c&rsquo;est probablement le bon choix !<\/p>\n\n\n\n<p>La radiofr\u00e9quence visage est vraiment une solution g\u00e9niale pour retrouver une peau plus jeune et tonique ! Avec des s\u00e9ances de <b>30 to 45 minutes<\/b> seulement, cette technique offre des r\u00e9sultats impressionnants sur le long terme. Le secret ? Une stimulation en profondeur qui boost la production naturelle de collag\u00e8ne. Les r\u00e9sultats apparaissent progressivement, et s&rsquo;am\u00e9liorent encore plusieurs mois apr\u00e8s la fin des s\u00e9ances. Le plus sympa, c&rsquo;est que la <b>radiofrequency face<\/b> s&rsquo;adapte parfaitement \u00e0 chaque personne, selon son type de peau et ses objectifs. Comptez en moyenne 4 \u00e0 6 s\u00e9ances pour des r\u00e9sultats optimaux, espac\u00e9es de quelques semaines. Avec un bon suivi et quelques s\u00e9ances d&rsquo;entretien par an, vous garderez une peau ferme et \u00e9clatante pendant tr\u00e8s longtemps. Alors si vous cherchez une solution efficace et durable contre le rel\u00e2chement cutan\u00e9, foncez tester la radiofr\u00e9quence !<\/p>","protected":false},"excerpt":{"rendered":"<p>Vous vous demandez combien de temps dure une s\u00e9ance de radiofr\u00e9quence visage ? Parfait, vous \u00eates au bon endroit ! En tant que coach sportive passionn\u00e9e par les techniques de beaut\u00e9 innovantes, je vais tout vous dire sur cette m\u00e9thode qui fait sensation. La <b>radiofrequency face<\/b> est devenue l&rsquo;une des solutions pr\u00e9f\u00e9r\u00e9es de mes clientes pour retrouver une peau plus ferme et plus jeune. Et la meilleure nouvelle ? Les s\u00e9ances sont <b>ultra-rapides<\/b> et s&rsquo;int\u00e8grent facilement dans un emploi du temps charg\u00e9. D\u00e9couvrez avec moi pourquoi cette technique est si efficace et comment elle peut transformer votre peau en profondeur. Je vous promets que vous allez adorer les <b>impressive results<\/b> de ce soin !<\/p>","protected":false},"author":1,"featured_media":452,"comment_status":"open","ping_status":"open","sticky":false,"template":"","format":"standard","meta":{"footnotes":""},"categories":[13],"tags":[17],"class_list":["post-455","post","type-post","status-publish","format-standard","has-post-thumbnail","hentry","category-perte-de-poids","tag-radiofrequence"],"_links":{"self":[{"href":"https:\/\/www.appareil-minceur.fr\/en\/wp-json\/wp\/v2\/posts\/455","targetHints":{"allow":["GET"]}}],"collection":[{"href":"https:\/\/www.appareil-minceur.fr\/en\/wp-json\/wp\/v2\/posts"}],"about":[{"href":"https:\/\/www.appareil-minceur.fr\/en\/wp-json\/wp\/v2\/types\/post"}],"author":[{"embeddable":true,"href":"https:\/\/www.appareil-minceur.fr\/en\/wp-json\/wp\/v2\/users\/1"}],"replies":[{"embeddable":true,"href":"https:\/\/www.appareil-minceur.fr\/en\/wp-json\/wp\/v2\/comments?post=455"}],"version-history":[{"count":3,"href":"https:\/\/www.appareil-minceur.fr\/en\/wp-json\/wp\/v2\/posts\/455\/revisions"}],"predecessor-version":[{"id":737,"href":"https:\/\/www.appareil-minceur.fr\/en\/wp-json\/wp\/v2\/posts\/455\/revisions\/737"}],"wp:featuredmedia":[{"embeddable":true,"href":"https:\/\/www.appareil-minceur.fr\/en\/wp-json\/wp\/v2\/media\/452"}],"wp:attachment":[{"href":"https:\/\/www.appareil-minceur.fr\/en\/wp-json\/wp\/v2\/media?parent=455"}],"wp:term":[{"taxonomy":"category","embeddable":true,"href":"https:\/\/www.appareil-minceur.fr\/en\/wp-json\/wp\/v2\/categories?post=455"},{"taxonomy":"post_tag","embeddable":true,"href":"https:\/\/www.appareil-minceur.fr\/en\/wp-json\/wp\/v2\/tags?post=455"}],"curies":[{"name":"wp","href":"https:\/\/api.w.org\/{rel}","templated":true}]}}