{"id":1085,"date":"2025-04-02T08:23:47","date_gmt":"2025-04-02T08:23:47","guid":{"rendered":"https:\/\/www.appareil-minceur.fr\/?p=1085"},"modified":"2025-12-23T13:30:18","modified_gmt":"2025-12-23T13:30:18","slug":"la-mejor-mascara-led","status":"publish","type":"post","link":"https:\/\/www.appareil-minceur.fr\/es\/guia\/la-mejor-mascara-led\/","title":{"rendered":"La mejor m\u00e1scara LED"},"content":{"rendered":"<div class=\"kk-star-ratings kksr-auto kksr-align-left kksr-valign-top\"\n    data-payload='{&quot;align&quot;:&quot;left&quot;,&quot;id&quot;:&quot;1085&quot;,&quot;slug&quot;:&quot;default&quot;,&quot;valign&quot;:&quot;top&quot;,&quot;ignore&quot;:&quot;&quot;,&quot;reference&quot;:&quot;auto&quot;,&quot;class&quot;:&quot;&quot;,&quot;count&quot;:&quot;2&quot;,&quot;legendonly&quot;:&quot;&quot;,&quot;readonly&quot;:&quot;&quot;,&quot;score&quot;:&quot;5&quot;,&quot;starsonly&quot;:&quot;&quot;,&quot;best&quot;:&quot;5&quot;,&quot;gap&quot;:&quot;5&quot;,&quot;greet&quot;:&quot;Notez cet article !&quot;,&quot;legend&quot;:&quot;5\\\/5 - (2 votos)&quot;,&quot;size&quot;:&quot;16&quot;,&quot;title&quot;:&quot;Meilleur masque LED&quot;,&quot;width&quot;:&quot;102.5&quot;,&quot;_legend&quot;:&quot;{score}\\\/{best} - ({count} {votes})&quot;,&quot;font_factor&quot;:&quot;1.25&quot;}'>\n            \n<div class=\"kksr-stars\">\n    \n<div class=\"kksr-stars-inactive\">\n            <div class=\"kksr-star\" data-star=\"1\" style=\"padding-right: 5px\">\n            \n\n<div class=\"kksr-icon\" style=\"width: 16px; height: 16px;\"><\/div>\n        <\/div>\n            <div class=\"kksr-star\" data-star=\"2\" style=\"padding-right: 5px\">\n            \n\n<div class=\"kksr-icon\" style=\"width: 16px; height: 16px;\"><\/div>\n        <\/div>\n            <div class=\"kksr-star\" data-star=\"3\" style=\"padding-right: 5px\">\n            \n\n<div class=\"kksr-icon\" style=\"width: 16px; height: 16px;\"><\/div>\n        <\/div>\n            <div class=\"kksr-star\" data-star=\"4\" style=\"padding-right: 5px\">\n            \n\n<div class=\"kksr-icon\" style=\"width: 16px; height: 16px;\"><\/div>\n        <\/div>\n            <div class=\"kksr-star\" data-star=\"5\" style=\"padding-right: 5px\">\n            \n\n<div class=\"kksr-icon\" style=\"width: 16px; height: 16px;\"><\/div>\n        <\/div>\n    <\/div>\n    \n<div class=\"kksr-stars-active\" style=\"width: 102.5px;\">\n            <div class=\"kksr-star\" style=\"padding-right: 5px\">\n            \n\n<div class=\"kksr-icon\" style=\"width: 16px; height: 16px;\"><\/div>\n        <\/div>\n            <div class=\"kksr-star\" style=\"padding-right: 5px\">\n            \n\n<div class=\"kksr-icon\" style=\"width: 16px; height: 16px;\"><\/div>\n        <\/div>\n            <div class=\"kksr-star\" style=\"padding-right: 5px\">\n            \n\n<div class=\"kksr-icon\" style=\"width: 16px; height: 16px;\"><\/div>\n        <\/div>\n            <div class=\"kksr-star\" style=\"padding-right: 5px\">\n            \n\n<div class=\"kksr-icon\" style=\"width: 16px; height: 16px;\"><\/div>\n        <\/div>\n            <div class=\"kksr-star\" style=\"padding-right: 5px\">\n            \n\n<div class=\"kksr-icon\" style=\"width: 16px; height: 16px;\"><\/div>\n        <\/div>\n    <\/div>\n<\/div>\n                \n\n<div class=\"kksr-legend\" style=\"font-size: 12.8px;\">\n            5\/5 - (2 votos)    <\/div>\n    <\/div>\n\n<p>\u00bfTe empiezan a salir las primeras arrugas y las imperfecciones te ponen de los nervios? Visite <strong>M\u00e1scara LED<\/strong> podr\u00eda convertirse en su nuevo <strong>aliado de belleza<\/strong> para un <strong>piel m\u00e1s firme y radiante<\/strong> \u00a1! Le revelamos nuestra selecci\u00f3n favorita de <strong>mascarillas LED de alto rendimiento<\/strong>Analizamos los efectos pr\u00e1cticos de la fototerapia como tratamiento antiedad en casa. Quieres conseguir un cutis fresco en pocas sesiones?<\/p><div id=\"ez-toc-container\" class=\"ez-toc-v2_0_82_2 counter-hierarchy ez-toc-counter ez-toc-custom ez-toc-container-direction\">\n<div class=\"ez-toc-title-container\">\n<p class=\"ez-toc-title\" style=\"cursor:inherit\">Resumen del art\u00edculo<\/p>\n<span class=\"ez-toc-title-toggle\"><a href=\"#\" class=\"ez-toc-pull-right ez-toc-btn ez-toc-btn-xs ez-toc-btn-default ez-toc-toggle\" aria-label=\"Alternar tabla de contenidos\"><span class=\"ez-toc-js-icon-con\"><span class=\"\"><span class=\"eztoc-hide\" style=\"display:none;\">Toggle<\/span><span class=\"ez-toc-icon-toggle-span\"><svg style=\"fill: #ffffff;color:#ffffff\" xmlns=\"http:\/\/www.w3.org\/2000\/svg\" class=\"list-377408\" width=\"20px\" height=\"20px\" viewbox=\"0 0 24 24\" fill=\"none\"><path d=\"M6 6H4v2h2V6zm14 0H8v2h12V6zM4 11h2v2H4v-2zm16 0H8v2h12v-2zM4 16h2v2H4v-2zm16 0H8v2h12v-2z\" fill=\"currentColor\"><\/path><\/svg><svg style=\"fill: #ffffff;color:#ffffff\" class=\"arrow-unsorted-368013\" xmlns=\"http:\/\/www.w3.org\/2000\/svg\" width=\"10px\" height=\"10px\" viewbox=\"0 0 24 24\" version=\"1.2\" baseprofile=\"tiny\"><path d=\"M18.2 9.3l-6.2-6.3-6.2 6.3c-.2.2-.3.4-.3.7s.1.5.3.7c.2.2.4.3.7.3h11c.3 0 .5-.1.7-.3.2-.2.3-.5.3-.7s-.1-.5-.3-.7zM5.8 14.7l6.2 6.3 6.2-6.3c.2-.2.3-.5.3-.7s-.1-.5-.3-.7c-.2-.2-.4-.3-.7-.3h-11c-.3 0-.5.1-.7.3-.2.2-.3.5-.3.7s.1.5.3.7z\"\/><\/svg><\/span><\/span><\/span><\/a><\/span><\/div>\n<nav><ul class='ez-toc-list ez-toc-list-level-1 eztoc-toggle-hide-by-default' ><li class='ez-toc-page-1 ez-toc-heading-level-2'><a class=\"ez-toc-link ez-toc-heading-1\" href=\"https:\/\/www.appareil-minceur.fr\/es\/guia\/la-mejor-mascara-led\/#Tableau_comparatif_du_guide\" >Cuadro comparativo de la gu\u00eda<\/a><ul class='ez-toc-list-level-3' ><li class='ez-toc-heading-level-3'><a class=\"ez-toc-link ez-toc-heading-2\" href=\"https:\/\/www.appareil-minceur.fr\/es\/guia\/la-mejor-mascara-led\/#Iborria\" >Iborria<\/a><\/li><li class='ez-toc-page-1 ez-toc-heading-level-3'><a class=\"ez-toc-link ez-toc-heading-3\" href=\"https:\/\/www.appareil-minceur.fr\/es\/guia\/la-mejor-mascara-led\/#Nourished\" >Nutrido<\/a><\/li><li class='ez-toc-page-1 ez-toc-heading-level-3'><a class=\"ez-toc-link ez-toc-heading-4\" href=\"https:\/\/www.appareil-minceur.fr\/es\/guia\/la-mejor-mascara-led\/#E_Beauty\" >E Belleza<\/a><\/li><li class='ez-toc-page-1 ez-toc-heading-level-3'><a class=\"ez-toc-link ez-toc-heading-5\" href=\"https:\/\/www.appareil-minceur.fr\/es\/guia\/la-mejor-mascara-led\/#Silkn\" >Silk'n<\/a><\/li><li class='ez-toc-page-1 ez-toc-heading-level-3'><a class=\"ez-toc-link ez-toc-heading-6\" href=\"https:\/\/www.appareil-minceur.fr\/es\/guia\/la-mejor-mascara-led\/#Profey\" >Profey<\/a><\/li><\/ul><\/li><li class='ez-toc-page-1 ez-toc-heading-level-2'><a class=\"ez-toc-link ez-toc-heading-7\" href=\"https:\/\/www.appareil-minceur.fr\/es\/guia\/la-mejor-mascara-led\/#Resume_du_classement\" >Resumen de las clasificaciones<\/a><\/li><li class='ez-toc-page-1 ez-toc-heading-level-2'><a class=\"ez-toc-link ez-toc-heading-8\" href=\"https:\/\/www.appareil-minceur.fr\/es\/guia\/la-mejor-mascara-led\/#Masque_Facial_LED_IBORRIA_Mon_Avis_sur_ce_Soin_Lumineux_%E2%AD%90455\" >Mascarilla facial LED IBORRIA: Mi opini\u00f3n sobre este cuidado luminoso (\u2b504,5\/5)<\/a><\/li><li class='ez-toc-page-1 ez-toc-heading-level-2'><a class=\"ez-toc-link ez-toc-heading-9\" href=\"https:\/\/www.appareil-minceur.fr\/es\/guia\/la-mejor-mascara-led\/#Masque_Visage_et_Cou_Nourished_Bodynskin_%E2%AD%90455\" >Mascarilla nutritiva para cara y cuello Bodynskin (\u2b504.5\/5)<\/a><\/li><li class='ez-toc-page-1 ez-toc-heading-level-2'><a class=\"ez-toc-link ez-toc-heading-10\" href=\"https:\/\/www.appareil-minceur.fr\/es\/guia\/la-mejor-mascara-led\/#Masque_photonique_Project_E_Beauty_votre_allie_peau_neuve_%E2%AD%9045\" >Mascarilla fot\u00f3nica Project E Beauty: tu nueva aliada para la piel (\u2b504\/5)<\/a><\/li><li class='ez-toc-page-1 ez-toc-heading-level-2'><a class=\"ez-toc-link ez-toc-heading-11\" href=\"https:\/\/www.appareil-minceur.fr\/es\/guia\/la-mejor-mascara-led\/#Masque_Visage_LED_Silkn_%E2%AD%90355\" >Mascarilla facial LED Silk'n (\u2b503,5\/5)<\/a><\/li><li class='ez-toc-page-1 ez-toc-heading-level-2'><a class=\"ez-toc-link ez-toc-heading-12\" href=\"https:\/\/www.appareil-minceur.fr\/es\/guia\/la-mejor-mascara-led\/#Masque_LED_en_7_Couleurs_Profey_%E2%AD%90355\" >M\u00e1scara LED de 7 colores Profey (\u2b503,5\/5)<\/a><\/li><li class='ez-toc-page-1 ez-toc-heading-level-2'><a class=\"ez-toc-link ez-toc-heading-13\" href=\"https:\/\/www.appareil-minceur.fr\/es\/guia\/la-mejor-mascara-led\/#Comparaison_des_produits\" >Comparaci\u00f3n de productos<\/a><\/li><li class='ez-toc-page-1 ez-toc-heading-level-2'><a class=\"ez-toc-link ez-toc-heading-14\" href=\"https:\/\/www.appareil-minceur.fr\/es\/guia\/la-mejor-mascara-led\/#En_resume\" >En pocas palabras<\/a><\/li><\/ul><\/nav><\/div>\n\n\n\n\n<h2 class=\"wp-block-heading\"><span class=\"ez-toc-section\" id=\"Tableau_comparatif_du_guide\"><\/span>Cuadro comparativo de la gu\u00eda<span class=\"ez-toc-section-end\"><\/span><\/h2>\n\n\n\n<p>Mi top 5\u00a0<strong>las mejores m\u00e1scaras LED<\/strong>\u00a0en 2026 :<\/p>\n\n\n\n<div class=\"wp-block-columns is-layout-flex wp-container-core-columns-is-layout-28f84493 wp-block-columns-is-layout-flex\">\n<div class=\"wp-block-column is-layout-flow wp-block-column-is-layout-flow\"><div class=\"wp-block-affiliatex-single-product\" id=\"affiliatex-single-product-style-block-74d8890a-c838-4d76-9b33-cfc13ba2353c\">\n\t<div class=\"affx-single-product-wrapper product-layout-1 affx-whole-block-clickable\" >\n\t\t<div class=\"affx-sp-inner affx-amazon-item__border\">\n\t\t\t<div class=\"affx-sp-content  no-image\">\n\t\t\t<div class=\"affx-sp-content-wrapper\">\n\t\t<div class=\"title-wrapper affx-star-rating\">\n\t\t\t<div class=\"affx-title-left\">\n\t\t\t\t\t<h3 class=\"affx-single-product-title\"><span class=\"ez-toc-section\" id=\"Iborria\"><\/span>\n\t\tIborria\t<span class=\"ez-toc-section-end\"><\/span><\/h3>\n\t\t\t\t\t\t\t<\/div>\n\t\t\t\t<div class=\"affx-sp-pricing-pic rating-align-center\">\n\t\t<span style=\"color:#FFB800;width:25px;height:25px;display:inline-flex\">\n                    <svg fill=\"currentColor\" width=\"25\" height=\"25\" viewbox=\"0 0 24 24\">\n                        <path d=\"M12 17.27L18.18 21l-1.64-7.03L22 9.24l-7.19-.61L12 2 9.19 8.63 2 9.24l5.46 4.73L5.82 21z\"><\/path>\n                    <\/svg>\n                <\/span><span style=\"color:#FFB800;width:25px;height:25px;display:inline-flex\">\n                    <svg fill=\"currentColor\" width=\"25\" height=\"25\" viewbox=\"0 0 24 24\">\n                        <path d=\"M12 17.27L18.18 21l-1.64-7.03L22 9.24l-7.19-.61L12 2 9.19 8.63 2 9.24l5.46 4.73L5.82 21z\"><\/path>\n                    <\/svg>\n                <\/span><span style=\"color:#FFB800;width:25px;height:25px;display:inline-flex\">\n                    <svg fill=\"currentColor\" width=\"25\" height=\"25\" viewbox=\"0 0 24 24\">\n                        <path d=\"M12 17.27L18.18 21l-1.64-7.03L22 9.24l-7.19-.61L12 2 9.19 8.63 2 9.24l5.46 4.73L5.82 21z\"><\/path>\n                    <\/svg>\n                <\/span><span style=\"color:#FFB800;width:25px;height:25px;display:inline-flex\">\n                    <svg fill=\"currentColor\" width=\"25\" height=\"25\" viewbox=\"0 0 24 24\">\n                        <path d=\"M12 17.27L18.18 21l-1.64-7.03L22 9.24l-7.19-.61L12 2 9.19 8.63 2 9.24l5.46 4.73L5.82 21z\"><\/path>\n                    <\/svg>\n                <\/span><span style=\"color:#FFB800;width:25px;height:25px;display:inline-flex\">\n                    <svg fill=\"currentColor\" width=\"25\" height=\"25\" viewbox=\"0 0 24 24\">\n                        <path d=\"M12 17.27L18.18 21l-1.64-7.03L22 9.24l-7.19-.61L12 2 9.19 8.63 2 9.24l5.46 4.73L5.82 21z\"><\/path>\n                    <\/svg>\n                <\/span>\t<\/div>\n\t\t<\/div>\n\t\t\t\t\t\t\t<\/div>\n<\/div>\n\t\t<\/div>\n\t<\/div>\n<\/div>\n\n\n\n<figure class=\"wp-block-image size-large is-resized\"><img fetchpriority=\"high\" decoding=\"async\" width=\"1006\" height=\"1024\" src=\"https:\/\/www.appareil-minceur.fr\/wp-content\/uploads\/2025\/04\/image-1006x1024.jpeg\" alt=\"M\u00e1scara facial LED para cara, cuello y escote, terapia de luz infrarroja cercana, m\u00e1scara de belleza de silicona flexible, tratamiento en casa, cuidado de la piel\" class=\"wp-image-1206\" style=\"object-fit:cover;width:200px;height:200px\" srcset=\"https:\/\/www.appareil-minceur.fr\/wp-content\/uploads\/2025\/04\/image-1006x1024.jpeg 1006w, https:\/\/www.appareil-minceur.fr\/wp-content\/uploads\/2025\/04\/image-295x300.jpeg 295w, https:\/\/www.appareil-minceur.fr\/wp-content\/uploads\/2025\/04\/image-768x782.jpeg 768w, https:\/\/www.appareil-minceur.fr\/wp-content\/uploads\/2025\/04\/image.jpeg 1473w\" sizes=\"(max-width: 1006px) 100vw, 1006px\" \/><\/figure>\n\n\n<div class=\"affx-btn-wrapper wp-block-affiliatex-buttons\" id=\"affiliatex-blocks-style-block-379ab07e-e44d-485a-a355-994b728614de\">\n\t<div class=\"affx-btn-inner\">\n\t\t<a href=\"https:\/\/amzn.to\/4bWeYRe\" class=\"affiliatex-button btn-align-center btn-is-medium btn-is-fullw icon-left\" rel=\"noopener\" target=\"_blank\">\n\t\t\t<i class=\"button-icon far fa-arrow-alt-circle-right\"><\/i>\t\t\t<span class=\"affiliatex-btn\">Ver en Amazon<\/span>\n\t\t\t\t\t\t\t\t<\/a>\n\t<\/div>\n<\/div>\n<\/div>\n\n\n\n<div class=\"wp-block-column is-layout-flow wp-block-column-is-layout-flow\"><div class=\"wp-block-affiliatex-single-product\" id=\"affiliatex-single-product-style-block-363fe8db-0b7f-4258-8d3c-dbd029b88869\">\n\t<div class=\"affx-single-product-wrapper product-layout-1 affx-whole-block-clickable\" >\n\t\t<div class=\"affx-sp-inner affx-amazon-item__border\">\n\t\t\t<div class=\"affx-sp-content  no-image\">\n\t\t\t<div class=\"affx-sp-content-wrapper\">\n\t\t<div class=\"title-wrapper affx-star-rating\">\n\t\t\t<div class=\"affx-title-left\">\n\t\t\t\t\t<h3 class=\"affx-single-product-title\"><span class=\"ez-toc-section\" id=\"Nourished\"><\/span>\n\t\tNutrido\t<span class=\"ez-toc-section-end\"><\/span><\/h3>\n\t\t\t\t\t\t\t<\/div>\n\t\t\t\t<div class=\"affx-sp-pricing-pic rating-align-center\">\n\t\t<span style=\"color:#FFB800;width:25px;height:25px;display:inline-flex\">\n                    <svg fill=\"currentColor\" width=\"25\" height=\"25\" viewbox=\"0 0 24 24\">\n                        <path d=\"M12 17.27L18.18 21l-1.64-7.03L22 9.24l-7.19-.61L12 2 9.19 8.63 2 9.24l5.46 4.73L5.82 21z\"><\/path>\n                    <\/svg>\n                <\/span><span style=\"color:#FFB800;width:25px;height:25px;display:inline-flex\">\n                    <svg fill=\"currentColor\" width=\"25\" height=\"25\" viewbox=\"0 0 24 24\">\n                        <path d=\"M12 17.27L18.18 21l-1.64-7.03L22 9.24l-7.19-.61L12 2 9.19 8.63 2 9.24l5.46 4.73L5.82 21z\"><\/path>\n                    <\/svg>\n                <\/span><span style=\"color:#FFB800;width:25px;height:25px;display:inline-flex\">\n                    <svg fill=\"currentColor\" width=\"25\" height=\"25\" viewbox=\"0 0 24 24\">\n                        <path d=\"M12 17.27L18.18 21l-1.64-7.03L22 9.24l-7.19-.61L12 2 9.19 8.63 2 9.24l5.46 4.73L5.82 21z\"><\/path>\n                    <\/svg>\n                <\/span><span style=\"color:#FFB800;width:25px;height:25px;display:inline-flex\">\n                    <svg fill=\"currentColor\" width=\"25\" height=\"25\" viewbox=\"0 0 24 24\">\n                        <path d=\"M12 17.27L18.18 21l-1.64-7.03L22 9.24l-7.19-.61L12 2 9.19 8.63 2 9.24l5.46 4.73L5.82 21z\"><\/path>\n                    <\/svg>\n                <\/span><span style=\"color:#FFB800;width:25px;height:25px;display:inline-flex\">\n                    <svg fill=\"currentColor\" width=\"25\" height=\"25\" viewbox=\"0 0 24 24\">\n                        <path d=\"M12 17.27L18.18 21l-1.64-7.03L22 9.24l-7.19-.61L12 2 9.19 8.63 2 9.24l5.46 4.73L5.82 21z\"><\/path>\n                    <\/svg>\n                <\/span>\t<\/div>\n\t\t<\/div>\n\t\t\t\t\t\t\t<\/div>\n<\/div>\n\t\t<\/div>\n\t<\/div>\n<\/div>\n\n\n\n<figure class=\"wp-block-image size-large is-resized\"><img decoding=\"async\" width=\"1024\" height=\"1013\" src=\"https:\/\/www.appareil-minceur.fr\/wp-content\/uploads\/2025\/04\/image-1-1024x1013.jpeg\" alt=\"LED Light Therapy Face and Neck Mask - Aparato para el cuidado de la piel facial\" class=\"wp-image-1208\" style=\"object-fit:cover;width:200px;height:200px\" srcset=\"https:\/\/www.appareil-minceur.fr\/wp-content\/uploads\/2025\/04\/image-1-1024x1013.jpeg 1024w, https:\/\/www.appareil-minceur.fr\/wp-content\/uploads\/2025\/04\/image-1-300x297.jpeg 300w, https:\/\/www.appareil-minceur.fr\/wp-content\/uploads\/2025\/04\/image-1-768x760.jpeg 768w, https:\/\/www.appareil-minceur.fr\/wp-content\/uploads\/2025\/04\/image-1.jpeg 1500w\" sizes=\"(max-width: 1024px) 100vw, 1024px\" \/><\/figure>\n\n\n<div class=\"affx-btn-wrapper wp-block-affiliatex-buttons\" id=\"affiliatex-blocks-style-block-0242aedd-4e5b-4caa-b770-8931b8753122\">\n\t<div class=\"affx-btn-inner\">\n\t\t<a href=\"https:\/\/amzn.to\/4ix7pmA\" class=\"affiliatex-button btn-align-center btn-is-medium btn-is-fullw icon-left\" rel=\"noopener\" target=\"_blank\">\n\t\t\t<i class=\"button-icon far fa-arrow-alt-circle-right\"><\/i>\t\t\t<span class=\"affiliatex-btn\">Ver en Amazon<\/span>\n\t\t\t\t\t\t\t\t<\/a>\n\t<\/div>\n<\/div>\n<\/div>\n\n\n\n<div class=\"wp-block-column is-layout-flow wp-block-column-is-layout-flow\"><div class=\"wp-block-affiliatex-single-product\" id=\"affiliatex-single-product-style-block-f44baf86-1989-4a3f-8d99-d749cd2b7378\">\n\t<div class=\"affx-single-product-wrapper product-layout-1 affx-whole-block-clickable\" >\n\t\t<div class=\"affx-sp-inner affx-amazon-item__border\">\n\t\t\t<div class=\"affx-sp-content  no-image\">\n\t\t\t<div class=\"affx-sp-content-wrapper\">\n\t\t<div class=\"title-wrapper affx-star-rating\">\n\t\t\t<div class=\"affx-title-left\">\n\t\t\t\t\t<h3 class=\"affx-single-product-title\"><span class=\"ez-toc-section\" id=\"E_Beauty\"><\/span>\n\t\tE Belleza\t<span class=\"ez-toc-section-end\"><\/span><\/h3>\n\t\t\t\t\t\t\t<\/div>\n\t\t\t\t<div class=\"affx-sp-pricing-pic rating-align-center\">\n\t\t<span style=\"color:#FFB800;width:25px;height:25px;display:inline-flex\">\n                    <svg fill=\"currentColor\" width=\"25\" height=\"25\" viewbox=\"0 0 24 24\">\n                        <path d=\"M12 17.27L18.18 21l-1.64-7.03L22 9.24l-7.19-.61L12 2 9.19 8.63 2 9.24l5.46 4.73L5.82 21z\"><\/path>\n                    <\/svg>\n                <\/span><span style=\"color:#FFB800;width:25px;height:25px;display:inline-flex\">\n                    <svg fill=\"currentColor\" width=\"25\" height=\"25\" viewbox=\"0 0 24 24\">\n                        <path d=\"M12 17.27L18.18 21l-1.64-7.03L22 9.24l-7.19-.61L12 2 9.19 8.63 2 9.24l5.46 4.73L5.82 21z\"><\/path>\n                    <\/svg>\n                <\/span><span style=\"color:#FFB800;width:25px;height:25px;display:inline-flex\">\n                    <svg fill=\"currentColor\" width=\"25\" height=\"25\" viewbox=\"0 0 24 24\">\n                        <path d=\"M12 17.27L18.18 21l-1.64-7.03L22 9.24l-7.19-.61L12 2 9.19 8.63 2 9.24l5.46 4.73L5.82 21z\"><\/path>\n                    <\/svg>\n                <\/span><span style=\"color:#FFB800;width:25px;height:25px;display:inline-flex\">\n                    <svg fill=\"currentColor\" width=\"25\" height=\"25\" viewbox=\"0 0 24 24\">\n                        <path d=\"M12 17.27L18.18 21l-1.64-7.03L22 9.24l-7.19-.61L12 2 9.19 8.63 2 9.24l5.46 4.73L5.82 21z\"><\/path>\n                    <\/svg>\n                <\/span><span style=\"color:#FFB800;width:25px;height:25px;display:inline-flex\">\n                    <svg fill=\"currentColor\" width=\"25\" height=\"25\" viewbox=\"0 0 24 24\">\n                        <path d=\"M12 17.27L18.18 21l-1.64-7.03L22 9.24l-7.19-.61L12 2 9.19 8.63 2 9.24l5.46 4.73L5.82 21z\"><\/path>\n                    <\/svg>\n                <\/span>\t<\/div>\n\t\t<\/div>\n\t\t\t\t\t\t\t<\/div>\n<\/div>\n\t\t<\/div>\n\t<\/div>\n<\/div>\n\n\n\n<figure class=\"wp-block-image size-large is-resized\"><img decoding=\"async\" width=\"1024\" height=\"827\" src=\"https:\/\/www.appareil-minceur.fr\/wp-content\/uploads\/2025\/04\/image-2-1024x827.jpeg\" alt=\"M\u00e1scara fot\u00f3nica para rejuvenecer la piel\" class=\"wp-image-1211\" style=\"object-fit:cover;width:200px;height:200px\" srcset=\"https:\/\/www.appareil-minceur.fr\/wp-content\/uploads\/2025\/04\/image-2-1024x827.jpeg 1024w, https:\/\/www.appareil-minceur.fr\/wp-content\/uploads\/2025\/04\/image-2-300x242.jpeg 300w, https:\/\/www.appareil-minceur.fr\/wp-content\/uploads\/2025\/04\/image-2-768x620.jpeg 768w, https:\/\/www.appareil-minceur.fr\/wp-content\/uploads\/2025\/04\/image-2.jpeg 1500w\" sizes=\"(max-width: 1024px) 100vw, 1024px\" \/><\/figure>\n\n\n<div class=\"affx-btn-wrapper wp-block-affiliatex-buttons\" id=\"affiliatex-blocks-style-block-58e0ceac-4989-4b3d-8758-79a56f30136f\">\n\t<div class=\"affx-btn-inner\">\n\t\t<a href=\"https:\/\/amzn.to\/41XnkDF\" class=\"affiliatex-button btn-align-center btn-is-medium btn-is-fullw icon-left\" rel=\"noopener\" target=\"_blank\">\n\t\t\t<i class=\"button-icon far fa-arrow-alt-circle-right\"><\/i>\t\t\t<span class=\"affiliatex-btn\">Ver en Amazon<\/span>\n\t\t\t\t\t\t\t\t<\/a>\n\t<\/div>\n<\/div>\n<\/div>\n\n\n\n<div class=\"wp-block-column is-layout-flow wp-block-column-is-layout-flow\"><div class=\"wp-block-affiliatex-single-product\" id=\"affiliatex-single-product-style-block-df135e55-94e8-4d30-b794-44f10d57aedc\">\n\t<div class=\"affx-single-product-wrapper product-layout-1 affx-whole-block-clickable\" >\n\t\t<div class=\"affx-sp-inner affx-amazon-item__border\">\n\t\t\t<div class=\"affx-sp-content  no-image\">\n\t\t\t<div class=\"affx-sp-content-wrapper\">\n\t\t<div class=\"title-wrapper affx-star-rating\">\n\t\t\t<div class=\"affx-title-left\">\n\t\t\t\t\t<h3 class=\"affx-single-product-title\"><span class=\"ez-toc-section\" id=\"Silkn\"><\/span>\n\t\tSilk'n\t<span class=\"ez-toc-section-end\"><\/span><\/h3>\n\t\t\t\t\t\t\t<\/div>\n\t\t\t\t<div class=\"affx-sp-pricing-pic rating-align-center\">\n\t\t<span style=\"color:#FFB800;width:25px;height:25px;display:inline-flex\">\n                    <svg fill=\"currentColor\" width=\"25\" height=\"25\" viewbox=\"0 0 24 24\">\n                        <path d=\"M12 17.27L18.18 21l-1.64-7.03L22 9.24l-7.19-.61L12 2 9.19 8.63 2 9.24l5.46 4.73L5.82 21z\"><\/path>\n                    <\/svg>\n                <\/span><span style=\"color:#FFB800;width:25px;height:25px;display:inline-flex\">\n                    <svg fill=\"currentColor\" width=\"25\" height=\"25\" viewbox=\"0 0 24 24\">\n                        <path d=\"M12 17.27L18.18 21l-1.64-7.03L22 9.24l-7.19-.61L12 2 9.19 8.63 2 9.24l5.46 4.73L5.82 21z\"><\/path>\n                    <\/svg>\n                <\/span><span style=\"color:#FFB800;width:25px;height:25px;display:inline-flex\">\n                    <svg fill=\"currentColor\" width=\"25\" height=\"25\" viewbox=\"0 0 24 24\">\n                        <path d=\"M12 17.27L18.18 21l-1.64-7.03L22 9.24l-7.19-.61L12 2 9.19 8.63 2 9.24l5.46 4.73L5.82 21z\"><\/path>\n                    <\/svg>\n                <\/span><span style=\"color:#FFB800;width:25px;height:25px;display:inline-flex\">\n                    <svg fill=\"currentColor\" width=\"25\" height=\"25\" viewbox=\"0 0 24 24\">\n                        <path d=\"M12 17.27L18.18 21l-1.64-7.03L22 9.24l-7.19-.61L12 2 9.19 8.63 2 9.24l5.46 4.73L5.82 21z\"><\/path>\n                    <\/svg>\n                <\/span><span style=\"color:#808080;width:25px;height:25px;display:inline-flex\">\n                    <svg fill=\"currentColor\" width=\"25\" height=\"25\" viewbox=\"0 0 24 24\">\n                        <path d=\"M12 17.27L18.18 21l-1.64-7.03L22 9.24l-7.19-.61L12 2 9.19 8.63 2 9.24l5.46 4.73L5.82 21z\"><\/path>\n                    <\/svg>\n                <\/span>\t<\/div>\n\t\t<\/div>\n\t\t\t\t\t\t\t<\/div>\n<\/div>\n\t\t<\/div>\n\t<\/div>\n<\/div>\n\n\n\n<figure class=\"wp-block-image size-full is-resized\"><img loading=\"lazy\" decoding=\"async\" width=\"820\" height=\"751\" src=\"https:\/\/www.appareil-minceur.fr\/wp-content\/uploads\/2025\/04\/image-3.jpeg\" alt=\"M\u00e1scaras faciales antienvejecimiento con luz roja - Inal\u00e1mbricas, 100 LED\" class=\"wp-image-1214\" style=\"object-fit:cover;width:200px;height:200px\" srcset=\"https:\/\/www.appareil-minceur.fr\/wp-content\/uploads\/2025\/04\/image-3.jpeg 820w, https:\/\/www.appareil-minceur.fr\/wp-content\/uploads\/2025\/04\/image-3-300x275.jpeg 300w, https:\/\/www.appareil-minceur.fr\/wp-content\/uploads\/2025\/04\/image-3-768x703.jpeg 768w\" sizes=\"(max-width: 820px) 100vw, 820px\" \/><\/figure>\n\n\n<div class=\"affx-btn-wrapper wp-block-affiliatex-buttons\" id=\"affiliatex-blocks-style-block-45351715-c801-439d-aaf3-cd547255f3d6\">\n\t<div class=\"affx-btn-inner\">\n\t\t<a href=\"https:\/\/amzn.to\/4kVp7BW\" class=\"affiliatex-button btn-align-center btn-is-medium btn-is-fullw icon-left\" rel=\"noopener\" target=\"_blank\">\n\t\t\t<i class=\"button-icon far fa-arrow-alt-circle-right\"><\/i>\t\t\t<span class=\"affiliatex-btn\">Ver en Amazon<\/span>\n\t\t\t\t\t\t\t\t<\/a>\n\t<\/div>\n<\/div>\n<\/div>\n\n\n\n<div class=\"wp-block-column is-layout-flow wp-block-column-is-layout-flow\"><div class=\"wp-block-affiliatex-single-product\" id=\"affiliatex-single-product-style-block-ef6fb281-9dcd-45fa-98ce-5211caf2bcc2\">\n\t<div class=\"affx-single-product-wrapper product-layout-1 affx-whole-block-clickable\" >\n\t\t<div class=\"affx-sp-inner affx-amazon-item__border\">\n\t\t\t<div class=\"affx-sp-content  no-image\">\n\t\t\t<div class=\"affx-sp-content-wrapper\">\n\t\t<div class=\"title-wrapper affx-star-rating\">\n\t\t\t<div class=\"affx-title-left\">\n\t\t\t\t\t<h3 class=\"affx-single-product-title\"><span class=\"ez-toc-section\" id=\"Profey\"><\/span>\n\t\tProfey\t<span class=\"ez-toc-section-end\"><\/span><\/h3>\n\t\t\t\t\t\t\t<\/div>\n\t\t\t\t<div class=\"affx-sp-pricing-pic rating-align-center\">\n\t\t<span style=\"color:#FFB800;width:25px;height:25px;display:inline-flex\">\n                    <svg fill=\"currentColor\" width=\"25\" height=\"25\" viewbox=\"0 0 24 24\">\n                        <path d=\"M12 17.27L18.18 21l-1.64-7.03L22 9.24l-7.19-.61L12 2 9.19 8.63 2 9.24l5.46 4.73L5.82 21z\"><\/path>\n                    <\/svg>\n                <\/span><span style=\"color:#FFB800;width:25px;height:25px;display:inline-flex\">\n                    <svg fill=\"currentColor\" width=\"25\" height=\"25\" viewbox=\"0 0 24 24\">\n                        <path d=\"M12 17.27L18.18 21l-1.64-7.03L22 9.24l-7.19-.61L12 2 9.19 8.63 2 9.24l5.46 4.73L5.82 21z\"><\/path>\n                    <\/svg>\n                <\/span><span style=\"color:#FFB800;width:25px;height:25px;display:inline-flex\">\n                    <svg fill=\"currentColor\" width=\"25\" height=\"25\" viewbox=\"0 0 24 24\">\n                        <path d=\"M12 17.27L18.18 21l-1.64-7.03L22 9.24l-7.19-.61L12 2 9.19 8.63 2 9.24l5.46 4.73L5.82 21z\"><\/path>\n                    <\/svg>\n                <\/span><span style=\"color:#FFB800;width:25px;height:25px;display:inline-flex\">\n                    <svg fill=\"currentColor\" width=\"25\" height=\"25\" viewbox=\"0 0 24 24\">\n                        <path d=\"M12 17.27L18.18 21l-1.64-7.03L22 9.24l-7.19-.61L12 2 9.19 8.63 2 9.24l5.46 4.73L5.82 21z\"><\/path>\n                    <\/svg>\n                <\/span><span style=\"color:#808080;width:25px;height:25px;display:inline-flex\">\n                    <svg fill=\"currentColor\" width=\"25\" height=\"25\" viewbox=\"0 0 24 24\">\n                        <path d=\"M12 17.27L18.18 21l-1.64-7.03L22 9.24l-7.19-.61L12 2 9.19 8.63 2 9.24l5.46 4.73L5.82 21z\"><\/path>\n                    <\/svg>\n                <\/span>\t<\/div>\n\t\t<\/div>\n\t\t\t\t\t\t\t<\/div>\n<\/div>\n\t\t<\/div>\n\t<\/div>\n<\/div>\n\n\n\n<figure class=\"wp-block-image size-large is-resized\"><img loading=\"lazy\" decoding=\"async\" width=\"998\" height=\"1024\" src=\"https:\/\/www.appareil-minceur.fr\/wp-content\/uploads\/2025\/04\/image-4-998x1024.jpeg\" alt=\"Profey Mascarilla Led en 7 Colores, Mascarilla Facial Led con Efectos Rejuvenecedores, Antienvejecimiento y Antiarrugas, Mascarilla Led Blanca\" class=\"wp-image-1216\" style=\"object-fit:cover;width:200px;height:200px\" srcset=\"https:\/\/www.appareil-minceur.fr\/wp-content\/uploads\/2025\/04\/image-4-998x1024.jpeg 998w, https:\/\/www.appareil-minceur.fr\/wp-content\/uploads\/2025\/04\/image-4-292x300.jpeg 292w, https:\/\/www.appareil-minceur.fr\/wp-content\/uploads\/2025\/04\/image-4-768x788.jpeg 768w, https:\/\/www.appareil-minceur.fr\/wp-content\/uploads\/2025\/04\/image-4.jpeg 1462w\" sizes=\"(max-width: 998px) 100vw, 998px\" \/><\/figure>\n\n\n<div class=\"affx-btn-wrapper wp-block-affiliatex-buttons\" id=\"affiliatex-blocks-style-block-350755a5-7d6e-4031-a0df-01a97cf7c785\">\n\t<div class=\"affx-btn-inner\">\n\t\t<a href=\"https:\/\/amzn.to\/4kRnkh4\" class=\"affiliatex-button btn-align-center btn-is-medium btn-is-fullw icon-left\" rel=\"noopener\" target=\"_blank\">\n\t\t\t<i class=\"button-icon far fa-arrow-alt-circle-right\"><\/i>\t\t\t<span class=\"affiliatex-btn\">Ver en Amazon<\/span>\n\t\t\t\t\t\t\t\t<\/a>\n\t<\/div>\n<\/div>\n<\/div>\n<\/div>\n\n\n\n<h2 class=\"wp-block-heading\"><span class=\"ez-toc-section\" id=\"Resume_du_classement\"><\/span>Resumen de las clasificaciones<span class=\"ez-toc-section-end\"><\/span><\/h2>\n\n\n\n<p>Las m\u00e1scaras LED disfrutan <strong>verdadero boom<\/strong> \u00a1en este momento! El modelo CurrentBody, <strong>estrella de influencers y profesionales de la belleza<\/strong>sigue siendo el favorito para <strong>combatir los signos del envejecimiento<\/strong>. \u00bfQuieres un resultado profesional sin salir de tu sal\u00f3n? La m\u00e1scara LED antiedad Nooance Paris podr\u00eda convertirse en tu nueva mejor amiga. De hecho, Vogue Francia confirma que, combinado con tu rutina habitual de cuidado de la piel, este tipo de dispositivo <strong>aumenta la producci\u00f3n de col\u00e1geno<\/strong>. \u00bfCu\u00e1l es el resultado? Una piel m\u00e1s firme y unas l\u00edneas de expresi\u00f3n que desaparecen en pocas semanas. \u00bfC\u00f3mo orientarse en este mercado? He aqu\u00ed mis consejos personales.<\/p>\n\n\n\n<p>Un poco m\u00e1s de informaci\u00f3n: la mascarilla Skin de CurrentBody destaca por su <strong>ondas infrarrojas<\/strong>. Probado por mis clientes, muestra <strong>resultados visibles alrededor de los ojos y sobre las manchas<\/strong>. Si no est\u00e1s seguro de qu\u00e9 modelo elegir, echa un vistazo a los comentarios sobre la terapia LED: \u00a1las opiniones sobre las mascarillas de infrarrojos hablan por s\u00ed solas!<\/p>\n\n\n\n<h2 class=\"wp-block-heading\"><span class=\"ez-toc-section\" id=\"Masque_Facial_LED_IBORRIA_Mon_Avis_sur_ce_Soin_Lumineux_%E2%AD%90455\"><\/span>Mascarilla facial LED IBORRIA: Mi opini\u00f3n sobre este cuidado luminoso (\u2b504,5\/5)<span class=\"ez-toc-section-end\"><\/span><\/h2>\n\n\n\n<figure class=\"wp-block-image aligncenter size-large\"><img loading=\"lazy\" decoding=\"async\" width=\"1006\" height=\"1024\" src=\"https:\/\/www.appareil-minceur.fr\/wp-content\/uploads\/2025\/04\/image-1006x1024.jpeg\" alt=\"M\u00e1scara facial LED para cara, cuello y escote, terapia de luz infrarroja cercana, m\u00e1scara de belleza de silicona flexible, tratamiento en casa, cuidado de la piel\" class=\"wp-image-1206\" srcset=\"https:\/\/www.appareil-minceur.fr\/wp-content\/uploads\/2025\/04\/image-1006x1024.jpeg 1006w, https:\/\/www.appareil-minceur.fr\/wp-content\/uploads\/2025\/04\/image-295x300.jpeg 295w, https:\/\/www.appareil-minceur.fr\/wp-content\/uploads\/2025\/04\/image-768x782.jpeg 768w, https:\/\/www.appareil-minceur.fr\/wp-content\/uploads\/2025\/04\/image.jpeg 1473w\" sizes=\"(max-width: 1006px) 100vw, 1006px\" \/><\/figure>\n\n\n\n<p>Este <strong>M\u00e1scara LED IBORRIA<\/strong>es la peque\u00f1a joya que necesitas para potenciar tu piel en casa. Con su <strong>ondas y sus 3 colores de luz<\/strong>Act\u00faa como un aut\u00e9ntico entrenador de belleza para combatir las l\u00edneas de expresi\u00f3n y las imperfecciones. El modelo de silicona flexible se amolda perfectamente al rostro: \u00a1comprobado y aprobado por mis clientes!<\/p>\n\n\n\n<p>\u00bfSu gran ventaja? A <strong>desconcertantemente f\u00e1cil de usar<\/strong>. Los primeros resultados saltan a la vista. En comparaci\u00f3n con el Currentbody (el modelo de gama m\u00e1s alta del sector), el precio es suave para el bolsillo sin sacrificar la eficiencia.<\/p>\n\n\n\n<p><a href=\"https:\/\/amzn.to\/4bWeYRe\" target=\"_blank\" rel=\"noopener\">Ver en Amazon<\/a><\/p>\n\n\n\n<figure class=\"wp-block-table\"><table class=\"has-fixed-layout\"><thead><tr><th>Beneficios<\/th><th>Desventajas<\/th><\/tr><\/thead><tbody><tr><td>\u2705 Comodidad de uso (especialmente los modelos de silicona flexible).<\/td><td>\u274c Algunos usuarios pueden encontrar las luces deslumbrantes a la altura de los ojos.<\/td><\/tr><tr><td>\u2705 Potencial para mejorar el aspecto de la piel<\/td><td>\u274c Los efectos pueden variar de una persona a otra y requieren un uso regular para ser perceptibles.<\/td><\/tr><tr><td>\u2705 Accesibilidad (precio atractivo en comparaci\u00f3n con la competencia)<\/td><td>&nbsp;<\/td><\/tr><tr><td>\u2705 F\u00e1cil de integrar en la rutina de cuidado de la piel<\/td><td>&nbsp;<\/td><\/tr><tr><td>\u2705 Diferentes colores de luz para tratar problemas espec\u00edficos<\/td><td>&nbsp;<\/td><\/tr><\/tbody><\/table><\/figure>\n\n\n\n<p>Conviene saber que <strong>luz roja<\/strong> hace milagros con el acn\u00e9. Para los ojos cansados, alterne con un rodillo de hielo: \u00a1mi combinaci\u00f3n ganadora! Los comentarios de los clientes confirman una clara mejora de los poros y las l\u00edneas de expresi\u00f3n.<\/p>\n\n\n\n<h2 class=\"wp-block-heading\"><span class=\"ez-toc-section\" id=\"Masque_Visage_et_Cou_Nourished_Bodynskin_%E2%AD%90455\"><\/span>Mascarilla nutritiva para cara y cuello Bodynskin (\u2b504.5\/5)<span class=\"ez-toc-section-end\"><\/span><\/h2>\n\n\n\n<figure class=\"wp-block-image aligncenter size-large\"><img loading=\"lazy\" decoding=\"async\" width=\"1024\" height=\"1013\" src=\"https:\/\/www.appareil-minceur.fr\/wp-content\/uploads\/2025\/04\/image-1-1024x1013.jpeg\" alt=\"LED Light Therapy Face and Neck Mask - Aparato para el cuidado de la piel facial\" class=\"wp-image-1208\" srcset=\"https:\/\/www.appareil-minceur.fr\/wp-content\/uploads\/2025\/04\/image-1-1024x1013.jpeg 1024w, https:\/\/www.appareil-minceur.fr\/wp-content\/uploads\/2025\/04\/image-1-300x297.jpeg 300w, https:\/\/www.appareil-minceur.fr\/wp-content\/uploads\/2025\/04\/image-1-768x760.jpeg 768w, https:\/\/www.appareil-minceur.fr\/wp-content\/uploads\/2025\/04\/image-1.jpeg 1500w\" sizes=\"(max-width: 1024px) 100vw, 1024px\" \/><\/figure>\n\n\n\n<p>En busca de un aliado <strong>antienvejecimiento eficaz<\/strong> ? Este <strong>La mascarilla combina terapia de luz LED e infrarroja<\/strong> al objetivo <strong>arrugas, l\u00edneas de expresi\u00f3n e imperfecciones<\/strong>. Sus 7 colores (incluido el rojo intenso) estimulan la producci\u00f3n de col\u00e1geno.<\/p>\n\n\n\n<p>\u00bfLa gran ventaja? Funciona simult\u00e1neamente en el rostro, el cuello y el escote. Su <strong>dispositivo ergon\u00f3mico que se adapta a todas las formas corporales<\/strong>. Mis clientes lo utilizan incluso durante sus series favoritas. \u00bfHas so\u00f1ado con ello?<\/p>\n\n\n\n<p><a href=\"https:\/\/amzn.to\/4ix7pmA\" target=\"_blank\" rel=\"noopener\">Ver en Amazon<\/a><\/p>\n\n\n\n<figure class=\"wp-block-table\"><table class=\"has-fixed-layout\"><thead><tr><th>Beneficios<\/th><th>Desventajas<\/th><\/tr><\/thead><tbody><tr><td>Fabricado en <strong>silicona blanda de grado m\u00e9dico<\/strong><\/td><td>\u274c El precio puede ser un lastre para algunos presupuestos.<\/td><\/tr><tr><td>\u2705 Trata tanto la cara como el cuello<\/td><td>\u274c Requiere un <strong>uso regular para obtener resultados \u00f3ptimos<\/strong>.<\/td><\/tr><tr><td>\u2705 F\u00e1cil de instalar y manos libres<\/td><td>&nbsp;<\/td><\/tr><tr><td>\u2705 <strong>Terapia de luz LED cl\u00ednicamente probada<\/strong><\/td><td>&nbsp;<\/td><\/tr><\/tbody><\/table><\/figure>\n\n\n\n<h2 class=\"wp-block-heading\"><span class=\"ez-toc-section\" id=\"Masque_photonique_Project_E_Beauty_votre_allie_peau_neuve_%E2%AD%9045\"><\/span>Mascarilla fot\u00f3nica Project E Beauty: tu nueva aliada para la piel (\u2b504\/5)<span class=\"ez-toc-section-end\"><\/span><\/h2>\n\n\n\n<figure class=\"wp-block-image aligncenter size-large\"><img loading=\"lazy\" decoding=\"async\" width=\"1024\" height=\"827\" src=\"https:\/\/www.appareil-minceur.fr\/wp-content\/uploads\/2025\/04\/image-2-1024x827.jpeg\" alt=\"M\u00e1scara fot\u00f3nica para rejuvenecer la piel\" class=\"wp-image-1211\" srcset=\"https:\/\/www.appareil-minceur.fr\/wp-content\/uploads\/2025\/04\/image-2-1024x827.jpeg 1024w, https:\/\/www.appareil-minceur.fr\/wp-content\/uploads\/2025\/04\/image-2-300x242.jpeg 300w, https:\/\/www.appareil-minceur.fr\/wp-content\/uploads\/2025\/04\/image-2-768x620.jpeg 768w, https:\/\/www.appareil-minceur.fr\/wp-content\/uploads\/2025\/04\/image-2.jpeg 1500w\" sizes=\"(max-width: 1024px) 100vw, 1024px\" \/><\/figure>\n\n\n\n<p>Le <strong>Mascarilla de belleza Project E<\/strong>Es una aut\u00e9ntica navaja suiza para el <strong>piel<\/strong> \u00a1! Sa <strong>Terapia LED de 7 colores<\/strong> act\u00faa como impulsor de <strong>col\u00e1geno natural<\/strong>. Las ondas de luz act\u00faan sobre las imperfecciones y las l\u00edneas de expresi\u00f3n sin da\u00f1ar la piel, \u00a1incluso alrededor de los ojos!<\/p>\n\n\n\n<p>\u00bfQu\u00e9 la distingue? Su m\u00e1scara ajustable se adapta a todas las formas y tama\u00f1os, para que puedas <strong>sesiones muy amenas<\/strong>. No es necesario permanecer durante horas: las sesiones son breves. Las opiniones son un\u00e1nimes en un punto: se ven los resultados tras un uso regular.<\/p>\n\n\n\n<p><a href=\"https:\/\/amzn.to\/41XnkDF\" target=\"_blank\" rel=\"noopener\">Ver en Amazon<\/a><\/p>\n\n\n\n<figure class=\"wp-block-table\"><table class=\"has-fixed-layout\"><thead><tr><th>Beneficios<\/th><th>Desventajas<\/th><\/tr><\/thead><tbody><tr><td>\u2705 Dise\u00f1o ergon\u00f3mico para una comodidad \u00f3ptima<\/td><td>\u274c El precio puede variar en funci\u00f3n de la plataforma de venta.<\/td><\/tr><tr><td>\u2705 Usos <strong>7 colores LED para tratar diferentes problemas cut\u00e1neos<\/strong><\/td><td>\u274c Los efectos pueden variar de una persona a otra.<\/td><\/tr><tr><td>\u2705 Adecuado para todo tipo de pieles<\/td><td>&nbsp;<\/td><\/tr><tr><td>\u2705 Puede potenciar tu rutina de cuidado de la piel<\/td><td>&nbsp;<\/td><\/tr><\/tbody><\/table><\/figure>\n\n\n\n<h2 class=\"wp-block-heading\"><span class=\"ez-toc-section\" id=\"Masque_Visage_LED_Silkn_%E2%AD%90355\"><\/span>Mascarilla facial LED Silk'n (\u2b503,5\/5)<span class=\"ez-toc-section-end\"><\/span><\/h2>\n\n\n\n<figure class=\"wp-block-image aligncenter size-full\"><img loading=\"lazy\" decoding=\"async\" width=\"820\" height=\"751\" src=\"https:\/\/www.appareil-minceur.fr\/wp-content\/uploads\/2025\/04\/image-3.jpeg\" alt=\"M\u00e1scaras faciales antienvejecimiento con luz roja - Inal\u00e1mbricas, 100 LED\" class=\"wp-image-1214\" srcset=\"https:\/\/www.appareil-minceur.fr\/wp-content\/uploads\/2025\/04\/image-3.jpeg 820w, https:\/\/www.appareil-minceur.fr\/wp-content\/uploads\/2025\/04\/image-3-300x275.jpeg 300w, https:\/\/www.appareil-minceur.fr\/wp-content\/uploads\/2025\/04\/image-3-768x703.jpeg 768w\" sizes=\"(max-width: 820px) 100vw, 820px\" \/><\/figure>\n\n\n\n<p>Esta m\u00e1scara LED de Silk'n cuenta con un <strong>combinaci\u00f3n inteligente: cuatro luces de colores<\/strong> (rojo, azul, amarillo y violeta) para <strong>mejora tu piel<\/strong>. Su material de silicona natural lo hace ultrac\u00f3modo: \u00a1casi te olvidas de que lo llevas en la cara!<\/p>\n\n\n\n<p>Un aut\u00e9ntico favorito si buscas un dispositivo con el que sea f\u00e1cil convivir. Buen punto: <strong>su ajuste perfecto permite que la luz funcione en todas las zonas<\/strong>. \u00bfLos primeros resultados? Visite <strong>3-4 semanas de uso regular<\/strong>\u00a1Lo suficiente para que el col\u00e1geno se despierte!<\/p>\n\n\n\n<p><a href=\"https:\/\/amzn.to\/4kVp7BW\" target=\"_blank\" rel=\"noopener\">Ver en Amazon<\/a><\/p>\n\n\n\n<figure class=\"wp-block-table\"><table class=\"has-fixed-layout\"><thead><tr><th>Beneficios<\/th><th>Desventajas<\/th><\/tr><\/thead><tbody><tr><td>\u2705 Material flexible que se amolda perfectamente al contorno del rostro.<\/td><td>\u274c El precio fluct\u00faa seg\u00fan el periodo: \u00a1no lo pierdas de vista!<\/td><\/tr><tr><td>\u2705 <strong>4 colores LED para combatir las arrugas, las imperfecciones y la piel apagada<\/strong><\/td><td>\u274c Utilizar regularmente para lograr un cambio real<\/td><\/tr><tr><td>\u2705 Autonom\u00eda correcta<\/td><td>&nbsp;<\/td><\/tr><tr><td>\u2705 <strong>Resultados visibles alrededor de los ojos<\/strong><\/td><td>&nbsp;<\/td><\/tr><\/tbody><\/table><\/figure>\n\n\n\n<p>PD: Los comentarios de los clientes suelen destacar su <strong>efecto \"brillo saludable<\/strong>. Perfecto para preparar la piel antes de un evento.<\/p>\n\n\n\n<h2 class=\"wp-block-heading\"><span class=\"ez-toc-section\" id=\"Masque_LED_en_7_Couleurs_Profey_%E2%AD%90355\"><\/span>M\u00e1scara LED de 7 colores Profey (\u2b503,5\/5)<span class=\"ez-toc-section-end\"><\/span><\/h2>\n\n\n\n<figure class=\"wp-block-image aligncenter size-large\"><img loading=\"lazy\" decoding=\"async\" width=\"998\" height=\"1024\" src=\"https:\/\/www.appareil-minceur.fr\/wp-content\/uploads\/2025\/04\/image-4-998x1024.jpeg\" alt=\"Profey Mascarilla Led en 7 Colores, Mascarilla Facial Led con Efectos Rejuvenecedores, Antienvejecimiento y Antiarrugas, Mascarilla Led Blanca\" class=\"wp-image-1216\" srcset=\"https:\/\/www.appareil-minceur.fr\/wp-content\/uploads\/2025\/04\/image-4-998x1024.jpeg 998w, https:\/\/www.appareil-minceur.fr\/wp-content\/uploads\/2025\/04\/image-4-292x300.jpeg 292w, https:\/\/www.appareil-minceur.fr\/wp-content\/uploads\/2025\/04\/image-4-768x788.jpeg 768w, https:\/\/www.appareil-minceur.fr\/wp-content\/uploads\/2025\/04\/image-4.jpeg 1462w\" sizes=\"(max-width: 998px) 100vw, 998px\" \/><\/figure>\n\n\n\n<p>\u00bfQuieres probar las ventajas de la luz LED? Visite <strong>m\u00e1scara<\/strong> Profey y sus 7 <strong>colores<\/strong> abordar directamente sus problemas <strong>piel<\/strong> ! <strong>Rojo para estimular la producci\u00f3n de col\u00e1geno<\/strong>azul contra<strong>acn\u00e9<\/strong>... Cada sesi\u00f3n act\u00faa como un verdadero <strong>fototerapia<\/strong>. Las cr\u00edticas lo confirman: en pocas semanas, las l\u00edneas de expresi\u00f3n y las imperfecciones se reducen visiblemente.<\/p>\n\n\n\n<p>Este <strong>mascarilla multiusos<\/strong> le permite personalizar su rutina de cuidado de la piel en funci\u00f3n de sus necesidades actuales. Es el aliado perfecto para el contorno de ojos cansado o la piel propensa al acn\u00e9. \u00bfLo mejor? A <strong>f\u00e1cil uso dom\u00e9stico<\/strong> para <strong>resultados pro<\/strong> sin complicaciones<\/p>\n\n\n\n<p><a href=\"https:\/\/amzn.to\/4kRnkh4\" target=\"_blank\" rel=\"noopener\">Ver en Amazon<\/a><\/p>\n\n\n\n<figure class=\"wp-block-table\"><table class=\"has-fixed-layout\"><thead><tr><th>Beneficios<\/th><th>Desventajas<\/th><\/tr><\/thead><tbody><tr><td>\u2705 7 <strong>Colores LED que se adaptan a todas las necesidades de la piel<\/strong> (antienvejecimiento, antiacn\u00e9...)<\/td><td>\u274c Los modelos de consumo no son productos sanitarios.<\/td><\/tr><tr><td>\u2705 <strong>Resultados visibles sobre las arrugas y el acn\u00e9 en pocas semanas<\/strong><\/td><td>\u274c Requiere regularidad para un tratamiento eficaz.<\/td><\/tr><tr><td>\u2705 Dispositivo n\u00f3mada de belleza expr\u00e9s<\/td><td>&nbsp;<\/td><\/tr><\/tbody><\/table><\/figure>\n\n\n\n<h2 class=\"wp-block-heading\"><span class=\"ez-toc-section\" id=\"Comparaison_des_produits\"><\/span>Comparaci\u00f3n de productos<span class=\"ez-toc-section-end\"><\/span><\/h2>\n\n\n\n<p>Entonces, \u00bfc\u00f3mo elegir entre estas m\u00e1scaras LED? Todo depende de sus necesidades. Para tratamiento <strong>antiedad completo<\/strong>Elija un modelo que combine <strong>luz roja<\/strong> y <strong>infrarrojos<\/strong>. En pocas semanas de uso regular, las arrugas y l\u00edneas de expresi\u00f3n desaparecen. Si le molestan el acn\u00e9 o las manchas, <strong>la luz azul hace milagros<\/strong>. Y para un impulso de luminosidad expr\u00e9s, \u00a1el verde transforma tu piel en s\u00f3lo 4 semanas! Es la magia de la fototerapia. Para el contorno de ojos, algunos aparatos ofrecen ajustes espec\u00edficos. No olvides consultar las opiniones antes de decidirte por un modelo concreto.<\/p>\n\n\n\n<figure class=\"wp-block-table\"><table class=\"has-fixed-layout\"><thead><tr><th>Producto<\/th><th>LED<\/th><th>Beneficios<\/th><\/tr><\/thead><tbody><tr><td>IBORRIA<\/td><td><strong>Rojo, azul, amarillo<\/strong><\/td><td><strong>Precios atractivos<\/strong>f\u00e1cil de usar<\/td><\/tr><tr><td>Piel nutrida<\/td><td><strong>7 colores<\/strong><\/td><td>Orde\u00f1o <strong>cara y cuello<\/strong>c\u00f3modo<\/td><\/tr><tr><td>Proyecto E Belleza<\/td><td><strong>7 colores<\/strong><\/td><td>Dise\u00f1o ergon\u00f3mico, <strong>numerosos ajustes<\/strong><\/td><\/tr><tr><td>Silk'n<\/td><td><strong>Rojo, azul, amarillo, morado<\/strong><\/td><td>Vers\u00e1til, <strong>buena relaci\u00f3n calidad-precio<\/strong><\/td><\/tr><tr><td>Profey<\/td><td><strong>7 colores<\/strong><\/td><td><strong>Un amplio abanico de posibilidades<\/strong><\/td><\/tr><\/tbody><\/table><\/figure>\n\n\n\n<h2 class=\"wp-block-heading\"><span class=\"ez-toc-section\" id=\"En_resume\"><\/span>En pocas palabras<span class=\"ez-toc-section-end\"><\/span><\/h2>\n\n\n\n<p>El mercado de <strong>M\u00e1scaras LED<\/strong> est\u00e1 repleto de pepitas para todas las necesidades. Tanto si buscas un tratamiento antiedad, para combatir la<strong>acn\u00e9<\/strong> o simplemente para iluminar tu piel, seguro que hay una mascarilla de infrarrojos para ti. \u00bfA\u00fan no est\u00e1 seguro? Visite <strong>fototerapia<\/strong> ofrece resultados visibles, con una verdadera facilidad de uso. Una inversi\u00f3n en belleza que merece la pena.<\/p>\n\n\n\n<p>\u00bfQuieres brillar? Encuentra el <strong>M\u00e1scara LED<\/strong> adecuado para ti significa darle a tu piel la <strong>luminosidad instant\u00e1nea y duradera<\/strong>. Por qu\u00e9 no <strong>impulsa tu rutina de belleza<\/strong> \u00bfhoy? Deja que tu rostro revele su <strong>luz natural<\/strong>... \u00a1y tu piel te lo agradecer\u00e1!<\/p>\n\n\n\n<p><\/p>","protected":false},"excerpt":{"rendered":"<p>Vos premi\u00e8res rides commencent \u00e0 s&rsquo;installer et les imperfections vous agacent ? Le masque LED pourrait bien devenir votre nouvel alli\u00e9 beaut\u00e9 pour une peau plus ferme et lumineuse ! On d\u00e9voile notre s\u00e9lection coup de c\u0153ur des masques LED visage les plus performants, avec un zoom sur les effets concrets de la luminoth\u00e9rapie comme [&hellip;]<\/p>\n","protected":false},"author":1,"featured_media":1220,"comment_status":"open","ping_status":"open","sticky":false,"template":"","format":"standard","meta":{"footnotes":""},"categories":[11],"tags":[],"class_list":["post-1085","post","type-post","status-publish","format-standard","has-post-thumbnail","hentry","category-guide"],"_links":{"self":[{"href":"https:\/\/www.appareil-minceur.fr\/es\/wp-json\/wp\/v2\/posts\/1085","targetHints":{"allow":["GET"]}}],"collection":[{"href":"https:\/\/www.appareil-minceur.fr\/es\/wp-json\/wp\/v2\/posts"}],"about":[{"href":"https:\/\/www.appareil-minceur.fr\/es\/wp-json\/wp\/v2\/types\/post"}],"author":[{"embeddable":true,"href":"https:\/\/www.appareil-minceur.fr\/es\/wp-json\/wp\/v2\/users\/1"}],"replies":[{"embeddable":true,"href":"https:\/\/www.appareil-minceur.fr\/es\/wp-json\/wp\/v2\/comments?post=1085"}],"version-history":[{"count":13,"href":"https:\/\/www.appareil-minceur.fr\/es\/wp-json\/wp\/v2\/posts\/1085\/revisions"}],"predecessor-version":[{"id":2941,"href":"https:\/\/www.appareil-minceur.fr\/es\/wp-json\/wp\/v2\/posts\/1085\/revisions\/2941"}],"wp:featuredmedia":[{"embeddable":true,"href":"https:\/\/www.appareil-minceur.fr\/es\/wp-json\/wp\/v2\/media\/1220"}],"wp:attachment":[{"href":"https:\/\/www.appareil-minceur.fr\/es\/wp-json\/wp\/v2\/media?parent=1085"}],"wp:term":[{"taxonomy":"category","embeddable":true,"href":"https:\/\/www.appareil-minceur.fr\/es\/wp-json\/wp\/v2\/categories?post=1085"},{"taxonomy":"post_tag","embeddable":true,"href":"https:\/\/www.appareil-minceur.fr\/es\/wp-json\/wp\/v2\/tags?post=1085"}],"curies":[{"name":"wp","href":"https:\/\/api.w.org\/{rel}","templated":true}]}}