{"id":2961,"date":"2025-12-31T11:04:56","date_gmt":"2025-12-31T11:04:56","guid":{"rendered":"https:\/\/www.appareil-minceur.fr\/non-categorise\/serumcu\/"},"modified":"2025-12-31T11:04:56","modified_gmt":"2025-12-31T11:04:56","slug":"serumcu","status":"publish","type":"post","link":"https:\/\/www.appareil-minceur.fr\/es\/salud\/serumcu\/","title":{"rendered":"\u00bfQu\u00e9 s\u00e9rum elegir para su piel?"},"content":{"rendered":"<div class=\"kk-star-ratings kksr-auto kksr-align-left kksr-valign-top\"\n    data-payload='{&quot;align&quot;:&quot;left&quot;,&quot;id&quot;:&quot;2961&quot;,&quot;slug&quot;:&quot;default&quot;,&quot;valign&quot;:&quot;top&quot;,&quot;ignore&quot;:&quot;&quot;,&quot;reference&quot;:&quot;auto&quot;,&quot;class&quot;:&quot;&quot;,&quot;count&quot;:&quot;0&quot;,&quot;legendonly&quot;:&quot;&quot;,&quot;readonly&quot;:&quot;&quot;,&quot;score&quot;:&quot;0&quot;,&quot;starsonly&quot;:&quot;&quot;,&quot;best&quot;:&quot;5&quot;,&quot;gap&quot;:&quot;5&quot;,&quot;greet&quot;:&quot;Notez cet article !&quot;,&quot;legend&quot;:&quot;0\\\/5 - (0 votos)&quot;,&quot;size&quot;:&quot;16&quot;,&quot;title&quot;:&quot;Quel s\u00e9rumcu choisir pour sa peau ?&quot;,&quot;width&quot;:&quot;0&quot;,&quot;_legend&quot;:&quot;{score}\\\/{best} - ({count} {votes})&quot;,&quot;font_factor&quot;:&quot;1.25&quot;}'>\n            \n<div class=\"kksr-stars\">\n    \n<div class=\"kksr-stars-inactive\">\n            <div class=\"kksr-star\" data-star=\"1\" style=\"padding-right: 5px\">\n            \n\n<div class=\"kksr-icon\" style=\"width: 16px; height: 16px;\"><\/div>\n        <\/div>\n            <div class=\"kksr-star\" data-star=\"2\" style=\"padding-right: 5px\">\n            \n\n<div class=\"kksr-icon\" style=\"width: 16px; height: 16px;\"><\/div>\n        <\/div>\n            <div class=\"kksr-star\" data-star=\"3\" style=\"padding-right: 5px\">\n            \n\n<div class=\"kksr-icon\" style=\"width: 16px; height: 16px;\"><\/div>\n        <\/div>\n            <div class=\"kksr-star\" data-star=\"4\" style=\"padding-right: 5px\">\n            \n\n<div class=\"kksr-icon\" style=\"width: 16px; height: 16px;\"><\/div>\n        <\/div>\n            <div class=\"kksr-star\" data-star=\"5\" style=\"padding-right: 5px\">\n            \n\n<div class=\"kksr-icon\" style=\"width: 16px; height: 16px;\"><\/div>\n        <\/div>\n    <\/div>\n    \n<div class=\"kksr-stars-active\" style=\"width: 0px;\">\n            <div class=\"kksr-star\" style=\"padding-right: 5px\">\n            \n\n<div class=\"kksr-icon\" style=\"width: 16px; height: 16px;\"><\/div>\n        <\/div>\n            <div class=\"kksr-star\" style=\"padding-right: 5px\">\n            \n\n<div class=\"kksr-icon\" style=\"width: 16px; height: 16px;\"><\/div>\n        <\/div>\n            <div class=\"kksr-star\" style=\"padding-right: 5px\">\n            \n\n<div class=\"kksr-icon\" style=\"width: 16px; height: 16px;\"><\/div>\n        <\/div>\n            <div class=\"kksr-star\" style=\"padding-right: 5px\">\n            \n\n<div class=\"kksr-icon\" style=\"width: 16px; height: 16px;\"><\/div>\n        <\/div>\n            <div class=\"kksr-star\" style=\"padding-right: 5px\">\n            \n\n<div class=\"kksr-icon\" style=\"width: 16px; height: 16px;\"><\/div>\n        <\/div>\n    <\/div>\n<\/div>\n                \n\n<div class=\"kksr-legend\" style=\"font-size: 12.8px;\">\n            <span class=\"kksr-muted\">Valora este art\u00edculo<\/span>\n    <\/div>\n    <\/div>\n<article>\n<div style=\"background-color: #f8f9fa; border-left: 4px solid #FF6600; padding: 20px; margin: 30px 0; border-radius: 5px; color: black;\">\n<h2><span class=\"ez-toc-section\" id=\"%E2%9C%93_Les_infos_a_retenir\"><\/span>\u2713 Cosas para recordar<span class=\"ez-toc-section-end\"><\/span><\/h2>\n<ul style=\"line-height: 1.8; margin: 15px 0; padding-left: 20px;\">\n<li>El serumcu contiene hasta 70% de principios activos concentrados, frente a los 5-10% de una crema convencional, y ofrece resultados visibles en 1 a 6 semanas seg\u00fan el principio activo.<\/li>\n<li>El \u00e1cido hialur\u00f3nico puede retener hasta 1.000 veces su peso en agua, mientras que los p\u00e9ptidos de cobre estimulan la producci\u00f3n de col\u00e1geno 30% al cabo de 12 semanas.<\/li>\n<li>Aplique siempre el s\u00e9rum sobre la piel ligeramente h\u00fameda, 2-3 gotas como m\u00e1ximo, y espere 1 minuto antes de aplicar la crema hidratante para optimizar su penetraci\u00f3n.<\/li>\n<li>Marcas eficaces como The Ordinary (5-15 euros), CeraVe y La Roche-Posay ofrecen una excelente relaci\u00f3n calidad-precio, sin necesidad de un gran presupuesto.<\/li>\n<li>Evite absolutamente combinar retinol y vitamina C pura la misma noche, o retinol con \u00e1cidos exfoliantes (AHA\/BHA) para evitar irritaciones.<\/li>\n<\/ul>\n<\/div>\n<h2><span class=\"ez-toc-section\" id=\"Cest_quoi_exactement_le_Serumcu\"><\/span>\u00bfQu\u00e9 es exactamente Serumcu?<span class=\"ez-toc-section-end\"><\/span><\/h2>\n<p>Es posible que ya haya o\u00eddo hablar de <strong>serumcu<\/strong> \u00bfpero no sabes realmente lo que es? Que no cunda el p\u00e1nico, \u00a1te lo explico todo! Un serumcu es un suero facial ultraconcentrado que act\u00faa sobre problemas espec\u00edficos de la piel. A diferencia de una simple crema hidratante, contiene mol\u00e9culas m\u00e1s peque\u00f1as que penetran profundamente en la epidermis.<\/p><div id=\"ez-toc-container\" class=\"ez-toc-v2_0_82_2 counter-hierarchy ez-toc-counter ez-toc-custom ez-toc-container-direction\">\n<div class=\"ez-toc-title-container\">\n<p class=\"ez-toc-title\" style=\"cursor:inherit\">Resumen del art\u00edculo<\/p>\n<span class=\"ez-toc-title-toggle\"><a href=\"#\" class=\"ez-toc-pull-right ez-toc-btn ez-toc-btn-xs ez-toc-btn-default ez-toc-toggle\" aria-label=\"Alternar tabla de contenidos\"><span class=\"ez-toc-js-icon-con\"><span class=\"\"><span class=\"eztoc-hide\" style=\"display:none;\">Toggle<\/span><span class=\"ez-toc-icon-toggle-span\"><svg style=\"fill: #ffffff;color:#ffffff\" xmlns=\"http:\/\/www.w3.org\/2000\/svg\" class=\"list-377408\" width=\"20px\" height=\"20px\" viewbox=\"0 0 24 24\" fill=\"none\"><path d=\"M6 6H4v2h2V6zm14 0H8v2h12V6zM4 11h2v2H4v-2zm16 0H8v2h12v-2zM4 16h2v2H4v-2zm16 0H8v2h12v-2z\" fill=\"currentColor\"><\/path><\/svg><svg style=\"fill: #ffffff;color:#ffffff\" class=\"arrow-unsorted-368013\" xmlns=\"http:\/\/www.w3.org\/2000\/svg\" width=\"10px\" height=\"10px\" viewbox=\"0 0 24 24\" version=\"1.2\" baseprofile=\"tiny\"><path d=\"M18.2 9.3l-6.2-6.3-6.2 6.3c-.2.2-.3.4-.3.7s.1.5.3.7c.2.2.4.3.7.3h11c.3 0 .5-.1.7-.3.2-.2.3-.5.3-.7s-.1-.5-.3-.7zM5.8 14.7l6.2 6.3 6.2-6.3c.2-.2.3-.5.3-.7s-.1-.5-.3-.7c-.2-.2-.4-.3-.7-.3h-11c-.3 0-.5.1-.7.3-.2.2-.3.5-.3.7s.1.5.3.7z\"\/><\/svg><\/span><\/span><\/span><\/a><\/span><\/div>\n<nav><ul class='ez-toc-list ez-toc-list-level-1 eztoc-toggle-hide-by-default' ><li class='ez-toc-page-1 ez-toc-heading-level-2'><a class=\"ez-toc-link ez-toc-heading-1\" href=\"https:\/\/www.appareil-minceur.fr\/es\/salud\/serumcu\/#%E2%9C%93_Les_infos_a_retenir\" >\u2713 Cosas para recordar<\/a><\/li><li class='ez-toc-page-1 ez-toc-heading-level-2'><a class=\"ez-toc-link ez-toc-heading-2\" href=\"https:\/\/www.appareil-minceur.fr\/es\/salud\/serumcu\/#Cest_quoi_exactement_le_Serumcu\" >\u00bfQu\u00e9 es exactamente Serumcu?<\/a><\/li><li class='ez-toc-page-1 ez-toc-heading-level-2'><a class=\"ez-toc-link ez-toc-heading-3\" href=\"https:\/\/www.appareil-minceur.fr\/es\/salud\/serumcu\/#Quels_sont_les_bienfaits_du_Serumcu_pour_ta_peau\" >\u00bfQu\u00e9 beneficios aporta Serumcu a su piel?<\/a><ul class='ez-toc-list-level-3' ><li class='ez-toc-heading-level-3'><a class=\"ez-toc-link ez-toc-heading-4\" href=\"https:\/\/www.appareil-minceur.fr\/es\/salud\/serumcu\/#Hydratation_en_profondeur\" >Hidrataci\u00f3n en profundidad<\/a><\/li><li class='ez-toc-page-1 ez-toc-heading-level-3'><a class=\"ez-toc-link ez-toc-heading-5\" href=\"https:\/\/www.appareil-minceur.fr\/es\/salud\/serumcu\/#Action_anti-age_puissante\" >Potente acci\u00f3n antiedad<\/a><\/li><li class='ez-toc-page-1 ez-toc-heading-level-3'><a class=\"ez-toc-link ez-toc-heading-6\" href=\"https:\/\/www.appareil-minceur.fr\/es\/salud\/serumcu\/#Eclat_et_uniformite_du_teint\" >Tez radiante y uniforme<\/a><\/li><\/ul><\/li><li class='ez-toc-page-1 ez-toc-heading-level-2'><a class=\"ez-toc-link ez-toc-heading-7\" href=\"https:\/\/www.appareil-minceur.fr\/es\/salud\/serumcu\/#Comment_choisir_son_Serumcu_selon_son_type_de_peau\" >\u00bfC\u00f3mo elegir un Serumcu para su tipo de piel?<\/a><ul class='ez-toc-list-level-3' ><li class='ez-toc-heading-level-3'><a class=\"ez-toc-link ez-toc-heading-8\" href=\"https:\/\/www.appareil-minceur.fr\/es\/salud\/serumcu\/#Les_marques_qui_cartonnent\" >Marcas de \u00e9xito<\/a><\/li><\/ul><\/li><li class='ez-toc-page-1 ez-toc-heading-level-2'><a class=\"ez-toc-link ez-toc-heading-9\" href=\"https:\/\/www.appareil-minceur.fr\/es\/salud\/serumcu\/#Quelle_est_la_bonne_routine_dapplication_du_Serumcu\" >\u00bfCu\u00e1l es la rutina correcta de aplicaci\u00f3n de Serumcu?<\/a><ul class='ez-toc-list-level-3' ><li class='ez-toc-heading-level-3'><a class=\"ez-toc-link ez-toc-heading-10\" href=\"https:\/\/www.appareil-minceur.fr\/es\/salud\/serumcu\/#Les_etapes_dans_lordre\" >Los pasos en orden<\/a><\/li><\/ul><\/li><li class='ez-toc-page-1 ez-toc-heading-level-2'><a class=\"ez-toc-link ez-toc-heading-11\" href=\"https:\/\/www.appareil-minceur.fr\/es\/salud\/serumcu\/#Peut-on_combiner_plusieurs_Serumcu\" >\u00bfEs posible combinar varios Serumcu?<\/a><ul class='ez-toc-list-level-3' ><li class='ez-toc-heading-level-3'><a class=\"ez-toc-link ez-toc-heading-12\" href=\"https:\/\/www.appareil-minceur.fr\/es\/salud\/serumcu\/#Les_combos_gagnants\" >Combos ganadores<\/a><\/li><\/ul><\/li><li class='ez-toc-page-1 ez-toc-heading-level-2'><a class=\"ez-toc-link ez-toc-heading-13\" href=\"https:\/\/www.appareil-minceur.fr\/es\/salud\/serumcu\/#Quelles_innovations_dans_les_formules_Serumcu\" >\u00bfQu\u00e9 innovaciones hay en las f\u00f3rmulas de Serumcu?<\/a><ul class='ez-toc-list-level-3' ><li class='ez-toc-heading-level-3'><a class=\"ez-toc-link ez-toc-heading-14\" href=\"https:\/\/www.appareil-minceur.fr\/es\/salud\/serumcu\/#La_tendance_clean_beauty\" >La tendencia de la belleza limpia<\/a><\/li><\/ul><\/li><li class='ez-toc-page-1 ez-toc-heading-level-2'><a class=\"ez-toc-link ez-toc-heading-15\" href=\"https:\/\/www.appareil-minceur.fr\/es\/salud\/serumcu\/#Combien_de_temps_avant_de_voir_des_resultats\" >\u00bfCu\u00e1nto tardar\u00e9 en ver resultados?<\/a><ul class='ez-toc-list-level-3' ><li class='ez-toc-heading-level-3'><a class=\"ez-toc-link ez-toc-heading-16\" href=\"https:\/\/www.appareil-minceur.fr\/es\/salud\/serumcu\/#Le_phenomene_de_purge_cutanee\" >El fen\u00f3meno de la purga cut\u00e1nea<\/a><\/li><\/ul><\/li><li class='ez-toc-page-1 ez-toc-heading-level-2'><a class=\"ez-toc-link ez-toc-heading-17\" href=\"https:\/\/www.appareil-minceur.fr\/es\/salud\/serumcu\/#Faut-il_depenser_une_fortune_pour_un_bon_Serumcu\" >\u00bfHay que gastarse una fortuna en un buen Serumcu?<\/a><\/li><li class='ez-toc-page-1 ez-toc-heading-level-2'><a class=\"ez-toc-link ez-toc-heading-18\" href=\"https:\/\/www.appareil-minceur.fr\/es\/salud\/serumcu\/#Serumcu_et_complementarite_avec_dautres_technologies_beaute\" >Serumcu y complementariedad con otras tecnolog\u00edas de belleza<\/a><\/li><li class='ez-toc-page-1 ez-toc-heading-level-2'><a class=\"ez-toc-link ez-toc-heading-19\" href=\"https:\/\/www.appareil-minceur.fr\/es\/salud\/serumcu\/#Questions_frequentes_sur_le_Serumcu\" >Preguntas frecuentes sobre Serumcu<\/a><ul class='ez-toc-list-level-3' ><li class='ez-toc-heading-level-3'><a class=\"ez-toc-link ez-toc-heading-20\" href=\"https:\/\/www.appareil-minceur.fr\/es\/salud\/serumcu\/#Un_serumcu_remplace-t-il_la_creme_hydratante\" >\u00bfSustituye el serumcu a la crema hidratante?<\/a><\/li><li class='ez-toc-page-1 ez-toc-heading-level-3'><a class=\"ez-toc-link ez-toc-heading-21\" href=\"https:\/\/www.appareil-minceur.fr\/es\/salud\/serumcu\/#A_partir_de_quel_age_commencer_les_serums_anti-age\" >\u00bfA qu\u00e9 edad debo empezar a utilizar s\u00e9rums antiedad?<\/a><\/li><li class='ez-toc-page-1 ez-toc-heading-level-3'><a class=\"ez-toc-link ez-toc-heading-22\" href=\"https:\/\/www.appareil-minceur.fr\/es\/salud\/serumcu\/#Comment_conserver_son_serumcu_correctement\" >\u00bfC\u00f3mo se guarda correctamente el serumcu?<\/a><\/li><li class='ez-toc-page-1 ez-toc-heading-level-3'><a class=\"ez-toc-link ez-toc-heading-23\" href=\"https:\/\/www.appareil-minceur.fr\/es\/salud\/serumcu\/#Peut-on_utiliser_du_serumcu_pendant_la_grossesse\" >\u00bfPuede utilizarse serumcu durante el embarazo?<\/a><\/li><li class='ez-toc-page-1 ez-toc-heading-level-3'><a class=\"ez-toc-link ez-toc-heading-24\" href=\"https:\/\/www.appareil-minceur.fr\/es\/salud\/serumcu\/#Mon_serum_mousse_au_contact_de_ma_creme_cest_normal\" >Mi suero hace espuma cuando entra en contacto con mi crema, \u00bfes normal?<\/a><\/li><\/ul><\/li><li class='ez-toc-page-1 ez-toc-heading-level-2'><a class=\"ez-toc-link ez-toc-heading-25\" href=\"https:\/\/www.appareil-minceur.fr\/es\/salud\/serumcu\/#Questions_frequentes_sur_le_Serumcu-2\" >Preguntas frecuentes sobre Serumcu<\/a><ul class='ez-toc-list-level-3' ><li class='ez-toc-heading-level-3'><a class=\"ez-toc-link ez-toc-heading-26\" href=\"https:\/\/www.appareil-minceur.fr\/es\/salud\/serumcu\/#Le_Serumcu_convient-il_aux_peaux_a_tendance_rosacee\" >\u00bfEs Serumcu adecuado para la piel propensa a la ros\u00e1cea?<\/a><\/li><li class='ez-toc-page-1 ez-toc-heading-level-3'><a class=\"ez-toc-link ez-toc-heading-27\" href=\"https:\/\/www.appareil-minceur.fr\/es\/salud\/serumcu\/#Peut-on_appliquer_un_Serumcu_sur_le_contour_des_yeux\" >\u00bfSe puede aplicar Serumcu en el contorno de los ojos?<\/a><\/li><li class='ez-toc-page-1 ez-toc-heading-level-3'><a class=\"ez-toc-link ez-toc-heading-28\" href=\"https:\/\/www.appareil-minceur.fr\/es\/salud\/serumcu\/#Le_Serumcu_est-il_efficace_contre_les_cicatrices_dacne\" >\u00bfEs Serumcu eficaz contra las cicatrices del acn\u00e9?<\/a><\/li><li class='ez-toc-page-1 ez-toc-heading-level-3'><a class=\"ez-toc-link ez-toc-heading-29\" href=\"https:\/\/www.appareil-minceur.fr\/es\/salud\/serumcu\/#Faut-il_rincer_un_Serumcu_apres_application\" >\u00bfEs necesario aclarar Serumcu despu\u00e9s de su aplicaci\u00f3n?<\/a><\/li><li class='ez-toc-page-1 ez-toc-heading-level-3'><a class=\"ez-toc-link ez-toc-heading-30\" href=\"https:\/\/www.appareil-minceur.fr\/es\/salud\/serumcu\/#Le_Serumcu_perd-il_son_efficacite_apres_ouverture\" >\u00bfPierde Serumcu su eficacia una vez abierto?<\/a><\/li><\/ul><\/li><\/ul><\/nav><\/div>\n\n<p>\u00bfQu\u00e9 lo hace diferente? Su textura ligera y su concentraci\u00f3n de principios activos. Un buen s\u00e9rum puede contener hasta 70% de activos puros, mientras que una crema cl\u00e1sica tiene como m\u00e1ximo 5-10%. Eso lo cambia todo cuando se trata de resultados \ud83d\udca1.<\/p>\n<blockquote style=\"background-color: #efefef; color: black; border-radius: 10px; padding: 15px; margin: 20px 0;\"><p>\nLo que distingue a serumcu es su f\u00f3rmula hiperconcentrada: contiene hasta 70% de principios activos espec\u00edficos, frente a los 5-10% de una crema tradicional.\n<\/p><\/blockquote>\n<p>Las f\u00f3rmulas modernas suelen incorporar <strong>p\u00e9ptidos de cobre<\/strong>, \u00e1cido hialur\u00f3nico y vitamina C estabilizada. Estos ingredientes act\u00faan en sinergia para tratar problemas espec\u00edficos: arrugas, manchas, deshidrataci\u00f3n, falta de luminosidad.<\/p>\n<p><img decoding=\"async\" src=\"https:\/\/www.appareil-minceur.fr\/wp-content\/uploads\/2025\/12\/bienfaits-utilisation-serumcu-guide-efficace-scaled.jpg\" alt=\"Gu\u00eda sobre los beneficios y usos del serumcu\" style=\"width: 100%; height: auto; margin: 30px 0; border-radius: 8px;\"><\/p>\n<h2><span class=\"ez-toc-section\" id=\"Quels_sont_les_bienfaits_du_Serumcu_pour_ta_peau\"><\/span>\u00bfQu\u00e9 beneficios aporta Serumcu a su piel?<span class=\"ez-toc-section-end\"><\/span><\/h2>\n<p>Ahora que sabemos lo que es, \u00a1hablemos de sus verdaderos beneficios! Los beneficios del serumcu son numerosos y realmente impresionantes. Dependiendo de los ingredientes activos que contenga, puede transformar literalmente tu piel.<\/p>\n<h3><span class=\"ez-toc-section\" id=\"Hydratation_en_profondeur\"><\/span>Hidrataci\u00f3n en profundidad<span class=\"ez-toc-section-end\"><\/span><\/h3>\n<p>Gracias a la\u2019<strong>\u00e1cido hialur\u00f3nico<\/strong>, serumcu puede retener hasta 1.000 veces su peso en agua. Esta mol\u00e9cula milagrosa rellena instant\u00e1neamente la piel y reduce la aparici\u00f3n de finas l\u00edneas de deshidrataci\u00f3n. Mis clientes a menudo me dicen que pueden ver la diferencia en la primera semana \u2705.<\/p>\n<h3><span class=\"ez-toc-section\" id=\"Action_anti-age_puissante\"><\/span>Potente acci\u00f3n antiedad<span class=\"ez-toc-section-end\"><\/span><\/h3>\n<p>Los p\u00e9ptidos de cobre estimulan la producci\u00f3n de col\u00e1geno de forma natural. Los estudios cl\u00ednicos muestran una mejora de 30% en la firmeza de la piel tras 12 semanas de uso regular. El retinol, otro activo estrella, acelera la renovaci\u00f3n celular y alisa las arrugas existentes.<\/p>\n<h3><span class=\"ez-toc-section\" id=\"Eclat_et_uniformite_du_teint\"><\/span>Tez radiante y uniforme<span class=\"ez-toc-section-end\"><\/span><\/h3>\n<p>La vitamina C estabilizada combate los radicales libres y reduce las manchas pigmentarias. Adem\u00e1s, potencia la luminosidad natural del rostro. Combinada con la niacinamida, regula la producci\u00f3n de sebo y afina la textura de la piel.<\/p>\n<ul>\n<li>Reducci\u00f3n visible de las manchas oscuras en 4 a 6 semanas<\/li>\n<li>Tez m\u00e1s uniforme y luminosa<\/li>\n<li>Protecci\u00f3n contra agresiones externas<\/li>\n<li>Acci\u00f3n preventiva contra los signos del envejecimiento<\/li>\n<\/ul>\n<h2><span class=\"ez-toc-section\" id=\"Comment_choisir_son_Serumcu_selon_son_type_de_peau\"><\/span>\u00bfC\u00f3mo elegir un Serumcu para su tipo de piel?<span class=\"ez-toc-section-end\"><\/span><\/h2>\n<p>Ahora probablemente se est\u00e9 preguntando cu\u00e1l elegir. Porque no todos los s\u00e9rums son iguales y, lo que es m\u00e1s importante, no todos los s\u00e9rums son adecuados para todos los tipos de piel. Aqu\u00ed tienes mi gu\u00eda ultrapr\u00e1ctica para hacer la elecci\u00f3n correcta \ud83d\udc4d.<\/p>\n<table border=\"1\" cellpadding=\"10\" cellspacing=\"0\" style=\"width:100%; border-collapse: collapse;\">\n<thead>\n<tr style=\"background-color: #f5f5f5;\">\n<th>Tipo de piel<\/th>\n<th>Activos recomendados<\/th>\n<th>Beneficios espec\u00edficos<\/th>\n<\/tr>\n<\/thead>\n<tbody>\n<tr>\n<td>Piel seca\/deshidratada<\/td>\n<td>\u00c1cido hialur\u00f3nico, ceramidas<\/td>\n<td>Hidrataci\u00f3n intensa, confort<\/td>\n<\/tr>\n<tr>\n<td>Piel madura<\/td>\n<td>Retinol, p\u00e9ptidos de cobre<\/td>\n<td>Firmeza, arrugas, tono<\/td>\n<\/tr>\n<tr>\n<td>Piel grasa\/con tendencia acneica<\/td>\n<td>Niacinamida, \u00e1cido salic\u00edlico<\/td>\n<td>Matificante, cierra los poros<\/td>\n<\/tr>\n<tr>\n<td>Piel apagada<\/td>\n<td>Vitamina C estabilizada<\/td>\n<td>Resplandor, antimanchas, protecci\u00f3n<\/td>\n<\/tr>\n<tr>\n<td>Piel sensible<\/td>\n<td>Centella asi\u00e1tica, bisabolol<\/td>\n<td>Calmante, reparador<\/td>\n<\/tr>\n<\/tbody>\n<\/table>\n<p>En el caso de las pieles sensibles o reactivas, pruebe siempre el producto en el pliegue del codo 24 horas antes de aplicarlo en el rostro. M\u00e1s vale prevenir que sufrir una reacci\u00f3n desagradable.<\/p>\n<h3><span class=\"ez-toc-section\" id=\"Les_marques_qui_cartonnent\"><\/span>Marcas de \u00e9xito<span class=\"ez-toc-section-end\"><\/span><\/h3>\n<p>Marcas, <strong>Lo ordinario<\/strong> ofrece f\u00f3rmulas minimalistas y eficaces a precios bajos. CeraVe y La Roche-Posay ofrecen opciones dermatol\u00f3gicamente probadas. Para productos de gama alta, Skinceuticals y SkinCeuticals son referencias reconocidas por dermat\u00f3logos.<\/p>\n<p><img decoding=\"async\" src=\"https:\/\/www.appareil-minceur.fr\/wp-content\/uploads\/2025\/12\/serumcu-bienfaits-astuces-utilisation-scaled.jpg\" alt=\"Consejos y ventajas de serumcu\" style=\"width: 100%; height: auto; margin: 30px 0; border-radius: 8px;\"><\/p>\n<h2><span class=\"ez-toc-section\" id=\"Quelle_est_la_bonne_routine_dapplication_du_Serumcu\"><\/span>\u00bfCu\u00e1l es la rutina correcta de aplicaci\u00f3n de Serumcu?<span class=\"ez-toc-section-end\"><\/span><\/h2>\n<p>Tener el producto adecuado est\u00e1 muy bien, pero saber utilizarlo correctamente es a\u00fan mejor. El orden de aplicaci\u00f3n en tu rutina de belleza marca la diferencia. Y s\u00ed, hay reglas que seguir para maximizar los resultados.<\/p>\n<p>Aplique siempre su serumcu a un <strong>piel limpia y ligeramente h\u00fameda<\/strong>. La humedad ayuda a que los principios activos penetren mejor. Utilice de 2 a 3 gotas como m\u00e1ximo, \u00a1es m\u00e1s que suficiente! En el caso de los sueros, m\u00e1s no es necesariamente mejor.<\/p>\n<h3><span class=\"ez-toc-section\" id=\"Les_etapes_dans_lordre\"><\/span>Los pasos en orden<span class=\"ez-toc-section-end\"><\/span><\/h3>\n<ul>\n<li>Limpieza facial suave por la ma\u00f1ana y por la noche<\/li>\n<li>T\u00f3nico o agua micelar (opcional)<\/li>\n<li>Aplique el serumcu golpeando ligeramente<\/li>\n<li>Espere 1 minuto para que el producto penetre<\/li>\n<li>Crema hidratante para fijar los principios activos<\/li>\n<li>Protecci\u00f3n solar SPF 30 como m\u00ednimo por la ma\u00f1ana<\/li>\n<\/ul>\n<p>Por la ma\u00f1ana, opte por f\u00f3rmulas antioxidantes como la vitamina C. Por la noche, opte por activos regeneradores como el retinol o los p\u00e9ptidos. Esta alternancia optimiza realmente los beneficios.<\/p>\n<blockquote style=\"background-color: #efefef; color: black; border-radius: 10px; padding: 15px; margin: 20px 0;\"><p>\nPara obtener los mejores resultados, aplique su serumcu sobre la piel ligeramente h\u00fameda y espere siempre 1 minuto antes de aplicar su crema hidratante. \u00a1El orden marca la diferencia! \u2728\n<\/p><\/blockquote>\n<div style=\"width: 100%; margin: 30px 0;\">\n<iframe width=\"100%\" height=\"500\" src=\"https:\/\/www.youtube.com\/embed\/5J7DXxQhXVE\" title=\"Gu\u00eda completa de serumcu\" frameborder=\"0\" allow=\"accelerometer; autoplay; clipboard-write; encrypted-media; gyroscope; picture-in-picture\" allowfullscreen><\/iframe>\n<\/div>\n<h2><span class=\"ez-toc-section\" id=\"Peut-on_combiner_plusieurs_Serumcu\"><\/span>\u00bfEs posible combinar varios Serumcu?<span class=\"ez-toc-section-end\"><\/span><\/h2>\n<p>Buena pregunta. S\u00ed, puede aplicar varios s\u00e9rums en capas, pero tenga cuidado con las combinaciones. Algunos principios activos no funcionan bien juntos. Por ejemplo, el retinol y la vitamina C pura nunca deben aplicarse al mismo tiempo.<\/p>\n<p>La regla de oro: empieza con el s\u00e9rum m\u00e1s fluido y termina con el m\u00e1s espeso. Si utilizas m\u00e1s de un producto, sep\u00e1ralos unos minutos para que se absorban correctamente. Personalmente, no recomiendo m\u00e1s de 2 s\u00e9rums por rutina.<\/p>\n<h3><span class=\"ez-toc-section\" id=\"Les_combos_gagnants\"><\/span>Combos ganadores<span class=\"ez-toc-section-end\"><\/span><\/h3>\n<p>\u00c1cido hialur\u00f3nico + vitamina C por la ma\u00f1ana = hidrataci\u00f3n + protecci\u00f3n antioxidante. Niacinamida + \u00e1cido salic\u00edlico para pieles grasas = acci\u00f3n matificante + antiimperfecciones. Retinol + p\u00e9ptidos por la noche = m\u00e1ximo poder antiedad a partir de los 30 a\u00f1os.<\/p>\n<p>Evite absolutamente mezclar retinol y \u00e1cidos exfoliantes (AHA\/BHA) la misma noche. Esta combinaci\u00f3n puede irritar hasta la piel m\u00e1s resistente. En su lugar, alterna: retinol una noche, exfoliaci\u00f3n qu\u00edmica la siguiente.<\/p>\n<h2><span class=\"ez-toc-section\" id=\"Quelles_innovations_dans_les_formules_Serumcu\"><\/span>\u00bfQu\u00e9 innovaciones hay en las f\u00f3rmulas de Serumcu?<span class=\"ez-toc-section-end\"><\/span><\/h2>\n<p>El mundo del cuidado de la piel est\u00e1 en constante evoluci\u00f3n. Las f\u00f3rmulas limpias y ecol\u00f3gicas ganan terreno con composiciones m\u00e1s respetuosas. Los p\u00e9ptidos de cobre de nueva generaci\u00f3n son especialmente eficaces para estimular la producci\u00f3n de col\u00e1geno de forma natural.<\/p>\n<p>Las texturas tambi\u00e9n han mejorado: \u00a1se acabaron las f\u00f3rmulas pegajosas! Los nuevos s\u00e9rums penetran ultrarr\u00e1pidamente sin dejar una pel\u00edcula grasa. Algunas marcas ofrecen incluso formatos bif\u00e1sicos que pueden agitarse antes de su uso para combinar activos hidr\u00f3filos y lip\u00f3filos.<\/p>\n<h3><span class=\"ez-toc-section\" id=\"La_tendance_clean_beauty\"><\/span>La tendencia de la belleza limpia<span class=\"ez-toc-section-end\"><\/span><\/h3>\n<p>Cada vez m\u00e1s marcas desarrollan f\u00f3rmulas sin siliconas, parabenos ni fragancias sint\u00e9ticas. Estas f\u00f3rmulas minimalistas se adaptan mejor a las pieles sensibles y son m\u00e1s respetuosas con el medio ambiente. Caudalie y Typology son pioneras en este campo.<\/p>\n<p>El envase tambi\u00e9n evoluciona, con frascos sin aire para proteger los fr\u00e1giles principios activos, vidrio reciclado y recambios disponibles. Es importante pensar en nuestro planeta a la vez que cuidamos nuestra piel \ud83c\udf0d.<\/p>\n<p><img decoding=\"async\" src=\"https:\/\/www.appareil-minceur.fr\/wp-content\/uploads\/2025\/12\/serumcu-guide-pratique-bienfaits-utilisation-scaled.jpg\" alt=\"Gu\u00eda pr\u00e1ctica para utilizar serumcu\" style=\"width: 100%; height: auto; margin: 30px 0; border-radius: 8px;\"><\/p>\n<h2><span class=\"ez-toc-section\" id=\"Combien_de_temps_avant_de_voir_des_resultats\"><\/span>\u00bfCu\u00e1nto tardar\u00e9 en ver resultados?<span class=\"ez-toc-section-end\"><\/span><\/h2>\n<p>Seamos sinceros: los milagros instant\u00e1neos no existen. Pero los resultados llegan m\u00e1s r\u00e1pido de lo que crees. En t\u00e9rminos de hidrataci\u00f3n, notar\u00e1 la diferencia desde la primera semana de uso. Su piel se sentir\u00e1 m\u00e1s flexible y confortable.<\/p>\n<p>Para obtener efectos antienvejecimiento y antimanchas, espere al menos de 4 a 6 semanas. Los p\u00e9ptidos y la vitamina C necesitan este tiempo para hacer pleno efecto. Con el retinol, las mejoras visibles suelen aparecer tras 12 semanas de uso regular.<\/p>\n<p>La regularidad marca la diferencia. Un s\u00e9rum utilizado a diario dar\u00e1 resultados 10 veces mejores que una aplicaci\u00f3n espor\u00e1dica. Es como el entrenamiento deportivo: la constancia siempre da sus frutos.<\/p>\n<h3><span class=\"ez-toc-section\" id=\"Le_phenomene_de_purge_cutanee\"><\/span>El fen\u00f3meno de la purga cut\u00e1nea<span class=\"ez-toc-section-end\"><\/span><\/h3>\n<p>Con determinados principios activos, como el retinol o los \u00e1cidos, es posible que aparezcan granos durante las 2-3 primeras semanas. No se preocupe, \u00a1es normal! Este proceso, conocido como \u00abpurga\u00bb, significa que el producto acelera la renovaci\u00f3n celular y extrae las impurezas.<\/p>\n<p>Esta fase desagradable es temporal y demuestra que el tratamiento est\u00e1 funcionando. Si persiste m\u00e1s de 4 semanas o empeora, reduzca la frecuencia de aplicaci\u00f3n o consulte a un dermat\u00f3logo.<\/p>\n<h2><span class=\"ez-toc-section\" id=\"Faut-il_depenser_une_fortune_pour_un_bon_Serumcu\"><\/span>\u00bfHay que gastarse una fortuna en un buen Serumcu?<span class=\"ez-toc-section-end\"><\/span><\/h2>\n<p>Buenas noticias: \u00a1no! El precio no siempre es garant\u00eda de eficacia. Marcas asequibles como The Ordinary ofrecen f\u00f3rmulas ultraefectivas y minimalistas por entre 5 y 15 \u20ac. Su s\u00e9rum de \u00e1cido hialur\u00f3nico de 7 \u20ac es tan eficaz como las versiones de 80 \u20ac.<\/p>\n<p>Lo que realmente cuenta es la concentraci\u00f3n de principios activos y la calidad de la formulaci\u00f3n. Un suero de 20 euros con 10% de vitamina C pura ser\u00e1 m\u00e1s eficaz que un producto de lujo de 150 euros que s\u00f3lo contenga 2% de principio activo diluido.<\/p>\n<p>Personalmente, mi consejo es que inviertas con prudencia: elige marcas que sean transparentes en cuanto a sus ingredientes. Inkey List, CeraVe y Geek &amp; Gorgeous ofrecen una excelente relaci\u00f3n calidad-precio. Para maximizar la eficacia de tus productos de cuidado de la piel, tambi\u00e9n puedes combinar serumcu con <a href=\"https:\/\/www.appareil-minceur.fr\/es\/guia\/el-mejor-aparato-para-reafirmar-el-contorno-facial\/\">aparatos para reafirmar el \u00f3valo facial<\/a>, que tambi\u00e9n act\u00faan sobre los signos del envejecimiento. Reserva tu presupuesto para cuidados dermatol\u00f3gicos profesionales si es necesario.<\/p>\n<h2><span class=\"ez-toc-section\" id=\"Serumcu_et_complementarite_avec_dautres_technologies_beaute\"><\/span>Serumcu y complementariedad con otras tecnolog\u00edas de belleza<span class=\"ez-toc-section-end\"><\/span><\/h2>\n<p>El serumcu funciona mejor cuando se combina con una rutina completa. Muchas personas que combinan serums con aparatos de belleza notan mejoras a\u00fan m\u00e1s espectaculares. De hecho, los tratamientos localizados con s\u00e9rum pueden amplificarse con tecnolog\u00edas especializadas.<\/p>\n<p>Si busca un enfoque completo para rejuvenecer su rostro, puede considerar soluciones como <a href=\"https:\/\/www.appareil-minceur.fr\/es\/guia\/la-mejor-maquina-profesional-de-lipocavitacion\/\">lipocavitaci\u00f3n profesional<\/a>, que se centra en los problemas de contorno y definici\u00f3n. Esta tecnolog\u00eda, combinada con un buen s\u00e9rum antiedad, ofrece resultados sin\u00e9rgicos notables durante varias semanas.<\/p>\n<p>Adem\u00e1s, los s\u00e9rums que contienen retinol y p\u00e9ptidos preparan su piel perfectamente para tratamientos m\u00e1s intensivos. Una barrera cut\u00e1nea m\u00e1s fuerte y mejor hidratada reacciona mejor a las intervenciones externas. Esto explica por qu\u00e9 los profesionales recomiendan a menudo preparar la piel antes de utilizar s\u00e9rums a base de retinol y p\u00e9ptidos. <a href=\"https:\/\/www.appareil-minceur.fr\/es\/guia\/los-mejores-aparatos-de-radiofrecuencia-para-la-cara\/\">aparatos de radiofrecuencia para la cara<\/a>, que requieren una piel en buen estado para maximizar su eficacia y minimizar la irritaci\u00f3n.<\/p>\n<h2><span class=\"ez-toc-section\" id=\"Questions_frequentes_sur_le_Serumcu\"><\/span>Preguntas frecuentes sobre Serumcu<span class=\"ez-toc-section-end\"><\/span><\/h2>\n<h3><span class=\"ez-toc-section\" id=\"Un_serumcu_remplace-t-il_la_creme_hydratante\"><\/span>\u00bfSustituye el serumcu a la crema hidratante?<span class=\"ez-toc-section-end\"><\/span><\/h3>\n<p>No, \u00a1nunca! Los s\u00e9rums proporcionan ingredientes activos espec\u00edficos, pero generalmente no contienen suficientes agentes oclusivos para sellar la hidrataci\u00f3n. Siempre debes aplicar una crema encima para fijar los beneficios del s\u00e9rum y proteger la barrera cut\u00e1nea.<\/p>\n<h3><span class=\"ez-toc-section\" id=\"A_partir_de_quel_age_commencer_les_serums_anti-age\"><\/span>\u00bfA qu\u00e9 edad debo empezar a utilizar s\u00e9rums antiedad?<span class=\"ez-toc-section-end\"><\/span><\/h3>\n<p>La prevenci\u00f3n comienza en torno a los 25-30 a\u00f1os con antioxidantes como la vitamina C. Para el retinol y los p\u00e9ptidos antiarrugas, espera hasta los 30-35 a\u00f1os, a menos que tengas signos precoces de envejecimiento cut\u00e1neo.<\/p>\n<h3><span class=\"ez-toc-section\" id=\"Comment_conserver_son_serumcu_correctement\"><\/span>\u00bfC\u00f3mo se guarda correctamente el serumcu?<span class=\"ez-toc-section-end\"><\/span><\/h3>\n<p>Guarde su suero al abrigo de la luz y el calor, idealmente en un caj\u00f3n del cuarto de ba\u00f1o. Algunos principios activos, como la vitamina C pura, se conservan mejor en el frigor\u00edfico. Cierra siempre el frasco con cuidado despu\u00e9s de usarlo para evitar la oxidaci\u00f3n \ud83d\udc4c.<\/p>\n<h3><span class=\"ez-toc-section\" id=\"Peut-on_utiliser_du_serumcu_pendant_la_grossesse\"><\/span>\u00bfPuede utilizarse serumcu durante el embarazo?<span class=\"ez-toc-section-end\"><\/span><\/h3>\n<p>Depende de los principios activos. El \u00e1cido hialur\u00f3nico, la vitamina C y la niacinamida son inocuos. En cambio, evite absolutamente el retinol y los derivados de la vitamina A durante el embarazo y la lactancia. Pida siempre consejo a su m\u00e9dico.<\/p>\n<h3><span class=\"ez-toc-section\" id=\"Mon_serum_mousse_au_contact_de_ma_creme_cest_normal\"><\/span>Mi suero hace espuma cuando entra en contacto con mi crema, \u00bfes normal?<span class=\"ez-toc-section-end\"><\/span><\/h3>\n<p>Esta reacci\u00f3n llamada \u00abpilling\u00bb se produce cuando las f\u00f3rmulas no son compatibles. Espere 2-3 minutos m\u00e1s entre el s\u00e9rum y la crema, o cambie uno de los dos productos. Las siliconas suelen ser las responsables de este problema.<\/p>\n<div style=\"background-color: #f8f9fa; border-left: 4px solid #FF6600; padding: 20px; color: black; margin-top: 40px;\">\n<h2><span class=\"ez-toc-section\" id=\"Questions_frequentes_sur_le_Serumcu-2\"><\/span>Preguntas frecuentes sobre Serumcu<span class=\"ez-toc-section-end\"><\/span><\/h2>\n<div itemscope itemprop=\"mainEntity\" itemtype=\"https:\/\/schema.org\/Question\">\n<h3 itemprop=\"name\"><span class=\"ez-toc-section\" id=\"Le_Serumcu_convient-il_aux_peaux_a_tendance_rosacee\"><\/span>\u00bfEs Serumcu adecuado para la piel propensa a la ros\u00e1cea?<span class=\"ez-toc-section-end\"><\/span><\/h3>\n<div itemscope itemprop=\"acceptedAnswer\" itemtype=\"https:\/\/schema.org\/Answer\">\n<div itemprop=\"text\">\n<p>S\u00ed, pero con <strong>principios activos calmantes<\/strong> como el <strong>Centella asi\u00e1tica<\/strong> o el <strong>pantenol<\/strong>. Un estudio demostr\u00f3 que 85% de los pacientes experimentaron una reducci\u00f3n del enrojecimiento tras 6 semanas de uso de sueros basados en <strong>niacinamida<\/strong> (5%) y\u2019<strong>\u00e1cido azelaico<\/strong> (10%). Evitar las f\u00f3rmulas alcoh\u00f3licas o perfumadas.<\/p>\n<\/div>\n<\/div>\n<\/div>\n<div itemscope itemprop=\"mainEntity\" itemtype=\"https:\/\/schema.org\/Question\">\n<h3 itemprop=\"name\"><span class=\"ez-toc-section\" id=\"Peut-on_appliquer_un_Serumcu_sur_le_contour_des_yeux\"><\/span>\u00bfSe puede aplicar Serumcu en el contorno de los ojos?<span class=\"ez-toc-section-end\"><\/span><\/h3>\n<div itemscope itemprop=\"acceptedAnswer\" itemtype=\"https:\/\/schema.org\/Answer\">\n<div itemprop=\"text\">\n<p>Algunos sueros lo hacen, pero compruebe su <strong>tolerancia oft\u00e1lmica<\/strong>. F\u00f3rmulas para <strong>cafe\u00edna<\/strong> (1%) o <strong>p\u00e9ptidos<\/strong> (2-3%) son eficaces para las bolsas y las ojeras. Un estudio cl\u00ednico revel\u00f3 una mejora de 30% en la hidrataci\u00f3n del contorno al cabo de 4 semanas. Evita principios activos irritantes como <strong>retinol<\/strong> puro.<\/p>\n<\/div>\n<\/div>\n<\/div>\n<div itemscope itemprop=\"mainEntity\" itemtype=\"https:\/\/schema.org\/Question\">\n<h3 itemprop=\"name\"><span class=\"ez-toc-section\" id=\"Le_Serumcu_est-il_efficace_contre_les_cicatrices_dacne\"><\/span>\u00bfEs Serumcu eficaz contra las cicatrices del acn\u00e9?<span class=\"ez-toc-section-end\"><\/span><\/h3>\n<div itemscope itemprop=\"acceptedAnswer\" itemtype=\"https:\/\/schema.org\/Answer\">\n<div itemprop=\"text\">\n<p>S\u00ed, especialmente con <strong>activos regeneradores<\/strong> como el <strong>silicio<\/strong> (20%) o el <strong>niacinamida<\/strong> (10%). Un metaan\u00e1lisis muestra una reducci\u00f3n de 40% en cicatrices atr\u00f3ficas tras 3 meses de uso diario. Los sueros con <strong>\u00e1cido tranex\u00e1mico<\/strong> (2-5%) tambi\u00e9n reduce las manchas de pigmentaci\u00f3n.<\/p>\n<\/div>\n<\/div>\n<\/div>\n<div itemscope itemprop=\"mainEntity\" itemtype=\"https:\/\/schema.org\/Question\">\n<h3 itemprop=\"name\"><span class=\"ez-toc-section\" id=\"Faut-il_rincer_un_Serumcu_apres_application\"><\/span>\u00bfEs necesario aclarar Serumcu despu\u00e9s de su aplicaci\u00f3n?<span class=\"ez-toc-section-end\"><\/span><\/h3>\n<div itemscope itemprop=\"acceptedAnswer\" itemtype=\"https:\/\/schema.org\/Answer\">\n<div itemprop=\"text\">\n<p>No, a menos que se indique lo contrario. Los sueros est\u00e1n dise\u00f1ados para <strong>penetrar profundamente<\/strong>. S\u00f3lo los sueros exfoliantes con <strong>AHA\/BHA<\/strong> (5-10%) pueden requerir aclarado despu\u00e9s de 10-15 minutos para evitar irritaciones. F\u00f3rmulas con <strong>vitamina C<\/strong> o <strong>p\u00e9ptidos<\/strong> puede utilizarse sin aclarado.<\/p>\n<\/div>\n<\/div>\n<\/div>\n<div itemscope itemprop=\"mainEntity\" itemtype=\"https:\/\/schema.org\/Question\">\n<h3 itemprop=\"name\"><span class=\"ez-toc-section\" id=\"Le_Serumcu_perd-il_son_efficacite_apres_ouverture\"><\/span>\u00bfPierde Serumcu su eficacia una vez abierto?<span class=\"ez-toc-section-end\"><\/span><\/h3>\n<div itemscope itemprop=\"acceptedAnswer\" itemtype=\"https:\/\/schema.org\/Answer\">\n<div itemprop=\"text\">\n<p>S\u00ed, despu\u00e9s de 6 a 12 meses, dependiendo del <strong>activos<\/strong>. La <strong>vitamina C<\/strong> se oxida en 3 meses, mientras que el\u2019<strong>\u00e1cido hialur\u00f3nico<\/strong> permanece estable durante 12 meses. Botellas <strong>sin aire<\/strong> conservan mejor las f\u00f3rmulas. Mant\u00e9ngalas alejadas de la luz y el calor para maximizar su vida \u00fatil.<\/p>\n<\/div>\n<\/div>\n<\/div>\n<\/div>\n<\/article>","protected":false},"excerpt":{"rendered":"<p>\u2713 Les infos \u00e0 retenir Le serumcu contient jusqu&rsquo;\u00e0 70% d&rsquo;actifs concentr\u00e9s contre 5-10% dans une cr\u00e8me classique, offrant des r\u00e9sultats visibles en 1 \u00e0 6 semaines selon l&rsquo;actif L&rsquo;acide hyaluronique peut retenir jusqu&rsquo;\u00e0 1000 fois son poids en eau, tandis que les peptides de cuivre stimulent la production de collag\u00e8ne de 30% apr\u00e8s 12 [&hellip;]<\/p>\n","protected":false},"author":1,"featured_media":2958,"comment_status":"open","ping_status":"","sticky":false,"template":"","format":"standard","meta":{"footnotes":""},"categories":[37],"tags":[],"class_list":["post-2961","post","type-post","status-publish","format-standard","has-post-thumbnail","hentry","category-sante"],"_links":{"self":[{"href":"https:\/\/www.appareil-minceur.fr\/es\/wp-json\/wp\/v2\/posts\/2961","targetHints":{"allow":["GET"]}}],"collection":[{"href":"https:\/\/www.appareil-minceur.fr\/es\/wp-json\/wp\/v2\/posts"}],"about":[{"href":"https:\/\/www.appareil-minceur.fr\/es\/wp-json\/wp\/v2\/types\/post"}],"author":[{"embeddable":true,"href":"https:\/\/www.appareil-minceur.fr\/es\/wp-json\/wp\/v2\/users\/1"}],"replies":[{"embeddable":true,"href":"https:\/\/www.appareil-minceur.fr\/es\/wp-json\/wp\/v2\/comments?post=2961"}],"version-history":[{"count":0,"href":"https:\/\/www.appareil-minceur.fr\/es\/wp-json\/wp\/v2\/posts\/2961\/revisions"}],"wp:featuredmedia":[{"embeddable":true,"href":"https:\/\/www.appareil-minceur.fr\/es\/wp-json\/wp\/v2\/media\/2958"}],"wp:attachment":[{"href":"https:\/\/www.appareil-minceur.fr\/es\/wp-json\/wp\/v2\/media?parent=2961"}],"wp:term":[{"taxonomy":"category","embeddable":true,"href":"https:\/\/www.appareil-minceur.fr\/es\/wp-json\/wp\/v2\/categories?post=2961"},{"taxonomy":"post_tag","embeddable":true,"href":"https:\/\/www.appareil-minceur.fr\/es\/wp-json\/wp\/v2\/tags?post=2961"}],"curies":[{"name":"wp","href":"https:\/\/api.w.org\/{rel}","templated":true}]}}