{"id":3027,"date":"2026-01-26T11:04:30","date_gmt":"2026-01-26T11:04:30","guid":{"rendered":"https:\/\/www.appareil-minceur.fr\/non-categorise\/taille-macron\/"},"modified":"2026-01-26T11:04:30","modified_gmt":"2026-01-26T11:04:30","slug":"tamano-macron","status":"publish","type":"post","link":"https:\/\/www.appareil-minceur.fr\/es\/salud\/tamano-macron\/","title":{"rendered":"\u00bfCu\u00e1nto mide exactamente Macron?"},"content":{"rendered":"<div class=\"kk-star-ratings kksr-auto kksr-align-left kksr-valign-top\"\n    data-payload='{&quot;align&quot;:&quot;left&quot;,&quot;id&quot;:&quot;3027&quot;,&quot;slug&quot;:&quot;default&quot;,&quot;valign&quot;:&quot;top&quot;,&quot;ignore&quot;:&quot;&quot;,&quot;reference&quot;:&quot;auto&quot;,&quot;class&quot;:&quot;&quot;,&quot;count&quot;:&quot;0&quot;,&quot;legendonly&quot;:&quot;&quot;,&quot;readonly&quot;:&quot;&quot;,&quot;score&quot;:&quot;0&quot;,&quot;starsonly&quot;:&quot;&quot;,&quot;best&quot;:&quot;5&quot;,&quot;gap&quot;:&quot;5&quot;,&quot;greet&quot;:&quot;Notez cet article !&quot;,&quot;legend&quot;:&quot;0\\\/5 - (0 votos)&quot;,&quot;size&quot;:&quot;16&quot;,&quot;title&quot;:&quot;Quelle est la taille exacte de Macron ?&quot;,&quot;width&quot;:&quot;0&quot;,&quot;_legend&quot;:&quot;{score}\\\/{best} - ({count} {votes})&quot;,&quot;font_factor&quot;:&quot;1.25&quot;}'>\n            \n<div class=\"kksr-stars\">\n    \n<div class=\"kksr-stars-inactive\">\n            <div class=\"kksr-star\" data-star=\"1\" style=\"padding-right: 5px\">\n            \n\n<div class=\"kksr-icon\" style=\"width: 16px; height: 16px;\"><\/div>\n        <\/div>\n            <div class=\"kksr-star\" data-star=\"2\" style=\"padding-right: 5px\">\n            \n\n<div class=\"kksr-icon\" style=\"width: 16px; height: 16px;\"><\/div>\n        <\/div>\n            <div class=\"kksr-star\" data-star=\"3\" style=\"padding-right: 5px\">\n            \n\n<div class=\"kksr-icon\" style=\"width: 16px; height: 16px;\"><\/div>\n        <\/div>\n            <div class=\"kksr-star\" data-star=\"4\" style=\"padding-right: 5px\">\n            \n\n<div class=\"kksr-icon\" style=\"width: 16px; height: 16px;\"><\/div>\n        <\/div>\n            <div class=\"kksr-star\" data-star=\"5\" style=\"padding-right: 5px\">\n            \n\n<div class=\"kksr-icon\" style=\"width: 16px; height: 16px;\"><\/div>\n        <\/div>\n    <\/div>\n    \n<div class=\"kksr-stars-active\" style=\"width: 0px;\">\n            <div class=\"kksr-star\" style=\"padding-right: 5px\">\n            \n\n<div class=\"kksr-icon\" style=\"width: 16px; height: 16px;\"><\/div>\n        <\/div>\n            <div class=\"kksr-star\" style=\"padding-right: 5px\">\n            \n\n<div class=\"kksr-icon\" style=\"width: 16px; height: 16px;\"><\/div>\n        <\/div>\n            <div class=\"kksr-star\" style=\"padding-right: 5px\">\n            \n\n<div class=\"kksr-icon\" style=\"width: 16px; height: 16px;\"><\/div>\n        <\/div>\n            <div class=\"kksr-star\" style=\"padding-right: 5px\">\n            \n\n<div class=\"kksr-icon\" style=\"width: 16px; height: 16px;\"><\/div>\n        <\/div>\n            <div class=\"kksr-star\" style=\"padding-right: 5px\">\n            \n\n<div class=\"kksr-icon\" style=\"width: 16px; height: 16px;\"><\/div>\n        <\/div>\n    <\/div>\n<\/div>\n                \n\n<div class=\"kksr-legend\" style=\"font-size: 12.8px;\">\n            <span class=\"kksr-muted\">Valora este art\u00edculo<\/span>\n    <\/div>\n    <\/div>\n<article>\n<div style=\"background-color: #f8f9fa; border-left: 4px solid #FF6600; padding: 20px; margin: 30px 0; border-radius: 5px; color: black;\">\n<h2><span class=\"ez-toc-section\" id=\"%E2%9C%93_Les_infos_a_retenir\"><\/span>\u2713 Cosas para recordar<span class=\"ez-toc-section-end\"><\/span><\/h2>\n<ul style=\"line-height: 1.8; margin: 15px 0; padding-left: 20px;\">\n<li><b>Emmanuel Macron mide 1,73 m<\/b>, exactamente la altura media de los hombres franceses<\/li>\n<li><b>Charles de Gaulle<\/b> fue el presidente franc\u00e9s m\u00e1s alto, con 1,96 m, mientras que <b>Nicolas Sarkozy<\/b> era el m\u00e1s peque\u00f1o, con 1,68 m<\/li>\n<li>La estatura media de un presidente estadounidense es <b>1,80 m<\/b>, 3 cm m\u00e1s que sus hom\u00f3logos franceses<\/li>\n<li>El mito del \u00abcomplejo de Napole\u00f3n\u00bb se basa en informaci\u00f3n falsa. <b>1,68 m<\/b>, no 1,50 m<\/li>\n<li>El tama\u00f1o s\u00f3lo influye en los resultados electorales <b>1 a 3 %<\/b> en Estados Unidos: el carisma y la elocuencia cuentan mucho m\u00e1s<\/li>\n<\/ul>\n<\/div>\n<h2><span class=\"ez-toc-section\" id=\"Quelle_est_la_taille_exacte_dEmmanuel_Macron\"><\/span>\u00bfCu\u00e1nto mide exactamente Emmanuel Macron?<span class=\"ez-toc-section-end\"><\/span><\/h2>\n<p>Empecemos por responder a la pregunta que le ha tra\u00eddo aqu\u00ed: <b>Emmanuel Macron<\/b> mide oficialmente 1,73 m. Eso es. Esta estatura le sit\u00faa en la media francesa de los hombres, sin convertirle ni en un gigante ni en un hombre especialmente bajo.<\/p><div id=\"ez-toc-container\" class=\"ez-toc-v2_0_82_2 counter-hierarchy ez-toc-counter ez-toc-custom ez-toc-container-direction\">\n<div class=\"ez-toc-title-container\">\n<p class=\"ez-toc-title\" style=\"cursor:inherit\">Resumen del art\u00edculo<\/p>\n<span class=\"ez-toc-title-toggle\"><a href=\"#\" class=\"ez-toc-pull-right ez-toc-btn ez-toc-btn-xs ez-toc-btn-default ez-toc-toggle\" aria-label=\"Alternar tabla de contenidos\"><span class=\"ez-toc-js-icon-con\"><span class=\"\"><span class=\"eztoc-hide\" style=\"display:none;\">Toggle<\/span><span class=\"ez-toc-icon-toggle-span\"><svg style=\"fill: #ffffff;color:#ffffff\" xmlns=\"http:\/\/www.w3.org\/2000\/svg\" class=\"list-377408\" width=\"20px\" height=\"20px\" viewbox=\"0 0 24 24\" fill=\"none\"><path d=\"M6 6H4v2h2V6zm14 0H8v2h12V6zM4 11h2v2H4v-2zm16 0H8v2h12v-2zM4 16h2v2H4v-2zm16 0H8v2h12v-2z\" fill=\"currentColor\"><\/path><\/svg><svg style=\"fill: #ffffff;color:#ffffff\" class=\"arrow-unsorted-368013\" xmlns=\"http:\/\/www.w3.org\/2000\/svg\" width=\"10px\" height=\"10px\" viewbox=\"0 0 24 24\" version=\"1.2\" baseprofile=\"tiny\"><path d=\"M18.2 9.3l-6.2-6.3-6.2 6.3c-.2.2-.3.4-.3.7s.1.5.3.7c.2.2.4.3.7.3h11c.3 0 .5-.1.7-.3.2-.2.3-.5.3-.7s-.1-.5-.3-.7zM5.8 14.7l6.2 6.3 6.2-6.3c.2-.2.3-.5.3-.7s-.1-.5-.3-.7c-.2-.2-.4-.3-.7-.3h-11c-.3 0-.5.1-.7.3-.2.2-.3.5-.3.7s.1.5.3.7z\"\/><\/svg><\/span><\/span><\/span><\/a><\/span><\/div>\n<nav><ul class='ez-toc-list ez-toc-list-level-1 eztoc-toggle-hide-by-default' ><li class='ez-toc-page-1 ez-toc-heading-level-2'><a class=\"ez-toc-link ez-toc-heading-1\" href=\"https:\/\/www.appareil-minceur.fr\/es\/salud\/tamano-macron\/#%E2%9C%93_Les_infos_a_retenir\" >\u2713 Cosas para recordar<\/a><\/li><li class='ez-toc-page-1 ez-toc-heading-level-2'><a class=\"ez-toc-link ez-toc-heading-2\" href=\"https:\/\/www.appareil-minceur.fr\/es\/salud\/tamano-macron\/#Quelle_est_la_taille_exacte_dEmmanuel_Macron\" >\u00bfCu\u00e1nto mide exactamente Emmanuel Macron?<\/a><\/li><li class='ez-toc-page-1 ez-toc-heading-level-2'><a class=\"ez-toc-link ez-toc-heading-3\" href=\"https:\/\/www.appareil-minceur.fr\/es\/salud\/tamano-macron\/#Comment_se_positionne-t-il_face_aux_autres_presidents_francais\" >\u00bfC\u00f3mo se compara con otros presidentes franceses?<\/a><ul class='ez-toc-list-level-3' ><li class='ez-toc-heading-level-3'><a class=\"ez-toc-link ez-toc-heading-4\" href=\"https:\/\/www.appareil-minceur.fr\/es\/salud\/tamano-macron\/#La_taille_moyenne_des_dirigeants_francais\" >La estatura media de los directivos franceses<\/a><\/li><\/ul><\/li><li class='ez-toc-page-1 ez-toc-heading-level-2'><a class=\"ez-toc-link ez-toc-heading-5\" href=\"https:\/\/www.appareil-minceur.fr\/es\/salud\/tamano-macron\/#La_taille_des_presidents_americains_une_comparaison_internationale\" >La estatura de los presidentes estadounidenses: una comparaci\u00f3n internacional<\/a><ul class='ez-toc-list-level-3' ><li class='ez-toc-heading-level-3'><a class=\"ez-toc-link ez-toc-heading-6\" href=\"https:\/\/www.appareil-minceur.fr\/es\/salud\/tamano-macron\/#Pourquoi_cette_difference_culturelle\" >\u00bfA qu\u00e9 se debe esta diferencia cultural?<\/a><\/li><\/ul><\/li><li class='ez-toc-page-1 ez-toc-heading-level-2'><a class=\"ez-toc-link ez-toc-heading-7\" href=\"https:\/\/www.appareil-minceur.fr\/es\/salud\/tamano-macron\/#Le_mythe_de_Napoleon_petit_homme_grande_legende\" >El mito de Napole\u00f3n: \u00bfpeque\u00f1o hombre, gran leyenda?<\/a><ul class='ez-toc-list-level-3' ><li class='ez-toc-heading-level-3'><a class=\"ez-toc-link ez-toc-heading-8\" href=\"https:\/\/www.appareil-minceur.fr\/es\/salud\/tamano-macron\/#Lorigine_de_la_propagande_anglaise\" >Los or\u00edgenes de la propaganda brit\u00e1nica<\/a><\/li><\/ul><\/li><li class='ez-toc-page-1 ez-toc-heading-level-2'><a class=\"ez-toc-link ez-toc-heading-9\" href=\"https:\/\/www.appareil-minceur.fr\/es\/salud\/tamano-macron\/#La_taille_influence-t-elle_vraiment_le_leadership\" >\u00bfInfluye realmente el tama\u00f1o en el liderazgo?<\/a><ul class='ez-toc-list-level-3' ><li class='ez-toc-heading-level-3'><a class=\"ez-toc-link ez-toc-heading-10\" href=\"https:\/\/www.appareil-minceur.fr\/es\/salud\/tamano-macron\/#Des_exemples_qui_parlent_deux-memes\" >Ejemplos que hablan por s\u00ed solos<\/a><\/li><\/ul><\/li><li class='ez-toc-page-1 ez-toc-heading-level-2'><a class=\"ez-toc-link ez-toc-heading-11\" href=\"https:\/\/www.appareil-minceur.fr\/es\/salud\/tamano-macron\/#Taille_et_intelligence_existe-t-il_un_lien\" >Tama\u00f1o e inteligencia: \u00bfexiste una relaci\u00f3n?<\/a><ul class='ez-toc-list-level-3' ><li class='ez-toc-heading-level-3'><a class=\"ez-toc-link ez-toc-heading-12\" href=\"https:\/\/www.appareil-minceur.fr\/es\/salud\/tamano-macron\/#Les_grands_hommes_ne_sont_pas_toujours_grands\" >Los grandes hombres no siempre son grandes<\/a><\/li><\/ul><\/li><li class='ez-toc-page-1 ez-toc-heading-level-2'><a class=\"ez-toc-link ez-toc-heading-13\" href=\"https:\/\/www.appareil-minceur.fr\/es\/salud\/tamano-macron\/#Pourquoi_la_taille_des_politiques_nous_intrigue_tant\" >\u00bfPor qu\u00e9 nos intriga tanto el tama\u00f1o de los pol\u00edticos?<\/a><ul class='ez-toc-list-level-3' ><li class='ez-toc-heading-level-3'><a class=\"ez-toc-link ez-toc-heading-14\" href=\"https:\/\/www.appareil-minceur.fr\/es\/salud\/tamano-macron\/#Les_biais_cognitifs_a_loeuvre\" >Sesgos cognitivos en el trabajo<\/a><\/li><\/ul><\/li><li class='ez-toc-page-1 ez-toc-heading-level-2'><a class=\"ez-toc-link ez-toc-heading-15\" href=\"https:\/\/www.appareil-minceur.fr\/es\/salud\/tamano-macron\/#Les_chefs_dentreprise_sont-ils_plus_grands\" >\u00bfSon m\u00e1s altos los directores de empresa?<\/a><ul class='ez-toc-list-level-3' ><li class='ez-toc-heading-level-3'><a class=\"ez-toc-link ez-toc-heading-16\" href=\"https:\/\/www.appareil-minceur.fr\/es\/salud\/tamano-macron\/#Limportance_relative_de_lapparence\" >La importancia relativa de la apariencia<\/a><\/li><\/ul><\/li><li class='ez-toc-page-1 ez-toc-heading-level-2'><a class=\"ez-toc-link ez-toc-heading-17\" href=\"https:\/\/www.appareil-minceur.fr\/es\/salud\/tamano-macron\/#Questions_frequentes_sur_la_taille_des_dirigeants\" >Preguntas frecuentes sobre el tama\u00f1o de los ejecutivos<\/a><ul class='ez-toc-list-level-3' ><li class='ez-toc-heading-level-3'><a class=\"ez-toc-link ez-toc-heading-18\" href=\"https:\/\/www.appareil-minceur.fr\/es\/salud\/tamano-macron\/#Pourquoi_certains_dirigeants_semblent-ils_plus_grands_en_public\" >\u00bfPor qu\u00e9 algunos l\u00edderes parecen m\u00e1s altos en p\u00fablico?<\/a><\/li><li class='ez-toc-page-1 ez-toc-heading-level-3'><a class=\"ez-toc-link ez-toc-heading-19\" href=\"https:\/\/www.appareil-minceur.fr\/es\/salud\/tamano-macron\/#Quelle_est_la_taille_moyenne_des_chefs_dEtat_europeens\" >\u00bfCu\u00e1l es la estatura media de los Jefes de Estado europeos?<\/a><\/li><li class='ez-toc-page-1 ez-toc-heading-level-3'><a class=\"ez-toc-link ez-toc-heading-20\" href=\"https:\/\/www.appareil-minceur.fr\/es\/salud\/tamano-macron\/#Existe-t-il_des_dirigeants_exceptionnellement_petits_ou_grands\" >\u00bfHay l\u00edderes excepcionalmente peque\u00f1os o grandes?<\/a><\/li><li class='ez-toc-page-1 ez-toc-heading-level-3'><a class=\"ez-toc-link ez-toc-heading-21\" href=\"https:\/\/www.appareil-minceur.fr\/es\/salud\/tamano-macron\/#Comment_les_medias_verifient-ils_la_taille_des_dirigeants\" >\u00bfC\u00f3mo comprueban los medios de comunicaci\u00f3n el tama\u00f1o de los ejecutivos?<\/a><\/li><li class='ez-toc-page-1 ez-toc-heading-level-3'><a class=\"ez-toc-link ez-toc-heading-22\" href=\"https:\/\/www.appareil-minceur.fr\/es\/salud\/tamano-macron\/#La_taille_influence-t-elle_les_resultats_electoraux\" >\u00bfInfluye el tama\u00f1o en los resultados electorales?<\/a><\/li><\/ul><\/li><\/ul><\/nav><\/div>\n\n<p>Tal vez se pregunte de d\u00f3nde procede esta informaci\u00f3n. Los datos proceden de fuentes oficiales y de entrevistas en las que el propio Presidente habl\u00f3 de su estatura. Aqu\u00ed no hay ning\u00fan misterio, \u00a1al contrario de lo que pueda leer en las redes sociales!<\/p>\n<blockquote style=\"background-color: #efefef; color: black; border-radius: 10px; padding: 15px; margin: 20px 0;\"><p>\nEmmanuel Macron mide 1,73 m, exactamente la altura media de los hombres franceses \u2705.\n<\/p><\/blockquote>\n<p><img decoding=\"async\" src=\"https:\/\/www.appareil-minceur.fr\/wp-content\/uploads\/2026\/01\/macron-taille-exacte-dirigeants-comparaison-scaled.jpg\" style=\"width: 100%; height: auto; border-radius: 10px; margin: 20px 0;\"><\/p>\n<h2><span class=\"ez-toc-section\" id=\"Comment_se_positionne-t-il_face_aux_autres_presidents_francais\"><\/span>\u00bfC\u00f3mo se compara con otros presidentes franceses?<span class=\"ez-toc-section-end\"><\/span><\/h2>\n<p>Ahora que conocemos su estatura, veamos c\u00f3mo se compara Macron con sus predecesores. La historia de la V Rep\u00fablica nos ofrece un interesante abanico de tallas.<\/p>\n<table border=\"1\" cellpadding=\"10\" cellspacing=\"0\" style=\"width: 100%; border-collapse: collapse; margin: 20px 0;\">\n<thead>\n<tr style=\"background-color: #f5f5f5;\">\n<th>Presidente<\/th>\n<th>Talla<\/th>\n<\/tr>\n<\/thead>\n<tbody>\n<tr>\n<td>Charles de Gaulle<\/td>\n<td>1,96 m<\/td>\n<\/tr>\n<tr>\n<td>Georges Pompidou<\/td>\n<td>1,73 m<\/td>\n<\/tr>\n<tr>\n<td>Val\u00e9ry Giscard d'Estaing<\/td>\n<td>1,87 m<\/td>\n<\/tr>\n<tr>\n<td>Fran\u00e7ois Mitterrand<\/td>\n<td>1,72 m<\/td>\n<\/tr>\n<tr>\n<td>Jacques Chirac<\/td>\n<td>1,89 m<\/td>\n<\/tr>\n<tr>\n<td>Nicolas Sarkozy<\/td>\n<td>1,68 m<\/td>\n<\/tr>\n<tr>\n<td>Fran\u00e7ois Hollande<\/td>\n<td>1,70 m<\/td>\n<\/tr>\n<tr>\n<td>Emmanuel Macron<\/td>\n<td>1,73 m<\/td>\n<\/tr>\n<\/tbody>\n<\/table>\n<p>Con 1,73 m, Macron se sit\u00faa justo en la mitad de la clasificaci\u00f3n. Supera a Sarkozy, Hollande y Mitterrand, pero sigue estando muy lejos de gigantes como De Gaulle y Chirac. No est\u00e1 mal, \u00bfeh?<\/p>\n<h3><span class=\"ez-toc-section\" id=\"La_taille_moyenne_des_dirigeants_francais\"><\/span>La estatura media de los directivos franceses<span class=\"ez-toc-section-end\"><\/span><\/h3>\n<p>Si se calcula la media, los presidentes de la V Rep\u00fablica miden alrededor de 1,77 m. As\u00ed que Macron est\u00e1 ligeramente por debajo, \u00a1pero eso nunca ha impedido a nadie ejercer el poder con eficacia! \ud83d\udcaa<\/p>\n<h2><span class=\"ez-toc-section\" id=\"La_taille_des_presidents_americains_une_comparaison_internationale\"><\/span>La estatura de los presidentes estadounidenses: una comparaci\u00f3n internacional<span class=\"ez-toc-section-end\"><\/span><\/h2>\n<p>Echemos un vistazo a Estados Unidos. Los presidentes estadounidenses han sido a menudo m\u00e1s altos que sus hom\u00f3logos franceses. La estatura media de un presidente estadounidense ronda los 1,80 m.<\/p>\n<p>Abraham Lincoln mide 1,93 m, mientras que Donald Trump mide 1,90 m. Barack Obama mide 1,85 m. \u00bfSe da cuenta de la diferencia? Los estadounidenses parecen tener debilidad por la gente alta en las urnas.<\/p>\n<h3><span class=\"ez-toc-section\" id=\"Pourquoi_cette_difference_culturelle\"><\/span>\u00bfA qu\u00e9 se debe esta diferencia cultural?<span class=\"ez-toc-section-end\"><\/span><\/h3>\n<p>Los estudios han demostrado que los votantes estadounidenses asocian inconscientemente la estatura con <b>liderazgo<\/b> y autoridad. Este sesgo cognitivo a veces influye en elecciones re\u00f1idas. Una locura, \u00bfeh?<\/p>\n<div style=\"width: 100%; max-width: 100%; margin: 30px 0;\">\n<iframe width=\"100%\" height=\"400\" src=\"https:\/\/www.youtube.com\/embed\/BR6ucV0ncAI\" frameborder=\"0\" allow=\"accelerometer; autoplay; clipboard-write; encrypted-media; gyroscope; picture-in-picture\" allowfullscreen><\/iframe>\n<\/div>\n<h2><span class=\"ez-toc-section\" id=\"Le_mythe_de_Napoleon_petit_homme_grande_legende\"><\/span>El mito de Napole\u00f3n: \u00bfpeque\u00f1o hombre, gran leyenda?<span class=\"ez-toc-section-end\"><\/span><\/h2>\n<p>Hablemos ahora de un mito persistente: el de la <b>El complejo de Napole\u00f3n<\/b>. Seguramente habr\u00e1s o\u00eddo esta expresi\u00f3n, que sugiere que los hombres bajos lo compensan siendo demasiado ambiciosos.<\/p>\n<p>Pero atenci\u00f3n, Napole\u00f3n Bonaparte no med\u00eda 1,50 m como se suele creer. En realidad med\u00eda 1,68 m, lo que era perfectamente normal para su \u00e9poca. La confusi\u00f3n se debe a una diferencia de medidas entre los sistemas franc\u00e9s e ingl\u00e9s de la \u00e9poca.<\/p>\n<blockquote style=\"background-color: #efefef; color: black; border-radius: 10px; padding: 15px; margin: 20px 0;\"><p>\nEl \u00abcomplejo de Napole\u00f3n\u00bb se basa en un mito: el emperador med\u00eda 1,68 m, una estatura normal para su \u00e9poca \ud83d\udccf.\n<\/p><\/blockquote>\n<h3><span class=\"ez-toc-section\" id=\"Lorigine_de_la_propagande_anglaise\"><\/span>Los or\u00edgenes de la propaganda brit\u00e1nica<span class=\"ez-toc-section-end\"><\/span><\/h3>\n<p>Los caricaturistas brit\u00e1nicos representaron deliberadamente a Napole\u00f3n como un hombrecillo furioso para burlarse de \u00e9l. Esta imagen ha pasado a formar parte de nuestro imaginario colectivo, \u00a1aunque era completamente falsa!<\/p>\n<p><img decoding=\"async\" src=\"https:\/\/www.appareil-minceur.fr\/wp-content\/uploads\/2026\/01\/macron-taille-mesure-dirigeants-comparaison-scaled.jpg\" style=\"width: 100%; height: auto; border-radius: 10px; margin: 20px 0;\"><\/p>\n<h2><span class=\"ez-toc-section\" id=\"La_taille_influence-t-elle_vraiment_le_leadership\"><\/span>\u00bfInfluye realmente el tama\u00f1o en el liderazgo?<span class=\"ez-toc-section-end\"><\/span><\/h2>\n<p>Esta es la pregunta clave. \u00bfDetermina tu tama\u00f1o tu capacidad de liderazgo? Spoiler: \u00a1en absoluto! Los estudios psicol\u00f3gicos arrojan resultados contradictorios al respecto.<\/p>\n<p>Algunas investigaciones demuestran que existe una ligera correlaci\u00f3n entre la altura y la autoridad percibida. Pero otros factores cuentan mucho m\u00e1s: carisma, inteligencia, comunicaci\u00f3n, experiencia, etc.<\/p>\n<h3><span class=\"ez-toc-section\" id=\"Des_exemples_qui_parlent_deux-memes\"><\/span>Ejemplos que hablan por s\u00ed solos<span class=\"ez-toc-section-end\"><\/span><\/h3>\n<p>F\u00edjate en algunos de los mayores l\u00edderes de la historia:<\/p>\n<ul>\n<li>Winston Churchill: 1,67 m<\/li>\n<li>Vladimir Putin: 1,70 m<\/li>\n<li>Angela Merkel: 1,65 m<\/li>\n<li>Indira Gandhi: 1,60 m<\/li>\n<\/ul>\n<p>Ninguno de ellos era especialmente alto y, sin embargo, \u00a1hicieron historia! Prueba de que <b>liderazgo<\/b> no se mide en cent\u00edmetros. Estos ejemplos muestran que <a href=\"https:\/\/www.appareil-minceur.fr\/es\/perdida-de-peso\/calcular-el-porcentaje-de-perdida-de-peso\/\" style=\"color: #FF6600; text-decoration: none;\">el \u00e9xito se mide por mucho m\u00e1s que nuestras caracter\u00edsticas f\u00edsicas<\/a>, La gama de nuestros productos es amplia, tanto en tama\u00f1o como en peso.<\/p>\n<h2><span class=\"ez-toc-section\" id=\"Taille_et_intelligence_existe-t-il_un_lien\"><\/span>Tama\u00f1o e inteligencia: \u00bfexiste una relaci\u00f3n?<span class=\"ez-toc-section-end\"><\/span><\/h2>\n<p>Algunas personas se preguntan si existe una correlaci\u00f3n entre la estatura y el cociente intelectual. Los cient\u00edficos han estudiado esta cuesti\u00f3n y los resultados son... \u00a1sorprendentes! En efecto, los estudios han encontrado una ligera correlaci\u00f3n positiva, pero \u00e9sta se explica principalmente por factores nutricionales durante la infancia.<\/p>\n<p>Albert Einstein med\u00eda 1,75 m, Stephen Hawking 1,69 m. Nada fuera de lo com\u00fan en cuanto a tama\u00f1o, \u00a1pero cerebros extraordinarios! El tama\u00f1o nunca ha sido un criterio de genialidad.<\/p>\n<h3><span class=\"ez-toc-section\" id=\"Les_grands_hommes_ne_sont_pas_toujours_grands\"><\/span>Los grandes hombres no siempre son grandes<span class=\"ez-toc-section-end\"><\/span><\/h3>\n<p>Alejandro Magno, a pesar de su nombre, med\u00eda probablemente 1,65 m. Charlie Chaplin tambi\u00e9n med\u00eda 1,65 m. Est\u00e1 claro que la grandeza no se encuentra en la cinta m\u00e9trica.<\/p>\n<h2><span class=\"ez-toc-section\" id=\"Pourquoi_la_taille_des_politiques_nous_intrigue_tant\"><\/span>\u00bfPor qu\u00e9 nos intriga tanto el tama\u00f1o de los pol\u00edticos?<span class=\"ez-toc-section-end\"><\/span><\/h2>\n<p>Quiz\u00e1 ya te hayas hecho esta pregunta: \u00bfpor qu\u00e9 nos interesa tanto el tama\u00f1o de nuestros l\u00edderes? Es un fen\u00f3meno psicol\u00f3gico bastante curioso si lo piensas \ud83d\ude0a.<\/p>\n<p>En primer lugar, est\u00e1 la curiosidad natural por los detalles f\u00edsicos de los personajes p\u00fablicos. Queremos saberlo todo sobre ellos, incluso la informaci\u00f3n m\u00e1s trivial. En segundo lugar, la estatura permanece asociada en nuestro subconsciente a nociones de poder y autoridad.<\/p>\n<h3><span class=\"ez-toc-section\" id=\"Les_biais_cognitifs_a_loeuvre\"><\/span>Sesgos cognitivos en el trabajo<span class=\"ez-toc-section-end\"><\/span><\/h3>\n<p>Nuestro cerebro funciona por asociaciones r\u00e1pidas. Una persona alta nos parece instintivamente m\u00e1s imponente y, por tanto, potencialmente m\u00e1s capaz de mandar. Es completamente irracional, \u00a1pero as\u00ed es como estamos conectados!<\/p>\n<p>Afortunadamente, la educaci\u00f3n y la raz\u00f3n nos permiten superar estos prejuicios. A un buen l\u00edder se le reconoce por sus actos, no por su estatura. Y punto.<\/p>\n<p><img decoding=\"async\" src=\"https:\/\/www.appareil-minceur.fr\/wp-content\/uploads\/2026\/01\/macron-taille-comparaison-dirigeants-france-scaled.jpg\" style=\"width: 100%; height: auto; border-radius: 10px; margin: 20px 0;\"><\/p>\n<h2><span class=\"ez-toc-section\" id=\"Les_chefs_dentreprise_sont-ils_plus_grands\"><\/span>\u00bfSon m\u00e1s altos los directores de empresa?<span class=\"ez-toc-section-end\"><\/span><\/h2>\n<p>Terminemos con una distracci\u00f3n en el aspecto empresarial. Los estudios realizados sobre los directores generales de las principales empresas estadounidenses han revelado que miden de media 1,83 m, 7 cm m\u00e1s que la media de los varones estadounidenses.<\/p>\n<p>Jeff Bezos mide 1,71 m, y Mark Zuckerberg tambi\u00e9n mide 1,71 m. Esto demuestra que, incluso en el mundo de los negocios, el tama\u00f1o no lo es todo. El talento, la visi\u00f3n y el trabajo duro cuentan infinitamente m\u00e1s. <a href=\"https:\/\/www.appareil-minceur.fr\/es\/salud\/masse-osseuse-femme-2-kg\/\" style=\"color: #FF6600; text-decoration: none;\">Composici\u00f3n corporal y factores biol\u00f3gicos<\/a> pueden influir en c\u00f3mo nos perciben, pero nunca determinan nuestro verdadero potencial. \ud83d\udc4d<\/p>\n<h3><span class=\"ez-toc-section\" id=\"Limportance_relative_de_lapparence\"><\/span>La importancia relativa de la apariencia<span class=\"ez-toc-section-end\"><\/span><\/h3>\n<p>Por supuesto, la apariencia influye en la primera impresi\u00f3n. Pero una vez que has demostrado tu val\u00eda, nadie se acuerda de si med\u00edas 1,65 m o 1,85 m. Lo que queda es el impacto de tus decisiones y acciones. Lo que queda es el impacto de tus decisiones y acciones.<\/p>\n<p>Por cierto, si te interesa la composici\u00f3n f\u00edsica y c\u00f3mo se mide, <a href=\"https:\/\/www.appareil-minceur.fr\/es\/equipo\/balance-impedancemetre-professionnelle\/\" style=\"color: #FF6600; text-decoration: none;\">una balanza profesional<\/a> puede proporcionarle datos mucho m\u00e1s reveladores que la simple talla de una cinta m\u00e9trica.<\/p>\n<p>As\u00ed que s\u00ed, Emmanuel Macron mide 1,73 m. Pero ahora que lo sabes, \u00a1tambi\u00e9n sabes que eso no define en absoluto su capacidad de liderazgo! La verdadera grandeza reside en las acciones, los valores y el impacto que dejas tras de ti. \u00a1Y eso definitivamente no es algo que puedas medir con una cinta m\u00e9trica! \ud83c\udfaf<\/p>\n<div style=\"background-color: #f8f9fa; border-left: 4px solid #FF6600; padding: 20px; color: black; margin-top: 40px; border-radius: 5px;\">\n<h2><span class=\"ez-toc-section\" id=\"Questions_frequentes_sur_la_taille_des_dirigeants\"><\/span>Preguntas frecuentes sobre el tama\u00f1o de los ejecutivos<span class=\"ez-toc-section-end\"><\/span><\/h2>\n<div itemscope itemprop=\"mainEntity\" itemtype=\"https:\/\/schema.org\/Question\">\n<h3 itemprop=\"name\"><span class=\"ez-toc-section\" id=\"Pourquoi_certains_dirigeants_semblent-ils_plus_grands_en_public\"><\/span>\u00bfPor qu\u00e9 algunos l\u00edderes parecen m\u00e1s altos en p\u00fablico?<span class=\"ez-toc-section-end\"><\/span><\/h3>\n<div itemscope itemprop=\"acceptedAnswer\" itemtype=\"https:\/\/schema.org\/Answer\">\n<div itemprop=\"text\">\n<p>Los directivos suelen utilizar <b>stands<\/b> elevada (10 a 20 cm) y <b>elevaciones de tal\u00f3n<\/b> discretos con sus zapatos. Emmanuel Macron, por ejemplo, lleva cu\u00f1as durante sus discursos. \u00c1ngulos de c\u00e1mara y <b>disfraces<\/b> ajustadas (charreteras, chaquetas entalladas) tambi\u00e9n amplifican esta percepci\u00f3n. Estas t\u00e9cnicas est\u00e1n dise\u00f1adas para reforzar su <b>presencia<\/b> sin alterar su tama\u00f1o real.<\/p>\n<\/div>\n<\/div>\n<\/div>\n<div itemscope itemprop=\"mainEntity\" itemtype=\"https:\/\/schema.org\/Question\">\n<h3 itemprop=\"name\"><span class=\"ez-toc-section\" id=\"Quelle_est_la_taille_moyenne_des_chefs_dEtat_europeens\"><\/span>\u00bfCu\u00e1l es la estatura media de los Jefes de Estado europeos?<span class=\"ez-toc-section-end\"><\/span><\/h3>\n<div itemscope itemprop=\"acceptedAnswer\" itemtype=\"https:\/\/schema.org\/Answer\">\n<div itemprop=\"text\">\n<p>La estatura media de los dirigentes europeos oscila entre <b>1,75 m<\/b> y <b>1,80 m<\/b>. Olaf Scholz (Alemania) mide 1,76 m, Pedro S\u00e1nchez (Espa\u00f1a) 1,82 m y Giorgia Meloni (Italia) 1,65 m. Estas cifras reflejan los est\u00e1ndares locales: los pa\u00edses n\u00f3rdicos tienen medias m\u00e1s altas (1,80 m para los hombres) que los mediterr\u00e1neos (1,74 m).<\/p>\n<\/div>\n<\/div>\n<\/div>\n<div itemscope itemprop=\"mainEntity\" itemtype=\"https:\/\/schema.org\/Question\">\n<h3 itemprop=\"name\"><span class=\"ez-toc-section\" id=\"Existe-t-il_des_dirigeants_exceptionnellement_petits_ou_grands\"><\/span>\u00bfHay l\u00edderes excepcionalmente peque\u00f1os o grandes?<span class=\"ez-toc-section-end\"><\/span><\/h3>\n<div itemscope itemprop=\"acceptedAnswer\" itemtype=\"https:\/\/schema.org\/Answer\">\n<div itemprop=\"text\">\n<p>S\u00ed. Benito Mussolini medido <b>1,69 m<\/b>, mientras que Charles de Gaulle alcanz\u00f3 <b>1,96 m<\/b>. Entre los l\u00edderes actuales, Jair Bolsonaro (Brasil) mide 1,73 m y Justin Trudeau (Canad\u00e1), 1,88 m. Las diferencias extremas de estatura (como Lyndon B. Johnson con 1,92 m o Deng Xiaoping con 1,50 m) son poco frecuentes, pero se recuerdan por su <b>simb\u00f3lico<\/b>.<\/p>\n<\/div>\n<\/div>\n<\/div>\n<div itemscope itemprop=\"mainEntity\" itemtype=\"https:\/\/schema.org\/Question\">\n<h3 itemprop=\"name\"><span class=\"ez-toc-section\" id=\"Comment_les_medias_verifient-ils_la_taille_des_dirigeants\"><\/span>\u00bfC\u00f3mo comprueban los medios de comunicaci\u00f3n el tama\u00f1o de los ejecutivos?<span class=\"ez-toc-section-end\"><\/span><\/h3>\n<div itemscope itemprop=\"acceptedAnswer\" itemtype=\"https:\/\/schema.org\/Answer\">\n<div itemprop=\"text\">\n<p>La cruz de los medios <b>declaraciones oficiales<\/b> (cartillas militares, pasaportes) con comparaciones visuales. Por ejemplo, la estatura de Macron (1,73 m) se confirm\u00f3 utilizando fotos junto a Barack Obama (1,85 m) y Angela Merkel (1,65 m). Visite <b>archivos<\/b> Tambi\u00e9n se utilizan como referencia los servicios m\u00e9dicos y las medidas adoptadas durante las visitas protocolarias (como las cumbres del G20).<\/p>\n<\/div>\n<\/div>\n<\/div>\n<div itemscope itemprop=\"mainEntity\" itemtype=\"https:\/\/schema.org\/Question\">\n<h3 itemprop=\"name\"><span class=\"ez-toc-section\" id=\"La_taille_influence-t-elle_les_resultats_electoraux\"><\/span>\u00bfInfluye el tama\u00f1o en los resultados electorales?<span class=\"ez-toc-section-end\"><\/span><\/h3>\n<div itemscope itemprop=\"acceptedAnswer\" itemtype=\"https:\/\/schema.org\/Answer\">\n<div itemprop=\"text\">\n<p>Los estudios muestran un <b>sesgo<\/b> 1 a 3 % a favor de los candidatos m\u00e1s altos. En Estados Unidos, los presidentes electos eran por t\u00e9rmino medio <b>2,5 cm<\/b> que sus adversarios. En Francia, este factor es menos marcado: Sarkozy (1,68 m) gana a Royal (1,78 m) a pesar de una diferencia de 10 cm. L\u2019<b>elocuencia<\/b> y el <b>carisma<\/b> suelen compensar las diferencias.<\/p>\n<\/div>\n<\/div>\n<\/div>\n<\/div>\n<\/article>","protected":false},"excerpt":{"rendered":"<p>\u2713 Les infos \u00e0 retenir Emmanuel Macron mesure 1,73 m, exactement la taille moyenne des hommes fran\u00e7ais Charles de Gaulle \u00e9tait le plus grand pr\u00e9sident fran\u00e7ais avec 1,96 m, tandis que Nicolas Sarkozy \u00e9tait le plus petit avec 1,68 m Les pr\u00e9sidents am\u00e9ricains mesurent en moyenne 1,80 m, soit 3 cm de plus que leurs [&hellip;]<\/p>\n","protected":false},"author":1,"featured_media":3024,"comment_status":"open","ping_status":"","sticky":false,"template":"","format":"standard","meta":{"footnotes":""},"categories":[37],"tags":[],"class_list":["post-3027","post","type-post","status-publish","format-standard","has-post-thumbnail","hentry","category-sante"],"_links":{"self":[{"href":"https:\/\/www.appareil-minceur.fr\/es\/wp-json\/wp\/v2\/posts\/3027","targetHints":{"allow":["GET"]}}],"collection":[{"href":"https:\/\/www.appareil-minceur.fr\/es\/wp-json\/wp\/v2\/posts"}],"about":[{"href":"https:\/\/www.appareil-minceur.fr\/es\/wp-json\/wp\/v2\/types\/post"}],"author":[{"embeddable":true,"href":"https:\/\/www.appareil-minceur.fr\/es\/wp-json\/wp\/v2\/users\/1"}],"replies":[{"embeddable":true,"href":"https:\/\/www.appareil-minceur.fr\/es\/wp-json\/wp\/v2\/comments?post=3027"}],"version-history":[{"count":0,"href":"https:\/\/www.appareil-minceur.fr\/es\/wp-json\/wp\/v2\/posts\/3027\/revisions"}],"wp:featuredmedia":[{"embeddable":true,"href":"https:\/\/www.appareil-minceur.fr\/es\/wp-json\/wp\/v2\/media\/3024"}],"wp:attachment":[{"href":"https:\/\/www.appareil-minceur.fr\/es\/wp-json\/wp\/v2\/media?parent=3027"}],"wp:term":[{"taxonomy":"category","embeddable":true,"href":"https:\/\/www.appareil-minceur.fr\/es\/wp-json\/wp\/v2\/categories?post=3027"},{"taxonomy":"post_tag","embeddable":true,"href":"https:\/\/www.appareil-minceur.fr\/es\/wp-json\/wp\/v2\/tags?post=3027"}],"curies":[{"name":"wp","href":"https:\/\/api.w.org\/{rel}","templated":true}]}}