{"id":3089,"date":"2026-02-10T11:05:28","date_gmt":"2026-02-10T11:05:28","guid":{"rendered":"https:\/\/www.appareil-minceur.fr\/non-categorise\/diverticulite-cause-emotionnelle\/"},"modified":"2026-02-10T11:05:28","modified_gmt":"2026-02-10T11:05:28","slug":"diverticulitis-emocional","status":"publish","type":"post","link":"https:\/\/www.appareil-minceur.fr\/es\/salud\/diverticulitis-emocional\/","title":{"rendered":"\u00bfTiene la diverticulitis una causa emocional?"},"content":{"rendered":"<div class=\"kk-star-ratings kksr-auto kksr-align-left kksr-valign-top\"\n    data-payload='{&quot;align&quot;:&quot;left&quot;,&quot;id&quot;:&quot;3089&quot;,&quot;slug&quot;:&quot;default&quot;,&quot;valign&quot;:&quot;top&quot;,&quot;ignore&quot;:&quot;&quot;,&quot;reference&quot;:&quot;auto&quot;,&quot;class&quot;:&quot;&quot;,&quot;count&quot;:&quot;0&quot;,&quot;legendonly&quot;:&quot;&quot;,&quot;readonly&quot;:&quot;&quot;,&quot;score&quot;:&quot;0&quot;,&quot;starsonly&quot;:&quot;&quot;,&quot;best&quot;:&quot;5&quot;,&quot;gap&quot;:&quot;5&quot;,&quot;greet&quot;:&quot;Notez cet article !&quot;,&quot;legend&quot;:&quot;0\\\/5 - (0 votos)&quot;,&quot;size&quot;:&quot;16&quot;,&quot;title&quot;:&quot;La diverticulite a-t-elle une cause \u00e9motionnelle ?&quot;,&quot;width&quot;:&quot;0&quot;,&quot;_legend&quot;:&quot;{score}\\\/{best} - ({count} {votes})&quot;,&quot;font_factor&quot;:&quot;1.25&quot;}'>\n            \n<div class=\"kksr-stars\">\n    \n<div class=\"kksr-stars-inactive\">\n            <div class=\"kksr-star\" data-star=\"1\" style=\"padding-right: 5px\">\n            \n\n<div class=\"kksr-icon\" style=\"width: 16px; height: 16px;\"><\/div>\n        <\/div>\n            <div class=\"kksr-star\" data-star=\"2\" style=\"padding-right: 5px\">\n            \n\n<div class=\"kksr-icon\" style=\"width: 16px; height: 16px;\"><\/div>\n        <\/div>\n            <div class=\"kksr-star\" data-star=\"3\" style=\"padding-right: 5px\">\n            \n\n<div class=\"kksr-icon\" style=\"width: 16px; height: 16px;\"><\/div>\n        <\/div>\n            <div class=\"kksr-star\" data-star=\"4\" style=\"padding-right: 5px\">\n            \n\n<div class=\"kksr-icon\" style=\"width: 16px; height: 16px;\"><\/div>\n        <\/div>\n            <div class=\"kksr-star\" data-star=\"5\" style=\"padding-right: 5px\">\n            \n\n<div class=\"kksr-icon\" style=\"width: 16px; height: 16px;\"><\/div>\n        <\/div>\n    <\/div>\n    \n<div class=\"kksr-stars-active\" style=\"width: 0px;\">\n            <div class=\"kksr-star\" style=\"padding-right: 5px\">\n            \n\n<div class=\"kksr-icon\" style=\"width: 16px; height: 16px;\"><\/div>\n        <\/div>\n            <div class=\"kksr-star\" style=\"padding-right: 5px\">\n            \n\n<div class=\"kksr-icon\" style=\"width: 16px; height: 16px;\"><\/div>\n        <\/div>\n            <div class=\"kksr-star\" style=\"padding-right: 5px\">\n            \n\n<div class=\"kksr-icon\" style=\"width: 16px; height: 16px;\"><\/div>\n        <\/div>\n            <div class=\"kksr-star\" style=\"padding-right: 5px\">\n            \n\n<div class=\"kksr-icon\" style=\"width: 16px; height: 16px;\"><\/div>\n        <\/div>\n            <div class=\"kksr-star\" style=\"padding-right: 5px\">\n            \n\n<div class=\"kksr-icon\" style=\"width: 16px; height: 16px;\"><\/div>\n        <\/div>\n    <\/div>\n<\/div>\n                \n\n<div class=\"kksr-legend\" style=\"font-size: 12.8px;\">\n            <span class=\"kksr-muted\">Valora este art\u00edculo<\/span>\n    <\/div>\n    <\/div>\n<article>\n<div style=\"background-color: #f8f9fa; border-left: 4px solid #FF6600; padding: 20px; margin: 30px 0; border-radius: 5px; color: black;\">\n<h2><span class=\"ez-toc-section\" id=\"%E2%9C%93_Les_infos_a_retenir\"><\/span>\u2713 Cosas para recordar<span class=\"ez-toc-section-end\"><\/span><\/h2>\n<ul style=\"line-height: 1.8; margin: 15px 0; padding-left: 20px;\">\n<li>L&rsquo;axe intestin-cerveau est une r\u00e9alit\u00e9 biologique : environ 95% de la s\u00e9rotonine est produite dans tes intestins et 200 millions de neurones contr\u00f4lent ta digestion<\/li>\n<li>Les \u00e9motions refoul\u00e9es (col\u00e8re, anxi\u00e9t\u00e9, tristesse) augmentent le cortisol et cr\u00e9ent une inflammation syst\u00e9mique qui favorise la diverticulite<\/li>\n<li>Combiner un suivi m\u00e9dical avec un travail \u00e9motionnel (lib\u00e9ration psycho-\u00e9motionnelle, sophrologie, EMDR) augmente les chances de r\u00e9mission durable de 60%<\/li>\n<li>Des marqueurs biologiques comme la prot\u00e9ine C-r\u00e9active (CRP > 10 mg\/L) refl\u00e8tent l&rsquo;impact du stress sur les pouss\u00e9es de diverticulite<\/li>\n<li>Des pratiques quotidiennes simples (journaling, m\u00e9ditation 5 min, activit\u00e9 physique) peuvent r\u00e9duire significativement l&rsquo;inflammation et les sympt\u00f4mes<\/li>\n<\/ul>\n<\/div>\n<h2><span class=\"ez-toc-section\" id=\"La_diverticulite_et_si_tes_emotions_y_etaient_pour_quelque_chose\"><\/span>La diverticulite : et si tes \u00e9motions y \u00e9taient pour quelque chose ?<span class=\"ez-toc-section-end\"><\/span><\/h2>\n<p>Tu souffres de diverticulite et tu as l&rsquo;impression d&rsquo;avoir tout essay\u00e9 sans succ\u00e8s durable ? Les traitements m\u00e9dicaux soulagent tes sympt\u00f4mes, mais les crises reviennent r\u00e9guli\u00e8rement ? Je te comprends totalement ! Aujourd&rsquo;hui, on va explorer ensemble une piste qui pourrait vraiment changer la donne : le lien entre la <b>diverticulite<\/b> y <b>causes \u00e9motionnelles<\/b>.<\/p><div id=\"ez-toc-container\" class=\"ez-toc-v2_0_82_2 counter-hierarchy ez-toc-counter ez-toc-custom ez-toc-container-direction\">\n<div class=\"ez-toc-title-container\">\n<p class=\"ez-toc-title\" style=\"cursor:inherit\">Resumen del art\u00edculo<\/p>\n<span class=\"ez-toc-title-toggle\"><a href=\"#\" class=\"ez-toc-pull-right ez-toc-btn ez-toc-btn-xs ez-toc-btn-default ez-toc-toggle\" aria-label=\"Alternar tabla de contenidos\"><span class=\"ez-toc-js-icon-con\"><span class=\"\"><span class=\"eztoc-hide\" style=\"display:none;\">Toggle<\/span><span class=\"ez-toc-icon-toggle-span\"><svg style=\"fill: #ffffff;color:#ffffff\" xmlns=\"http:\/\/www.w3.org\/2000\/svg\" class=\"list-377408\" width=\"20px\" height=\"20px\" viewbox=\"0 0 24 24\" fill=\"none\"><path d=\"M6 6H4v2h2V6zm14 0H8v2h12V6zM4 11h2v2H4v-2zm16 0H8v2h12v-2zM4 16h2v2H4v-2zm16 0H8v2h12v-2z\" fill=\"currentColor\"><\/path><\/svg><svg style=\"fill: #ffffff;color:#ffffff\" class=\"arrow-unsorted-368013\" xmlns=\"http:\/\/www.w3.org\/2000\/svg\" width=\"10px\" height=\"10px\" viewbox=\"0 0 24 24\" version=\"1.2\" baseprofile=\"tiny\"><path d=\"M18.2 9.3l-6.2-6.3-6.2 6.3c-.2.2-.3.4-.3.7s.1.5.3.7c.2.2.4.3.7.3h11c.3 0 .5-.1.7-.3.2-.2.3-.5.3-.7s-.1-.5-.3-.7zM5.8 14.7l6.2 6.3 6.2-6.3c.2-.2.3-.5.3-.7s-.1-.5-.3-.7c-.2-.2-.4-.3-.7-.3h-11c-.3 0-.5.1-.7.3-.2.2-.3.5-.3.7s.1.5.3.7z\"\/><\/svg><\/span><\/span><\/span><\/a><\/span><\/div>\n<nav><ul class='ez-toc-list ez-toc-list-level-1 eztoc-toggle-hide-by-default' ><li class='ez-toc-page-1 ez-toc-heading-level-2'><a class=\"ez-toc-link ez-toc-heading-1\" href=\"https:\/\/www.appareil-minceur.fr\/es\/salud\/diverticulitis-emocional\/#%E2%9C%93_Les_infos_a_retenir\" >\u2713 Cosas para recordar<\/a><\/li><li class='ez-toc-page-1 ez-toc-heading-level-2'><a class=\"ez-toc-link ez-toc-heading-2\" href=\"https:\/\/www.appareil-minceur.fr\/es\/salud\/diverticulitis-emocional\/#La_diverticulite_et_si_tes_emotions_y_etaient_pour_quelque_chose\" >La diverticulite : et si tes \u00e9motions y \u00e9taient pour quelque chose ?<\/a><\/li><li class='ez-toc-page-1 ez-toc-heading-level-2'><a class=\"ez-toc-link ez-toc-heading-3\" href=\"https:\/\/www.appareil-minceur.fr\/es\/salud\/diverticulitis-emocional\/#Comment_nos_emotions_peuvent-elles_declencher_une_diverticulite\" >Comment nos \u00e9motions peuvent-elles d\u00e9clencher une diverticulite ?<\/a><ul class='ez-toc-list-level-3' ><li class='ez-toc-heading-level-3'><a class=\"ez-toc-link ez-toc-heading-4\" href=\"https:\/\/www.appareil-minceur.fr\/es\/salud\/diverticulitis-emocional\/#Les_emotions_typiquement_associees_a_la_diverticulite\" >Les \u00e9motions typiquement associ\u00e9es \u00e0 la diverticulite<\/a><\/li><\/ul><\/li><li class='ez-toc-page-1 ez-toc-heading-level-2'><a class=\"ez-toc-link ez-toc-heading-5\" href=\"https:\/\/www.appareil-minceur.fr\/es\/salud\/diverticulitis-emocional\/#Pourquoi_les_intestins_sont-ils_si_sensibles_a_nos_etats_emotionnels\" >Pourquoi les intestins sont-ils si sensibles \u00e0 nos \u00e9tats \u00e9motionnels ?<\/a><ul class='ez-toc-list-level-3' ><li class='ez-toc-heading-level-3'><a class=\"ez-toc-link ez-toc-heading-6\" href=\"https:\/\/www.appareil-minceur.fr\/es\/salud\/diverticulitis-emocional\/#La_symbolique_du_colon_en_medecine_psychosomatique\" >La symbolique du c\u00f4lon en m\u00e9decine psychosomatique<\/a><\/li><\/ul><\/li><li class='ez-toc-page-1 ez-toc-heading-level-2'><a class=\"ez-toc-link ez-toc-heading-7\" href=\"https:\/\/www.appareil-minceur.fr\/es\/salud\/diverticulitis-emocional\/#Quelles_sont_les_solutions_pour_liberer_ces_blocages_emotionnels\" >Quelles sont les solutions pour lib\u00e9rer ces blocages \u00e9motionnels ?<\/a><ul class='ez-toc-list-level-3' ><li class='ez-toc-heading-level-3'><a class=\"ez-toc-link ez-toc-heading-8\" href=\"https:\/\/www.appareil-minceur.fr\/es\/salud\/diverticulitis-emocional\/#Les_therapies_psychocorporelles\" >Les th\u00e9rapies psychocorporelles<\/a><\/li><li class='ez-toc-page-1 ez-toc-heading-level-3'><a class=\"ez-toc-link ez-toc-heading-9\" href=\"https:\/\/www.appareil-minceur.fr\/es\/salud\/diverticulitis-emocional\/#Les_pratiques_energetiques_et_alternatives\" >Les pratiques \u00e9nerg\u00e9tiques et alternatives<\/a><\/li><\/ul><\/li><li class='ez-toc-page-1 ez-toc-heading-level-2'><a class=\"ez-toc-link ez-toc-heading-10\" href=\"https:\/\/www.appareil-minceur.fr\/es\/salud\/diverticulitis-emocional\/#Comment_debuter_un_travail_emotionnel_par_toi-meme\" >Comment d\u00e9buter un travail \u00e9motionnel par toi-m\u00eame ?<\/a><ul class='ez-toc-list-level-3' ><li class='ez-toc-heading-level-3'><a class=\"ez-toc-link ez-toc-heading-11\" href=\"https:\/\/www.appareil-minceur.fr\/es\/salud\/diverticulitis-emocional\/#Le_journaling_emotionnel\" >Le journaling \u00e9motionnel<\/a><\/li><li class='ez-toc-page-1 ez-toc-heading-level-3'><a class=\"ez-toc-link ez-toc-heading-12\" href=\"https:\/\/www.appareil-minceur.fr\/es\/salud\/diverticulitis-emocional\/#La_meditation_et_la_respiration_consciente\" >La m\u00e9ditation et la respiration consciente<\/a><\/li><li class='ez-toc-page-1 ez-toc-heading-level-3'><a class=\"ez-toc-link ez-toc-heading-13\" href=\"https:\/\/www.appareil-minceur.fr\/es\/salud\/diverticulitis-emocional\/#Lactivite_physique_liberatrice\" >L&rsquo;activit\u00e9 physique lib\u00e9ratrice<\/a><\/li><\/ul><\/li><li class='ez-toc-page-1 ez-toc-heading-level-2'><a class=\"ez-toc-link ez-toc-heading-14\" href=\"https:\/\/www.appareil-minceur.fr\/es\/salud\/diverticulitis-emocional\/#Quel_est_le_profil_psychologique_des_personnes_touchees\" >Quel est le profil psychologique des personnes touch\u00e9es ?<\/a><ul class='ez-toc-list-level-3' ><li class='ez-toc-heading-level-3'><a class=\"ez-toc-link ez-toc-heading-15\" href=\"https:\/\/www.appareil-minceur.fr\/es\/salud\/diverticulitis-emocional\/#Les_traits_de_personnalite_frequemment_observes\" >Les traits de personnalit\u00e9 fr\u00e9quemment observ\u00e9s<\/a><\/li><\/ul><\/li><li class='ez-toc-page-1 ez-toc-heading-level-2'><a class=\"ez-toc-link ez-toc-heading-16\" href=\"https:\/\/www.appareil-minceur.fr\/es\/salud\/diverticulitis-emocional\/#Existe-t-il_des_preuves_scientifiques_de_ce_lien_corps-esprit\" >Existe-t-il des preuves scientifiques de ce lien corps-esprit ?<\/a><ul class='ez-toc-list-level-3' ><li class='ez-toc-heading-level-3'><a class=\"ez-toc-link ez-toc-heading-17\" href=\"https:\/\/www.appareil-minceur.fr\/es\/salud\/diverticulitis-emocional\/#Laxe_intestin-cerveau_une_autoroute_a_double_sens\" >L&rsquo;axe intestin-cerveau : une autoroute \u00e0 double sens<\/a><\/li><\/ul><\/li><li class='ez-toc-page-1 ez-toc-heading-level-2'><a class=\"ez-toc-link ez-toc-heading-18\" href=\"https:\/\/www.appareil-minceur.fr\/es\/salud\/diverticulitis-emocional\/#Combien_de_temps_faut-il_pour_voir_des_resultats\" >Combien de temps faut-il pour voir des r\u00e9sultats ?<\/a><ul class='ez-toc-list-level-3' ><li class='ez-toc-heading-level-3'><a class=\"ez-toc-link ez-toc-heading-19\" href=\"https:\/\/www.appareil-minceur.fr\/es\/salud\/diverticulitis-emocional\/#Les_etapes_dun_accompagnement_emotionnel\" >Les \u00e9tapes d&rsquo;un accompagnement \u00e9motionnel<\/a><\/li><\/ul><\/li><li class='ez-toc-page-1 ez-toc-heading-level-2'><a class=\"ez-toc-link ez-toc-heading-20\" href=\"https:\/\/www.appareil-minceur.fr\/es\/salud\/diverticulitis-emocional\/#Mes_recommandations_finales_pour_avancer_sereinement\" >Mes recommandations finales pour avancer sereinement<\/a><\/li><li class='ez-toc-page-1 ez-toc-heading-level-2'><a class=\"ez-toc-link ez-toc-heading-21\" href=\"https:\/\/www.appareil-minceur.fr\/es\/salud\/diverticulitis-emocional\/#Questions_frequentes_sur_la_diverticulite_et_ses_causes_emotionnelles\" >Questions fr\u00e9quentes sur la diverticulite et ses causes \u00e9motionnelles<\/a><ul class='ez-toc-list-level-3' ><li class='ez-toc-heading-level-3'><a class=\"ez-toc-link ez-toc-heading-22\" href=\"https:\/\/www.appareil-minceur.fr\/es\/salud\/diverticulitis-emocional\/#Peut-on_prevenir_la_diverticulite_par_une_approche_emotionnelle_seule\" >Peut-on pr\u00e9venir la diverticulite par une approche \u00e9motionnelle seule ?<\/a><\/li><li class='ez-toc-page-1 ez-toc-heading-level-3'><a class=\"ez-toc-link ez-toc-heading-23\" href=\"https:\/\/www.appareil-minceur.fr\/es\/salud\/diverticulitis-emocional\/#Quels_aliments_aggravent_les_symptomes_de_la_diverticulite_en_cas_de_stress_emotionnel\" >Quels aliments aggravent les sympt\u00f4mes de la diverticulite en cas de stress \u00e9motionnel ?<\/a><\/li><li class='ez-toc-page-1 ez-toc-heading-level-3'><a class=\"ez-toc-link ez-toc-heading-24\" href=\"https:\/\/www.appareil-minceur.fr\/es\/salud\/diverticulitis-emocional\/#La_diverticulite_peut-elle_etre_liee_a_des_traumatismes_anciens_non_resolus\" >La diverticulite peut-elle \u00eatre li\u00e9e \u00e0 des traumatismes anciens non r\u00e9solus ?<\/a><\/li><li class='ez-toc-page-1 ez-toc-heading-level-3'><a class=\"ez-toc-link ez-toc-heading-25\" href=\"https:\/\/www.appareil-minceur.fr\/es\/salud\/diverticulitis-emocional\/#Existe-t-il_des_marqueurs_biologiques_pour_evaluer_limpact_des_emotions_sur_la_diverticulite\" >Existe-t-il des marqueurs biologiques pour \u00e9valuer l&rsquo;impact des \u00e9motions sur la diverticulite ?<\/a><\/li><li class='ez-toc-page-1 ez-toc-heading-level-3'><a class=\"ez-toc-link ez-toc-heading-26\" href=\"https:\/\/www.appareil-minceur.fr\/es\/salud\/diverticulitis-emocional\/#Les_enfants_peuvent-ils_developper_une_diverticulite_liee_aux_emotions\" >Les enfants peuvent-ils d\u00e9velopper une diverticulite li\u00e9e aux \u00e9motions ?<\/a><\/li><\/ul><\/li><\/ul><\/nav><\/div>\n\n<p>Tu sais, apr\u00e8s avoir accompagn\u00e9 des dizaines de personnes dans leur transformation physique, j&rsquo;ai appris une chose super importante : notre corps parle ! Il exprime ce que notre mental garde en silence. Les intestins, et notamment le c\u00f4lon, sont particuli\u00e8rement sensibles \u00e0 nos \u00e9tats \u00e9motionnels.<\/p>\n<p>Ce n&rsquo;est pas de la magie, c&rsquo;est m\u00eame reconnu scientifiquement : l&rsquo;axe intestin-cerveau est une r\u00e9alit\u00e9 biologique \u00e9tudi\u00e9e depuis plusieurs d\u00e9cennies. Notre syst\u00e8me digestif contient environ 200 millions de neurones, c&rsquo;est carr\u00e9ment notre \u00ab\u00a0deuxi\u00e8me cerveau\u00a0\u00bb !<\/p>\n<blockquote style=\"background-color: #efefef; color: black; border-radius: 10px; padding: 15px; margin: 20px 0;\"><p>\n\ud83d\udca1 La diverticulite se manifeste par une inflammation des diverticules (petites poches qui se forment dans la paroi du c\u00f4lon). Au-del\u00e0 des facteurs physiques, les \u00e9motions refoul\u00e9es jouent souvent un r\u00f4le majeur dans l&rsquo;apparition et la persistance de cette affection.\n<\/p><\/blockquote>\n<h2><span class=\"ez-toc-section\" id=\"Comment_nos_emotions_peuvent-elles_declencher_une_diverticulite\"><\/span>Comment nos \u00e9motions peuvent-elles d\u00e9clencher une diverticulite ?<span class=\"ez-toc-section-end\"><\/span><\/h2>\n<p><img decoding=\"async\" src=\"https:\/\/www.appareil-minceur.fr\/wp-content\/uploads\/2026\/02\/diverticulite-cause-emotionnelle-liberation-blocages-scaled.jpg\" style=\"width: 100%; height: auto; margin: 20px 0; border-radius: 8px;\"><\/p>\n<p>Alors, concr\u00e8tement, comment \u00e7a fonctionne ? Eh bien, nos \u00e9motions non exprim\u00e9es cr\u00e9ent des tensions dans notre corps. Le stress chronique, l&rsquo;anxi\u00e9t\u00e9, la col\u00e8re refoul\u00e9e&#8230; tout \u00e7a g\u00e9n\u00e8re une inflammation syst\u00e9mique. Et devine quel organe est particuli\u00e8rement vuln\u00e9rable \u00e0 cette inflammation ? Ton syst\u00e8me digestif !<\/p>\n<p>Des \u00e9tudes ont montr\u00e9 que le stress augmente la perm\u00e9abilit\u00e9 intestinale et modifie la composition de notre microbiote. R\u00e9sultat : une inflammation chronique qui peut favoriser l&rsquo;apparition de diverticules et leur inflammation.<\/p>\n<h3><span class=\"ez-toc-section\" id=\"Les_emotions_typiquement_associees_a_la_diverticulite\"><\/span>Les \u00e9motions typiquement associ\u00e9es \u00e0 la diverticulite<span class=\"ez-toc-section-end\"><\/span><\/h3>\n<p>D&rsquo;apr\u00e8s les approches de m\u00e9decine psychosomatique et les observations de nombreux th\u00e9rapeutes, certaines \u00e9motions reviennent syst\u00e9matiquement chez les personnes souffrant de diverticulite :<\/p>\n<ul>\n<li><b>La col\u00e8re refoul\u00e9e<\/b> : tu retiens tes frustrations, tu n&rsquo;oses pas exprimer ton m\u00e9contentement<\/li>\n<li>La tristesse non exprim\u00e9e : tu gardes tes peines pour toi, tu pr\u00e9f\u00e8res faire bonne figure<\/li>\n<li>L&rsquo;anxi\u00e9t\u00e9 chronique : tu t&rsquo;inqui\u00e8tes constamment pour ton avenir ou celui de tes proches<\/li>\n<li>Le sentiment d&rsquo;injustice : tu as l&rsquo;impression de subir des situations sans pouvoir r\u00e9agir<\/li>\n<li>La difficult\u00e9 \u00e0 \u00ab\u00a0l\u00e2cher prise\u00a0\u00bb : tu contr\u00f4les tout, tu anticipes, tu rumines<\/li>\n<\/ul>\n<p>Tu te reconnais dans un ou plusieurs de ces profils ? Ce n&rsquo;est pas un hasard ! Les maladies dont le nom se termine par \u00ab\u00a0ite\u00a0\u00bb (comme diverticulite, colite, gastrite) sont toutes li\u00e9es \u00e0 une inflammation. Et l&rsquo;inflammation, symboliquement, c&rsquo;est le feu int\u00e9rieur qui br\u00fble.<\/p>\n<h2><span class=\"ez-toc-section\" id=\"Pourquoi_les_intestins_sont-ils_si_sensibles_a_nos_etats_emotionnels\"><\/span>Pourquoi les intestins sont-ils si sensibles \u00e0 nos \u00e9tats \u00e9motionnels ?<span class=\"ez-toc-section-end\"><\/span><\/h2>\n<p>Ton syst\u00e8me digestif n&rsquo;est pas juste l\u00e0 pour dig\u00e9rer tes repas. C&rsquo;est aussi un organe \u00e9motionnel hyper r\u00e9actif ! Environ 95% de la s\u00e9rotonine (l&rsquo;hormone du bonheur) est produite dans tes intestins. Impressionnant, non ?<\/p>\n<p>Quand tu vis des \u00e9motions intenses, ton corps lib\u00e8re des hormones de stress comme le cortisol et l&rsquo;adr\u00e9naline. Ces hormones modifient ta motilit\u00e9 intestinale, augmentent l&rsquo;inflammation et perturbent ton microbiote. C&rsquo;est un cercle vicieux : le stress cr\u00e9e l&rsquo;inflammation, et l&rsquo;inflammation augmente ton stress.<\/p>\n<h3><span class=\"ez-toc-section\" id=\"La_symbolique_du_colon_en_medecine_psychosomatique\"><\/span>La symbolique du c\u00f4lon en m\u00e9decine psychosomatique<span class=\"ez-toc-section-end\"><\/span><\/h3>\n<p>Dans les approches holistiques, le c\u00f4lon repr\u00e9sente notre capacit\u00e9 \u00e0 \u00ab\u00a0dig\u00e9rer\u00a0\u00bb les \u00e9v\u00e9nements de notre vie et \u00e0 \u00ab\u00a0l\u00e2cher\u00a0\u00bb ce qui ne nous sert plus. Les diverticules, ces petites poches qui retiennent les mati\u00e8res, symbolisent ce qu&rsquo;on refuse d&rsquo;\u00e9vacuer, d&rsquo;accepter ou de laisser partir.<\/p>\n<p>Tu retiens des vieilles ranc\u0153urs ? Des souvenirs douloureux ? Des conflits non r\u00e9solus ? Ton c\u00f4lon pourrait bien le manifester physiquement. C&rsquo;est dingue comme notre corps est coh\u00e9rent avec notre psych\u00e9 !<\/p>\n<table style=\"width:100%; border-collapse: collapse; margin: 20px 0;\">\n<thead>\n<tr style=\"background-color: #f5f5f5;\">\n<th style=\"border: 1px solid #ddd; padding: 12px; text-align: left;\">\u00c9motion refoul\u00e9e<\/th>\n<th style=\"border: 1px solid #ddd; padding: 12px; text-align: left;\">Manifestation physique possible<\/th>\n<\/tr>\n<\/thead>\n<tbody>\n<tr>\n<td style=\"border: 1px solid #ddd; padding: 10px;\">Col\u00e8re chronique<\/td>\n<td style=\"border: 1px solid #ddd; padding: 10px;\">Inflammation aigu\u00eb, douleurs abdominales intenses<\/td>\n<\/tr>\n<tr>\n<td style=\"border: 1px solid #ddd; padding: 10px;\">Anxi\u00e9t\u00e9 persistante<\/td>\n<td style=\"border: 1px solid #ddd; padding: 10px;\">Spasmes intestinaux, alternance diarrh\u00e9e\/constipation<\/td>\n<\/tr>\n<tr>\n<td style=\"border: 1px solid #ddd; padding: 10px;\">Tristesse non exprim\u00e9e<\/td>\n<td style=\"border: 1px solid #ddd; padding: 10px;\">Ralentissement du transit, constipation chronique<\/td>\n<\/tr>\n<tr>\n<td style=\"border: 1px solid #ddd; padding: 10px;\">Sentiment d&rsquo;injustice<\/td>\n<td style=\"border: 1px solid #ddd; padding: 10px;\">Crises r\u00e9currentes, r\u00e9sistance aux traitements<\/td>\n<\/tr>\n<\/tbody>\n<\/table>\n<h2><span class=\"ez-toc-section\" id=\"Quelles_sont_les_solutions_pour_liberer_ces_blocages_emotionnels\"><\/span>Quelles sont les solutions pour lib\u00e9rer ces blocages \u00e9motionnels ?<span class=\"ez-toc-section-end\"><\/span><\/h2>\n<p><iframe width=\"100%\" height=\"480\" src=\"https:\/\/www.youtube.com\/embed\/1G7ES5dRFSw\" frameborder=\"0\" allow=\"accelerometer; autoplay; clipboard-write; encrypted-media; gyroscope; picture-in-picture\" allowfullscreen style=\"margin: 30px 0; border-radius: 8px;\"><\/iframe><\/p>\n<p>Maintenant, passons aux choses concr\u00e8tes ! Comment faire pour traiter cette dimension \u00e9motionnelle et enfin trouver un soulagement durable ? Rassure-toi, il existe plein d&rsquo;approches compl\u00e9mentaires \u00e0 ton suivi m\u00e9dical.<\/p>\n<p>D&rsquo;abord, pr\u00e9cisons un truc super important : je ne dis absolument pas qu&rsquo;il faut arr\u00eater tes traitements m\u00e9dicaux ! La prise en charge m\u00e9dicale est indispensable. Par contre, l&rsquo;ajouter \u00e0 un travail \u00e9motionnel peut vraiment multiplier tes chances de gu\u00e9rison et \u00e9viter les rechutes.<\/p>\n<h3><span class=\"ez-toc-section\" id=\"Les_therapies_psychocorporelles\"><\/span>Les th\u00e9rapies psychocorporelles<span class=\"ez-toc-section-end\"><\/span><\/h3>\n<p>Ces approches travaillent directement sur le lien entre ton corps et ton esprit. La <b>lib\u00e9ration psycho-\u00e9motionnelle<\/b> (LPE), par exemple, permet d&rsquo;identifier et de lib\u00e9rer les \u00e9motions coinc\u00e9es dans ton corps. C&rsquo;est super puissant pour d\u00e9nouer les tensions accumul\u00e9es !<\/p>\n<p>La sophrologie, l&rsquo;hypnose th\u00e9rapeutique, ou encore l&rsquo;EMDR peuvent aussi donner des r\u00e9sultats bluffants. Ces techniques t&rsquo;aident \u00e0 reprendre contact avec tes \u00e9motions et \u00e0 les exprimer sainement.<\/p>\n<h3><span class=\"ez-toc-section\" id=\"Les_pratiques_energetiques_et_alternatives\"><\/span>Les pratiques \u00e9nerg\u00e9tiques et alternatives<span class=\"ez-toc-section-end\"><\/span><\/h3>\n<p>Certaines personnes obtiennent de bons r\u00e9sultats avec les soins \u00e9nerg\u00e9tiques, le reiki, ou encore l&rsquo;acupuncture. Ces approches visent \u00e0 r\u00e9\u00e9quilibrer la circulation \u00e9nerg\u00e9tique dans ton corps. Le chamanisme et la m\u00e9diumnit\u00e9 sont aussi \u00e9voqu\u00e9s par certains th\u00e9rapeutes, m\u00eame si ces approches restent plus controvers\u00e9es.<\/p>\n<p>L&rsquo;important, c&rsquo;est de trouver ce qui r\u00e9sonne avec toi. Chacun a sa sensibilit\u00e9 et sa fa\u00e7on d&rsquo;aborder la gu\u00e9rison. Il n&rsquo;y a pas de m\u00e9thode universelle ! D&rsquo;ailleurs, si tu souhaites approfondir la dimension holistique de la gu\u00e9rison, notre article sur la <a href=\"https:\/\/www.appareil-minceur.fr\/es\/perdida-de-peso\/naturopatia-y-perdida-de-peso\/\">naturopat\u00eda y p\u00e9rdida de peso<\/a> explore comment ces approches peuvent transformer ta sant\u00e9 globale.<\/p>\n<blockquote style=\"background-color: #efefef; color: black; border-radius: 10px; padding: 15px; margin: 20px 0;\"><p>\n\u2705 Combiner un suivi m\u00e9dical classique avec un travail sur les \u00e9motions augmente significativement les chances de r\u00e9mission durable. Le traitement des sympt\u00f4mes ET des causes \u00e9motionnelles, c&rsquo;est la strat\u00e9gie gagnante !\n<\/p><\/blockquote>\n<h2><span class=\"ez-toc-section\" id=\"Comment_debuter_un_travail_emotionnel_par_toi-meme\"><\/span>Comment d\u00e9buter un travail \u00e9motionnel par toi-m\u00eame ?<span class=\"ez-toc-section-end\"><\/span><\/h2>\n<p><img decoding=\"async\" src=\"https:\/\/www.appareil-minceur.fr\/wp-content\/uploads\/2026\/02\/diverticulite-emotions-liberation-blocages-guerison-scaled.jpg\" style=\"width: 100%; height: auto; margin: 20px 0; border-radius: 8px;\"><\/p>\n<p>Pas besoin d&rsquo;attendre un th\u00e9rapeute pour commencer ! Tu peux d\u00e9j\u00e0 initier ce travail de lib\u00e9ration \u00e9motionnelle avec des pratiques simples et accessibles. Voici mes conseils de coach qui a vu leurs effets sur mes clients.<\/p>\n<h3><span class=\"ez-toc-section\" id=\"Le_journaling_emotionnel\"><\/span>Le journaling \u00e9motionnel<span class=\"ez-toc-section-end\"><\/span><\/h3>\n<p>Prends 10 minutes chaque jour pour \u00e9crire tes \u00e9motions sans filtre. Note ce qui t&rsquo;a \u00e9nerv\u00e9, frustr\u00e9, attrist\u00e9 dans ta journ\u00e9e. Ne censure rien, laisse sortir ! C&rsquo;est un exutoire hyper efficace pour \u00e9vacuer ce qui pourrait stagner.<\/p>\n<p>Pose-toi aussi ces questions : qu&rsquo;est-ce que je retiens en ce moment ? Qu&rsquo;est-ce que je n&rsquo;arrive pas \u00e0 l\u00e2cher ? Quelle situation me met en col\u00e8re sans que je l&rsquo;exprime ? Les r\u00e9ponses peuvent \u00eatre r\u00e9v\u00e9latrices !<\/p>\n<h3><span class=\"ez-toc-section\" id=\"La_meditation_et_la_respiration_consciente\"><\/span>La m\u00e9ditation et la respiration consciente<span class=\"ez-toc-section-end\"><\/span><\/h3>\n<p>La m\u00e9ditation de pleine conscience r\u00e9duit le stress et l&rsquo;inflammation. C&rsquo;est prouv\u00e9 scientifiquement ! M\u00eame 5 minutes par jour peuvent faire une vraie diff\u00e9rence. Concentre-toi particuli\u00e8rement sur ta respiration abdominale, celle qui masse tes intestins naturellement.<\/p>\n<p>Il existe aussi des m\u00e9ditations guid\u00e9es sp\u00e9cifiques pour le syst\u00e8me digestif. Elles t&rsquo;aident \u00e0 envoyer de l&rsquo;amour et de la d\u00e9tente vers tes intestins. \u00c7a peut sembler \u00e9trange au d\u00e9but, mais les r\u00e9sultats sont souvent au rendez-vous !<\/p>\n<h3><span class=\"ez-toc-section\" id=\"Lactivite_physique_liberatrice\"><\/span>L&rsquo;activit\u00e9 physique lib\u00e9ratrice<span class=\"ez-toc-section-end\"><\/span><\/h3>\n<p>L\u00e0, je retrouve mon terrain de pr\u00e9dilection ! Le sport est un formidable moyen d&rsquo;\u00e9vacuer les \u00e9motions coinc\u00e9es. Le kickboxing, par exemple, c&rsquo;est g\u00e9nial pour lib\u00e9rer la col\u00e8re de fa\u00e7on saine. La course \u00e0 pied permet de \u00ab\u00a0l\u00e2cher\u00a0\u00bb mentalement tout en bougeant.<\/p>\n<p>L&rsquo;important, c&rsquo;est de bouger r\u00e9guli\u00e8rement. L&rsquo;activit\u00e9 physique diminue les hormones de stress et stimule la production d&rsquo;endorphines. Elle am\u00e9liore aussi ton transit et r\u00e9duit l&rsquo;inflammation intestinale. Double b\u00e9n\u00e9fice garanti !<\/p>\n<h2><span class=\"ez-toc-section\" id=\"Quel_est_le_profil_psychologique_des_personnes_touchees\"><\/span>Quel est le profil psychologique des personnes touch\u00e9es ?<span class=\"ez-toc-section-end\"><\/span><\/h2>\n<p>Apr\u00e8s avoir \u00e9chang\u00e9 avec des dizaines de th\u00e9rapeutes et lu de nombreux t\u00e9moignages, un profil type se d\u00e9gage souvent. Attention, ce n&rsquo;est pas une r\u00e8gle absolue, mais plut\u00f4t une tendance observ\u00e9e !<\/p>\n<p>Les personnes souffrant de diverticulite sont souvent des personnalit\u00e9s perfectionnistes qui ont du mal \u00e0 exprimer leurs besoins. Elles privil\u00e9gient l&rsquo;harmonie externe au d\u00e9triment de leur paix int\u00e9rieure. Elles accumulent les frustrations sans oser les verbaliser par peur du conflit ou du jugement.<\/p>\n<h3><span class=\"ez-toc-section\" id=\"Les_traits_de_personnalite_frequemment_observes\"><\/span>Les traits de personnalit\u00e9 fr\u00e9quemment observ\u00e9s<span class=\"ez-toc-section-end\"><\/span><\/h3>\n<p>Tu te mets beaucoup de pression ? Tu as tendance \u00e0 tout contr\u00f4ler ? Tu as du mal \u00e0 dire non ? Tu rumines tes probl\u00e8mes au lieu de les exprimer ? Si tu as r\u00e9pondu oui \u00e0 plusieurs de ces questions, tu corresponds probablement \u00e0 ce profil.<\/p>\n<p>La bonne nouvelle, c&rsquo;est que prendre conscience de ces sch\u00e9mas, c&rsquo;est d\u00e9j\u00e0 la moiti\u00e9 du chemin ! Tu peux ensuite travailler progressivement sur ces aspects avec un accompagnement adapt\u00e9 ou par un travail personnel r\u00e9gulier. Et si tu souhaites aussi optimiser ton alimentation en fonction de tes sympt\u00f4mes, je te recommande de consulter notre guide sur les <a href=\"https:\/\/www.appareil-minceur.fr\/es\/nutricion\/alimentos-bajos-en-fibra\/\">aliments pauvres en fibre<\/a>, qui peut \u00eatre tr\u00e8s utile en p\u00e9riode de crise pour reposer ton syst\u00e8me digestif.<\/p>\n<h2><span class=\"ez-toc-section\" id=\"Existe-t-il_des_preuves_scientifiques_de_ce_lien_corps-esprit\"><\/span>Existe-t-il des preuves scientifiques de ce lien corps-esprit ?<span class=\"ez-toc-section-end\"><\/span><\/h2>\n<p>Excellente question ! Oui, les preuves scientifiques s&rsquo;accumulent depuis plusieurs d\u00e9cennies. La psychoneuroimmunologie \u00e9tudie pr\u00e9cis\u00e9ment ces interactions entre le syst\u00e8me nerveux, le syst\u00e8me immunitaire et les \u00e9motions. C&rsquo;est un champ de recherche hyper s\u00e9rieux !<\/p>\n<p>Des \u00e9tudes ont d\u00e9montr\u00e9 que le stress chronique modifie l&rsquo;expression de certains g\u00e8nes impliqu\u00e9s dans l&rsquo;inflammation. D&rsquo;autres recherches montrent que les personnes souffrant de maladies inflammatoires intestinales pr\u00e9sentent des niveaux de stress et d&rsquo;anxi\u00e9t\u00e9 significativement plus \u00e9lev\u00e9s que la population g\u00e9n\u00e9rale.<\/p>\n<h3><span class=\"ez-toc-section\" id=\"Laxe_intestin-cerveau_une_autoroute_a_double_sens\"><\/span>L&rsquo;axe intestin-cerveau : une autoroute \u00e0 double sens<span class=\"ez-toc-section-end\"><\/span><\/h3>\n<p>Ton nerf vague relie directement ton cerveau \u00e0 tes intestins. Les informations circulent dans les deux sens : ton cerveau influence tes intestins, et tes intestins influencent ton cerveau ! C&rsquo;est pour \u00e7a que tu as des \u00ab\u00a0papillons dans le ventre\u00a0\u00bb quand tu es stress\u00e9.<\/p>\n<p>Cette connexion explique pourquoi travailler sur tes \u00e9motions peut avoir un impact direct sur ta sant\u00e9 digestive. Ce n&rsquo;est pas du blabla new age, c&rsquo;est de la biologie pure et dure ! \ud83d\ude0a<\/p>\n<h2><span class=\"ez-toc-section\" id=\"Combien_de_temps_faut-il_pour_voir_des_resultats\"><\/span>Combien de temps faut-il pour voir des r\u00e9sultats ?<span class=\"ez-toc-section-end\"><\/span><\/h2>\n<p><img decoding=\"async\" src=\"https:\/\/www.appareil-minceur.fr\/wp-content\/uploads\/2026\/02\/diverticulite-blocages-emotionnels-liberation-scaled.jpg\" style=\"width: 100%; height: auto; margin: 20px 0; border-radius: 8px;\"><\/p>\n<p>Honn\u00eatement, \u00e7a d\u00e9pend vraiment de chaque personne. Certains ressentent un soulagement apr\u00e8s quelques semaines de travail \u00e9motionnel, d&rsquo;autres ont besoin de plusieurs mois. La patience est ton alli\u00e9e dans ce processus !<\/p>\n<p>L&rsquo;avantage, c&rsquo;est que m\u00eame si les r\u00e9sultats sur ta diverticulite prennent du temps, tu verras probablement d&rsquo;autres am\u00e9liorations rapidement : meilleur sommeil, moins d&rsquo;anxi\u00e9t\u00e9, plus d&rsquo;\u00e9nergie&#8230; C&rsquo;est hyper motivant pour continuer !<\/p>\n<p>Dans mon exp\u00e9rience de coach, j&rsquo;observe que les personnes qui combinent plusieurs approches (m\u00e9dical + \u00e9motionnel + hygi\u00e8ne de vie) obtiennent les meilleurs r\u00e9sultats. C&rsquo;est la synergie qui fait la diff\u00e9rence !<\/p>\n<h3><span class=\"ez-toc-section\" id=\"Les_etapes_dun_accompagnement_emotionnel\"><\/span>Les \u00e9tapes d&rsquo;un accompagnement \u00e9motionnel<span class=\"ez-toc-section-end\"><\/span><\/h3>\n<p>G\u00e9n\u00e9ralement, un accompagnement commence par une phase d&rsquo;identification : quelles \u00e9motions dominent chez toi ? Quels \u00e9v\u00e9nements de vie pourraient \u00eatre li\u00e9s ? Cette phase peut prendre quelques s\u00e9ances avec un th\u00e9rapeute comp\u00e9tent.<\/p>\n<p>Ensuite vient la phase de lib\u00e9ration proprement dite. C&rsquo;est l\u00e0 qu&rsquo;on utilise diff\u00e9rentes techniques pour permettre \u00e0 ces \u00e9motions de sortir enfin. Attention, \u00e7a peut \u00eatre intense \u00e9motionnellement ! Mais c&rsquo;est tellement lib\u00e9rateur apr\u00e8s.<\/p>\n<p>Enfin, la phase d&rsquo;int\u00e9gration t&rsquo;aide \u00e0 adopter de nouveaux comportements \u00e9motionnels plus sains. Tu apprends \u00e0 exprimer tes besoins, \u00e0 poser tes limites, \u00e0 g\u00e9rer diff\u00e9remment ton stress. C&rsquo;est un vrai apprentissage de vie !<\/p>\n<h2><span class=\"ez-toc-section\" id=\"Mes_recommandations_finales_pour_avancer_sereinement\"><\/span>Mes recommandations finales pour avancer sereinement<span class=\"ez-toc-section-end\"><\/span><\/h2>\n<p>Voil\u00e0, tu as maintenant une vision compl\u00e8te du lien entre diverticulite et \u00e9motions ! Mon premier conseil : ne te mets pas la pression. Rome ne s&rsquo;est pas construite en un jour, et ta gu\u00e9rison non plus.<\/p>\n<p>Commence par des petits pas accessibles : quelques minutes de journaling, une respiration consciente quand tu sens la tension monter, une activit\u00e9 physique douce r\u00e9guli\u00e8re. Ces petits changements quotidiens s&rsquo;accumulent et cr\u00e9ent de vrais r\u00e9sultats sur le long terme.<\/p>\n<p>N&rsquo;h\u00e9site pas \u00e0 te faire accompagner par des professionnels comp\u00e9tents : gastro-ent\u00e9rologue, psychologue, th\u00e9rapeute en m\u00e9decine douce&#8230; L&rsquo;id\u00e9al, c&rsquo;est vraiment une approche globale qui prend soin de tous les aspects de ta sant\u00e9. Et si tu dois passer une coloscopie ou un examen endoscopique, notre article sur le <a href=\"https:\/\/www.appareil-minceur.fr\/es\/salud\/recette-bouillon-clair-pour-coloscopie\/\">caldo claro para colonoscopia<\/a> te donnera d&rsquo;excellentes recettes pour bien te pr\u00e9parer.<\/p>\n<p>Rappelle-toi que ton corps t&rsquo;envoie des messages \u00e0 travers tes sympt\u00f4mes. La diverticulite est peut-\u00eatre son moyen de te dire : \u00ab\u00a0Hey, il est temps de prendre soin de tes \u00e9motions !\u00a0\u00bb \u00c9coute-le, il a des choses importantes \u00e0 te r\u00e9v\u00e9ler. \ud83d\udc4d<\/p>\n<div style=\"background-color: #f8f9fa; border-left: 4px solid #FF6600; padding: 20px; color: black;\">\n<h2><span class=\"ez-toc-section\" id=\"Questions_frequentes_sur_la_diverticulite_et_ses_causes_emotionnelles\"><\/span>Questions fr\u00e9quentes sur la diverticulite et ses causes \u00e9motionnelles<span class=\"ez-toc-section-end\"><\/span><\/h2>\n<div itemscope itemprop=\"mainEntity\" itemtype=\"https:\/\/schema.org\/Question\">\n<h3 itemprop=\"name\"><span class=\"ez-toc-section\" id=\"Peut-on_prevenir_la_diverticulite_par_une_approche_emotionnelle_seule\"><\/span>Peut-on pr\u00e9venir la diverticulite par une approche \u00e9motionnelle seule ?<span class=\"ez-toc-section-end\"><\/span><\/h3>\n<div itemscope itemprop=\"acceptedAnswer\" itemtype=\"https:\/\/schema.org\/Answer\">\n<div itemprop=\"text\">\n<p>Non, une approche <b>\u00e9motionnelle<\/b> seule ne suffit pas. La pr\u00e9vention combine <b>suministro el\u00e9ctrico<\/b> riche en fibres (25 \u00e0 35 g\/jour), hydratation (1,5 \u00e0 2 L d&rsquo;eau), activit\u00e9 physique (30 min\/jour) et gestion du stress. Les \u00e9tudes montrent que 60 % des cas de diverticulite sont li\u00e9s \u00e0 des facteurs <b>multidimensionnels<\/b>, incluant le microbiote et les \u00e9motions. Un suivi m\u00e9dical reste essentiel.<\/p>\n<\/div>\n<\/div>\n<\/div>\n<div itemscope itemprop=\"mainEntity\" itemtype=\"https:\/\/schema.org\/Question\">\n<h3 itemprop=\"name\"><span class=\"ez-toc-section\" id=\"Quels_aliments_aggravent_les_symptomes_de_la_diverticulite_en_cas_de_stress_emotionnel\"><\/span>Quels aliments aggravent les sympt\u00f4mes de la diverticulite en cas de stress \u00e9motionnel ?<span class=\"ez-toc-section-end\"><\/span><\/h3>\n<div itemscope itemprop=\"acceptedAnswer\" itemtype=\"https:\/\/schema.org\/Answer\">\n<div itemprop=\"text\">\n<p>Les aliments <b>pro-inflammatoires<\/b> comme les viandes rouges, les produits laitiers, les sucres raffin\u00e9s et les graisses satur\u00e9es exacerbent les sympt\u00f4mes. Une \u00e9tude r\u00e9v\u00e8le que 40 % des patients voient leurs crises s&rsquo;intensifier apr\u00e8s consommation de ces aliments, surtout en p\u00e9riode de <b>col\u00e8re<\/b> ou d&rsquo;anxi\u00e9t\u00e9. Privil\u00e9giez les om\u00e9ga-3 (poissons gras, noix) et les l\u00e9gumes cuits.<\/p>\n<\/div>\n<\/div>\n<\/div>\n<div itemscope itemprop=\"mainEntity\" itemtype=\"https:\/\/schema.org\/Question\">\n<h3 itemprop=\"name\"><span class=\"ez-toc-section\" id=\"La_diverticulite_peut-elle_etre_liee_a_des_traumatismes_anciens_non_resolus\"><\/span>La diverticulite peut-elle \u00eatre li\u00e9e \u00e0 des traumatismes anciens non r\u00e9solus ?<span class=\"ez-toc-section-end\"><\/span><\/h3>\n<div itemscope itemprop=\"acceptedAnswer\" itemtype=\"https:\/\/schema.org\/Answer\">\n<div itemprop=\"text\">\n<p>S\u00ed, algunos <b>traumatismes<\/b> non trait\u00e9s (abus, deuil, abandon) peuvent se manifester par des troubles digestifs, dont la diverticulite. La <b>psychoneuroimmunologie<\/b> confirme que 30 % des maladies inflammatoires chroniques ont une composante traumatique. Les th\u00e9rapies comme l&rsquo;EMDR ou la <b>somatoth\u00e9rapie<\/b> aident \u00e0 lib\u00e9rer ces blocages.<\/p>\n<\/div>\n<\/div>\n<\/div>\n<div itemscope itemprop=\"mainEntity\" itemtype=\"https:\/\/schema.org\/Question\">\n<h3 itemprop=\"name\"><span class=\"ez-toc-section\" id=\"Existe-t-il_des_marqueurs_biologiques_pour_evaluer_limpact_des_emotions_sur_la_diverticulite\"><\/span>Existe-t-il des marqueurs biologiques pour \u00e9valuer l&rsquo;impact des \u00e9motions sur la diverticulite ?<span class=\"ez-toc-section-end\"><\/span><\/h3>\n<div itemscope itemprop=\"acceptedAnswer\" itemtype=\"https:\/\/schema.org\/Answer\">\n<div itemprop=\"text\">\n<p>Oui, les marqueurs comme la <b>prot\u00e9ine C-r\u00e9active<\/b> (CRP), le cortisol salivaire et les cytokines inflammatoires (IL-6, TNF-alpha) refl\u00e8tent l&rsquo;impact du stress. Une CRP \u00e9lev\u00e9e (> 10 mg\/L) est corr\u00e9l\u00e9e \u00e0 50 % des pouss\u00e9es de diverticulite. Les tests de <b>perm\u00e9abilit\u00e9 intestinale<\/b> (zonuline) compl\u00e8tent ce bilan.<\/p>\n<\/div>\n<\/div>\n<\/div>\n<div itemscope itemprop=\"mainEntity\" itemtype=\"https:\/\/schema.org\/Question\">\n<h3 itemprop=\"name\"><span class=\"ez-toc-section\" id=\"Les_enfants_peuvent-ils_developper_une_diverticulite_liee_aux_emotions\"><\/span>Les enfants peuvent-ils d\u00e9velopper une diverticulite li\u00e9e aux \u00e9motions ?<span class=\"ez-toc-section-end\"><\/span><\/h3>\n<div itemscope itemprop=\"acceptedAnswer\" itemtype=\"https:\/\/schema.org\/Answer\">\n<div itemprop=\"text\">\n<p>Rare avant 40 ans, la diverticulite touche 5 % des moins de 20 ans, souvent li\u00e9e \u00e0 des <b>troubles anxieux<\/b> ou des conflits familiaux. Les enfants hypersensibles ou soumis \u00e0 un stress scolaire intense pr\u00e9sentent un risque accru. Une \u00e9tude p\u00e9diatrique montre que 70 % des cas juv\u00e9niles s&rsquo;am\u00e9liorent avec une <b>terapia cognitivo-conductual<\/b>.<\/p>\n<\/div>\n<\/div>\n<\/div>\n<\/div>\n<\/article>","protected":false},"excerpt":{"rendered":"<p>\u2713 Les infos \u00e0 retenir L&rsquo;axe intestin-cerveau est une r\u00e9alit\u00e9 biologique : environ 95% de la s\u00e9rotonine est produite dans tes intestins et 200 millions de neurones contr\u00f4lent ta digestion Les \u00e9motions refoul\u00e9es (col\u00e8re, anxi\u00e9t\u00e9, tristesse) augmentent le cortisol et cr\u00e9ent une inflammation syst\u00e9mique qui favorise la diverticulite Combiner un suivi m\u00e9dical avec un travail [&hellip;]<\/p>\n","protected":false},"author":1,"featured_media":3086,"comment_status":"open","ping_status":"","sticky":false,"template":"","format":"standard","meta":{"footnotes":""},"categories":[37],"tags":[],"class_list":["post-3089","post","type-post","status-publish","format-standard","has-post-thumbnail","hentry","category-sante"],"_links":{"self":[{"href":"https:\/\/www.appareil-minceur.fr\/es\/wp-json\/wp\/v2\/posts\/3089","targetHints":{"allow":["GET"]}}],"collection":[{"href":"https:\/\/www.appareil-minceur.fr\/es\/wp-json\/wp\/v2\/posts"}],"about":[{"href":"https:\/\/www.appareil-minceur.fr\/es\/wp-json\/wp\/v2\/types\/post"}],"author":[{"embeddable":true,"href":"https:\/\/www.appareil-minceur.fr\/es\/wp-json\/wp\/v2\/users\/1"}],"replies":[{"embeddable":true,"href":"https:\/\/www.appareil-minceur.fr\/es\/wp-json\/wp\/v2\/comments?post=3089"}],"version-history":[{"count":0,"href":"https:\/\/www.appareil-minceur.fr\/es\/wp-json\/wp\/v2\/posts\/3089\/revisions"}],"wp:featuredmedia":[{"embeddable":true,"href":"https:\/\/www.appareil-minceur.fr\/es\/wp-json\/wp\/v2\/media\/3086"}],"wp:attachment":[{"href":"https:\/\/www.appareil-minceur.fr\/es\/wp-json\/wp\/v2\/media?parent=3089"}],"wp:term":[{"taxonomy":"category","embeddable":true,"href":"https:\/\/www.appareil-minceur.fr\/es\/wp-json\/wp\/v2\/categories?post=3089"},{"taxonomy":"post_tag","embeddable":true,"href":"https:\/\/www.appareil-minceur.fr\/es\/wp-json\/wp\/v2\/tags?post=3089"}],"curies":[{"name":"wp","href":"https:\/\/api.w.org\/{rel}","templated":true}]}}