{"id":3121,"date":"2026-02-18T11:05:12","date_gmt":"2026-02-18T11:05:12","guid":{"rendered":"https:\/\/www.appareil-minceur.fr\/non-categorise\/creme-de-nuit-helena-rubinstein-2\/"},"modified":"2026-02-18T11:05:12","modified_gmt":"2026-02-18T11:05:12","slug":"creme-de-nuit-helena-rubinstein-2","status":"publish","type":"post","link":"https:\/\/www.appareil-minceur.fr\/es\/salud\/creme-de-nuit-helena-rubinstein-2\/","title":{"rendered":"Quelle cr\u00e8me de nuit Helena Rubinstein choisir pour sa peau ?"},"content":{"rendered":"<div class=\"kk-star-ratings kksr-auto kksr-align-left kksr-valign-top\"\n    data-payload='{&quot;align&quot;:&quot;left&quot;,&quot;id&quot;:&quot;3121&quot;,&quot;slug&quot;:&quot;default&quot;,&quot;valign&quot;:&quot;top&quot;,&quot;ignore&quot;:&quot;&quot;,&quot;reference&quot;:&quot;auto&quot;,&quot;class&quot;:&quot;&quot;,&quot;count&quot;:&quot;0&quot;,&quot;legendonly&quot;:&quot;&quot;,&quot;readonly&quot;:&quot;&quot;,&quot;score&quot;:&quot;0&quot;,&quot;starsonly&quot;:&quot;&quot;,&quot;best&quot;:&quot;5&quot;,&quot;gap&quot;:&quot;5&quot;,&quot;greet&quot;:&quot;Notez cet article !&quot;,&quot;legend&quot;:&quot;0\\\/5 - (0 votos)&quot;,&quot;size&quot;:&quot;16&quot;,&quot;title&quot;:&quot;Quelle cr\u00e8me de nuit Helena Rubinstein choisir pour sa peau ?&quot;,&quot;width&quot;:&quot;0&quot;,&quot;_legend&quot;:&quot;{score}\\\/{best} - ({count} {votes})&quot;,&quot;font_factor&quot;:&quot;1.25&quot;}'>\n            \n<div class=\"kksr-stars\">\n    \n<div class=\"kksr-stars-inactive\">\n            <div class=\"kksr-star\" data-star=\"1\" style=\"padding-right: 5px\">\n            \n\n<div class=\"kksr-icon\" style=\"width: 16px; height: 16px;\"><\/div>\n        <\/div>\n            <div class=\"kksr-star\" data-star=\"2\" style=\"padding-right: 5px\">\n            \n\n<div class=\"kksr-icon\" style=\"width: 16px; height: 16px;\"><\/div>\n        <\/div>\n            <div class=\"kksr-star\" data-star=\"3\" style=\"padding-right: 5px\">\n            \n\n<div class=\"kksr-icon\" style=\"width: 16px; height: 16px;\"><\/div>\n        <\/div>\n            <div class=\"kksr-star\" data-star=\"4\" style=\"padding-right: 5px\">\n            \n\n<div class=\"kksr-icon\" style=\"width: 16px; height: 16px;\"><\/div>\n        <\/div>\n            <div class=\"kksr-star\" data-star=\"5\" style=\"padding-right: 5px\">\n            \n\n<div class=\"kksr-icon\" style=\"width: 16px; height: 16px;\"><\/div>\n        <\/div>\n    <\/div>\n    \n<div class=\"kksr-stars-active\" style=\"width: 0px;\">\n            <div class=\"kksr-star\" style=\"padding-right: 5px\">\n            \n\n<div class=\"kksr-icon\" style=\"width: 16px; height: 16px;\"><\/div>\n        <\/div>\n            <div class=\"kksr-star\" style=\"padding-right: 5px\">\n            \n\n<div class=\"kksr-icon\" style=\"width: 16px; height: 16px;\"><\/div>\n        <\/div>\n            <div class=\"kksr-star\" style=\"padding-right: 5px\">\n            \n\n<div class=\"kksr-icon\" style=\"width: 16px; height: 16px;\"><\/div>\n        <\/div>\n            <div class=\"kksr-star\" style=\"padding-right: 5px\">\n            \n\n<div class=\"kksr-icon\" style=\"width: 16px; height: 16px;\"><\/div>\n        <\/div>\n            <div class=\"kksr-star\" style=\"padding-right: 5px\">\n            \n\n<div class=\"kksr-icon\" style=\"width: 16px; height: 16px;\"><\/div>\n        <\/div>\n    <\/div>\n<\/div>\n                \n\n<div class=\"kksr-legend\" style=\"font-size: 12.8px;\">\n            <span class=\"kksr-muted\">Valora este art\u00edculo<\/span>\n    <\/div>\n    <\/div>\n<article>\n<div style=\"background-color: #f8f9fa; border-left: 4px solid #FF6600; padding: 20px; margin: 30px 0; border-radius: 5px; color: #000000;\">\n<h2><span class=\"ez-toc-section\" id=\"%E2%9C%93_Les_infos_a_retenir\"><\/span>\u2713 Cosas para recordar<span class=\"ez-toc-section-end\"><\/span><\/h2>\n<ul style=\"line-height: 1.8; margin: 15px 0; padding-left: 20px;\">\n<li>Helena Rubinstein propose deux cr\u00e8mes de nuit anti-\u00e2ge de r\u00e9f\u00e9rence : la <b>Prodigy Cellglow<\/b> pour l&rsquo;\u00e9clat et la <b>Re-Plasty Age Recovery<\/b> pour la r\u00e9paration intensive<\/li>\n<li>La Prodigy Cellglow utilise des <b>actifs s\u00e9nolytiques<\/b> y un <b>peptide resynchronisant<\/b> pour reprogrammer les cellules pendant le sommeil<\/li>\n<li>La Re-Plasty Age Recovery contient du <b>Pro-Xylane<\/b>, un actif bio-inspir\u00e9 qui restructure les couches profondes et r\u00e9duit visiblement les rides en 4 semaines<\/li>\n<li>Les premiers r\u00e9sultats visibles (\u00e9clat, hydratation) apparaissent d\u00e8s <b>7 jours<\/b>, mais comptez <b>De 4 a 6 semanas<\/b> pour une action anti-\u00e2ge compl\u00e8te<\/li>\n<li>Fond\u00e9e en 1902, Helena Rubinstein s&rsquo;appuie sur plus d&rsquo;un si\u00e8cle de recherche scientifique en biologie cellulaire et cosm\u00e9tologie avanc\u00e9e<\/li>\n<\/ul>\n<\/div>\n<h2><span class=\"ez-toc-section\" id=\"La_creme_de_nuit_Helena_Rubinstein_cest_quoi_exactement\"><\/span>La cr\u00e8me de nuit Helena Rubinstein, c&rsquo;est quoi exactement ?<span class=\"ez-toc-section-end\"><\/span><\/h2>\n<p>Si tu cherches une <b>Crema de noche Helena Rubinstein<\/b> qui fait vraiment la diff\u00e9rence, tu es au bon endroit ! La marque Helena Rubinstein, fond\u00e9e en 1902, est une r\u00e9f\u00e9rence absolue dans le soin visage haut de gamme. Et quand il s&rsquo;agit de soin nocturne, elle ne fait pas les choses \u00e0 moiti\u00e9.<\/p><div id=\"ez-toc-container\" class=\"ez-toc-v2_0_82_2 counter-hierarchy ez-toc-counter ez-toc-custom ez-toc-container-direction\">\n<div class=\"ez-toc-title-container\">\n<p class=\"ez-toc-title\" style=\"cursor:inherit\">Resumen del art\u00edculo<\/p>\n<span class=\"ez-toc-title-toggle\"><a href=\"#\" class=\"ez-toc-pull-right ez-toc-btn ez-toc-btn-xs ez-toc-btn-default ez-toc-toggle\" aria-label=\"Alternar tabla de contenidos\"><span class=\"ez-toc-js-icon-con\"><span class=\"\"><span class=\"eztoc-hide\" style=\"display:none;\">Toggle<\/span><span class=\"ez-toc-icon-toggle-span\"><svg style=\"fill: #ffffff;color:#ffffff\" xmlns=\"http:\/\/www.w3.org\/2000\/svg\" class=\"list-377408\" width=\"20px\" height=\"20px\" viewbox=\"0 0 24 24\" fill=\"none\"><path d=\"M6 6H4v2h2V6zm14 0H8v2h12V6zM4 11h2v2H4v-2zm16 0H8v2h12v-2zM4 16h2v2H4v-2zm16 0H8v2h12v-2z\" fill=\"currentColor\"><\/path><\/svg><svg style=\"fill: #ffffff;color:#ffffff\" class=\"arrow-unsorted-368013\" xmlns=\"http:\/\/www.w3.org\/2000\/svg\" width=\"10px\" height=\"10px\" viewbox=\"0 0 24 24\" version=\"1.2\" baseprofile=\"tiny\"><path d=\"M18.2 9.3l-6.2-6.3-6.2 6.3c-.2.2-.3.4-.3.7s.1.5.3.7c.2.2.4.3.7.3h11c.3 0 .5-.1.7-.3.2-.2.3-.5.3-.7s-.1-.5-.3-.7zM5.8 14.7l6.2 6.3 6.2-6.3c.2-.2.3-.5.3-.7s-.1-.5-.3-.7c-.2-.2-.4-.3-.7-.3h-11c-.3 0-.5.1-.7.3-.2.2-.3.5-.3.7s.1.5.3.7z\"\/><\/svg><\/span><\/span><\/span><\/a><\/span><\/div>\n<nav><ul class='ez-toc-list ez-toc-list-level-1 eztoc-toggle-hide-by-default' ><li class='ez-toc-page-1 ez-toc-heading-level-2'><a class=\"ez-toc-link ez-toc-heading-1\" href=\"https:\/\/www.appareil-minceur.fr\/es\/salud\/creme-de-nuit-helena-rubinstein-2\/#%E2%9C%93_Les_infos_a_retenir\" >\u2713 Cosas para recordar<\/a><\/li><li class='ez-toc-page-1 ez-toc-heading-level-2'><a class=\"ez-toc-link ez-toc-heading-2\" href=\"https:\/\/www.appareil-minceur.fr\/es\/salud\/creme-de-nuit-helena-rubinstein-2\/#La_creme_de_nuit_Helena_Rubinstein_cest_quoi_exactement\" >La cr\u00e8me de nuit Helena Rubinstein, c&rsquo;est quoi exactement ?<\/a><\/li><li class='ez-toc-page-1 ez-toc-heading-level-2'><a class=\"ez-toc-link ez-toc-heading-3\" href=\"https:\/\/www.appareil-minceur.fr\/es\/salud\/creme-de-nuit-helena-rubinstein-2\/#Prodigy_Cellglow_la_creme_de_nuit_qui_reprogramme_ta_peau\" >Prodigy Cellglow : la cr\u00e8me de nuit qui reprogramme ta peau<\/a><ul class='ez-toc-list-level-3' ><li class='ez-toc-heading-level-3'><a class=\"ez-toc-link ez-toc-heading-4\" href=\"https:\/\/www.appareil-minceur.fr\/es\/salud\/creme-de-nuit-helena-rubinstein-2\/#Une_science_derriere_la_formule\" >Une science derri\u00e8re la formule<\/a><\/li><li class='ez-toc-page-1 ez-toc-heading-level-3'><a class=\"ez-toc-link ez-toc-heading-5\" href=\"https:\/\/www.appareil-minceur.fr\/es\/salud\/creme-de-nuit-helena-rubinstein-2\/#Le_Supreme_Cellulaire_dEdelweiss\" >Le Supr\u00eame Cellulaire d&rsquo;Edelweiss<\/a><\/li><li class='ez-toc-page-1 ez-toc-heading-level-3'><a class=\"ez-toc-link ez-toc-heading-6\" href=\"https:\/\/www.appareil-minceur.fr\/es\/salud\/creme-de-nuit-helena-rubinstein-2\/#Une_texture_ultra-riche_et_enveloppante\" >Une texture ultra-riche et enveloppante<\/a><\/li><\/ul><\/li><li class='ez-toc-page-1 ez-toc-heading-level-2'><a class=\"ez-toc-link ez-toc-heading-7\" href=\"https:\/\/www.appareil-minceur.fr\/es\/salud\/creme-de-nuit-helena-rubinstein-2\/#Re-Plasty_Age_Recovery_le_baume_reparateur_nuit_dHelena_Rubinstein\" >Re-Plasty Age Recovery : le baume r\u00e9parateur nuit d&rsquo;Helena Rubinstein<\/a><ul class='ez-toc-list-level-3' ><li class='ez-toc-heading-level-3'><a class=\"ez-toc-link ez-toc-heading-8\" href=\"https:\/\/www.appareil-minceur.fr\/es\/salud\/creme-de-nuit-helena-rubinstein-2\/#Leffet_%C2%AB_pansement_%C2%BB_qui_fait_tout\" >L&rsquo;effet \u00ab\u00a0pansement\u00a0\u00bb qui fait tout<\/a><\/li><li class='ez-toc-page-1 ez-toc-heading-level-3'><a class=\"ez-toc-link ez-toc-heading-9\" href=\"https:\/\/www.appareil-minceur.fr\/es\/salud\/creme-de-nuit-helena-rubinstein-2\/#Le_Pro-Xylane_actif_star_de_la_formule\" >Le Pro-Xylane, actif star de la formule<\/a><\/li><li class='ez-toc-page-1 ez-toc-heading-level-3'><a class=\"ez-toc-link ez-toc-heading-10\" href=\"https:\/\/www.appareil-minceur.fr\/es\/salud\/creme-de-nuit-helena-rubinstein-2\/#Probiotiques_et_chimie_verte\" >Probiotiques et chimie verte<\/a><\/li><\/ul><\/li><li class='ez-toc-page-1 ez-toc-heading-level-2'><a class=\"ez-toc-link ez-toc-heading-11\" href=\"https:\/\/www.appareil-minceur.fr\/es\/salud\/creme-de-nuit-helena-rubinstein-2\/#Prodigy_Cellglow_vs_Re-Plasty_laquelle_choisir\" >Prodigy Cellglow vs Re-Plasty : laquelle choisir ?<\/a><\/li><li class='ez-toc-page-1 ez-toc-heading-level-2'><a class=\"ez-toc-link ez-toc-heading-12\" href=\"https:\/\/www.appareil-minceur.fr\/es\/salud\/creme-de-nuit-helena-rubinstein-2\/#Comment_bien_utiliser_ta_creme_de_nuit_Helena_Rubinstein\" >Comment bien utiliser ta cr\u00e8me de nuit Helena Rubinstein ?<\/a><ul class='ez-toc-list-level-3' ><li class='ez-toc-heading-level-3'><a class=\"ez-toc-link ez-toc-heading-13\" href=\"https:\/\/www.appareil-minceur.fr\/es\/salud\/creme-de-nuit-helena-rubinstein-2\/#Les_etapes_dapplication\" >Les \u00e9tapes d&rsquo;application<\/a><\/li><li class='ez-toc-page-1 ez-toc-heading-level-3'><a class=\"ez-toc-link ez-toc-heading-14\" href=\"https:\/\/www.appareil-minceur.fr\/es\/salud\/creme-de-nuit-helena-rubinstein-2\/#Avec_quels_soins_lassocier\" >Avec quels soins l&rsquo;associer ?<\/a><\/li><\/ul><\/li><li class='ez-toc-page-1 ez-toc-heading-level-2'><a class=\"ez-toc-link ez-toc-heading-15\" href=\"https:\/\/www.appareil-minceur.fr\/es\/salud\/creme-de-nuit-helena-rubinstein-2\/#Pourquoi_Helena_Rubinstein_est_une_reference_dans_le_soin_anti-age_nuit\" >Pourquoi Helena Rubinstein est une r\u00e9f\u00e9rence dans le soin anti-\u00e2ge nuit ?<\/a><ul class='ez-toc-list-level-3' ><li class='ez-toc-heading-level-3'><a class=\"ez-toc-link ez-toc-heading-16\" href=\"https:\/\/www.appareil-minceur.fr\/es\/salud\/creme-de-nuit-helena-rubinstein-2\/#Une_approche_scientifique_qui_fait_ses_preuves\" >Une approche scientifique qui fait ses preuves<\/a><\/li><li class='ez-toc-page-1 ez-toc-heading-level-3'><a class=\"ez-toc-link ez-toc-heading-17\" href=\"https:\/\/www.appareil-minceur.fr\/es\/salud\/creme-de-nuit-helena-rubinstein-2\/#Un_positionnement_haut_de_gamme_assume\" >Un positionnement haut de gamme assum\u00e9<\/a><\/li><\/ul><\/li><li class='ez-toc-page-1 ez-toc-heading-level-2'><a class=\"ez-toc-link ez-toc-heading-18\" href=\"https:\/\/www.appareil-minceur.fr\/es\/salud\/creme-de-nuit-helena-rubinstein-2\/#La_creme_de_nuit_Helena_Rubinstein_est-elle_faite_pour_toi\" >La cr\u00e8me de nuit Helena Rubinstein est-elle faite pour toi ?<\/a><\/li><li class='ez-toc-page-1 ez-toc-heading-level-2'><a class=\"ez-toc-link ez-toc-heading-19\" href=\"https:\/\/www.appareil-minceur.fr\/es\/salud\/creme-de-nuit-helena-rubinstein-2\/#Questions_frequentes_sur_les_cremes_de_nuit_Helena_Rubinstein\" >Questions fr\u00e9quentes sur les cr\u00e8mes de nuit Helena Rubinstein<\/a><ul class='ez-toc-list-level-3' ><li class='ez-toc-heading-level-3'><a class=\"ez-toc-link ez-toc-heading-20\" href=\"https:\/\/www.appareil-minceur.fr\/es\/salud\/creme-de-nuit-helena-rubinstein-2\/#Peut-on_utiliser_la_creme_de_nuit_Helena_Rubinstein_Prodigy_Cellglow_en_complement_dun_traitement_dermatologique\" >Peut-on utiliser la cr\u00e8me de nuit Helena Rubinstein Prodigy Cellglow en compl\u00e9ment d&rsquo;un traitement dermatologique ?<\/a><\/li><li class='ez-toc-page-1 ez-toc-heading-level-3'><a class=\"ez-toc-link ez-toc-heading-21\" href=\"https:\/\/www.appareil-minceur.fr\/es\/salud\/creme-de-nuit-helena-rubinstein-2\/#Quelle_est_la_difference_entre_le_Pro-Xylane_et_lacide_hyaluronique_dans_la_Re-Plasty_Age_Recovery\" >Quelle est la diff\u00e9rence entre le Pro-Xylane et l&rsquo;acide hyaluronique dans la Re-Plasty Age Recovery ?<\/a><\/li><li class='ez-toc-page-1 ez-toc-heading-level-3'><a class=\"ez-toc-link ez-toc-heading-22\" href=\"https:\/\/www.appareil-minceur.fr\/es\/salud\/creme-de-nuit-helena-rubinstein-2\/#La_creme_de_nuit_Helena_Rubinstein_convient-elle_aux_peaux_mixtes_a_tendance_grasse\" >La cr\u00e8me de nuit Helena Rubinstein convient-elle aux peaux mixtes \u00e0 tendance grasse ?<\/a><\/li><li class='ez-toc-page-1 ez-toc-heading-level-3'><a class=\"ez-toc-link ez-toc-heading-23\" href=\"https:\/\/www.appareil-minceur.fr\/es\/salud\/creme-de-nuit-helena-rubinstein-2\/#Combien_de_temps_faut-il_pour_voir_les_premiers_resultats_avec_ces_cremes\" >Combien de temps faut-il pour voir les premiers r\u00e9sultats avec ces cr\u00e8mes ?<\/a><\/li><li class='ez-toc-page-1 ez-toc-heading-level-3'><a class=\"ez-toc-link ez-toc-heading-24\" href=\"https:\/\/www.appareil-minceur.fr\/es\/salud\/creme-de-nuit-helena-rubinstein-2\/#Peut-on_appliquer_un_masque_visage_avant_la_creme_de_nuit_Helena_Rubinstein\" >Peut-on appliquer un masque visage avant la cr\u00e8me de nuit Helena Rubinstein ?<\/a><\/li><\/ul><\/li><\/ul><\/nav><\/div>\n\n<p>Deux produits se d\u00e9marquent particuli\u00e8rement dans leur gamme nuit : la <b>Prodigy Cellglow<\/b> y el <b>Re-Plasty Age Recovery<\/b>. Deux formules, deux approches, mais un objectif commun : que ta peau se r\u00e9veille transform\u00e9e chaque matin. \ud83c\udf19<\/p>\n<p><img decoding=\"async\" src=\"https:\/\/www.appareil-minceur.fr\/wp-content\/uploads\/2026\/02\/helena-rubinstein-creme-nuit-secrets-anti-age-scaled.jpg\" alt=\"Cr\u00e8me de nuit Helena Rubinstein\" style=\"width: 100%; max-width: 800px; height: auto; margin: 20px 0; border-radius: 10px;\"><\/p>\n<blockquote style=\"background-color:#efefef; color:#000000; border-radius:10px; padding:20px; margin:20px 0;\"><p>\n\ud83d\udca1 Helena Rubinstein mise sur la science de la <b>r\u00e9g\u00e9n\u00e9ration cellulaire nocturne<\/b> pour d\u00e9velopper des formules anti-\u00e2ge parmi les plus avanc\u00e9es du march\u00e9. Leurs cr\u00e8mes de nuit ne se contentent pas d&rsquo;hydrater : elles reprogramment litt\u00e9ralement le comportement de tes cellules pendant ton sommeil.\n<\/p><\/blockquote>\n<h2><span class=\"ez-toc-section\" id=\"Prodigy_Cellglow_la_creme_de_nuit_qui_reprogramme_ta_peau\"><\/span>Prodigy Cellglow : la cr\u00e8me de nuit qui reprogramme ta peau<span class=\"ez-toc-section-end\"><\/span><\/h2>\n<p>La Prodigy Cellglow Cr\u00e8me de Nuit Riche R\u00e9novatrice Radieuse, c&rsquo;est le fleuron technologique d&rsquo;Helena Rubinstein. Son ambition ? S&rsquo;inspirer de la science de la reprogrammation cellulaire pour offrir \u00e0 ta peau un vrai renouveau nocturne.<\/p>\n<h3><span class=\"ez-toc-section\" id=\"Une_science_derriere_la_formule\"><\/span>Une science derri\u00e8re la formule<span class=\"ez-toc-section-end\"><\/span><\/h3>\n<p>Le concept repose sur la lutte contre la <b>s\u00e9nescence cellulaire<\/b> \u2014 autrement dit, le vieillissement des cellules qui perdent leur capacit\u00e9 \u00e0 se renouveler. Gr\u00e2ce aux <b>actifs s\u00e9nolytiques<\/b>, la formule aide \u00e0 \u00e9liminer ces cellules \u00ab\u00a0fatigu\u00e9es\u00a0\u00bb pour laisser place \u00e0 des cellules plus jeunes et plus actives. Impressionnant, non ?!<\/p>\n<p>La cr\u00e8me int\u00e8gre aussi un <b>peptide resynchronisant<\/b> exclusif, qui agit sur les marqueurs circadiens de la peau. En clair, elle synchronise le rythme biologique de ta peau avec ton cycle de sommeil pour maximiser la r\u00e9g\u00e9n\u00e9ration quand ton corps est au repos.<\/p>\n<h3><span class=\"ez-toc-section\" id=\"Le_Supreme_Cellulaire_dEdelweiss\"><\/span>Le Supr\u00eame Cellulaire d&rsquo;Edelweiss<span class=\"ez-toc-section-end\"><\/span><\/h3>\n<p>L&rsquo;edelweiss, cette fleur alpine connue pour sa r\u00e9sistance extr\u00eame, est au c\u0153ur de la formule. Cet actif d&rsquo;exception agit comme un bouclier cellulaire tout en boostant l&rsquo;\u00e9clat de la peau. Les r\u00e9sultats ? Une peau visiblement plus lumineuse et plus jeune au r\u00e9veil !<\/p>\n<h3><span class=\"ez-toc-section\" id=\"Une_texture_ultra-riche_et_enveloppante\"><\/span>Une texture ultra-riche et enveloppante<span class=\"ez-toc-section-end\"><\/span><\/h3>\n<p>La texture de cette cr\u00e8me de nuit, c&rsquo;est un vrai c\u00e2lin pour ta peau. Ultra-riche, enveloppante, elle fond au contact de l&rsquo;\u00e9piderme sans laisser de film gras. Tu l&rsquo;appliques le soir, et le matin tu te r\u00e9veilles avec une peau redensifi\u00e9e et rayonnante.<\/p>\n<h2><span class=\"ez-toc-section\" id=\"Re-Plasty_Age_Recovery_le_baume_reparateur_nuit_dHelena_Rubinstein\"><\/span>Re-Plasty Age Recovery : le baume r\u00e9parateur nuit d&rsquo;Helena Rubinstein<span class=\"ez-toc-section-end\"><\/span><\/h2>\n<p>L&rsquo;autre star de la gamme nuit Helena Rubinstein, c&rsquo;est la <b>Re-Plasty Age Recovery<\/b>. Cette cr\u00e8me anti-\u00e2ge globale adopte une approche diff\u00e9rente, mais tout aussi efficace. Son positionnement ? La r\u00e9paration intense et la reconstruction des tissus cutan\u00e9s ab\u00eem\u00e9s par le temps.<\/p>\n<p><iframe width=\"100%\" height=\"600\" src=\"https:\/\/www.youtube.com\/embed\/8UcPcLac5Ps\" frameborder=\"0\" allow=\"accelerometer; autoplay; clipboard-write; encrypted-media; gyroscope; picture-in-picture\" allowfullscreen=\"\" style=\"border-radius: 10px; margin: 20px 0;\"><\/iframe><\/p>\n<h3><span class=\"ez-toc-section\" id=\"Leffet_%C2%AB_pansement_%C2%BB_qui_fait_tout\"><\/span>L&rsquo;effet \u00ab\u00a0pansement\u00a0\u00bb qui fait tout<span class=\"ez-toc-section-end\"><\/span><\/h3>\n<p>Ce qui diff\u00e9rencie vraiment la Re-Plasty, c&rsquo;est sa texture \u00e0 effet pansement. Riche, protectrice, elle forme un voile r\u00e9parateur sur la peau pendant la nuit. Id\u00e9ale pour les peaux matures qui ont besoin d&rsquo;un soin post-intervention esth\u00e9tique ou simplement d&rsquo;une r\u00e9g\u00e9n\u00e9ration profonde.<\/p>\n<h3><span class=\"ez-toc-section\" id=\"Le_Pro-Xylane_actif_star_de_la_formule\"><\/span>Le Pro-Xylane, actif star de la formule<span class=\"ez-toc-section-end\"><\/span><\/h3>\n<p>Le <b>Pro-Xylane<\/b> est un actif de synth\u00e8se bio-inspir\u00e9, d\u00e9riv\u00e9 du bois de h\u00eatre, reconnu pour sa capacit\u00e9 \u00e0 restructurer les couches profondes de la peau. Il stimule la production de glycosaminoglycanes, des mol\u00e9cules cl\u00e9s pour la fermet\u00e9 et la densit\u00e9 cutan\u00e9e. R\u00e9sultat : les rides sont visiblement liss\u00e9es, la peau regagne en volume.<\/p>\n<h3><span class=\"ez-toc-section\" id=\"Probiotiques_et_chimie_verte\"><\/span>Probiotiques et chimie verte<span class=\"ez-toc-section-end\"><\/span><\/h3>\n<p>La formule int\u00e8gre aussi des pr\u00e9 et probiotiques qui renforcent le microbiome cutan\u00e9, ainsi qu&rsquo;une d\u00e9marche de chimie verte pour une formulation plus responsable. Ce soin de nuit ultra-complet convient parfaitement aux peaux matures, tr\u00e8s s\u00e8ches ou fragilis\u00e9es.<\/p>\n<p><img decoding=\"async\" src=\"https:\/\/www.appareil-minceur.fr\/wp-content\/uploads\/2026\/02\/creme-nuit-helena-rubinstein-secrets-transformants-scaled.jpg\" alt=\"Cr\u00e8me de nuit Helena Rubinstein secrets transformants\" style=\"width: 100%; max-width: 800px; height: auto; margin: 20px 0; border-radius: 10px;\"><\/p>\n<h2><span class=\"ez-toc-section\" id=\"Prodigy_Cellglow_vs_Re-Plasty_laquelle_choisir\"><\/span>Prodigy Cellglow vs Re-Plasty : laquelle choisir ?<span class=\"ez-toc-section-end\"><\/span><\/h2>\n<p>Pas toujours facile de choisir entre ces deux p\u00e9pites ! Voici un tableau comparatif pour t&rsquo;aider \u00e0 trouver la cr\u00e8me de nuit Helena Rubinstein qui correspond le mieux \u00e0 ta peau :<\/p>\n<table style=\"width:100%; border-collapse:collapse; margin:20px 0;\">\n<thead>\n<tr style=\"background-color:#efefef;\">\n<th style=\"padding:12px; border:1px solid #ddd; text-align:left;\">Criterios<\/th>\n<th style=\"padding:12px; border:1px solid #ddd; text-align:left;\">Prodigy Cellglow<\/th>\n<th style=\"padding:12px; border:1px solid #ddd; text-align:left;\">Re-Plasty Age Recovery<\/th>\n<\/tr>\n<\/thead>\n<tbody>\n<tr>\n<td style=\"padding:12px; border:1px solid #ddd;\">Acci\u00f3n principal<\/td>\n<td style=\"padding:12px; border:1px solid #ddd;\">Reprogrammation cellulaire<\/td>\n<td style=\"padding:12px; border:1px solid #ddd;\">R\u00e9paration et reconstruction<\/td>\n<\/tr>\n<tr style=\"background-color:#f9f9f9;\">\n<td style=\"padding:12px; border:1px solid #ddd;\">Actif star<\/td>\n<td style=\"padding:12px; border:1px solid #ddd;\">Edelweiss + peptide resynchronisant<\/td>\n<td style=\"padding:12px; border:1px solid #ddd;\">Pro-Xylane + probiotiques<\/td>\n<\/tr>\n<tr>\n<td style=\"padding:12px; border:1px solid #ddd;\">Textura<\/td>\n<td style=\"padding:12px; border:1px solid #ddd;\">Ultra-riche, enveloppante<\/td>\n<td style=\"padding:12px; border:1px solid #ddd;\">Effet pansement, protectrice<\/td>\n<\/tr>\n<tr style=\"background-color:#f9f9f9;\">\n<td style=\"padding:12px; border:1px solid #ddd;\">Peau cible<\/td>\n<td style=\"padding:12px; border:1px solid #ddd;\">Peaux ternes, matures<\/td>\n<td style=\"padding:12px; border:1px solid #ddd;\">Peaux tr\u00e8s matures, fragilis\u00e9es<\/td>\n<\/tr>\n<tr>\n<td style=\"padding:12px; border:1px solid #ddd;\">Resultados visibles<\/td>\n<td style=\"padding:12px; border:1px solid #ddd;\">\u00c9clat, jeunesse, radiance<\/td>\n<td style=\"padding:12px; border:1px solid #ddd;\">Fermet\u00e9, lissage, r\u00e9paration<\/td>\n<\/tr>\n<\/tbody>\n<\/table>\n<h2><span class=\"ez-toc-section\" id=\"Comment_bien_utiliser_ta_creme_de_nuit_Helena_Rubinstein\"><\/span>Comment bien utiliser ta cr\u00e8me de nuit Helena Rubinstein ?<span class=\"ez-toc-section-end\"><\/span><\/h2>\n<p>Une bonne cr\u00e8me de nuit, c&rsquo;est super, mais encore faut-il l&rsquo;utiliser correctement pour en tirer le maximum ! Voici mes conseils de coach pour une routine nocturne au top.<\/p>\n<h3><span class=\"ez-toc-section\" id=\"Les_etapes_dapplication\"><\/span>Les \u00e9tapes d&rsquo;application<span class=\"ez-toc-section-end\"><\/span><\/h3>\n<ul>\n<li>Commence toujours par un <b>d\u00e9maquillage complet<\/b> et un nettoyage en douceur du visage.<\/li>\n<li>Si tu utilises un <a href=\"https:\/\/www.appareil-minceur.fr\/es\/salud\/serumcu\/\" style=\"color: #FF6600; text-decoration: none; font-weight: bold;\">s\u00e9rum Helena Rubinstein<\/a> (comme le Prodigy Cellglow Serum), applique-le avant la cr\u00e8me sur peau l\u00e9g\u00e8rement humide.<\/li>\n<li>Pr\u00e9l\u00e8ve une noisette de cr\u00e8me et applique-la en <b>mouvements ascendants<\/b>, du centre du visage vers l&rsquo;ext\u00e9rieur.<\/li>\n<li>N&rsquo;oublie pas le contour des yeux et le cou, souvent n\u00e9glig\u00e9s mais tr\u00e8s r\u00e9v\u00e9lateurs de l&rsquo;\u00e2ge !<\/li>\n<li>Laisse agir toute la nuit et ne rince pas.<\/li>\n<\/ul>\n<h3><span class=\"ez-toc-section\" id=\"Avec_quels_soins_lassocier\"><\/span>Avec quels soins l&rsquo;associer ?<span class=\"ez-toc-section-end\"><\/span><\/h3>\n<p>Pour d\u00e9cupler les effets de ta cr\u00e8me de nuit Helena Rubinstein, tu peux la combiner avec un s\u00e9rum anti-\u00e2ge de la m\u00eame gamme. La synergie entre les actifs booste les r\u00e9sultats de mani\u00e8re significative. Certains utilisateurs constatent une am\u00e9lioration visible de l&rsquo;\u00e9clat et de la fermet\u00e9 d\u00e8s les premi\u00e8res semaines d&rsquo;utilisation r\u00e9guli\u00e8re !<\/p>\n<blockquote style=\"background-color:#efefef; color:#000000; border-radius:10px; padding:20px; margin:20px 0;\"><p>\n\u2705 Pour des r\u00e9sultats optimaux, utilise ta cr\u00e8me de nuit Helena Rubinstein <b>7 soirs sur 7<\/b>, en combinaison avec un s\u00e9rum adapt\u00e9 \u00e0 ton type de peau. La r\u00e9gularit\u00e9 est la cl\u00e9 : les actifs comme le Pro-Xylane et les peptides resynchronisants ont besoin de temps pour agir en profondeur sur les structures cutan\u00e9es.\n<\/p><\/blockquote>\n<h2><span class=\"ez-toc-section\" id=\"Pourquoi_Helena_Rubinstein_est_une_reference_dans_le_soin_anti-age_nuit\"><\/span>Pourquoi Helena Rubinstein est une r\u00e9f\u00e9rence dans le soin anti-\u00e2ge nuit ?<span class=\"ez-toc-section-end\"><\/span><\/h2>\n<p>Helena Rubinstein, c&rsquo;est plus d&rsquo;un si\u00e8cle d&rsquo;expertise beaut\u00e9 et de recherche scientifique. La marque travaille avec des laboratoires de pointe pour d\u00e9velopper des formules qui int\u00e8grent les derni\u00e8res avanc\u00e9es en biologie cellulaire.<\/p>\n<p>Leurs \u00e9tudes cliniques montrent des r\u00e9sultats concrets : apr\u00e8s 4 semaines d&rsquo;utilisation de la Re-Plasty Age Recovery, une majorit\u00e9 d&rsquo;utilisatrices constatent une r\u00e9duction visible des rides et une am\u00e9lioration de la fermet\u00e9 cutan\u00e9e. Pour la Prodigy Cellglow, c&rsquo;est l&rsquo;\u00e9clat et la luminosit\u00e9 qui sont les premiers effets remarqu\u00e9s d\u00e8s les premi\u00e8res applications !<\/p>\n<h3><span class=\"ez-toc-section\" id=\"Une_approche_scientifique_qui_fait_ses_preuves\"><\/span>Une approche scientifique qui fait ses preuves<span class=\"ez-toc-section-end\"><\/span><\/h3>\n<p>Ce qui distingue Helena Rubinstein des autres marques, c&rsquo;est leur engagement dans la recherche fondamentale. La science de la <b>s\u00e9nescence cellulaire<\/b>, les peptides de nouvelle g\u00e9n\u00e9ration, les actifs biosourc\u00e9s comme l&rsquo;edelweiss alpin\u2026 tout est pens\u00e9 pour agir \u00e0 la source du vieillissement cutan\u00e9, pas juste en surface.<\/p>\n<h3><span class=\"ez-toc-section\" id=\"Un_positionnement_haut_de_gamme_assume\"><\/span>Un positionnement haut de gamme assum\u00e9<span class=\"ez-toc-section-end\"><\/span><\/h3>\n<p>On ne va pas se mentir, les cr\u00e8mes de nuit Helena Rubinstein font partie du segment luxe de la cosm\u00e9tique. Mais quand on voit la qualit\u00e9 des ingr\u00e9dients, la densit\u00e9 des actifs et la sophistication des formules, le rapport qualit\u00e9-r\u00e9sultats est vraiment l\u00e0. Mes clientes qui ont int\u00e9gr\u00e9 ces soins dans leur routine sont bluff\u00e9es par les r\u00e9sultats sur leur peau mature ! Si tu cherches \u00e0 am\u00e9liorer la fermet\u00e9 de ton visage, tu peux \u00e9galement explorer <a href=\"https:\/\/www.appareil-minceur.fr\/es\/guia\/el-mejor-aparato-para-reafirmar-el-contorno-facial\/\" style=\"color: #FF6600; text-decoration: none; font-weight: bold;\">les meilleurs appareils pour raffermir l&rsquo;ovale du visage<\/a> en compl\u00e9ment de ta routine de soin nuit.<\/p>\n<p><img decoding=\"async\" src=\"https:\/\/www.appareil-minceur.fr\/wp-content\/uploads\/2026\/02\/creme-nuit-helena-rubinstein-effets-miraculeux-scaled.jpg\" alt=\"Cr\u00e8me de nuit Helena Rubinstein effets miraculeux\" style=\"width: 100%; max-width: 800px; height: auto; margin: 20px 0; border-radius: 10px;\"><\/p>\n<h2><span class=\"ez-toc-section\" id=\"La_creme_de_nuit_Helena_Rubinstein_est-elle_faite_pour_toi\"><\/span>La cr\u00e8me de nuit Helena Rubinstein est-elle faite pour toi ?<span class=\"ez-toc-section-end\"><\/span><\/h2>\n<p>Si tu te poses encore la question, voici comment savoir si ces soins nocturnes correspondent \u00e0 tes besoins :<\/p>\n<p>Tu es la candidate id\u00e9ale pour la <b>Prodigy Cellglow<\/b> si ta peau manque d&rsquo;\u00e9clat, si elle te semble terne au r\u00e9veil, ou si tu remarques les premiers signes de vieillissement comme un manque de fermet\u00e9 ou des rides d&rsquo;expression qui s&rsquo;installent.<\/p>\n<p>Tu seras davantage s\u00e9duite par la <b>Re-Plasty Age Recovery<\/b> si ta peau est tr\u00e8s mature, tr\u00e8s s\u00e8che, ou si tu traverses une p\u00e9riode o\u00f9 elle a besoin d&rsquo;une r\u00e9paration intensive \u2014 apr\u00e8s une proc\u00e9dure esth\u00e9tique par exemple, ou lors d&rsquo;une p\u00e9riode de stress qui a mis ta peau \u00e0 rude \u00e9preuve. Pour aller plus loin dans ta routine anti-\u00e2ge nocturne, d\u00e9couvre aussi <a href=\"https:\/\/www.appareil-minceur.fr\/es\/salud\/wrinkle-power\/\" style=\"color: #FF6600; text-decoration: none; font-weight: bold;\">les solutions anti-rides innovantes<\/a> qui compl\u00e8tent parfaitement ton soin de nuit. \ud83d\udc4d<\/p>\n<p>Dans les deux cas, tu offres \u00e0 ta peau ce qu&rsquo;il y a de mieux pendant que tu dors. Et franchement, c&rsquo;est l&rsquo;une des meilleures d\u00e9cisions que tu puisses prendre pour ton soin visage anti-\u00e2ge !<\/p>\n<div style=\"background-color:#f8f9fa; border-left:4px solid #FF6600; padding:20px; color:#000000; margin-top: 40px;\">\n<h2><span class=\"ez-toc-section\" id=\"Questions_frequentes_sur_les_cremes_de_nuit_Helena_Rubinstein\"><\/span>Questions fr\u00e9quentes sur les cr\u00e8mes de nuit Helena Rubinstein<span class=\"ez-toc-section-end\"><\/span><\/h2>\n<div itemscope itemprop=\"mainEntity\" itemtype=\"https:\/\/schema.org\/Question\">\n<h3 itemprop=\"name\"><span class=\"ez-toc-section\" id=\"Peut-on_utiliser_la_creme_de_nuit_Helena_Rubinstein_Prodigy_Cellglow_en_complement_dun_traitement_dermatologique\"><\/span>Peut-on utiliser la cr\u00e8me de nuit Helena Rubinstein Prodigy Cellglow en compl\u00e9ment d&rsquo;un traitement dermatologique ?<span class=\"ez-toc-section-end\"><\/span><\/h3>\n<div itemscope itemprop=\"acceptedAnswer\" itemtype=\"https:\/\/schema.org\/Answer\">\n<div itemprop=\"text\">\n<p>La <b>Prodigy Cellglow<\/b> est formul\u00e9e pour \u00eatre douce, mais il est conseill\u00e9 d&rsquo;attendre 48h apr\u00e8s un traitement dermatologique (laser, peeling) avant de l&rsquo;appliquer. Ses <b>actifs s\u00e9nolytiques<\/b> et son <b>peptide resynchronisant<\/b> agissent en profondeur, ce qui peut irriter une peau fragilis\u00e9e. Consultez toujours votre dermatologue pour une utilisation optimale.<\/p>\n<\/div>\n<\/div>\n<\/div>\n<div itemscope itemprop=\"mainEntity\" itemtype=\"https:\/\/schema.org\/Question\">\n<h3 itemprop=\"name\"><span class=\"ez-toc-section\" id=\"Quelle_est_la_difference_entre_le_Pro-Xylane_et_lacide_hyaluronique_dans_la_Re-Plasty_Age_Recovery\"><\/span>Quelle est la diff\u00e9rence entre le Pro-Xylane et l&rsquo;acide hyaluronique dans la Re-Plasty Age Recovery ?<span class=\"ez-toc-section-end\"><\/span><\/h3>\n<div itemscope itemprop=\"acceptedAnswer\" itemtype=\"https:\/\/schema.org\/Answer\">\n<div itemprop=\"text\">\n<p>Le <b>Pro-Xylane<\/b> (d\u00e9riv\u00e9 du h\u00eatre) stimule la production de <b>glycosaminoglycanes<\/b> pour restructurer la peau en profondeur, tandis que l&rsquo;<b>\u00e1cido hialur\u00f3nico<\/b> hydrate en surface. La Re-Plasty combine les deux pour un effet <b>lifting<\/b> et repulpant, avec des r\u00e9sultats visibles apr\u00e8s 28 jours d&rsquo;utilisation.<\/p>\n<\/div>\n<\/div>\n<\/div>\n<div itemscope itemprop=\"mainEntity\" itemtype=\"https:\/\/schema.org\/Question\">\n<h3 itemprop=\"name\"><span class=\"ez-toc-section\" id=\"La_creme_de_nuit_Helena_Rubinstein_convient-elle_aux_peaux_mixtes_a_tendance_grasse\"><\/span>La cr\u00e8me de nuit Helena Rubinstein convient-elle aux peaux mixtes \u00e0 tendance grasse ?<span class=\"ez-toc-section-end\"><\/span><\/h3>\n<div itemscope itemprop=\"acceptedAnswer\" itemtype=\"https:\/\/schema.org\/Answer\">\n<div itemprop=\"text\">\n<p>La <b>Prodigy Cellglow<\/b> a une texture <b>ultra-riche<\/b>, mieux adapt\u00e9e aux peaux s\u00e8ches ou matures. Pour les peaux mixtes, privil\u00e9giez une formule plus l\u00e9g\u00e8re comme le <b>s\u00e9rum Prodigy Cellglow<\/b> en compl\u00e9ment. La Re-Plasty, avec son effet pansement, est d\u00e9conseill\u00e9e pour les peaux grasses.<\/p>\n<\/div>\n<\/div>\n<\/div>\n<div itemscope itemprop=\"mainEntity\" itemtype=\"https:\/\/schema.org\/Question\">\n<h3 itemprop=\"name\"><span class=\"ez-toc-section\" id=\"Combien_de_temps_faut-il_pour_voir_les_premiers_resultats_avec_ces_cremes\"><\/span>Combien de temps faut-il pour voir les premiers r\u00e9sultats avec ces cr\u00e8mes ?<span class=\"ez-toc-section-end\"><\/span><\/h3>\n<div itemscope itemprop=\"acceptedAnswer\" itemtype=\"https:\/\/schema.org\/Answer\">\n<div itemprop=\"text\">\n<p>Les premiers effets (\u00e9clat, hydratation) apparaissent d\u00e8s <b>7 jours<\/b> avec la Prodigy Cellglow. Pour des r\u00e9sultats <b>anti-\u00e2ge<\/b> significatifs (r\u00e9duction des rides, fermet\u00e9), comptez <b>De 4 a 6 semanas<\/b> d&rsquo;utilisation quotidienne. La Re-Plasty montre une am\u00e9lioration de la texture cutan\u00e9e apr\u00e8s <b>14 jours<\/b>.<\/p>\n<\/div>\n<\/div>\n<\/div>\n<div itemscope itemprop=\"mainEntity\" itemtype=\"https:\/\/schema.org\/Question\">\n<h3 itemprop=\"name\"><span class=\"ez-toc-section\" id=\"Peut-on_appliquer_un_masque_visage_avant_la_creme_de_nuit_Helena_Rubinstein\"><\/span>Peut-on appliquer un masque visage avant la cr\u00e8me de nuit Helena Rubinstein ?<span class=\"ez-toc-section-end\"><\/span><\/h3>\n<div itemscope itemprop=\"acceptedAnswer\" itemtype=\"https:\/\/schema.org\/Answer\">\n<div itemprop=\"text\">\n<p>Oui, mais attendez <b>10 minutes<\/b> apr\u00e8s le masque pour laisser la peau absorber les actifs. Optez pour un masque <b>hydratant<\/b> o <b>r\u00e9parateur<\/b> (comme ceux \u00e0 l&rsquo;<b>edelweiss<\/b>) pour potentialiser les effets de la cr\u00e8me. \u00c9vitez les masques exfoliants le soir pour ne pas irriter l&rsquo;\u00e9piderme.<\/p>\n<\/div>\n<\/div>\n<\/div>\n<\/div>\n<\/article>","protected":false},"excerpt":{"rendered":"<p>\u2713 Les infos \u00e0 retenir Helena Rubinstein propose deux cr\u00e8mes de nuit anti-\u00e2ge de r\u00e9f\u00e9rence : la Prodigy Cellglow pour l&rsquo;\u00e9clat et la Re-Plasty Age Recovery pour la r\u00e9paration intensive La Prodigy Cellglow utilise des actifs s\u00e9nolytiques et un peptide resynchronisant pour reprogrammer les cellules pendant le sommeil La Re-Plasty Age Recovery contient du Pro-Xylane, [&hellip;]<\/p>\n","protected":false},"author":1,"featured_media":3118,"comment_status":"open","ping_status":"","sticky":false,"template":"","format":"standard","meta":{"footnotes":""},"categories":[37],"tags":[],"class_list":["post-3121","post","type-post","status-publish","format-standard","has-post-thumbnail","hentry","category-sante"],"_links":{"self":[{"href":"https:\/\/www.appareil-minceur.fr\/es\/wp-json\/wp\/v2\/posts\/3121","targetHints":{"allow":["GET"]}}],"collection":[{"href":"https:\/\/www.appareil-minceur.fr\/es\/wp-json\/wp\/v2\/posts"}],"about":[{"href":"https:\/\/www.appareil-minceur.fr\/es\/wp-json\/wp\/v2\/types\/post"}],"author":[{"embeddable":true,"href":"https:\/\/www.appareil-minceur.fr\/es\/wp-json\/wp\/v2\/users\/1"}],"replies":[{"embeddable":true,"href":"https:\/\/www.appareil-minceur.fr\/es\/wp-json\/wp\/v2\/comments?post=3121"}],"version-history":[{"count":0,"href":"https:\/\/www.appareil-minceur.fr\/es\/wp-json\/wp\/v2\/posts\/3121\/revisions"}],"wp:featuredmedia":[{"embeddable":true,"href":"https:\/\/www.appareil-minceur.fr\/es\/wp-json\/wp\/v2\/media\/3118"}],"wp:attachment":[{"href":"https:\/\/www.appareil-minceur.fr\/es\/wp-json\/wp\/v2\/media?parent=3121"}],"wp:term":[{"taxonomy":"category","embeddable":true,"href":"https:\/\/www.appareil-minceur.fr\/es\/wp-json\/wp\/v2\/categories?post=3121"},{"taxonomy":"post_tag","embeddable":true,"href":"https:\/\/www.appareil-minceur.fr\/es\/wp-json\/wp\/v2\/tags?post=3121"}],"curies":[{"name":"wp","href":"https:\/\/api.w.org\/{rel}","templated":true}]}}