{"id":3307,"date":"2026-04-05T10:04:55","date_gmt":"2026-04-05T10:04:55","guid":{"rendered":"https:\/\/www.appareil-minceur.fr\/non-categorise\/oenobiol-solaire-effets-secondaires\/"},"modified":"2026-04-05T10:04:55","modified_gmt":"2026-04-05T10:04:55","slug":"oenobiol-solaire-effets-secondaires","status":"publish","type":"post","link":"https:\/\/www.appareil-minceur.fr\/es\/salud\/oenobiol-solaire-effets-secondaires\/","title":{"rendered":"Quels sont les effets secondaires d\u2019Oenobiol Solaire ?"},"content":{"rendered":"<div class=\"kk-star-ratings kksr-auto kksr-align-left kksr-valign-top\"\n    data-payload='{&quot;align&quot;:&quot;left&quot;,&quot;id&quot;:&quot;3307&quot;,&quot;slug&quot;:&quot;default&quot;,&quot;valign&quot;:&quot;top&quot;,&quot;ignore&quot;:&quot;&quot;,&quot;reference&quot;:&quot;auto&quot;,&quot;class&quot;:&quot;&quot;,&quot;count&quot;:&quot;0&quot;,&quot;legendonly&quot;:&quot;&quot;,&quot;readonly&quot;:&quot;&quot;,&quot;score&quot;:&quot;0&quot;,&quot;starsonly&quot;:&quot;&quot;,&quot;best&quot;:&quot;5&quot;,&quot;gap&quot;:&quot;5&quot;,&quot;greet&quot;:&quot;Notez cet article !&quot;,&quot;legend&quot;:&quot;0\\\/5 - (0 votos)&quot;,&quot;size&quot;:&quot;16&quot;,&quot;title&quot;:&quot;Quels sont les effets secondaires d\u2019Oenobiol Solaire ?&quot;,&quot;width&quot;:&quot;0&quot;,&quot;_legend&quot;:&quot;{score}\\\/{best} - ({count} {votes})&quot;,&quot;font_factor&quot;:&quot;1.25&quot;}'>\n            \n<div class=\"kksr-stars\">\n    \n<div class=\"kksr-stars-inactive\">\n            <div class=\"kksr-star\" data-star=\"1\" style=\"padding-right: 5px\">\n            \n\n<div class=\"kksr-icon\" style=\"width: 16px; height: 16px;\"><\/div>\n        <\/div>\n            <div class=\"kksr-star\" data-star=\"2\" style=\"padding-right: 5px\">\n            \n\n<div class=\"kksr-icon\" style=\"width: 16px; height: 16px;\"><\/div>\n        <\/div>\n            <div class=\"kksr-star\" data-star=\"3\" style=\"padding-right: 5px\">\n            \n\n<div class=\"kksr-icon\" style=\"width: 16px; height: 16px;\"><\/div>\n        <\/div>\n            <div class=\"kksr-star\" data-star=\"4\" style=\"padding-right: 5px\">\n            \n\n<div class=\"kksr-icon\" style=\"width: 16px; height: 16px;\"><\/div>\n        <\/div>\n            <div class=\"kksr-star\" data-star=\"5\" style=\"padding-right: 5px\">\n            \n\n<div class=\"kksr-icon\" style=\"width: 16px; height: 16px;\"><\/div>\n        <\/div>\n    <\/div>\n    \n<div class=\"kksr-stars-active\" style=\"width: 0px;\">\n            <div class=\"kksr-star\" style=\"padding-right: 5px\">\n            \n\n<div class=\"kksr-icon\" style=\"width: 16px; height: 16px;\"><\/div>\n        <\/div>\n            <div class=\"kksr-star\" style=\"padding-right: 5px\">\n            \n\n<div class=\"kksr-icon\" style=\"width: 16px; height: 16px;\"><\/div>\n        <\/div>\n            <div class=\"kksr-star\" style=\"padding-right: 5px\">\n            \n\n<div class=\"kksr-icon\" style=\"width: 16px; height: 16px;\"><\/div>\n        <\/div>\n            <div class=\"kksr-star\" style=\"padding-right: 5px\">\n            \n\n<div class=\"kksr-icon\" style=\"width: 16px; height: 16px;\"><\/div>\n        <\/div>\n            <div class=\"kksr-star\" style=\"padding-right: 5px\">\n            \n\n<div class=\"kksr-icon\" style=\"width: 16px; height: 16px;\"><\/div>\n        <\/div>\n    <\/div>\n<\/div>\n                \n\n<div class=\"kksr-legend\" style=\"font-size: 12.8px;\">\n            <span class=\"kksr-muted\">Valora este art\u00edculo<\/span>\n    <\/div>\n    <\/div>\n<article>\n<div style=\"background-color: #f8f9fa; border-left: 4px solid #FF6600; padding: 20px; margin: 30px 0; border-radius: 5px; color:#000;\">\n<h2><span class=\"ez-toc-section\" id=\"%E2%9C%93_Les_infos_a_retenir\"><\/span>\u2713 Cosas para recordar<span class=\"ez-toc-section-end\"><\/span><\/h2>\n<ul style=\"line-height: 1.8; margin: 15px 0; padding-left: 20px;\">\n<li>Oenobiol Solaire ne remplace pas une cr\u00e8me solaire : il offre une protection \u00e9quivalente \u00e0 un <b>SPF 2-3<\/b> contre <b>SPF 30<\/b> minimum recommand\u00e9 par les dermatologues<\/li>\n<li>Le b\u00eata-carot\u00e8ne synth\u00e9tique augmente le risque de cancer du poumon de <b>28 %<\/b> chez les fumeurs selon l&rsquo;\u00e9tude <b>CARET<\/b> : fortement d\u00e9conseill\u00e9 si vous fumez<\/li>\n<li>L'<b>ANSES<\/b> et l&rsquo;Acad\u00e9mie nationale de m\u00e9decine sont clairs : aucun compl\u00e9ment alimentaire ne peut se substituer \u00e0 une protection solaire topique<\/li>\n<li>La canthaxanthine peut provoquer des d\u00e9p\u00f4ts r\u00e9tiniens en cas de consommation prolong\u00e9e \u00e0 haute dose<\/li>\n<li>Une alimentation riche en carot\u00e9no\u00efdes naturels (carotte, tomate, melon) et en antioxydants est une meilleure alternative sans risques<\/li>\n<\/ul>\n<\/div>\n<h2><span class=\"ez-toc-section\" id=\"Oenobiol_Solaire_a_quoi_sert_ce_complement_et_ce_quil_contient_vraiment\"><\/span>Oenobiol Solaire : \u00e0 quoi sert ce compl\u00e9ment et ce qu&rsquo;il contient vraiment ?<span class=\"ez-toc-section-end\"><\/span><\/h2>\n<p><b>Oenobiol Solaire<\/b> est l&rsquo;un des compl\u00e9ments alimentaires les plus vendus en France \u00e0 l&rsquo;approche de l&rsquo;\u00e9t\u00e9. Le concept est s\u00e9duisant : avaler quelques g\u00e9lules pour pr\u00e9parer sa peau au soleil, booster son bronzage et se prot\u00e9ger des agressions UV. Mais est-ce vraiment aussi simple ? Et surtout, est-ce sans danger ?<\/p><div id=\"ez-toc-container\" class=\"ez-toc-v2_0_82_2 counter-hierarchy ez-toc-counter ez-toc-custom ez-toc-container-direction\">\n<div class=\"ez-toc-title-container\">\n<p class=\"ez-toc-title\" style=\"cursor:inherit\">Resumen del art\u00edculo<\/p>\n<span class=\"ez-toc-title-toggle\"><a href=\"#\" class=\"ez-toc-pull-right ez-toc-btn ez-toc-btn-xs ez-toc-btn-default ez-toc-toggle\" aria-label=\"Alternar tabla de contenidos\"><span class=\"ez-toc-js-icon-con\"><span class=\"\"><span class=\"eztoc-hide\" style=\"display:none;\">Toggle<\/span><span class=\"ez-toc-icon-toggle-span\"><svg style=\"fill: #ffffff;color:#ffffff\" xmlns=\"http:\/\/www.w3.org\/2000\/svg\" class=\"list-377408\" width=\"20px\" height=\"20px\" viewbox=\"0 0 24 24\" fill=\"none\"><path d=\"M6 6H4v2h2V6zm14 0H8v2h12V6zM4 11h2v2H4v-2zm16 0H8v2h12v-2zM4 16h2v2H4v-2zm16 0H8v2h12v-2z\" fill=\"currentColor\"><\/path><\/svg><svg style=\"fill: #ffffff;color:#ffffff\" class=\"arrow-unsorted-368013\" xmlns=\"http:\/\/www.w3.org\/2000\/svg\" width=\"10px\" height=\"10px\" viewbox=\"0 0 24 24\" version=\"1.2\" baseprofile=\"tiny\"><path d=\"M18.2 9.3l-6.2-6.3-6.2 6.3c-.2.2-.3.4-.3.7s.1.5.3.7c.2.2.4.3.7.3h11c.3 0 .5-.1.7-.3.2-.2.3-.5.3-.7s-.1-.5-.3-.7zM5.8 14.7l6.2 6.3 6.2-6.3c.2-.2.3-.5.3-.7s-.1-.5-.3-.7c-.2-.2-.4-.3-.7-.3h-11c-.3 0-.5.1-.7.3-.2.2-.3.5-.3.7s.1.5.3.7z\"\/><\/svg><\/span><\/span><\/span><\/a><\/span><\/div>\n<nav><ul class='ez-toc-list ez-toc-list-level-1 eztoc-toggle-hide-by-default' ><li class='ez-toc-page-1 ez-toc-heading-level-2'><a class=\"ez-toc-link ez-toc-heading-1\" href=\"https:\/\/www.appareil-minceur.fr\/es\/salud\/oenobiol-solaire-effets-secondaires\/#%E2%9C%93_Les_infos_a_retenir\" >\u2713 Cosas para recordar<\/a><\/li><li class='ez-toc-page-1 ez-toc-heading-level-2'><a class=\"ez-toc-link ez-toc-heading-2\" href=\"https:\/\/www.appareil-minceur.fr\/es\/salud\/oenobiol-solaire-effets-secondaires\/#Oenobiol_Solaire_a_quoi_sert_ce_complement_et_ce_quil_contient_vraiment\" >Oenobiol Solaire : \u00e0 quoi sert ce compl\u00e9ment et ce qu&rsquo;il contient vraiment ?<\/a><ul class='ez-toc-list-level-3' ><li class='ez-toc-heading-level-3'><a class=\"ez-toc-link ez-toc-heading-3\" href=\"https:\/\/www.appareil-minceur.fr\/es\/salud\/oenobiol-solaire-effets-secondaires\/#La_composition_dOenobiol_Solaire\" >La composition d&rsquo;Oenobiol Solaire<\/a><\/li><\/ul><\/li><li class='ez-toc-page-1 ez-toc-heading-level-2'><a class=\"ez-toc-link ez-toc-heading-4\" href=\"https:\/\/www.appareil-minceur.fr\/es\/salud\/oenobiol-solaire-effets-secondaires\/#Quels_sont_les_effets_secondaires_dOenobiol_Solaire\" >Quels sont les effets secondaires d&rsquo;Oenobiol Solaire ?<\/a><ul class='ez-toc-list-level-3' ><li class='ez-toc-heading-level-3'><a class=\"ez-toc-link ez-toc-heading-5\" href=\"https:\/\/www.appareil-minceur.fr\/es\/salud\/oenobiol-solaire-effets-secondaires\/#La_coloration_orangee_de_la_peau\" >La coloration orang\u00e9e de la peau<\/a><\/li><li class='ez-toc-page-1 ez-toc-heading-level-3'><a class=\"ez-toc-link ez-toc-heading-6\" href=\"https:\/\/www.appareil-minceur.fr\/es\/salud\/oenobiol-solaire-effets-secondaires\/#Des_troubles_digestifs_possibles\" >Des troubles digestifs possibles<\/a><\/li><li class='ez-toc-page-1 ez-toc-heading-level-3'><a class=\"ez-toc-link ez-toc-heading-7\" href=\"https:\/\/www.appareil-minceur.fr\/es\/salud\/oenobiol-solaire-effets-secondaires\/#Des_reactions_allergiques\" >Des r\u00e9actions allergiques<\/a><\/li><li class='ez-toc-page-1 ez-toc-heading-level-3'><a class=\"ez-toc-link ez-toc-heading-8\" href=\"https:\/\/www.appareil-minceur.fr\/es\/salud\/oenobiol-solaire-effets-secondaires\/#Risque_de_depots_retiniens_avec_la_canthaxanthine\" >Risque de d\u00e9p\u00f4ts r\u00e9tiniens avec la canthaxanthine<\/a><\/li><\/ul><\/li><li class='ez-toc-page-1 ez-toc-heading-level-2'><a class=\"ez-toc-link ez-toc-heading-9\" href=\"https:\/\/www.appareil-minceur.fr\/es\/salud\/oenobiol-solaire-effets-secondaires\/#Pourquoi_les_fumeurs_doivent_absolument_faire_attention\" >Pourquoi les fumeurs doivent absolument faire attention ?<\/a><\/li><li class='ez-toc-page-1 ez-toc-heading-level-2'><a class=\"ez-toc-link ez-toc-heading-10\" href=\"https:\/\/www.appareil-minceur.fr\/es\/salud\/oenobiol-solaire-effets-secondaires\/#Ces_gelules_protegent-elles_vraiment_du_soleil\" >Ces g\u00e9lules prot\u00e8gent-elles vraiment du soleil ?<\/a><ul class='ez-toc-list-level-3' ><li class='ez-toc-heading-level-3'><a class=\"ez-toc-link ez-toc-heading-11\" href=\"https:\/\/www.appareil-minceur.fr\/es\/salud\/oenobiol-solaire-effets-secondaires\/#Ce_que_disent_les_dermatologues\" >Ce que disent les dermatologues<\/a><\/li><\/ul><\/li><li class='ez-toc-page-1 ez-toc-heading-level-2'><a class=\"ez-toc-link ez-toc-heading-12\" href=\"https:\/\/www.appareil-minceur.fr\/es\/salud\/oenobiol-solaire-effets-secondaires\/#Quels_ingredients_surveiller_dans_les_complements_solaires\" >Quels ingr\u00e9dients surveiller dans les compl\u00e9ments solaires ?<\/a><\/li><li class='ez-toc-page-1 ez-toc-heading-level-2'><a class=\"ez-toc-link ez-toc-heading-13\" href=\"https:\/\/www.appareil-minceur.fr\/es\/salud\/oenobiol-solaire-effets-secondaires\/#Que_faire_en_cas_de_reaction_a_Oenobiol_Solaire\" >Que faire en cas de r\u00e9action \u00e0 Oenobiol Solaire ?<\/a><\/li><li class='ez-toc-page-1 ez-toc-heading-level-2'><a class=\"ez-toc-link ez-toc-heading-14\" href=\"https:\/\/www.appareil-minceur.fr\/es\/salud\/oenobiol-solaire-effets-secondaires\/#Quelles_alternatives_naturelles_pour_preparer_sa_peau_au_soleil\" >Quelles alternatives naturelles pour pr\u00e9parer sa peau au soleil ?<\/a><ul class='ez-toc-list-level-3' ><li class='ez-toc-heading-level-3'><a class=\"ez-toc-link ez-toc-heading-15\" href=\"https:\/\/www.appareil-minceur.fr\/es\/salud\/oenobiol-solaire-effets-secondaires\/#Les_aliments_riches_en_carotenoides_naturels\" >Les aliments riches en carot\u00e9no\u00efdes naturels<\/a><\/li><li class='ez-toc-page-1 ez-toc-heading-level-3'><a class=\"ez-toc-link ez-toc-heading-16\" href=\"https:\/\/www.appareil-minceur.fr\/es\/salud\/oenobiol-solaire-effets-secondaires\/#Les_antioxydants_dans_lassiette\" >Les antioxydants dans l&rsquo;assiette<\/a><\/li><li class='ez-toc-page-1 ez-toc-heading-level-3'><a class=\"ez-toc-link ez-toc-heading-17\" href=\"https:\/\/www.appareil-minceur.fr\/es\/salud\/oenobiol-solaire-effets-secondaires\/#Lhydratation_toujours\" >L&rsquo;hydratation, toujours<\/a><\/li><\/ul><\/li><li class='ez-toc-page-1 ez-toc-heading-level-2'><a class=\"ez-toc-link ez-toc-heading-18\" href=\"https:\/\/www.appareil-minceur.fr\/es\/salud\/oenobiol-solaire-effets-secondaires\/#Ce_quil_faut_vraiment_retenir_avant_dacheter_Oenobiol_Solaire\" >Ce qu&rsquo;il faut vraiment retenir avant d&rsquo;acheter Oenobiol Solaire<\/a><\/li><li class='ez-toc-page-1 ez-toc-heading-level-2'><a class=\"ez-toc-link ez-toc-heading-19\" href=\"https:\/\/www.appareil-minceur.fr\/es\/salud\/oenobiol-solaire-effets-secondaires\/#Questions_frequentes_sur_Oenobiol_Solaire_et_les_complements_solaires\" >Questions fr\u00e9quentes sur Oenobiol Solaire et les compl\u00e9ments solaires<\/a><ul class='ez-toc-list-level-3' ><li class='ez-toc-heading-level-3'><a class=\"ez-toc-link ez-toc-heading-20\" href=\"https:\/\/www.appareil-minceur.fr\/es\/salud\/oenobiol-solaire-effets-secondaires\/#Les_complements_solaires_comme_Oenobiol_peuvent-ils_remplacer_une_creme_solaire\" >Les compl\u00e9ments solaires comme Oenobiol peuvent-ils remplacer une cr\u00e8me solaire ?<\/a><\/li><li class='ez-toc-page-1 ez-toc-heading-level-3'><a class=\"ez-toc-link ez-toc-heading-21\" href=\"https:\/\/www.appareil-minceur.fr\/es\/salud\/oenobiol-solaire-effets-secondaires\/#Quels_sont_les_risques_specifiques_pour_les_peaux_claires_ou_sensibles\" >Quels sont les risques sp\u00e9cifiques pour les peaux claires ou sensibles ?<\/a><\/li><li class='ez-toc-page-1 ez-toc-heading-level-3'><a class=\"ez-toc-link ez-toc-heading-22\" href=\"https:\/\/www.appareil-minceur.fr\/es\/salud\/oenobiol-solaire-effets-secondaires\/#Existe-t-il_des_interactions_medicamenteuses_avec_Oenobiol_Solaire\" >Existe-t-il des interactions m\u00e9dicamenteuses avec Oenobiol Solaire ?<\/a><\/li><li class='ez-toc-page-1 ez-toc-heading-level-3'><a class=\"ez-toc-link ez-toc-heading-23\" href=\"https:\/\/www.appareil-minceur.fr\/es\/salud\/oenobiol-solaire-effets-secondaires\/#Peut-on_prendre_Oenobiol_Solaire_en_cas_de_maladies_hepatiques\" >Peut-on prendre Oenobiol Solaire en cas de maladies h\u00e9patiques ?<\/a><\/li><li class='ez-toc-page-1 ez-toc-heading-level-3'><a class=\"ez-toc-link ez-toc-heading-24\" href=\"https:\/\/www.appareil-minceur.fr\/es\/salud\/oenobiol-solaire-effets-secondaires\/#Les_complements_solaires_accelerent-ils_le_vieillissement_cutane\" >Les compl\u00e9ments solaires acc\u00e9l\u00e8rent-ils le vieillissement cutan\u00e9 ?<\/a><\/li><\/ul><\/li><\/ul><\/nav><\/div>\n\n<p>Spoiler : il y a des choses importantes \u00e0 savoir avant de te lancer dans une cure. Voici tout ce que je t&rsquo;explique en d\u00e9tail, sans langue de bois !<\/p>\n<h3><span class=\"ez-toc-section\" id=\"La_composition_dOenobiol_Solaire\"><\/span>La composition d&rsquo;Oenobiol Solaire<span class=\"ez-toc-section-end\"><\/span><\/h3>\n<p>Les g\u00e9lules Oenobiol Solaire reposent principalement sur des <b>carot\u00e9no\u00efdes<\/b>, des pigments naturels pr\u00e9sents dans les v\u00e9g\u00e9taux. On y retrouve notamment :<\/p>\n<ul>\n<li>Le <b>b\u00eata-carot\u00e8ne<\/b>, pr\u00e9curseur de la vitamine A, cens\u00e9 pr\u00e9parer la peau \u00e0 l&rsquo;exposition solaire.<\/li>\n<li>La <b>canthaxanthine<\/b>, un autre carot\u00e9no\u00efde utilis\u00e9 pour son effet \u00ab\u00a0bonne mine\u00a0\u00bb.<\/li>\n<li>En <b>om\u00e9ga-3 et om\u00e9ga-6<\/b>, pour nourrir la peau de l&rsquo;int\u00e9rieur.<\/li>\n<li>De la vitamine E et du s\u00e9l\u00e9nium, aux propri\u00e9t\u00e9s antioxydantes.<\/li>\n<\/ul>\n<p>Sur le papier, \u00e7a ressemble \u00e0 un cocktail sympa. Mais la r\u00e9alit\u00e9 est un peu plus nuanc\u00e9e que \u00e7a\u2026<\/p>\n<blockquote style=\"background-color:#efefef; color:#000; border-radius:10px; padding:15px 20px; margin:20px 0;\"><p>\n\ud83d\udca1 <b>Le b\u00eata-carot\u00e8ne<\/b>, l&rsquo;ingr\u00e9dient phare d&rsquo;Oenobiol Solaire, est associ\u00e9 \u00e0 un risque accru de cancer du poumon chez les fumeurs selon plusieurs \u00e9tudes s\u00e9rieuses. Ce n&rsquo;est pas un d\u00e9tail \u00e0 prendre \u00e0 la l\u00e9g\u00e8re.\n<\/p><\/blockquote>\n<p><img decoding=\"async\" src=\"https:\/\/www.appareil-minceur.fr\/wp-content\/uploads\/2026\/04\/oenobiol-solaire-effets-secondaires-guide-scaled.jpg\" alt=\"Oenobiol Solaire effets secondaires guide\" style=\"width:100%; height:auto; margin:30px 0; border-radius:10px;\"><\/p>\n<h2><span class=\"ez-toc-section\" id=\"Quels_sont_les_effets_secondaires_dOenobiol_Solaire\"><\/span>Quels sont les effets secondaires d&rsquo;Oenobiol Solaire ?<span class=\"ez-toc-section-end\"><\/span><\/h2>\n<p>C&rsquo;est clairement la question que tout le monde se pose, et tu as bien raison de te la poser avant d&rsquo;entamer une cure. Les <b>efectos secundarios<\/b> des compl\u00e9ments solaires \u00e0 base de carot\u00e9no\u00efdes sont r\u00e9els, m\u00eame si tous ne concernent pas tout le monde.<\/p>\n<h3><span class=\"ez-toc-section\" id=\"La_coloration_orangee_de_la_peau\"><\/span>La coloration orang\u00e9e de la peau<span class=\"ez-toc-section-end\"><\/span><\/h3>\n<p>C&rsquo;est l&rsquo;effet secondaire le plus courant et le plus visible. Une prise excessive de b\u00eata-carot\u00e8ne ou de canthaxanthine peut provoquer une <b>carot\u00e9nodermie<\/b> : la peau prend une teinte jaun\u00e2tre ou orang\u00e9e, surtout sur les paumes des mains et les plantes des pieds. C&rsquo;est sans danger, mais franchement pas top esth\u00e9tiquement !<\/p>\n<h3><span class=\"ez-toc-section\" id=\"Des_troubles_digestifs_possibles\"><\/span>Des troubles digestifs possibles<span class=\"ez-toc-section-end\"><\/span><\/h3>\n<p>Naus\u00e9es, maux de ventre, diarrh\u00e9es l\u00e9g\u00e8res\u2026 Ces inconforts digestifs sont rapport\u00e9s par certains utilisateurs, surtout en d\u00e9but de cure ou en cas de prise \u00e0 jeun. Rien d&rsquo;alarmant, mais \u00e7a m\u00e9rite d&rsquo;\u00eatre mentionn\u00e9.<\/p>\n<h3><span class=\"ez-toc-section\" id=\"Des_reactions_allergiques\"><\/span>Des r\u00e9actions allergiques<span class=\"ez-toc-section-end\"><\/span><\/h3>\n<p>Certains ingr\u00e9dients pr\u00e9sents dans la formule peuvent \u00eatre des <b>allerg\u00e8nes<\/b> potentiels. Des d\u00e9mangeaisons, rougeurs ou \u00e9ruptions cutan\u00e9es ont \u00e9t\u00e9 signal\u00e9es. Si tu as une peau r\u00e9active ou un terrain allergique, sois vigilant(e) !<\/p>\n<h3><span class=\"ez-toc-section\" id=\"Risque_de_depots_retiniens_avec_la_canthaxanthine\"><\/span>Risque de d\u00e9p\u00f4ts r\u00e9tiniens avec la canthaxanthine<span class=\"ez-toc-section-end\"><\/span><\/h3>\n<p>La <b>canthaxanthine<\/b> a \u00e9t\u00e9 associ\u00e9e \u00e0 des d\u00e9p\u00f4ts cristallins sur la r\u00e9tine (r\u00e9tinopathie \u00e0 la canthaxanthine) dans des cas de consommation prolong\u00e9e et \u00e0 haute dose. L&rsquo;Agence nationale de s\u00e9curit\u00e9 sanitaire (<b>ANSES<\/b>) a d&rsquo;ailleurs \u00e9mis des recommandations strictes concernant son usage dans les compl\u00e9ments alimentaires.<\/p>\n<h2><span class=\"ez-toc-section\" id=\"Pourquoi_les_fumeurs_doivent_absolument_faire_attention\"><\/span>Pourquoi les fumeurs doivent absolument faire attention ?<span class=\"ez-toc-section-end\"><\/span><\/h2>\n<p>Ce point m\u00e9rite vraiment qu&rsquo;on s&rsquo;y attarde, parce que c&rsquo;est s\u00e9rieux. Plusieurs \u00e9tudes cliniques majeures \u2014 notamment l&rsquo;\u00e9tude <b>CARET<\/b> (Beta-Carotene and Retinol Efficacy Trial) men\u00e9e sur plus de 18 000 participants \u2014 ont montr\u00e9 que la suppl\u00e9mentation en b\u00eata-carot\u00e8ne chez les <b>fumeurs<\/b> augmentait significativement le risque de cancer du poumon.<\/p>\n<p>Plus pr\u00e9cis\u00e9ment, l&rsquo;\u00e9tude CARET a mis en \u00e9vidence une augmentation de <b>28 % du risque de cancer du poumon<\/b> chez les fumeurs prenant des suppl\u00e9ments de b\u00eata-carot\u00e8ne. L&rsquo;\u00e9tude a d&rsquo;ailleurs \u00e9t\u00e9 stopp\u00e9e pr\u00e9matur\u00e9ment pour cette raison !<\/p>\n<blockquote style=\"background-color:#efefef; color:#000; border-radius:10px; padding:15px 20px; margin:20px 0;\"><p>\n\u26a0\ufe0f Si tu fumes, m\u00eame occasionnellement, les compl\u00e9ments alimentaires solaires contenant du <b>b\u00eata-carot\u00e8ne synth\u00e9tique<\/b> sont fortement d\u00e9conseill\u00e9s. C&rsquo;est une recommandation claire de l&rsquo;ANSES et de nombreux dermatologues.\n<\/p><\/blockquote>\n<div style=\"width:100%; margin:30px 0; border-radius:10px; overflow:hidden;\">\n<iframe width=\"100%\" height=\"600\" src=\"https:\/\/www.youtube.com\/embed\/TVsJe0Mr-AA\" frameborder=\"0\" allow=\"accelerometer; autoplay; clipboard-write; encrypted-media; gyroscope; picture-in-picture\" allowfullscreen><\/iframe>\n<\/div>\n<h2><span class=\"ez-toc-section\" id=\"Ces_gelules_protegent-elles_vraiment_du_soleil\"><\/span>Ces g\u00e9lules prot\u00e8gent-elles vraiment du soleil ?<span class=\"ez-toc-section-end\"><\/span><\/h2>\n<p>L\u00e0, j&rsquo;ai besoin d&rsquo;\u00eatre honn\u00eate avec toi : <b>non<\/b>. Les compl\u00e9ments solaires ne remplacent pas une cr\u00e8me solaire, et l&rsquo;Acad\u00e9mie nationale de m\u00e9decine est claire l\u00e0-dessus.<\/p>\n<p>Le b\u00eata-carot\u00e8ne apporte au mieux l&rsquo;\u00e9quivalent d&rsquo;un <b>indice de protection SPF 2 \u00e0 3<\/b>. Pour comparaison, une exposition sans protection sur une peau phototype II commence \u00e0 br\u00fbler en 10 \u00e0 20 minutes. Une cr\u00e8me SPF 30 multiplie ce temps de protection par 30. La diff\u00e9rence est astronomique !<\/p>\n<h3><span class=\"ez-toc-section\" id=\"Ce_que_disent_les_dermatologues\"><\/span>Ce que disent les dermatologues<span class=\"ez-toc-section-end\"><\/span><\/h3>\n<p>Les sp\u00e9cialistes sont unanimes : les g\u00e9lules solaires rel\u00e8vent davantage du <b>marketing<\/b> que d&rsquo;une protection solaire r\u00e9elle. Le Dr Nathalie Fournier, dermatologue, rappelle r\u00e9guli\u00e8rement que \u00ab\u00a0aucun compl\u00e9ment alimentaire ne peut se substituer \u00e0 l&rsquo;application d&rsquo;une protection solaire adapt\u00e9e\u00a0\u00bb. Les g\u00e9lules peuvent tout au plus agir comme un soutien nutritionnel, pas comme un bouclier anti-UV.<\/p>\n<p><img decoding=\"async\" src=\"https:\/\/www.appareil-minceur.fr\/wp-content\/uploads\/2026\/04\/oenobiol-solaire-risques-et-precautions-scaled.jpg\" alt=\"Oenobiol Solaire risques et pr\u00e9cautions\" style=\"width:100%; height:auto; margin:30px 0; border-radius:10px;\"><\/p>\n<h2><span class=\"ez-toc-section\" id=\"Quels_ingredients_surveiller_dans_les_complements_solaires\"><\/span>Quels ingr\u00e9dients surveiller dans les compl\u00e9ments solaires ?<span class=\"ez-toc-section-end\"><\/span><\/h2>\n<p>Au-del\u00e0 d&rsquo;Oenobiol, voici un r\u00e9capitulatif rapide des ingr\u00e9dients \u00e0 surveiller dans les compl\u00e9ments alimentaires solaires :<\/p>\n<table style=\"width:100%; border-collapse:collapse; margin:20px 0;\">\n<thead>\n<tr style=\"background-color:#efefef;\">\n<th style=\"padding:10px; border:1px solid #ccc; text-align:left;\">Ingrediente<\/th>\n<th style=\"padding:10px; border:1px solid #ccc; text-align:left;\">B\u00e9n\u00e9fice annonc\u00e9<\/th>\n<th style=\"padding:10px; border:1px solid #ccc; text-align:left;\">Risque identifi\u00e9<\/th>\n<\/tr>\n<\/thead>\n<tbody>\n<tr>\n<td style=\"padding:10px; border:1px solid #ccc;\">B\u00eata-carot\u00e8ne synth\u00e9tique<\/td>\n<td style=\"padding:10px; border:1px solid #ccc;\">Pr\u00e9paration au bronzage<\/td>\n<td style=\"padding:10px; border:1px solid #ccc;\">Cancer du poumon chez fumeurs<\/td>\n<\/tr>\n<tr>\n<td style=\"padding:10px; border:1px solid #ccc;\">Canthaxanthine<\/td>\n<td style=\"padding:10px; border:1px solid #ccc;\">Bonne mine, teint h\u00e2l\u00e9<\/td>\n<td style=\"padding:10px; border:1px solid #ccc;\">D\u00e9p\u00f4ts r\u00e9tiniens, coloration peau<\/td>\n<\/tr>\n<tr>\n<td style=\"padding:10px; border:1px solid #ccc;\">Om\u00e9ga-3 \/ Om\u00e9ga-6<\/td>\n<td style=\"padding:10px; border:1px solid #ccc;\">Nutrition cutan\u00e9e<\/td>\n<td style=\"padding:10px; border:1px solid #ccc;\">Peu de risques \u00e0 dose normale<\/td>\n<\/tr>\n<tr>\n<td style=\"padding:10px; border:1px solid #ccc;\">Vitamine E (tocoph\u00e9rol)<\/td>\n<td style=\"padding:10px; border:1px solid #ccc;\">Antioxydant, protection cellulaire<\/td>\n<td style=\"padding:10px; border:1px solid #ccc;\">Risque faible aux doses usuelles<\/td>\n<\/tr>\n<\/tbody>\n<\/table>\n<p>\u00c0 l&rsquo;instar d&rsquo;autres compl\u00e9ments alimentaires populaires, les compl\u00e9ments solaires font l&rsquo;objet de d\u00e9bats importants dans la communaut\u00e9 scientifique. Si tu souhaites en savoir plus sur les risques associ\u00e9s aux suppl\u00e9ments en g\u00e9n\u00e9ral, tu peux consulter notre article d\u00e9taill\u00e9 sur les <a href=\"https:\/\/www.appareil-minceur.fr\/es\/perdida-de-peso\/danger-des-bruleurs-de-graisse\/\">dangers des br\u00fbleurs de graisse<\/a>, qui aborde les probl\u00e8mes de s\u00e9curit\u00e9 similaires avec d&rsquo;autres compl\u00e9ments alimentaires.<\/p>\n<h2><span class=\"ez-toc-section\" id=\"Que_faire_en_cas_de_reaction_a_Oenobiol_Solaire\"><\/span>Que faire en cas de r\u00e9action \u00e0 Oenobiol Solaire ?<span class=\"ez-toc-section-end\"><\/span><\/h2>\n<p>Tu as commenc\u00e9 une cure et tu remarques quelque chose d&rsquo;anormal ? Voici la marche \u00e0 suivre :<\/p>\n<p>Stop la prise imm\u00e9diatement si tu observes des d\u00e9mangeaisons, une coloration inhabituelle de la peau, des troubles visuels ou des douleurs abdominales persistantes. Consulte un m\u00e9decin ou un dermatologue sans attendre. Tu peux \u00e9galement <b>signaler l&rsquo;effet ind\u00e9sirable<\/b> sur le portail de pharmacovigilance de l&rsquo;ANSM (Agence Nationale de S\u00e9curit\u00e9 du M\u00e9dicament). Ces signalements sont pr\u00e9cieux pour am\u00e9liorer la surveillance des compl\u00e9ments alimentaires !<\/p>\n<h2><span class=\"ez-toc-section\" id=\"Quelles_alternatives_naturelles_pour_preparer_sa_peau_au_soleil\"><\/span>Quelles alternatives naturelles pour pr\u00e9parer sa peau au soleil ?<span class=\"ez-toc-section-end\"><\/span><\/h2>\n<p>La bonne nouvelle, c&rsquo;est que tu n&rsquo;as pas besoin de compl\u00e9ments pour avoir une peau en forme avant l&rsquo;\u00e9t\u00e9. L&rsquo;alimentation peut vraiment faire la diff\u00e9rence, et c&rsquo;est quelque chose que je recommande \u00e0 mes clients avant m\u00eame de penser \u00e0 des g\u00e9lules.<\/p>\n<h3><span class=\"ez-toc-section\" id=\"Les_aliments_riches_en_carotenoides_naturels\"><\/span>Les aliments riches en carot\u00e9no\u00efdes naturels<span class=\"ez-toc-section-end\"><\/span><\/h3>\n<p>La carotte, la patate douce, le melon, la mangue, la tomate (riche en lycop\u00e8ne) ou encore les poivrons rouges sont d&rsquo;excellentes sources de <b>carot\u00e9no\u00efdes naturels<\/b>. Contrairement aux formes synth\u00e9tiques, ces sources alimentaires ne pr\u00e9sentent pas les m\u00eames risques pour les fumeurs !<\/p>\n<h3><span class=\"ez-toc-section\" id=\"Les_antioxydants_dans_lassiette\"><\/span>Les antioxydants dans l&rsquo;assiette<span class=\"ez-toc-section-end\"><\/span><\/h3>\n<p>Les fruits rouges, le th\u00e9 vert, les noix et l&rsquo;huile d&rsquo;olive apportent des <b>antioxidantes<\/b> qui soutiennent la peau face aux dommages oxydatifs li\u00e9s aux UV. Une alimentation vari\u00e9e et color\u00e9e reste vraiment l&rsquo;une des meilleures protections internes qui soit !<\/p>\n<h3><span class=\"ez-toc-section\" id=\"Lhydratation_toujours\"><\/span>L&rsquo;hydratation, toujours<span class=\"ez-toc-section-end\"><\/span><\/h3>\n<p>Une peau bien hydrat\u00e9e r\u00e9siste mieux aux agressions solaires. Boire suffisamment d&rsquo;eau (au moins 1,5 litre par jour) et appliquer une cr\u00e8me hydratante quotidiennement, c&rsquo;est simple mais redoutablement efficace. Mon petit secret de coach : c&rsquo;est souvent les basiques qui font le plus la diff\u00e9rence.<\/p>\n<p><img decoding=\"async\" src=\"https:\/\/www.appareil-minceur.fr\/wp-content\/uploads\/2026\/04\/oenobiol-solaire-effets-indesirables-conseils-scaled.jpg\" alt=\"Oenobiol Solaire effets ind\u00e9sirables conseils\" style=\"width:100%; height:auto; margin:30px 0; border-radius:10px;\"><\/p>\n<p>Il existe d&rsquo;ailleurs d&rsquo;autres compl\u00e9ments alimentaires qui font la une pour des raisons similaires. Si tu veux d\u00e9couvrir un autre exemple de compl\u00e9ment aux effets controvers\u00e9s, consulte notre analyse sur <a href=\"https:\/\/www.appareil-minceur.fr\/es\/perdida-de-peso\/efectos-secundarios-del-ergipurcol\/\">Ergypurcol et ses effets secondaires<\/a>. C&rsquo;est un bon exemple de la fa\u00e7on dont certains compl\u00e9ments promettent beaucoup mais livrent peu en termes de s\u00e9curit\u00e9 et d&rsquo;efficacit\u00e9.<\/p>\n<h2><span class=\"ez-toc-section\" id=\"Ce_quil_faut_vraiment_retenir_avant_dacheter_Oenobiol_Solaire\"><\/span>Ce qu&rsquo;il faut vraiment retenir avant d&rsquo;acheter Oenobiol Solaire<span class=\"ez-toc-section-end\"><\/span><\/h2>\n<p>Les compl\u00e9ments alimentaires solaires comme Oenobiol Solaire ne sont ni une arnaque totale ni une solution miracle. Ils peuvent apporter un soutien nutritionnel l\u00e9ger \u00e0 la peau, mais leurs limites sont r\u00e9elles et leurs risques m\u00e9ritent d&rsquo;\u00eatre pris au s\u00e9rieux.<\/p>\n<p>Pour une <b>protection solaire<\/b> r\u00e9elle et efficace, rien ne remplace une cr\u00e8me solaire \u00e0 indice \u00e9lev\u00e9 (SPF 30 minimum), le port de v\u00eatements couvrants, et l&rsquo;\u00e9vitement des heures de forte exposition (entre 12h et 16h). Ce n&rsquo;est pas glamour, mais c&rsquo;est ce qui marche vraiment !<\/p>\n<p>Et si tu veux booster la sant\u00e9 de ta peau de l&rsquo;int\u00e9rieur, mise plut\u00f4t sur une alimentation riche en antioxydants, une bonne hydratation et une activit\u00e9 physique r\u00e9guli\u00e8re. \u00c7a, c&rsquo;est un programme qui fait ses preuves, sans risque d&rsquo;effets secondaires ind\u00e9sirables. \ud83d\udcaa<\/p>\n<p>Pour finir, sache que ce qui s&rsquo;applique \u00e0 Oenobiol Solaire s&rsquo;applique \u00e0 beaucoup d&rsquo;autres compl\u00e9ments. Si tu cherches d&rsquo;autres informations sur les compl\u00e9ments alimentaires et leurs risques potentiels, n&rsquo;h\u00e9site pas \u00e0 consulter nos ressources compl\u00e9mentaires. Par exemple, <a href=\"https:\/\/www.appareil-minceur.fr\/es\/salud\/proteochoc-effets-secondaires\/\">Proteochoc et ses effets secondaires<\/a> est un article qui m\u00e9rite le d\u00e9tour si tu souhaites approfondir ta compr\u00e9hension sur ce sujet.<\/p>\n<div style=\"background-color:#f8f9fa; border-left:4px solid #FF6600; padding:20px; color:#000;\">\n<h2><span class=\"ez-toc-section\" id=\"Questions_frequentes_sur_Oenobiol_Solaire_et_les_complements_solaires\"><\/span>Questions fr\u00e9quentes sur Oenobiol Solaire et les compl\u00e9ments solaires<span class=\"ez-toc-section-end\"><\/span><\/h2>\n<div itemscope itemprop=\"mainEntity\" itemtype=\"https:\/\/schema.org\/Question\">\n<h3 itemprop=\"name\"><span class=\"ez-toc-section\" id=\"Les_complements_solaires_comme_Oenobiol_peuvent-ils_remplacer_une_creme_solaire\"><\/span>Les compl\u00e9ments solaires comme Oenobiol peuvent-ils remplacer une cr\u00e8me solaire ?<span class=\"ez-toc-section-end\"><\/span><\/h3>\n<div itemscope itemprop=\"acceptedAnswer\" itemtype=\"https:\/\/schema.org\/Answer\">\n<div itemprop=\"text\">\n<p>Aucun compl\u00e9ment alimentaire ne remplace une <b>cr\u00e8me solaire<\/b>. Oenobiol Solaire offre une protection \u00e9quivalente \u00e0 un <b>SPF 2-3<\/b>, bien inf\u00e9rieur au SPF 30 minimum recommand\u00e9 par les <b>dermat\u00f3logos<\/b>. L&rsquo;<b>ANSES<\/b> et l&rsquo;Acad\u00e9mie de m\u00e9decine soulignent que seule une application topique assure une <b>barri\u00e8re physique<\/b> contre les UV.<\/p>\n<\/div>\n<\/div>\n<\/div>\n<div itemscope itemprop=\"mainEntity\" itemtype=\"https:\/\/schema.org\/Question\">\n<h3 itemprop=\"name\"><span class=\"ez-toc-section\" id=\"Quels_sont_les_risques_specifiques_pour_les_peaux_claires_ou_sensibles\"><\/span>Quels sont les risques sp\u00e9cifiques pour les peaux claires ou sensibles ?<span class=\"ez-toc-section-end\"><\/span><\/h3>\n<div itemscope itemprop=\"acceptedAnswer\" itemtype=\"https:\/\/schema.org\/Answer\">\n<div itemprop=\"text\">\n<p>Les peaux claires (phototypes I-II) ont un <b>risque accru<\/b> de r\u00e9actions aux carot\u00e9no\u00efdes. La <b>canthaxanthine<\/b> peut provoquer des <b>d\u00e9p\u00f4ts r\u00e9tiniens<\/b> et une carot\u00e9nodermie. Une \u00e9tude de l&rsquo;<b>EFSA<\/b> note que ces peaux r\u00e9agissent plus aux effets pro-oxydants du <b>b\u00eata-carot\u00e8ne<\/b> en cas de surdosage.<\/p>\n<\/div>\n<\/div>\n<\/div>\n<div itemscope itemprop=\"mainEntity\" itemtype=\"https:\/\/schema.org\/Question\">\n<h3 itemprop=\"name\"><span class=\"ez-toc-section\" id=\"Existe-t-il_des_interactions_medicamenteuses_avec_Oenobiol_Solaire\"><\/span>Existe-t-il des interactions m\u00e9dicamenteuses avec Oenobiol Solaire ?<span class=\"ez-toc-section-end\"><\/span><\/h3>\n<div itemscope itemprop=\"acceptedAnswer\" itemtype=\"https:\/\/schema.org\/Answer\">\n<div itemprop=\"text\">\n<p>Oui, notamment avec les <b>r\u00e9tino\u00efdes<\/b> (m\u00e9dicaments contre l&rsquo;acn\u00e9) et les <b>anticoagulants<\/b>. Le <b>b\u00eata-carot\u00e8ne<\/b> potentialise les effets des r\u00e9tino\u00efdes, augmentant le risque d&rsquo;hypervitaminose A. Les om\u00e9ga-3 peuvent fluidifier le sang, interf\u00e9rant avec les traitements comme la <b>warfarine<\/b>.<\/p>\n<\/div>\n<\/div>\n<\/div>\n<div itemscope itemprop=\"mainEntity\" itemtype=\"https:\/\/schema.org\/Question\">\n<h3 itemprop=\"name\"><span class=\"ez-toc-section\" id=\"Peut-on_prendre_Oenobiol_Solaire_en_cas_de_maladies_hepatiques\"><\/span>Peut-on prendre Oenobiol Solaire en cas de maladies h\u00e9patiques ?<span class=\"ez-toc-section-end\"><\/span><\/h3>\n<div itemscope itemprop=\"acceptedAnswer\" itemtype=\"https:\/\/schema.org\/Answer\">\n<div itemprop=\"text\">\n<p>Non, les maladies h\u00e9patiques (cirrhose, h\u00e9patite) contre-indiquent ces compl\u00e9ments. Le <b>h\u00edgado<\/b> m\u00e9tabolise les carot\u00e9no\u00efdes, et un dysfonctionnement peut entra\u00eener une <b>accumulation toxique<\/b>. L&rsquo;<b>ANSES<\/b> recommande une surveillance m\u00e9dicale stricte pour les patients atteints de <b>st\u00e9atose h\u00e9patique<\/b>.<\/p>\n<\/div>\n<\/div>\n<\/div>\n<div itemscope itemprop=\"mainEntity\" itemtype=\"https:\/\/schema.org\/Question\">\n<h3 itemprop=\"name\"><span class=\"ez-toc-section\" id=\"Les_complements_solaires_accelerent-ils_le_vieillissement_cutane\"><\/span>Les compl\u00e9ments solaires acc\u00e9l\u00e8rent-ils le vieillissement cutan\u00e9 ?<span class=\"ez-toc-section-end\"><\/span><\/h3>\n<div itemscope itemprop=\"acceptedAnswer\" itemtype=\"https:\/\/schema.org\/Answer\">\n<div itemprop=\"text\">\n<p>Oui, en cas de <b>surdosage<\/b>. Une \u00e9tude publi\u00e9e dans le <b>Journal of Investigative Dermatology<\/b> montre que le <b>b\u00eata-carot\u00e8ne<\/b> en exc\u00e8s g\u00e9n\u00e8re des radicaux libres sous UV, aggravant la <b>d\u00e9gradation du collag\u00e8ne<\/b>. Les dermatologues conseillent de limiter les cures \u00e0 <b>8 semaines maximum<\/b>.<\/p>\n<\/div>\n<\/div>\n<\/div>\n<\/div>\n<\/article>","protected":false},"excerpt":{"rendered":"<p>\u2713 Les infos \u00e0 retenir Oenobiol Solaire ne remplace pas une cr\u00e8me solaire : il offre une protection \u00e9quivalente \u00e0 un SPF 2-3 contre SPF 30 minimum recommand\u00e9 par les dermatologues Le b\u00eata-carot\u00e8ne synth\u00e9tique augmente le risque de cancer du poumon de 28 % chez les fumeurs selon l&rsquo;\u00e9tude CARET : fortement d\u00e9conseill\u00e9 si vous [&hellip;]<\/p>\n","protected":false},"author":1,"featured_media":3304,"comment_status":"open","ping_status":"","sticky":false,"template":"","format":"standard","meta":{"footnotes":""},"categories":[37],"tags":[],"class_list":["post-3307","post","type-post","status-publish","format-standard","has-post-thumbnail","hentry","category-sante"],"_links":{"self":[{"href":"https:\/\/www.appareil-minceur.fr\/es\/wp-json\/wp\/v2\/posts\/3307","targetHints":{"allow":["GET"]}}],"collection":[{"href":"https:\/\/www.appareil-minceur.fr\/es\/wp-json\/wp\/v2\/posts"}],"about":[{"href":"https:\/\/www.appareil-minceur.fr\/es\/wp-json\/wp\/v2\/types\/post"}],"author":[{"embeddable":true,"href":"https:\/\/www.appareil-minceur.fr\/es\/wp-json\/wp\/v2\/users\/1"}],"replies":[{"embeddable":true,"href":"https:\/\/www.appareil-minceur.fr\/es\/wp-json\/wp\/v2\/comments?post=3307"}],"version-history":[{"count":0,"href":"https:\/\/www.appareil-minceur.fr\/es\/wp-json\/wp\/v2\/posts\/3307\/revisions"}],"wp:featuredmedia":[{"embeddable":true,"href":"https:\/\/www.appareil-minceur.fr\/es\/wp-json\/wp\/v2\/media\/3304"}],"wp:attachment":[{"href":"https:\/\/www.appareil-minceur.fr\/es\/wp-json\/wp\/v2\/media?parent=3307"}],"wp:term":[{"taxonomy":"category","embeddable":true,"href":"https:\/\/www.appareil-minceur.fr\/es\/wp-json\/wp\/v2\/categories?post=3307"},{"taxonomy":"post_tag","embeddable":true,"href":"https:\/\/www.appareil-minceur.fr\/es\/wp-json\/wp\/v2\/tags?post=3307"}],"curies":[{"name":"wp","href":"https:\/\/api.w.org\/{rel}","templated":true}]}}