{"id":397,"date":"2025-02-06T09:47:06","date_gmt":"2025-02-06T09:47:06","guid":{"rendered":"https:\/\/www.appareil-minceur.fr\/?p=397"},"modified":"2025-02-06T10:17:49","modified_gmt":"2025-02-06T10:17:49","slug":"radiofrequence-visage","status":"publish","type":"post","link":"https:\/\/www.appareil-minceur.fr\/es\/perdida-de-peso\/radiofrequence-visage\/","title":{"rendered":"\u00bfEs el tratamiento facial por radiofrecuencia la clave para rejuvenecer la piel?"},"content":{"rendered":"<div class=\"kk-star-ratings kksr-auto kksr-align-left kksr-valign-top\"\n    data-payload='{&quot;align&quot;:&quot;left&quot;,&quot;id&quot;:&quot;397&quot;,&quot;slug&quot;:&quot;default&quot;,&quot;valign&quot;:&quot;top&quot;,&quot;ignore&quot;:&quot;&quot;,&quot;reference&quot;:&quot;auto&quot;,&quot;class&quot;:&quot;&quot;,&quot;count&quot;:&quot;0&quot;,&quot;legendonly&quot;:&quot;&quot;,&quot;readonly&quot;:&quot;&quot;,&quot;score&quot;:&quot;0&quot;,&quot;starsonly&quot;:&quot;&quot;,&quot;best&quot;:&quot;5&quot;,&quot;gap&quot;:&quot;5&quot;,&quot;greet&quot;:&quot;Notez cet article !&quot;,&quot;legend&quot;:&quot;0\\\/5 - (0 votos)&quot;,&quot;size&quot;:&quot;16&quot;,&quot;title&quot;:&quot;La radiofr\u00e9quence visage, la cl\u00e9 d\\u0026#039;une peau rajeunie ?&quot;,&quot;width&quot;:&quot;0&quot;,&quot;_legend&quot;:&quot;{score}\\\/{best} - ({count} {votes})&quot;,&quot;font_factor&quot;:&quot;1.25&quot;}'>\n            \n<div class=\"kksr-stars\">\n    \n<div class=\"kksr-stars-inactive\">\n            <div class=\"kksr-star\" data-star=\"1\" style=\"padding-right: 5px\">\n            \n\n<div class=\"kksr-icon\" style=\"width: 16px; height: 16px;\"><\/div>\n        <\/div>\n            <div class=\"kksr-star\" data-star=\"2\" style=\"padding-right: 5px\">\n            \n\n<div class=\"kksr-icon\" style=\"width: 16px; height: 16px;\"><\/div>\n        <\/div>\n            <div class=\"kksr-star\" data-star=\"3\" style=\"padding-right: 5px\">\n            \n\n<div class=\"kksr-icon\" style=\"width: 16px; height: 16px;\"><\/div>\n        <\/div>\n            <div class=\"kksr-star\" data-star=\"4\" style=\"padding-right: 5px\">\n            \n\n<div class=\"kksr-icon\" style=\"width: 16px; height: 16px;\"><\/div>\n        <\/div>\n            <div class=\"kksr-star\" data-star=\"5\" style=\"padding-right: 5px\">\n            \n\n<div class=\"kksr-icon\" style=\"width: 16px; height: 16px;\"><\/div>\n        <\/div>\n    <\/div>\n    \n<div class=\"kksr-stars-active\" style=\"width: 0px;\">\n            <div class=\"kksr-star\" style=\"padding-right: 5px\">\n            \n\n<div class=\"kksr-icon\" style=\"width: 16px; height: 16px;\"><\/div>\n        <\/div>\n            <div class=\"kksr-star\" style=\"padding-right: 5px\">\n            \n\n<div class=\"kksr-icon\" style=\"width: 16px; height: 16px;\"><\/div>\n        <\/div>\n            <div class=\"kksr-star\" style=\"padding-right: 5px\">\n            \n\n<div class=\"kksr-icon\" style=\"width: 16px; height: 16px;\"><\/div>\n        <\/div>\n            <div class=\"kksr-star\" style=\"padding-right: 5px\">\n            \n\n<div class=\"kksr-icon\" style=\"width: 16px; height: 16px;\"><\/div>\n        <\/div>\n            <div class=\"kksr-star\" style=\"padding-right: 5px\">\n            \n\n<div class=\"kksr-icon\" style=\"width: 16px; height: 16px;\"><\/div>\n        <\/div>\n    <\/div>\n<\/div>\n                \n\n<div class=\"kksr-legend\" style=\"font-size: 12.8px;\">\n            <span class=\"kksr-muted\">Valora este art\u00edculo<\/span>\n    <\/div>\n    <\/div>\n\n<p>Vous r\u00eavez d&rsquo;une peau plus ferme et plus jeune sans passer par la case chirurgie ? La <b>radiofrecuencia facial<\/b> pourrait bien \u00eatre la solution que vous attendiez ! Cette technique, qui fait partie de mes pr\u00e9f\u00e9r\u00e9es pour mes clientes, utilise la chaleur de mani\u00e8re super intelligente pour stimuler naturellement la production de <b>col\u00e1geno<\/b>. Le plus g\u00e9nial ? C&rsquo;est totalement indolore et les r\u00e9sultats sont vraiment bluffants ! J&rsquo;ai aid\u00e9 des centaines de personnes \u00e0 retrouver une peau plus <b>t\u00f3nico<\/b> gr\u00e2ce \u00e0 cette m\u00e9thode, et je vais vous expliquer exactement comment \u00e7a marche. D\u00e9couvrez avec moi tous les secrets de cette technologie qui transforme litt\u00e9ralement la qualit\u00e9 de votre peau !<\/p><div id=\"ez-toc-container\" class=\"ez-toc-v2_0_82_2 counter-hierarchy ez-toc-counter ez-toc-custom ez-toc-container-direction\">\n<div class=\"ez-toc-title-container\">\n<p class=\"ez-toc-title\" style=\"cursor:inherit\">Resumen del art\u00edculo<\/p>\n<span class=\"ez-toc-title-toggle\"><a href=\"#\" class=\"ez-toc-pull-right ez-toc-btn ez-toc-btn-xs ez-toc-btn-default ez-toc-toggle\" aria-label=\"Alternar tabla de contenidos\"><span class=\"ez-toc-js-icon-con\"><span class=\"\"><span class=\"eztoc-hide\" style=\"display:none;\">Toggle<\/span><span class=\"ez-toc-icon-toggle-span\"><svg style=\"fill: #ffffff;color:#ffffff\" xmlns=\"http:\/\/www.w3.org\/2000\/svg\" class=\"list-377408\" width=\"20px\" height=\"20px\" viewbox=\"0 0 24 24\" fill=\"none\"><path d=\"M6 6H4v2h2V6zm14 0H8v2h12V6zM4 11h2v2H4v-2zm16 0H8v2h12v-2zM4 16h2v2H4v-2zm16 0H8v2h12v-2z\" fill=\"currentColor\"><\/path><\/svg><svg style=\"fill: #ffffff;color:#ffffff\" class=\"arrow-unsorted-368013\" xmlns=\"http:\/\/www.w3.org\/2000\/svg\" width=\"10px\" height=\"10px\" viewbox=\"0 0 24 24\" version=\"1.2\" baseprofile=\"tiny\"><path d=\"M18.2 9.3l-6.2-6.3-6.2 6.3c-.2.2-.3.4-.3.7s.1.5.3.7c.2.2.4.3.7.3h11c.3 0 .5-.1.7-.3.2-.2.3-.5.3-.7s-.1-.5-.3-.7zM5.8 14.7l6.2 6.3 6.2-6.3c.2-.2.3-.5.3-.7s-.1-.5-.3-.7c-.2-.2-.4-.3-.7-.3h-11c-.3 0-.5.1-.7.3-.2.2-.3.5-.3.7s.1.5.3.7z\"\/><\/svg><\/span><\/span><\/span><\/a><\/span><\/div>\n<nav><ul class='ez-toc-list ez-toc-list-level-1 eztoc-toggle-hide-by-default' ><li class='ez-toc-page-1 ez-toc-heading-level-2'><a class=\"ez-toc-link ez-toc-heading-1\" href=\"https:\/\/www.appareil-minceur.fr\/es\/perdida-de-peso\/radiofrequence-visage\/#Comment_fonctionne_la_radiofrequence_visage\" >Comment fonctionne la radiofr\u00e9quence visage ?<\/a><ul class='ez-toc-list-level-3' ><li class='ez-toc-heading-level-3'><a class=\"ez-toc-link ez-toc-heading-2\" href=\"https:\/\/www.appareil-minceur.fr\/es\/perdida-de-peso\/radiofrequence-visage\/#Les_differents_types_de_radiofrequence\" >Les diff\u00e9rents types de radiofr\u00e9quence<\/a><\/li><\/ul><\/li><li class='ez-toc-page-1 ez-toc-heading-level-2'><a class=\"ez-toc-link ez-toc-heading-3\" href=\"https:\/\/www.appareil-minceur.fr\/es\/perdida-de-peso\/radiofrequence-visage\/#Quels_sont_les_bienfaits_de_la_radiofrequence_pour_transformer_votre_visage\" >Quels sont les bienfaits de la radiofr\u00e9quence pour transformer votre visage ?<\/a><ul class='ez-toc-list-level-3' ><li class='ez-toc-heading-level-3'><a class=\"ez-toc-link ez-toc-heading-4\" href=\"https:\/\/www.appareil-minceur.fr\/es\/perdida-de-peso\/radiofrequence-visage\/#Le_secret_dune_peau_plus_jeune_et_eclatante\" >Le secret d&rsquo;une peau plus jeune et \u00e9clatante<\/a><\/li><\/ul><\/li><li class='ez-toc-page-1 ez-toc-heading-level-2'><a class=\"ez-toc-link ez-toc-heading-5\" href=\"https:\/\/www.appareil-minceur.fr\/es\/perdida-de-peso\/radiofrequence-visage\/#Comment_se_deroule_une_consultation_pour_un_traitement_par_radiofrequence\" >Comment se d\u00e9roule une consultation pour un traitement par radiofr\u00e9quence ?<\/a><ul class='ez-toc-list-level-3' ><li class='ez-toc-heading-level-3'><a class=\"ez-toc-link ez-toc-heading-6\" href=\"https:\/\/www.appareil-minceur.fr\/es\/perdida-de-peso\/radiofrequence-visage\/#La_consultation_prealable_une_etape_cle\" >La consultation pr\u00e9alable, une \u00e9tape cl\u00e9<\/a><\/li><li class='ez-toc-page-1 ez-toc-heading-level-3'><a class=\"ez-toc-link ez-toc-heading-7\" href=\"https:\/\/www.appareil-minceur.fr\/es\/perdida-de-peso\/radiofrequence-visage\/#Le_deroulement_dune_seance\" >Le d\u00e9roulement d&rsquo;une s\u00e9ance<\/a><\/li><li class='ez-toc-page-1 ez-toc-heading-level-3'><a class=\"ez-toc-link ez-toc-heading-8\" href=\"https:\/\/www.appareil-minceur.fr\/es\/perdida-de-peso\/radiofrequence-visage\/#Les_petits_conseils_post-traitement\" >Les petits conseils post-traitement<\/a><\/li><\/ul><\/li><li class='ez-toc-page-1 ez-toc-heading-level-2'><a class=\"ez-toc-link ez-toc-heading-9\" href=\"https:\/\/www.appareil-minceur.fr\/es\/perdida-de-peso\/radiofrequence-visage\/#Quelles_differences_entre_la_radiofrequence_et_les_autres_soins_du_visage\" >Quelles diff\u00e9rences entre la radiofr\u00e9quence et les autres soins du visage ?<\/a><ul class='ez-toc-list-level-3' ><li class='ez-toc-heading-level-3'><a class=\"ez-toc-link ez-toc-heading-10\" href=\"https:\/\/www.appareil-minceur.fr\/es\/perdida-de-peso\/radiofrequence-visage\/#La_radiofrequence_VS_autres_technologies\" >La radiofr\u00e9quence VS autres technologies<\/a><\/li><\/ul><\/li><li class='ez-toc-page-1 ez-toc-heading-level-2'><a class=\"ez-toc-link ez-toc-heading-11\" href=\"https:\/\/www.appareil-minceur.fr\/es\/perdida-de-peso\/radiofrequence-visage\/#Pour_qui_la_radiofrequence_visage_est-elle_la_plus_adaptee\" >Pour qui la radiofr\u00e9quence visage est-elle la plus adapt\u00e9e ?<\/a><ul class='ez-toc-list-level-3' ><li class='ez-toc-heading-level-3'><a class=\"ez-toc-link ez-toc-heading-12\" href=\"https:\/\/www.appareil-minceur.fr\/es\/perdida-de-peso\/radiofrequence-visage\/#Lage_ideal_pour_commencer\" >L&rsquo;\u00e2ge id\u00e9al pour commencer<\/a><\/li><li class='ez-toc-page-1 ez-toc-heading-level-3'><a class=\"ez-toc-link ez-toc-heading-13\" href=\"https:\/\/www.appareil-minceur.fr\/es\/perdida-de-peso\/radiofrequence-visage\/#Quelques_precautions_a_prendre\" >Algunas precauciones<\/a><\/li><\/ul><\/li><li class='ez-toc-page-1 ez-toc-heading-level-2'><a class=\"ez-toc-link ez-toc-heading-14\" href=\"https:\/\/www.appareil-minceur.fr\/es\/perdida-de-peso\/radiofrequence-visage\/#Quels_sont_les_effets_secondaires_a_connaitre_avant_un_traitement_par_radiofrequence\" >Quels sont les effets secondaires \u00e0 conna\u00eetre avant un traitement par radiofr\u00e9quence ?<\/a><ul class='ez-toc-list-level-3' ><li class='ez-toc-heading-level-3'><a class=\"ez-toc-link ez-toc-heading-15\" href=\"https:\/\/www.appareil-minceur.fr\/es\/perdida-de-peso\/radiofrequence-visage\/#Les_precautions_a_prendre\" >Precauciones<\/a><\/li><\/ul><\/li><li class='ez-toc-page-1 ez-toc-heading-level-2'><a class=\"ez-toc-link ez-toc-heading-16\" href=\"https:\/\/www.appareil-minceur.fr\/es\/perdida-de-peso\/radiofrequence-visage\/#Combien_coute_une_seance_de_radiofrequence_pour_le_visage\" >Combien co\u00fbte une s\u00e9ance de radiofr\u00e9quence pour le visage ?<\/a><ul class='ez-toc-list-level-3' ><li class='ez-toc-heading-level-3'><a class=\"ez-toc-link ez-toc-heading-17\" href=\"https:\/\/www.appareil-minceur.fr\/es\/perdida-de-peso\/radiofrequence-visage\/#Les_tarifs_moyens_en_institut\" >Precios medios de los salones de belleza<\/a><\/li><\/ul><\/li><li class='ez-toc-page-1 ez-toc-heading-level-2'><a class=\"ez-toc-link ez-toc-heading-18\" href=\"https:\/\/www.appareil-minceur.fr\/es\/perdida-de-peso\/radiofrequence-visage\/#Comment_la_radiofrequence_visage_a-t-elle_evolue_ces_dernieres_annees\" >Comment la radiofr\u00e9quence visage a-t-elle \u00e9volu\u00e9 ces derni\u00e8res ann\u00e9es ?<\/a><ul class='ez-toc-list-level-3' ><li class='ez-toc-heading-level-3'><a class=\"ez-toc-link ez-toc-heading-19\" href=\"https:\/\/www.appareil-minceur.fr\/es\/perdida-de-peso\/radiofrequence-visage\/#Les_bienfaits_de_la_radiofrequence_nouvelle_generation\" >Les bienfaits de la radiofr\u00e9quence nouvelle g\u00e9n\u00e9ration<\/a><\/li><\/ul><\/li><li class='ez-toc-page-1 ez-toc-heading-level-2'><a class=\"ez-toc-link ez-toc-heading-20\" href=\"https:\/\/www.appareil-minceur.fr\/es\/perdida-de-peso\/radiofrequence-visage\/#Quels_resultats_concrets_mes_clientes_ont-elles_obtenus_avec_la_radiofrequence_visage\" >Quels r\u00e9sultats concrets mes clientes ont-elles obtenus avec la radiofr\u00e9quence visage ?<\/a><ul class='ez-toc-list-level-3' ><li class='ez-toc-heading-level-3'><a class=\"ez-toc-link ez-toc-heading-21\" href=\"https:\/\/www.appareil-minceur.fr\/es\/perdida-de-peso\/radiofrequence-visage\/#Des_transformations_naturelles_et_durables\" >Des transformations naturelles et durables<\/a><\/li><\/ul><\/li><li class='ez-toc-page-1 ez-toc-heading-level-2'><a class=\"ez-toc-link ez-toc-heading-22\" href=\"https:\/\/www.appareil-minceur.fr\/es\/perdida-de-peso\/radiofrequence-visage\/#Combien_de_temps_durent_les_resultats_de_la_radiofrequence_visage\" >Combien de temps durent les r\u00e9sultats de la radiofr\u00e9quence visage ?<\/a><ul class='ez-toc-list-level-3' ><li class='ez-toc-heading-level-3'><a class=\"ez-toc-link ez-toc-heading-23\" href=\"https:\/\/www.appareil-minceur.fr\/es\/perdida-de-peso\/radiofrequence-visage\/#Une_efficacite_personnalisee\" >Une efficacit\u00e9 personnalis\u00e9e<\/a><\/li><\/ul><\/li><\/ul><\/nav><\/div>\n\n\n\n\n<figure class=\"wp-block-image\"><img decoding=\"async\" src=\"https:\/\/www.appareil-minceur.fr\/wp-content\/uploads\/2025\/02\/radiofrequence-visage-fonctionnement-peau-profonde.png\" alt=\"\"\/><\/figure>\n\n\n\n<p><\/p>\n\n\n\n<h2 class=\"wp-block-heading\"><span class=\"ez-toc-section\" id=\"Comment_fonctionne_la_radiofrequence_visage\"><\/span>Comment fonctionne la radiofr\u00e9quence visage ?<span class=\"ez-toc-section-end\"><\/span><\/h2>\n\n\n\n<p>Si vous cherchez \u00e0 afficher une peau plus jeune sans passer par la case bistouri, la radiofr\u00e9quence va vous plaire ! Cette technologie utilise des <b>ondas electromagn\u00e9ticas<\/b> qui p\u00e9n\u00e8trent en profondeur dans votre peau. C&rsquo;est un peu comme si vous faisiez un mini sauna localis\u00e9 : la chaleur g\u00e9n\u00e9r\u00e9e par ces ondes va directement cibler les couches profondes de votre peau. Le plus int\u00e9ressant ? Cette chaleur d\u00e9clenche une vraie r\u00e9action en cha\u00eene dans vos cellules. Votre corps se met naturellement \u00e0 produire du <b>col\u00e1geno<\/b>, cette prot\u00e9ine magique qui donne \u00e0 votre peau son \u00e9lasticit\u00e9 et sa fermet\u00e9.<\/p>\n\n\n\n<h3 class=\"wp-block-heading\"><span class=\"ez-toc-section\" id=\"Les_differents_types_de_radiofrequence\"><\/span>Les diff\u00e9rents types de radiofr\u00e9quence<span class=\"ez-toc-section-end\"><\/span><\/h3>\n\n\n\n<p>J&rsquo;adore particuli\u00e8rement vous parler des deux types de radiofr\u00e9quence les plus efficaces : la monopolaire et la bipolaire. La premi\u00e8re agit comme un agent secret qui s&rsquo;infiltre profond\u00e9ment dans votre peau gr\u00e2ce \u00e0 une seule \u00e9lectrode. La seconde, \u00e9quip\u00e9e de deux \u00e9lectrodes, travaille plus en surface &#8211; parfait pour les zones d\u00e9licates du visage et du cou ! Cette technique douce mais super efficace stimule la <b>production d&rsquo;\u00e9lastine<\/b>, redonnant \u00e0 votre peau sa souplesse d&rsquo;antan. Le meilleur dans tout \u00e7a ? C&rsquo;est totalement naturel, votre corps fait tout le travail, la technologie ne fait que le stimuler !<\/p>\n\n\n\n<h2 class=\"wp-block-heading\"><span class=\"ez-toc-section\" id=\"Quels_sont_les_bienfaits_de_la_radiofrequence_pour_transformer_votre_visage\"><\/span>Quels sont les bienfaits de la radiofr\u00e9quence pour transformer votre visage ?<span class=\"ez-toc-section-end\"><\/span><\/h2>\n\n\n\n<h3 class=\"wp-block-heading\"><span class=\"ez-toc-section\" id=\"Le_secret_dune_peau_plus_jeune_et_eclatante\"><\/span>Le secret d&rsquo;une peau plus jeune et \u00e9clatante<span class=\"ez-toc-section-end\"><\/span><\/h3>\n\n\n\n<p>La radiofr\u00e9quence visage, c&rsquo;est un peu comme une s\u00e9ance de sport intense pour votre peau ! Cette technique super efficace chauffe les couches profondes entre 38 et 42 degr\u00e9s, exactement ce qu&rsquo;il faut pour r\u00e9veiller la production naturelle de <b>col\u00e1geno<\/b> y<b>elastina<\/b>. Le r\u00e9sultat ? Une peau plus tonique et plus ferme, comme apr\u00e8s une bonne s\u00e9ance de fitness ! J&rsquo;adore voir la transformation chez mes clients : leur peau devient plus lisse, plus uniforme, et les petites imperfections s&rsquo;estompent progressivement.<\/p>\n\n\n\n<p>Le plus g\u00e9nial avec cette m\u00e9thode, c&rsquo;est qu&rsquo;elle agit en profondeur sans \u00eatre invasive. Fini les solutions drastiques, place \u00e0 une approche douce mais ultra-efficace ! Les <b>arrugas<\/b> et ridules s&rsquo;att\u00e9nuent naturellement, et le visage retrouve tout son \u00e9clat. C&rsquo;est particuli\u00e8rement bluffant sur les peaux fatigu\u00e9es ou marqu\u00e9es par le temps. En quelques s\u00e9ances seulement, vous constaterez une vraie diff\u00e9rence : votre peau sera plus ferme, plus tonique, et votre teint bien plus lumineux. C&rsquo;est comme offrir une cure de jouvence naturelle \u00e0 votre visage !<\/p>\n\n\n\n<figure class=\"wp-block-embed is-type-video is-provider-youtube wp-block-embed-youtube wp-embed-aspect-16-9 wp-has-aspect-ratio\"><div class=\"wp-block-embed__wrapper\">\n<iframe title=\"\u00a1PRUEBO LA RADIOFRECUENCIA ANTIEDAD!\" width=\"800\" height=\"450\" src=\"https:\/\/www.youtube.com\/embed\/prX-RG2-k_0?feature=oembed\" frameborder=\"0\" allow=\"accelerometer; autoplay; clipboard-write; encrypted-media; gyroscope; picture-in-picture; web-share\" referrerpolicy=\"strict-origin-when-cross-origin\" allowfullscreen><\/iframe>\n<\/div><\/figure>\n\n\n\n<h2 class=\"wp-block-heading\"><span class=\"ez-toc-section\" id=\"Comment_se_deroule_une_consultation_pour_un_traitement_par_radiofrequence\"><\/span>Comment se d\u00e9roule une consultation pour un traitement par radiofr\u00e9quence ?<span class=\"ez-toc-section-end\"><\/span><\/h2>\n\n\n\n<h3 class=\"wp-block-heading\"><span class=\"ez-toc-section\" id=\"La_consultation_prealable_une_etape_cle\"><\/span>La consultation pr\u00e9alable, une \u00e9tape cl\u00e9<span class=\"ez-toc-section-end\"><\/span><\/h3>\n\n\n\n<p>Je le r\u00e9p\u00e8te souvent \u00e0 mes clientes : une bonne consultation est la base d&rsquo;un traitement r\u00e9ussi ! Avant de d\u00e9marrer les <a href=\"https:\/\/www.appareil-minceur.fr\/es\/consejo\/radiofrecuencia-facial-cuantas-sesiones\/\">s\u00e9ances de <b>radiofrecuencia facial<\/b><\/a>, un expert \u00e9valuera votre peau avec attention. C&rsquo;est le moment id\u00e9al pour parler de vos objectifs et poser toutes vos questions.<\/p>\n\n\n\n<h3 class=\"wp-block-heading\"><span class=\"ez-toc-section\" id=\"Le_deroulement_dune_seance\"><\/span>Le d\u00e9roulement d&rsquo;une s\u00e9ance<span class=\"ez-toc-section-end\"><\/span><\/h3>\n\n\n\n<p>La s\u00e9ance commence par un nettoyage complet du visage, suivi de l&rsquo;application d&rsquo;un gel conducteur. L&rsquo;appareil de <b>radiofrecuencia<\/b> diffuse ensuite une douce chaleur qui stimule naturellement la production de collag\u00e8ne. Super simple et totalement indolore !<\/p>\n\n\n\n<p>Un traitement type comprend :<\/p>\n\n\n\n<ul class=\"wp-block-list\">\n<li>Une s\u00e9ance de 20-30 minutes<\/li>\n\n\n\n<li>Plusieurs sessions espac\u00e9es pour des r\u00e9sultats optimaux<\/li>\n\n\n\n<li>Un protocole personnalis\u00e9 selon votre type de peau<\/li>\n<\/ul>\n\n\n\n<h3 class=\"wp-block-heading\"><span class=\"ez-toc-section\" id=\"Les_petits_conseils_post-traitement\"><\/span>Les petits conseils post-traitement<span class=\"ez-toc-section-end\"><\/span><\/h3>\n\n\n\n<p>Pour maximiser les r\u00e9sultats, quelques gestes simples suffisent :<\/p>\n\n\n\n<ul class=\"wp-block-list\">\n<li>Hydratez g\u00e9n\u00e9reusement votre peau<\/li>\n\n\n\n<li>\u00c9vitez le soleil direct pendant quelques jours<\/li>\n\n\n\n<li>Utilisez des soins apaisants si besoin<\/li>\n<\/ul>\n\n\n\n<p>Ces petites attentions permettront \u00e0 votre peau de rester \u00e9clatante plus longtemps. En suivant ces recommandations, vous obtiendrez des r\u00e9sultats bluffants !<\/p>\n\n\n\n<h2 class=\"wp-block-heading\"><span class=\"ez-toc-section\" id=\"Quelles_differences_entre_la_radiofrequence_et_les_autres_soins_du_visage\"><\/span>Quelles diff\u00e9rences entre la radiofr\u00e9quence et les autres soins du visage ?<span class=\"ez-toc-section-end\"><\/span><\/h2>\n\n\n\n<p>Parlons un peu des diff\u00e9rents traitements disponibles pour am\u00e9liorer l&rsquo;apparence de votre peau ! La <b>radiofrecuencia<\/b> se d\u00e9marque vraiment des autres soins comme le laser ou les peelings chimiques. Imaginez qu&rsquo;elle agit comme un super-coach pour votre peau : elle p\u00e9n\u00e8tre en profondeur et booste naturellement la production de <b>col\u00e1geno<\/b>, ce qui raffermit et remonte les tissus de l&rsquo;int\u00e9rieur. C&rsquo;est super efficace pour lutter contre le rel\u00e2chement cutan\u00e9 !<\/p>\n\n\n\n<h3 class=\"wp-block-heading\"><span class=\"ez-toc-section\" id=\"La_radiofrequence_VS_autres_technologies\"><\/span>La radiofr\u00e9quence VS autres technologies<span class=\"ez-toc-section-end\"><\/span><\/h3>\n\n\n\n<p>Contrairement au laser qui travaille principalement en surface, la <b>radiofrecuencia<\/b> fait son petit boulot en profondeur, l\u00e0 o\u00f9 \u00e7a compte vraiment. Elle cible directement les probl\u00e8mes de structure de la peau, parfait pour celles et ceux qui veulent des r\u00e9sultats durables sans agresser l&rsquo;\u00e9piderme. Le gros avantage ? Vous pouvez reprendre vos activit\u00e9s directement apr\u00e8s la s\u00e9ance, sans p\u00e9riode de repos n\u00e9cessaire. C&rsquo;est vraiment le soin id\u00e9al si vous cherchez \u00e0 am\u00e9liorer la fermet\u00e9 de votre peau tout en douceur, avec des r\u00e9sultats qui s&rsquo;installent progressivement mais durablement.<\/p>\n\n\n\n<h2 class=\"wp-block-heading\"><span class=\"ez-toc-section\" id=\"Pour_qui_la_radiofrequence_visage_est-elle_la_plus_adaptee\"><\/span>Pour qui la radiofr\u00e9quence visage est-elle la plus adapt\u00e9e ?<span class=\"ez-toc-section-end\"><\/span><\/h2>\n\n\n\n<p>Super nouvelle ! La radiofr\u00e9quence visage est accessible \u00e0 pratiquement tout le monde, c&rsquo;est l&rsquo;une de ses plus grandes forces ! Contrairement \u00e0 d&rsquo;autres techniques comme le laser qui peuvent \u00eatre limit\u00e9es aux peaux claires, la <b>radiofrecuencia<\/b> fonctionne sur tous les types de peau, m\u00eame bronz\u00e9e. Elle agit en profondeur pour <b>stimuler naturellement le collag\u00e8ne<\/b> et l&rsquo;\u00e9lastine, ce qui permet d&rsquo;obtenir une peau plus ferme et plus lisse.<\/p>\n\n\n\n<h3 class=\"wp-block-heading\"><span class=\"ez-toc-section\" id=\"Lage_ideal_pour_commencer\"><\/span>L&rsquo;\u00e2ge id\u00e9al pour commencer<span class=\"ez-toc-section-end\"><\/span><\/h3>\n\n\n\n<p>Si vous avez la trentaine, c&rsquo;est le moment parfait pour d\u00e9buter ! C&rsquo;est g\u00e9n\u00e9ralement \u00e0 cet \u00e2ge qu&rsquo;apparaissent les premiers signes du temps. La <b>production de fibroblastes<\/b> diminue progressivement avec l&rsquo;\u00e2ge, donc plus t\u00f4t vous commencez, meilleurs seront les r\u00e9sultats. Vous verrez les effets s&rsquo;am\u00e9liorer au fil des mois, pendant que votre peau se r\u00e9g\u00e9n\u00e8re naturellement.<\/p>\n\n\n\n<h3 class=\"wp-block-heading\"><span class=\"ez-toc-section\" id=\"Quelques_precautions_a_prendre\"><\/span>Algunas precauciones<span class=\"ez-toc-section-end\"><\/span><\/h3>\n\n\n\n<p>Attention tout de m\u00eame, cette technique n&rsquo;est pas recommand\u00e9e si vous portez un pacemaker ou des implants m\u00e9talliques. De m\u00eame, si vous avez des cicatrices ch\u00e9lo\u00efdes, de la rosac\u00e9e ou une irritation cutan\u00e9e, mieux vaut opter pour une autre solution. La consultation d&rsquo;un pro de sant\u00e9 reste indispensable avant de se lancer dans l&rsquo;aventure !<\/p>\n\n\n\n<figure class=\"wp-block-image\"><img decoding=\"async\" src=\"https:\/\/www.appareil-minceur.fr\/wp-content\/uploads\/2025\/02\/radiofrequence-visage-transformation-bienfaits-jeunesse.jpg\" alt=\"\"\/><\/figure>\n\n\n\n<p><\/p>\n\n\n\n<h2 class=\"wp-block-heading\"><span class=\"ez-toc-section\" id=\"Quels_sont_les_effets_secondaires_a_connaitre_avant_un_traitement_par_radiofrequence\"><\/span>Quels sont les effets secondaires \u00e0 conna\u00eetre avant un traitement par radiofr\u00e9quence ?<span class=\"ez-toc-section-end\"><\/span><\/h2>\n\n\n\n<p>Perm\u00edtame tranquilizarle: el <b>radiofrecuencia<\/b> est une technique super s\u00fbre pour le visage ! Comme pour tout traitement esth\u00e9tique, il existe quelques petits d\u00e9sagr\u00e9ments temporaires, mais rien de m\u00e9chant :<\/p>\n\n\n\n<ul class=\"wp-block-list\">\n<li>En <b>sarpullidos<\/b> qui disparaissent en quelques heures<\/li>\n\n\n\n<li>Un ligero <b>hinchaz\u00f3n<\/b> qui se r\u00e9sorbe naturellement<\/li>\n\n\n\n<li>Une sensation de chaleur pendant le soin<\/li>\n<\/ul>\n\n\n\n<h3 class=\"wp-block-heading\"><span class=\"ez-toc-section\" id=\"Les_precautions_a_prendre\"><\/span>Precauciones<span class=\"ez-toc-section-end\"><\/span><\/h3>\n\n\n\n<p>Pour \u00e9viter toute complication (m\u00eame si elles sont ultra rares !), je recommande vivement de choisir un pro qualifi\u00e9 pour r\u00e9aliser votre soin. C&rsquo;est LA cl\u00e9 pour des r\u00e9sultats au top et z\u00e9ro souci ! Un bon praticien saura parfaitement adapter les param\u00e8tres \u00e0 votre type de peau et vous donnera tous les conseils post-traitement n\u00e9cessaires.<\/p>\n\n\n\n<p>En cas de r\u00e9action inhabituelle apr\u00e8s votre s\u00e9ance (ce qui arrive vraiment rarement), n&rsquo;h\u00e9sitez pas \u00e0 contacter votre praticien. La <b>radiofrecuencia facial<\/b> est vraiment une technique g\u00e9niale quand elle est bien r\u00e9alis\u00e9e, et les milliers de personnes satisfaites en sont la preuve ! Je vous conseille juste de bien suivre les recommandations post-soin pour maximiser les r\u00e9sultats et minimiser ces petits d\u00e9sagr\u00e9ments temporaires.<\/p>\n\n\n\n<h2 class=\"wp-block-heading\"><span class=\"ez-toc-section\" id=\"Combien_coute_une_seance_de_radiofrequence_pour_le_visage\"><\/span>Combien co\u00fbte une s\u00e9ance de radiofr\u00e9quence pour le visage ?<span class=\"ez-toc-section-end\"><\/span><\/h2>\n\n\n\n<p>Passionn\u00e9e par les technologies minceur depuis des ann\u00e9es, je peux t&rsquo;assurer que les prix de la radiofr\u00e9quence visage varient \u00e9norm\u00e9ment ! Tu te poses s\u00fbrement la question du budget \u00e0 pr\u00e9voir&#8230; Je vais t&rsquo;expliquer tout \u00e7a. Le tarif d\u00e9pend de plusieurs facteurs : le nombre de s\u00e9ances dont tu as besoin (\u00e7a change selon tes objectifs et ton type de peau), la zone que tu souhaites traiter (une petite cicatrice ou le visage complet, ce n&rsquo;est pas le m\u00eame tarif), et m\u00eame l&rsquo;endroit o\u00f9 tu habites.<\/p>\n\n\n\n<h3 class=\"wp-block-heading\"><span class=\"ez-toc-section\" id=\"Les_tarifs_moyens_en_institut\"><\/span>Precios medios de los salones de belleza<span class=\"ez-toc-section-end\"><\/span><\/h3>\n\n\n\n<p>En g\u00e9n\u00e9ral, compte entre <b>100\u20ac et 200\u20ac<\/b> par s\u00e9ance dans les petites villes. Dans les grandes m\u00e9tropoles comme Paris ou Lyon, les prix grimpent facilement jusqu&rsquo;\u00e0 <b>600\u20ac<\/b> la s\u00e9ance. Mais ne panique pas ! La plupart des instituts proposent des forfaits super avantageux. Par exemple, en prenant un pack de 8 s\u00e9ances, tu peux faire baisser le prix \u00e0 <b>110\u20ac<\/b> la s\u00e9ance, et m\u00eame jusqu&rsquo;\u00e0 90\u20ac si tu optes pour 12 s\u00e9ances. C&rsquo;est quand m\u00eame plus sympa pour le porte-monnaie ! Et tu sais quoi ? Cette diff\u00e9rence de prix s&rsquo;explique aussi par l&rsquo;expertise du praticien &#8211; normal qu&rsquo;un pro avec 15 ans d&rsquo;exp\u00e9rience demande un peu plus qu&rsquo;un d\u00e9butant. Le plus important, c&rsquo;est de choisir quelqu&rsquo;un de qualifi\u00e9 pour obtenir les meilleurs r\u00e9sultats possibles !<\/p>\n\n\n\n<h2 class=\"wp-block-heading\"><span class=\"ez-toc-section\" id=\"Comment_la_radiofrequence_visage_a-t-elle_evolue_ces_dernieres_annees\"><\/span>Comment la radiofr\u00e9quence visage a-t-elle \u00e9volu\u00e9 ces derni\u00e8res ann\u00e9es ?<span class=\"ez-toc-section-end\"><\/span><\/h2>\n\n\n\n<p>Vous allez adorer les derni\u00e8res avanc\u00e9es en mati\u00e8re de <b>radiofrecuencia facial<\/b> ! Cette technologie a fait des pas de g\u00e9ant, proposant maintenant des solutions ultra-efficaces pour rajeunir votre peau sans passer par la case chirurgie. Les nouveaux appareils sont vraiment bluffants : ils associent plusieurs technologies comme la <b>radiofrecuencia<\/b>, l&rsquo;infrarouge et les LED rouges pour agir en profondeur sur les diff\u00e9rentes couches de la peau.<\/p>\n\n\n\n<h3 class=\"wp-block-heading\"><span class=\"ez-toc-section\" id=\"Les_bienfaits_de_la_radiofrequence_nouvelle_generation\"><\/span>Les bienfaits de la radiofr\u00e9quence nouvelle g\u00e9n\u00e9ration<span class=\"ez-toc-section-end\"><\/span><\/h3>\n\n\n\n<p>Le principe est simple mais g\u00e9nial : les ondes \u00e9lectromagn\u00e9tiques cr\u00e9ent une chaleur cibl\u00e9e qui booste naturellement la production de <b>col\u00e1geno<\/b> et d&rsquo;\u00e9lastine. R\u00e9sultat ? Une peau plus ferme, plus tonique, et des rides qui s&rsquo;estompent progressivement. C&rsquo;est vraiment top pour celles et ceux qui cherchent des r\u00e9sultats visibles sans les contraintes d&rsquo;une intervention chirurgicale ! La bonne nouvelle, c&rsquo;est que ces technologies sont de plus en plus accessibles et permettent d&rsquo;obtenir des r\u00e9sultats vraiment impressionnants, que ce soit pour raffermir un ovale du visage ou att\u00e9nuer les ridules.<\/p>\n\n\n\n<figure class=\"wp-block-image\"><img decoding=\"async\" src=\"https:\/\/www.appareil-minceur.fr\/wp-content\/uploads\/2025\/02\/consultation-radiofrequence-peau-evaluation-expert.jpg\" alt=\"\"\/><\/figure>\n\n\n\n<p><\/p>\n\n\n\n<h2 class=\"wp-block-heading\"><span class=\"ez-toc-section\" id=\"Quels_resultats_concrets_mes_clientes_ont-elles_obtenus_avec_la_radiofrequence_visage\"><\/span>Quels r\u00e9sultats concrets mes clientes ont-elles obtenus avec la radiofr\u00e9quence visage ?<span class=\"ez-toc-section-end\"><\/span><\/h2>\n\n\n\n<p>Je suis tellement heureuse de partager avec vous les retours de mes clientes apr\u00e8s leurs s\u00e9ances de radiofr\u00e9quence ! Les r\u00e9sultats sont vraiment bluffants et c&rsquo;est toujours un plaisir de voir leurs visages rayonnants. La grande majorit\u00e9 d&rsquo;entre elles adorent le c\u00f4t\u00e9 <b>no invasivo<\/b> du traitement &#8211; fini les injections qui font peur !<\/p>\n\n\n\n<h3 class=\"wp-block-heading\"><span class=\"ez-toc-section\" id=\"Des_transformations_naturelles_et_durables\"><\/span>Des transformations naturelles et durables<span class=\"ez-toc-section-end\"><\/span><\/h3>\n\n\n\n<p>Ce qui me fait particuli\u00e8rement plaisir, c&rsquo;est de voir \u00e0 quel point leur peau devient <b>plus ferme et \u00e9lastique<\/b> au fil des s\u00e9ances. Le plus g\u00e9nial ? Les effets continuent m\u00eame plusieurs mois apr\u00e8s la fin du traitement ! Mes clientes me rapportent r\u00e9guli\u00e8rement ces am\u00e9liorations :<\/p>\n\n\n\n<ul class=\"wp-block-list\">\n<li>Une peau visiblement plus tonique<\/li>\n\n\n\n<li>Des rides et ridules estomp\u00e9es naturellement<\/li>\n\n\n\n<li>Un teint \u00e9clatant et unifi\u00e9<\/li>\n\n\n\n<li>Un ovale du visage mieux dessin\u00e9<\/li>\n<\/ul>\n\n\n\n<p>Un petit conseil de coach : gardez en t\u00eate que la patience est votre meilleure alli\u00e9e ! Les r\u00e9sultats se d\u00e9voilent progressivement, c&rsquo;est normal et c&rsquo;est m\u00eame mieux pour obtenir un effet naturel. La <b>estimulaci\u00f3n del col\u00e1geno<\/b> prend du temps, mais croyez-moi, l&rsquo;attente en vaut vraiment la peine. Les sourires de mes clientes quand elles voient leur reflet dans le miroir ne mentent pas !<\/p>\n\n\n\n<h2 class=\"wp-block-heading\"><span class=\"ez-toc-section\" id=\"Combien_de_temps_durent_les_resultats_de_la_radiofrequence_visage\"><\/span>Combien de temps durent les r\u00e9sultats de la radiofr\u00e9quence visage ?<span class=\"ez-toc-section-end\"><\/span><\/h2>\n\n\n\n<h3 class=\"wp-block-heading\"><span class=\"ez-toc-section\" id=\"Une_efficacite_personnalisee\"><\/span>Une efficacit\u00e9 personnalis\u00e9e<span class=\"ez-toc-section-end\"><\/span><\/h3>\n\n\n\n<p>Los resultados de la <b>radiofrecuencia facial<\/b> varient selon chaque personne &#8211; c&rsquo;est normal, nous sommes tous diff\u00e9rents ! Pour maximiser les effets, je conseille \u00e0 mes clients de pr\u00e9voir 3 \u00e0 5 s\u00e9ances espac\u00e9es de 4 \u00e0 6 semaines. Cette routine permet \u00e0 votre peau de produire naturellement du <b>col\u00e1geno<\/b>, la prot\u00e9ine responsable de sa fermet\u00e9. La bonne nouvelle ? Les effets peuvent durer plusieurs mois apr\u00e8s votre programme initial !<\/p>\n\n\n\n<p>Pour garder une peau tonique sur la dur\u00e9e, je recommande d&rsquo;effectuer une s\u00e9ance d&rsquo;entretien tous les 2-3 mois. C&rsquo;est comme aller \u00e0 la salle de sport : pour maintenir vos r\u00e9sultats, il faut rester r\u00e9gulier ! Certaines personnes peuvent espacer davantage leurs s\u00e9ances, jusqu&rsquo;\u00e0 4-12 mois, selon leurs objectifs. L&rsquo;essentiel est d&rsquo;\u00e9couter votre peau et d&rsquo;adapter le rythme qui vous convient.<\/p>\n\n\n\n<p>Pour optimiser les r\u00e9sultats de vos s\u00e9ances, pensez \u00e0 bien <b>hydrater votre peau<\/b> et \u00e0 la prot\u00e9ger du soleil. Une peau en bonne sant\u00e9 r\u00e9agira toujours mieux aux traitements ! J&rsquo;insiste aussi aupr\u00e8s de mes clients sur l&rsquo;importance d&rsquo;une alimentation \u00e9quilibr\u00e9e et d&rsquo;un bon sommeil &#8211; ces habitudes simples font vraiment la diff\u00e9rence dans la dur\u00e9e des r\u00e9sultats.<\/p>\n\n\n\n<p>La <b>radiofrecuencia facial<\/b> est vraiment une technologie g\u00e9niale pour retrouver une peau plus ferme et plus jeune ! Cette m\u00e9thode douce mais efficace utilise des ondes \u00e9lectromagn\u00e9tiques qui stimulent naturellement la production de collag\u00e8ne dans les couches profondes de votre peau. Avec des s\u00e9ances r\u00e9guli\u00e8res et un bon suivi, vous pouvez dire adieu au rel\u00e2chement cutan\u00e9 et aux petites rides qui vous tracassent. Le plus cool ? C&rsquo;est une technique non-invasive, accessible \u00e0 presque tout le monde, et qui s&rsquo;adapte parfaitement \u00e0 votre rythme de vie. Alors si vous cherchez une solution naturelle pour retrouver l&rsquo;\u00e9clat de votre peau, la radiofr\u00e9quence pourrait bien devenir votre meilleure alli\u00e9e !<\/p>","protected":false},"excerpt":{"rendered":"<p>Vous r\u00eavez d&rsquo;une peau plus ferme et plus jeune sans passer par la case chirurgie ? La <b>radiofrecuencia facial<\/b> pourrait bien \u00eatre la solution que vous attendiez ! Cette technique, qui fait partie de mes pr\u00e9f\u00e9r\u00e9es pour mes clientes, utilise la chaleur de mani\u00e8re super intelligente pour stimuler naturellement la production de <b>col\u00e1geno<\/b>. Le plus g\u00e9nial ? C&rsquo;est totalement indolore et les r\u00e9sultats sont vraiment bluffants ! J&rsquo;ai aid\u00e9 des centaines de personnes \u00e0 retrouver une peau plus <b>t\u00f3nico<\/b> gr\u00e2ce \u00e0 cette m\u00e9thode, et je vais vous expliquer exactement comment \u00e7a marche. D\u00e9couvrez avec moi tous les secrets de cette technologie qui transforme litt\u00e9ralement la qualit\u00e9 de votre peau !<\/p>","protected":false},"author":1,"featured_media":394,"comment_status":"open","ping_status":"open","sticky":false,"template":"","format":"standard","meta":{"footnotes":""},"categories":[13],"tags":[17],"class_list":["post-397","post","type-post","status-publish","format-standard","has-post-thumbnail","hentry","category-perte-de-poids","tag-radiofrequence"],"_links":{"self":[{"href":"https:\/\/www.appareil-minceur.fr\/es\/wp-json\/wp\/v2\/posts\/397","targetHints":{"allow":["GET"]}}],"collection":[{"href":"https:\/\/www.appareil-minceur.fr\/es\/wp-json\/wp\/v2\/posts"}],"about":[{"href":"https:\/\/www.appareil-minceur.fr\/es\/wp-json\/wp\/v2\/types\/post"}],"author":[{"embeddable":true,"href":"https:\/\/www.appareil-minceur.fr\/es\/wp-json\/wp\/v2\/users\/1"}],"replies":[{"embeddable":true,"href":"https:\/\/www.appareil-minceur.fr\/es\/wp-json\/wp\/v2\/comments?post=397"}],"version-history":[{"count":3,"href":"https:\/\/www.appareil-minceur.fr\/es\/wp-json\/wp\/v2\/posts\/397\/revisions"}],"predecessor-version":[{"id":749,"href":"https:\/\/www.appareil-minceur.fr\/es\/wp-json\/wp\/v2\/posts\/397\/revisions\/749"}],"wp:featuredmedia":[{"embeddable":true,"href":"https:\/\/www.appareil-minceur.fr\/es\/wp-json\/wp\/v2\/media\/394"}],"wp:attachment":[{"href":"https:\/\/www.appareil-minceur.fr\/es\/wp-json\/wp\/v2\/media?parent=397"}],"wp:term":[{"taxonomy":"category","embeddable":true,"href":"https:\/\/www.appareil-minceur.fr\/es\/wp-json\/wp\/v2\/categories?post=397"},{"taxonomy":"post_tag","embeddable":true,"href":"https:\/\/www.appareil-minceur.fr\/es\/wp-json\/wp\/v2\/tags?post=397"}],"curies":[{"name":"wp","href":"https:\/\/api.w.org\/{rel}","templated":true}]}}