{"id":411,"date":"2025-02-06T09:49:06","date_gmt":"2025-02-06T09:49:06","guid":{"rendered":"https:\/\/www.appareil-minceur.fr\/?p=411"},"modified":"2025-03-25T08:56:31","modified_gmt":"2025-03-25T08:56:31","slug":"radiofrecuencia-facial-cuantas-sesiones","status":"publish","type":"post","link":"https:\/\/www.appareil-minceur.fr\/es\/perdida-de-peso\/radiofrecuencia-facial-cuantas-sesiones\/","title":{"rendered":"Radiofrecuencia facial: \u00bfcu\u00e1ntas sesiones son necesarias para obtener resultados?"},"content":{"rendered":"<div class=\"kk-star-ratings kksr-auto kksr-align-left kksr-valign-top\"\n    data-payload='{&quot;align&quot;:&quot;left&quot;,&quot;id&quot;:&quot;411&quot;,&quot;slug&quot;:&quot;default&quot;,&quot;valign&quot;:&quot;top&quot;,&quot;ignore&quot;:&quot;&quot;,&quot;reference&quot;:&quot;auto&quot;,&quot;class&quot;:&quot;&quot;,&quot;count&quot;:&quot;1&quot;,&quot;legendonly&quot;:&quot;&quot;,&quot;readonly&quot;:&quot;&quot;,&quot;score&quot;:&quot;5&quot;,&quot;starsonly&quot;:&quot;&quot;,&quot;best&quot;:&quot;5&quot;,&quot;gap&quot;:&quot;5&quot;,&quot;greet&quot;:&quot;Notez cet article !&quot;,&quot;legend&quot;:&quot;5\\\/5 - (1 voto)&quot;,&quot;size&quot;:&quot;16&quot;,&quot;title&quot;:&quot;Radiofr\u00e9quence visage : combien de s\u00e9ances pour des r\u00e9sultats ?&quot;,&quot;width&quot;:&quot;102.5&quot;,&quot;_legend&quot;:&quot;{score}\\\/{best} - ({count} {votes})&quot;,&quot;font_factor&quot;:&quot;1.25&quot;}'>\n            \n<div class=\"kksr-stars\">\n    \n<div class=\"kksr-stars-inactive\">\n            <div class=\"kksr-star\" data-star=\"1\" style=\"padding-right: 5px\">\n            \n\n<div class=\"kksr-icon\" style=\"width: 16px; height: 16px;\"><\/div>\n        <\/div>\n            <div class=\"kksr-star\" data-star=\"2\" style=\"padding-right: 5px\">\n            \n\n<div class=\"kksr-icon\" style=\"width: 16px; height: 16px;\"><\/div>\n        <\/div>\n            <div class=\"kksr-star\" data-star=\"3\" style=\"padding-right: 5px\">\n            \n\n<div class=\"kksr-icon\" style=\"width: 16px; height: 16px;\"><\/div>\n        <\/div>\n            <div class=\"kksr-star\" data-star=\"4\" style=\"padding-right: 5px\">\n            \n\n<div class=\"kksr-icon\" style=\"width: 16px; height: 16px;\"><\/div>\n        <\/div>\n            <div class=\"kksr-star\" data-star=\"5\" style=\"padding-right: 5px\">\n            \n\n<div class=\"kksr-icon\" style=\"width: 16px; height: 16px;\"><\/div>\n        <\/div>\n    <\/div>\n    \n<div class=\"kksr-stars-active\" style=\"width: 102.5px;\">\n            <div class=\"kksr-star\" style=\"padding-right: 5px\">\n            \n\n<div class=\"kksr-icon\" style=\"width: 16px; height: 16px;\"><\/div>\n        <\/div>\n            <div class=\"kksr-star\" style=\"padding-right: 5px\">\n            \n\n<div class=\"kksr-icon\" style=\"width: 16px; height: 16px;\"><\/div>\n        <\/div>\n            <div class=\"kksr-star\" style=\"padding-right: 5px\">\n            \n\n<div class=\"kksr-icon\" style=\"width: 16px; height: 16px;\"><\/div>\n        <\/div>\n            <div class=\"kksr-star\" style=\"padding-right: 5px\">\n            \n\n<div class=\"kksr-icon\" style=\"width: 16px; height: 16px;\"><\/div>\n        <\/div>\n            <div class=\"kksr-star\" style=\"padding-right: 5px\">\n            \n\n<div class=\"kksr-icon\" style=\"width: 16px; height: 16px;\"><\/div>\n        <\/div>\n    <\/div>\n<\/div>\n                \n\n<div class=\"kksr-legend\" style=\"font-size: 12.8px;\">\n            5\/5 - (1 voto)    <\/div>\n    <\/div>\n\n<p>\u00bfSe pregunta cu\u00e1ntos tratamientos faciales de radiofrecuencia necesitar\u00e1 para conseguir una piel m\u00e1s firme y radiante? Te entiendo perfectamente. Como <b>entrenador deportivo<\/b> especializado en tecnolog\u00edas adelgazantes, recibo esta pregunta casi a diario. La radiofrecuencia se ha convertido en una de las t\u00e9cnicas m\u00e1s populares para recuperar una piel tonificada y rejuvenecida, pero es cierto que el n\u00famero de sesiones necesarias puede variar en funci\u00f3n de varios factores. Descubre conmigo todos los detalles sobre este <b>m\u00e9todo antiedad<\/b> \u00a1que cause sensaci\u00f3n! Te dir\u00e9 exactamente c\u00f3mo planificar tu programa de cuidado de la piel para obtener resultados <b>sostenible<\/b> y qu\u00e9 factores pueden influir en la duraci\u00f3n de su tratamiento.<\/p><div id=\"ez-toc-container\" class=\"ez-toc-v2_0_82_2 counter-hierarchy ez-toc-counter ez-toc-custom ez-toc-container-direction\">\n<div class=\"ez-toc-title-container\">\n<p class=\"ez-toc-title\" style=\"cursor:inherit\">Resumen del art\u00edculo<\/p>\n<span class=\"ez-toc-title-toggle\"><a href=\"#\" class=\"ez-toc-pull-right ez-toc-btn ez-toc-btn-xs ez-toc-btn-default ez-toc-toggle\" aria-label=\"Alternar tabla de contenidos\"><span class=\"ez-toc-js-icon-con\"><span class=\"\"><span class=\"eztoc-hide\" style=\"display:none;\">Toggle<\/span><span class=\"ez-toc-icon-toggle-span\"><svg style=\"fill: #ffffff;color:#ffffff\" xmlns=\"http:\/\/www.w3.org\/2000\/svg\" class=\"list-377408\" width=\"20px\" height=\"20px\" viewbox=\"0 0 24 24\" fill=\"none\"><path d=\"M6 6H4v2h2V6zm14 0H8v2h12V6zM4 11h2v2H4v-2zm16 0H8v2h12v-2zM4 16h2v2H4v-2zm16 0H8v2h12v-2z\" fill=\"currentColor\"><\/path><\/svg><svg style=\"fill: #ffffff;color:#ffffff\" class=\"arrow-unsorted-368013\" xmlns=\"http:\/\/www.w3.org\/2000\/svg\" width=\"10px\" height=\"10px\" viewbox=\"0 0 24 24\" version=\"1.2\" baseprofile=\"tiny\"><path d=\"M18.2 9.3l-6.2-6.3-6.2 6.3c-.2.2-.3.4-.3.7s.1.5.3.7c.2.2.4.3.7.3h11c.3 0 .5-.1.7-.3.2-.2.3-.5.3-.7s-.1-.5-.3-.7zM5.8 14.7l6.2 6.3 6.2-6.3c.2-.2.3-.5.3-.7s-.1-.5-.3-.7c-.2-.2-.4-.3-.7-.3h-11c-.3 0-.5.1-.7.3-.2.2-.3.5-.3.7s.1.5.3.7z\"\/><\/svg><\/span><\/span><\/span><\/a><\/span><\/div>\n<nav><ul class='ez-toc-list ez-toc-list-level-1 eztoc-toggle-hide-by-default' ><li class='ez-toc-page-1 ez-toc-heading-level-2'><a class=\"ez-toc-link ez-toc-heading-1\" href=\"https:\/\/www.appareil-minceur.fr\/es\/perdida-de-peso\/radiofrecuencia-facial-cuantas-sesiones\/#Que_faut-il_savoir_sur_les_traitements_par_radiofrequence_visage\" >\u00bfQu\u00e9 debo saber sobre los tratamientos de radiofrecuencia para el rostro?<\/a><ul class='ez-toc-list-level-3' ><li class='ez-toc-heading-level-3'><a class=\"ez-toc-link ez-toc-heading-2\" href=\"https:\/\/www.appareil-minceur.fr\/es\/perdida-de-peso\/radiofrecuencia-facial-cuantas-sesiones\/#Le_processus_de_rajeunissement\" >El proceso de rejuvenecimiento<\/a><\/li><\/ul><\/li><li class='ez-toc-page-1 ez-toc-heading-level-2'><a class=\"ez-toc-link ez-toc-heading-3\" href=\"https:\/\/www.appareil-minceur.fr\/es\/perdida-de-peso\/radiofrecuencia-facial-cuantas-sesiones\/#Quest-ce_qui_determine_le_nombre_de_seances_pour_des_resultats_optimaux\" >\u00bfQu\u00e9 determina el n\u00famero de sesiones para obtener resultados \u00f3ptimos?<\/a><ul class='ez-toc-list-level-3' ><li class='ez-toc-heading-level-3'><a class=\"ez-toc-link ez-toc-heading-4\" href=\"https:\/\/www.appareil-minceur.fr\/es\/perdida-de-peso\/radiofrecuencia-facial-cuantas-sesiones\/#Limportance_de_vos_objectifs_personnels\" >La importancia de sus objetivos personales<\/a><\/li><\/ul><\/li><li class='ez-toc-page-1 ez-toc-heading-level-2'><a class=\"ez-toc-link ez-toc-heading-5\" href=\"https:\/\/www.appareil-minceur.fr\/es\/perdida-de-peso\/radiofrecuencia-facial-cuantas-sesiones\/#Combien_de_seances_de_radiofrequence_sont_necessaires_pour_voir_des_resultats\" >\u00bfCu\u00e1ntas sesiones de radiofrecuencia son necesarias para ver resultados?<\/a><ul class='ez-toc-list-level-3' ><li class='ez-toc-heading-level-3'><a class=\"ez-toc-link ez-toc-heading-6\" href=\"https:\/\/www.appareil-minceur.fr\/es\/perdida-de-peso\/radiofrecuencia-facial-cuantas-sesiones\/#Un_planning_adapte_pour_des_resultats_optimaux\" >El programa adecuado para obtener resultados \u00f3ptimos<\/a><\/li><\/ul><\/li><li class='ez-toc-page-1 ez-toc-heading-level-2'><a class=\"ez-toc-link ez-toc-heading-7\" href=\"https:\/\/www.appareil-minceur.fr\/es\/perdida-de-peso\/radiofrecuencia-facial-cuantas-sesiones\/#Comment_evaluer_votre_peau_avant_de_debuter_les_seances_de_radiofrequence\" >\u00bfC\u00f3mo se eval\u00faa la piel antes de iniciar las sesiones de radiofrecuencia?<\/a><ul class='ez-toc-list-level-3' ><li class='ez-toc-heading-level-3'><a class=\"ez-toc-link ez-toc-heading-8\" href=\"https:\/\/www.appareil-minceur.fr\/es\/perdida-de-peso\/radiofrecuencia-facial-cuantas-sesiones\/#Analyse_personnalisee_de_votre_visage\" >An\u00e1lisis personalizado de su rostro<\/a><\/li><\/ul><\/li><li class='ez-toc-page-1 ez-toc-heading-level-2'><a class=\"ez-toc-link ez-toc-heading-9\" href=\"https:\/\/www.appareil-minceur.fr\/es\/perdida-de-peso\/radiofrecuencia-facial-cuantas-sesiones\/#Comment_suivre_levolution_de_vos_resultats_avec_la_radiofrequence\" >\u00bfC\u00f3mo puede controlar sus resultados con la radiofrecuencia?<\/a><ul class='ez-toc-list-level-3' ><li class='ez-toc-heading-level-3'><a class=\"ez-toc-link ez-toc-heading-10\" href=\"https:\/\/www.appareil-minceur.fr\/es\/perdida-de-peso\/radiofrecuencia-facial-cuantas-sesiones\/#Des_preuves_concretes_de_votre_transformation\" >Pruebas concretas de su transformaci\u00f3n<\/a><\/li><\/ul><\/li><li class='ez-toc-page-1 ez-toc-heading-level-2'><a class=\"ez-toc-link ez-toc-heading-11\" href=\"https:\/\/www.appareil-minceur.fr\/es\/perdida-de-peso\/radiofrecuencia-facial-cuantas-sesiones\/#Quels_sont_les_avantages_de_combiner_la_radiofrequence_avec_dautres_soins\" >\u00bfCu\u00e1les son las ventajas de combinar la radiofrecuencia con otros tratamientos?<\/a><ul class='ez-toc-list-level-3' ><li class='ez-toc-heading-level-3'><a class=\"ez-toc-link ez-toc-heading-12\" href=\"https:\/\/www.appareil-minceur.fr\/es\/perdida-de-peso\/radiofrecuencia-facial-cuantas-sesiones\/#Une_approche_multi-soins_pour_des_resultats_boostes\" >Un enfoque multiatenci\u00f3n para potenciar los resultados<\/a><\/li><\/ul><\/li><li class='ez-toc-page-1 ez-toc-heading-level-2'><a class=\"ez-toc-link ez-toc-heading-13\" href=\"https:\/\/www.appareil-minceur.fr\/es\/perdida-de-peso\/radiofrecuencia-facial-cuantas-sesiones\/#Quels_sont_les_effets_secondaires_possibles_de_la_radiofrequence_visage\" >\u00bfCu\u00e1les son los posibles efectos secundarios del tratamiento facial por radiofrecuencia?<\/a><ul class='ez-toc-list-level-3' ><li class='ez-toc-heading-level-3'><a class=\"ez-toc-link ez-toc-heading-14\" href=\"https:\/\/www.appareil-minceur.fr\/es\/perdida-de-peso\/radiofrecuencia-facial-cuantas-sesiones\/#Comment_prendre_soin_de_sa_peau_apres_une_seance\" >\u00bfC\u00f3mo se cuida la piel despu\u00e9s de una sesi\u00f3n?<\/a><\/li><\/ul><\/li><li class='ez-toc-page-1 ez-toc-heading-level-2'><a class=\"ez-toc-link ez-toc-heading-15\" href=\"https:\/\/www.appareil-minceur.fr\/es\/perdida-de-peso\/radiofrecuencia-facial-cuantas-sesiones\/#Combien_coutent_les_seances_de_radiofrequence_pour_le_visage\" >\u00bfCu\u00e1nto cuestan las sesiones de radiofrecuencia facial?<\/a><ul class='ez-toc-list-level-3' ><li class='ez-toc-heading-level-3'><a class=\"ez-toc-link ez-toc-heading-16\" href=\"https:\/\/www.appareil-minceur.fr\/es\/perdida-de-peso\/radiofrecuencia-facial-cuantas-sesiones\/#Le_prix_dun_programme_complet\" >El precio de un programa completo<\/a><\/li><\/ul><\/li><li class='ez-toc-page-1 ez-toc-heading-level-2'><a class=\"ez-toc-link ez-toc-heading-17\" href=\"https:\/\/www.appareil-minceur.fr\/es\/perdida-de-peso\/radiofrecuencia-facial-cuantas-sesiones\/#Comment_prendre_soin_de_sa_peau_apres_une_seance_de_radiofrequence\" >\u00bfC\u00f3mo se cuida la piel despu\u00e9s de una sesi\u00f3n de radiofrecuencia?<\/a><ul class='ez-toc-list-level-3' ><li class='ez-toc-heading-level-3'><a class=\"ez-toc-link ez-toc-heading-18\" href=\"https:\/\/www.appareil-minceur.fr\/es\/perdida-de-peso\/radiofrecuencia-facial-cuantas-sesiones\/#Les_bons_gestes_post-traitement\" >Los gestos correctos despu\u00e9s del tratamiento<\/a><\/li><\/ul><\/li><li class='ez-toc-page-1 ez-toc-heading-level-2'><a class=\"ez-toc-link ez-toc-heading-19\" href=\"https:\/\/www.appareil-minceur.fr\/es\/perdida-de-peso\/radiofrecuencia-facial-cuantas-sesiones\/#Comment_evaluer_lefficacite_de_la_radiofrequence_visage\" >\u00bfC\u00f3mo se puede evaluar la eficacia del tratamiento facial por radiofrecuencia?<\/a><ul class='ez-toc-list-level-3' ><li class='ez-toc-heading-level-3'><a class=\"ez-toc-link ez-toc-heading-20\" href=\"https:\/\/www.appareil-minceur.fr\/es\/perdida-de-peso\/radiofrecuencia-facial-cuantas-sesiones\/#Les_premiers_resultats_visibles\" >Los primeros resultados visibles<\/a><\/li><\/ul><\/li><\/ul><\/nav><\/div>\n\n\n\n\n<figure class=\"wp-block-image\"><img decoding=\"async\" src=\"https:\/\/www.appareil-minceur.fr\/wp-content\/uploads\/2025\/02\/traitement-radiofrequence-visage-regeneration-cutanee.png\" alt=\"\"\/><\/figure>\n\n\n\n<p><\/p>\n\n\n\n<h2 class=\"wp-block-heading\"><span class=\"ez-toc-section\" id=\"Que_faut-il_savoir_sur_les_traitements_par_radiofrequence_visage\"><\/span>\u00bfQu\u00e9 debo saber sobre los tratamientos de radiofrecuencia para el rostro?<span class=\"ez-toc-section-end\"><\/span><\/h2>\n\n\n\n<p>La radiofrecuencia facial es como un mini spa para su piel. Esta t\u00e9cnica ultramoderna utiliza suaves ondas electromagn\u00e9ticas para reactivar de forma natural las c\u00e9lulas del rostro. El principio es sencillo: al calentar suavemente los tejidos, la radiofrecuencia anima a la piel a producir energ\u00eda. <b>col\u00e1geno<\/b>, la prote\u00edna m\u00e1gica que mantiene nuestra piel firme y tonificada. Imag\u00ednese dar a su piel una inyecci\u00f3n de energ\u00eda. El calor act\u00faa como una se\u00f1al que indica a sus c\u00e9lulas que \u00abse pongan a trabajar\u00bb, desencadenando una aut\u00e9ntica transformaci\u00f3n en profundidad.<\/p>\n\n\n\n<h3 class=\"wp-block-heading\"><span class=\"ez-toc-section\" id=\"Le_processus_de_rajeunissement\"><\/span>El proceso de rejuvenecimiento<span class=\"ez-toc-section-end\"><\/span><\/h3>\n\n\n\n<p>Lo mejor de este m\u00e9todo es que sigue funcionando incluso despu\u00e9s de la sesi\u00f3n. Mientras t\u00fa sigues con tus quehaceres, tu piel trabaja entre bastidores para regenerarse de forma natural. Los resultados son sorprendentes: la piel se ve m\u00e1s <b>granja<\/b>m\u00e1s <b>el\u00e1stico<\/b>, Y un cutis radiante. \u00bfY lo mejor? Es totalmente indoloro y muy r\u00e1pido: unos 30 minutos por sesi\u00f3n. Incluso puede reanudar sus actividades inmediatamente despu\u00e9s, sin tiempo de recuperaci\u00f3n. Es como realizar una sesi\u00f3n deportiva ultraeficaz, pero sin sudar ni una gota.<\/p>\n\n\n\n<h2 class=\"wp-block-heading\"><span class=\"ez-toc-section\" id=\"Quest-ce_qui_determine_le_nombre_de_seances_pour_des_resultats_optimaux\"><\/span>\u00bfQu\u00e9 determina el n\u00famero de sesiones para obtener resultados \u00f3ptimos?<span class=\"ez-toc-section-end\"><\/span><\/h2>\n\n\n\n<p>Hablemos del n\u00famero de sesiones necesarias para obtener los resultados deseados. El tipo de piel es s\u00faper importante en la ecuaci\u00f3n. Si tienes un <b>piel m\u00e1s gruesa<\/b>, Sin embargo, si est\u00e1 tomando un antibi\u00f3tico, es posible que tenga que esperar un poco m\u00e1s para ver los efectos, ya que se tarda m\u00e1s en responder al tratamiento. Por otra parte, con un <b>piel m\u00e1s fina<\/b>, Es posible que note los cambios m\u00e1s r\u00e1pidamente: \u00a1es como si su piel fuera m\u00e1s receptiva al tratamiento!<\/p>\n\n\n\n<h3 class=\"wp-block-heading\"><span class=\"ez-toc-section\" id=\"Limportance_de_vos_objectifs_personnels\"><\/span>La importancia de sus objetivos personales<span class=\"ez-toc-section-end\"><\/span><\/h3>\n\n\n\n<p>Tus objetivos de belleza tambi\u00e9n desempe\u00f1an un papel fundamental. Si s\u00f3lo quieres <b>tono ligeramente<\/b> su piel, unas pocas sesiones pueden ser suficientes. En cambio, para tratar una flacidez m\u00e1s marcada, planifique un programa m\u00e1s completo. Es como en el deporte: cuanto m\u00e1s ambicioso es el objetivo, m\u00e1s regular es el entrenamiento. \u00bfLa buena noticia? La tecnolog\u00eda moderna es una gran ayuda. Visite <a href=\"https:\/\/www.appareil-minceur.fr\/es\/guia\/los-mejores-aparatos-de-radiofrecuencia-para-la-cara\/\">el mejor aparato de lifting facial<\/a> son supereficientes y pueden ofrecer resultados m\u00e1s r\u00e1pidos que sus predecesoras. Es un poco como cambiar de una bicicleta convencional a una el\u00e9ctrica: llegas antes a tu destino.<\/p>\n\n\n\n<figure class=\"wp-block-embed is-type-video is-provider-youtube wp-block-embed-youtube wp-embed-aspect-16-9 wp-has-aspect-ratio\"><div class=\"wp-block-embed__wrapper\">\n<iframe title=\"La MEJOR OFERTA para el MEJOR dispositivo ANTIRROBO de \u00faltima generaci\u00f3n (s\u00ed, todo eso S\u00cd)\" width=\"800\" height=\"450\" src=\"https:\/\/www.youtube.com\/embed\/y2N7c3h2lA0?feature=oembed\" frameborder=\"0\" allow=\"accelerometer; autoplay; clipboard-write; encrypted-media; gyroscope; picture-in-picture; web-share\" referrerpolicy=\"strict-origin-when-cross-origin\" allowfullscreen><\/iframe>\n<\/div><\/figure>\n\n\n\n<h2 class=\"wp-block-heading\"><span class=\"ez-toc-section\" id=\"Combien_de_seances_de_radiofrequence_sont_necessaires_pour_voir_des_resultats\"><\/span>\u00bfCu\u00e1ntas sesiones de radiofrecuencia son necesarias para ver resultados?<span class=\"ez-toc-section-end\"><\/span><\/h2>\n\n\n\n<p>Si desea obtener los mejores resultados para su piel, la radiofrecuencia requiere una rutina bien organizada. Siempre recomiendo a mis clientes que planifiquen entre <b>4 y 6 sesiones<\/b> para una piel m\u00e1s firme y tonificada. Esto es especialmente cierto a partir de los 40 a\u00f1os, cuando la producci\u00f3n natural de col\u00e1geno empieza a ralentizarse.<\/p>\n\n\n\n<h3 class=\"wp-block-heading\"><span class=\"ez-toc-section\" id=\"Un_planning_adapte_pour_des_resultats_optimaux\"><\/span>El programa adecuado para obtener resultados \u00f3ptimos<span class=\"ez-toc-section-end\"><\/span><\/h3>\n\n\n\n<p>Para maximizar los beneficios, espacie sus\u2019<b>De 1 a 3 semanas<\/b>. Este momento permite que su piel reaccione bien al tratamiento y produzca el famoso col\u00e1geno que tanto bien nos hace. Esto es lo que puedes esperar de este protocolo:<\/p>\n\n\n\n<ul class=\"wp-block-list\">\n<li>Piel m\u00e1s densa y firme<\/li>\n\n\n\n<li>Reducci\u00f3n visible de las l\u00edneas de expresi\u00f3n<\/li>\n\n\n\n<li>Un efecto tensor natural<\/li>\n\n\n\n<li>Una tez m\u00e1s radiante<\/li>\n<\/ul>\n\n\n\n<p>Siempre adapto el n\u00famero de sesiones a sus necesidades espec\u00edficas. Algunos de mis clientes, sobre todo los que tienen la piel m\u00e1s madura o problemas espec\u00edficos, pueden beneficiarse de hasta dos sesiones. <b>12 sesiones<\/b> para obtener resultados a\u00fan mejores. Lo importante es adaptar el protocolo a su tipo de piel y a sus objetivos personales.<\/p>\n\n\n\n<h2 class=\"wp-block-heading\"><span class=\"ez-toc-section\" id=\"Comment_evaluer_votre_peau_avant_de_debuter_les_seances_de_radiofrequence\"><\/span>\u00bfC\u00f3mo se eval\u00faa la piel antes de iniciar las sesiones de radiofrecuencia?<span class=\"ez-toc-section-end\"><\/span><\/h2>\n\n\n\n<p>Antes de empezar su <b>radiofrecuencia facial<\/b>, Una evaluaci\u00f3n r\u00e1pida es esencial. Es un paso muy importante que me permite conocer las necesidades espec\u00edficas de tu piel. Siempre empiezo examinando la textura, la elasticidad y los niveles de hidrataci\u00f3n de tu piel: esta es la base para crear un programa personalizado que se adapte a ti. Seg\u00fan mi experiencia como asesora, por lo general deber\u00edas dejar pasar entre <b>4 y 6 sesiones<\/b> para obtener resultados visibles, especialmente si tiene m\u00e1s de cuarenta a\u00f1os y desea redensificar su piel.<\/p>\n\n\n\n<h3 class=\"wp-block-heading\"><span class=\"ez-toc-section\" id=\"Analyse_personnalisee_de_votre_visage\"><\/span>An\u00e1lisis personalizado de su rostro<span class=\"ez-toc-section-end\"><\/span><\/h3>\n\n\n\n<p>Siempre dedico alg\u00fan tiempo a identificar las zonas del rostro que necesitan m\u00e1s atenci\u00f3n. Es como hacer un peque\u00f1o mapa. Algunas zonas pueden necesitar un tratamiento m\u00e1s intensivo, sobre todo si tienes problemas espec\u00edficos como flacidez de la piel en determinadas zonas. \u00bfLa buena noticia? Visite <b>resultados iniciales<\/b> suelen ser visibles despu\u00e9s de 2 a 4 sesiones, y la piel sigue mejorando durante varios meses. Me fascina ver esta transformaci\u00f3n gradual.<\/p>\n\n\n\n<p>En nuestra primera cita, hablaremos de sus objetivos y expectativas. Es muy importante que hablemos para que pueda adaptar perfectamente el protocolo a su edad, tipo de piel y necesidades espec\u00edficas. \u00bfMi objetivo? Garantizarle unos resultados \u00f3ptimos y duraderos con un programa a medida.<\/p>\n\n\n\n<h2 class=\"wp-block-heading\"><span class=\"ez-toc-section\" id=\"Comment_suivre_levolution_de_vos_resultats_avec_la_radiofrequence\"><\/span>\u00bfC\u00f3mo puede controlar sus resultados con la radiofrecuencia?<span class=\"ez-toc-section-end\"><\/span><\/h2>\n\n\n\n<p>Estoy muy contenta de poder hablaros de los resultados. La radiofrecuencia es realmente fant\u00e1stica para ver los progresos semana tras semana. Generalmente, los primeros cambios aparecen alrededor de <b>3\u00aa sesi\u00f3n<\/b>, La piel ya empieza a tensarse suavemente. Para las personas de m\u00e1s de 40 a\u00f1os, hay que esperar alrededor de <b>De 4 a 6 sesiones<\/b> para una bonita redensificaci\u00f3n de la piel.<\/p>\n\n\n\n<h3 class=\"wp-block-heading\"><span class=\"ez-toc-section\" id=\"Des_preuves_concretes_de_votre_transformation\"><\/span>Pruebas concretas de su transformaci\u00f3n<span class=\"ez-toc-section-end\"><\/span><\/h3>\n\n\n\n<p>Para hacer un seguimiento de tus progresos, nada mejor que las fotos del \u00abantes y el despu\u00e9s\u00bb. Es incre\u00edble c\u00f3mo se nota la diferencia, incluso cuando parece que nada ha cambiado. Visita <b>pruebas de elasticidad<\/b> tambi\u00e9n son muy \u00fatiles para medir cient\u00edficamente los progresos. Y, por supuesto, tus comentarios son inestimables: \u00a1esa sensaci\u00f3n de piel m\u00e1s firme y tonificada es el mejor indicador!<\/p>\n\n\n\n<p>Lo mejor es que podemos adaptar el programa en funci\u00f3n de sus resultados. Si su piel responde muy bien, podemos espaciar las sesiones. Si, por el contrario, necesita un impulso adicional, podemos programar sesiones m\u00e1s seguidas. \u00bfLo ideal? Sesiones espaciadas <b>De 3 a 4 semanas<\/b>. Es la frecuencia perfecta para dar tiempo a la piel a producir col\u00e1geno de forma natural.<\/p>\n\n\n\n<figure class=\"wp-block-image\"><img decoding=\"async\" src=\"https:\/\/www.appareil-minceur.fr\/wp-content\/uploads\/2025\/02\/nombre-seances-radiofrequence-selon-peau.jpg\" alt=\"\"\/><\/figure>\n\n\n\n<p><\/p>\n\n\n\n<h2 class=\"wp-block-heading\"><span class=\"ez-toc-section\" id=\"Quels_sont_les_avantages_de_combiner_la_radiofrequence_avec_dautres_soins\"><\/span>\u00bfCu\u00e1les son las ventajas de combinar la radiofrecuencia con otros tratamientos?<span class=\"ez-toc-section-end\"><\/span><\/h2>\n\n\n\n<h3 class=\"wp-block-heading\"><span class=\"ez-toc-section\" id=\"Une_approche_multi-soins_pour_des_resultats_boostes\"><\/span>Un enfoque multiatenci\u00f3n para potenciar los resultados<span class=\"ez-toc-section-end\"><\/span><\/h3>\n\n\n\n<p>Combinaci\u00f3n de <b>radiofrecuencia<\/b> con otros tratamientos de belleza, \u00a1es como crear la combinaci\u00f3n perfecta para tu piel! He observado resultados realmente impresionantes con mis clientes cuando se combinan diferentes t\u00e9cnicas. Por ejemplo, el d\u00fao <a href=\"https:\/\/www.appareil-minceur.fr\/es\/consejo\/microneedling-por-radiofrecuencia-antes-y-despues\/\">radiofrecuencia + microneedling<\/a> hace maravillas: mientras que la radiofrecuencia estimula la producci\u00f3n de col\u00e1geno en profundidad, el microneedling se ocupa de la superficie de la piel.<\/p>\n\n\n\n<p>T\u00e9cnicas que van muy bien con la radiofrecuencia:<\/p>\n\n\n\n<ul class=\"wp-block-list\">\n<li>Le <b>microneedling<\/b> perfecto para mejorar la textura de la piel y difuminar peque\u00f1as cicatrices<\/li>\n\n\n\n<li>En <b>peelings<\/b> aportan a la tez una luminosidad inmediata<\/li>\n\n\n\n<li>Hidratantes: para reforzar el efecto reafirmante<\/li>\n<\/ul>\n\n\n\n<p>\u00bfLa gran ventaja de este enfoque? Se obtienen resultados m\u00e1s r\u00e1pidos y visibles. Es como matar dos p\u00e1jaros de un tiro: se tratan varios problemas al mismo tiempo, \u00a1y se nota! Adem\u00e1s, esta combinaci\u00f3n de tratamientos suele reducir el n\u00famero total de sesiones necesarias. Ahorre tiempo y dinero.<\/p>\n\n\n\n<h2 class=\"wp-block-heading\"><span class=\"ez-toc-section\" id=\"Quels_sont_les_effets_secondaires_possibles_de_la_radiofrequence_visage\"><\/span>\u00bfCu\u00e1les son los posibles efectos secundarios del tratamiento facial por radiofrecuencia?<span class=\"ez-toc-section-end\"><\/span><\/h2>\n\n\n\n<p>\u00a1Que no cunda el p\u00e1nico! El tratamiento facial por radiofrecuencia es una t\u00e9cnica supersegura, pero es normal experimentar algunos efectos secundarios temporales de poca importancia. La mayor\u00eda de las veces, notar\u00e1 un ligero <b>enrojecimiento<\/b> y un poco de <b>hinchaz\u00f3n<\/b> en las zonas tratadas. No hay por qu\u00e9 alarmarse: estas reacciones suelen desaparecer en unas horas o, como mucho, en 2 \u00f3 3 d\u00edas. Se trata simplemente de una reacci\u00f3n de la piel al calor del tratamiento.<\/p>\n\n\n\n<h3 class=\"wp-block-heading\"><span class=\"ez-toc-section\" id=\"Comment_prendre_soin_de_sa_peau_apres_une_seance\"><\/span>\u00bfC\u00f3mo se cuida la piel despu\u00e9s de una sesi\u00f3n?<span class=\"ez-toc-section-end\"><\/span><\/h3>\n\n\n\n<p>Para optimizar la recuperaci\u00f3n y minimizar estas peque\u00f1as molestias, recomiendo a mis clientes que hidraten bien la piel y eviten la exposici\u00f3n al sol durante unos d\u00edas. Si nota alguna <b>enrojecimiento persistente<\/b> o una sensaci\u00f3n de malestar, no dude en aplicarse una crema calmante. En casos muy raros, si observa reacciones inusuales como ampollas o hinchaz\u00f3n que no cede, consulte a un profesional sanitario lo antes posible. \u00bfLa clave del \u00e9xito? Seguir al pie de la letra los consejos posteriores al tratamiento y estar en sinton\u00eda con su piel.<\/p>\n\n\n\n<h2 class=\"wp-block-heading\"><span class=\"ez-toc-section\" id=\"Combien_coutent_les_seances_de_radiofrequence_pour_le_visage\"><\/span>\u00bfCu\u00e1nto cuestan las sesiones de radiofrecuencia facial?<span class=\"ez-toc-section-end\"><\/span><\/h2>\n\n\n\n<p>Hablemos del presupuesto de tus sesiones de radiofrecuencia. Probablemente te est\u00e9s preguntando cu\u00e1nto costar\u00e1. Los precios var\u00edan bastante seg\u00fan la regi\u00f3n y la zona tratada. Para la cara, el precio puede rondar <b>160\u20ac<\/b> por sesi\u00f3n. Es un poco m\u00e1s barato en zonas como los muslos o el vientre, donde los precios empiezan en torno a los 50 euros. <b>80\u20ac<\/b>.<\/p>\n\n\n\n<h3 class=\"wp-block-heading\"><span class=\"ez-toc-section\" id=\"Le_prix_dun_programme_complet\"><\/span>El precio de un programa completo<span class=\"ez-toc-section-end\"><\/span><\/h3>\n\n\n\n<p>Para conseguir resultados duraderos, hay que planificar entre 6 y 8 sesiones. Haga cuentas: con una media de <b>160\u20ac<\/b> por sesi\u00f3n, el programa completo puede costar hasta 800 euros. Pero la buena noticia es que La mayor\u00eda de los centros ofrecen paquetes muy econ\u00f3micos. Por ejemplo, puede encontrar paquetes de 6 sesiones por 480 euros, a veces incluso por tan s\u00f3lo 400 euros. En cuanto al pago, aunque no lo reembolse el NHS (s\u00ed, se considera cosm\u00e9tico), \u00a1que no cunda el p\u00e1nico! Muchos centros ofrecen el pago en varios plazos. Es mucho m\u00e1s f\u00e1cil para el bolsillo.<\/p>\n\n\n\n<figure class=\"wp-block-image\"><img decoding=\"async\" src=\"https:\/\/www.appareil-minceur.fr\/wp-content\/uploads\/2025\/02\/resultats-radiofrequence-visage-apres-6-seances.jpg\" alt=\"\"\/><\/figure>\n\n\n\n<p><\/p>\n\n\n\n<h2 class=\"wp-block-heading\"><span class=\"ez-toc-section\" id=\"Comment_prendre_soin_de_sa_peau_apres_une_seance_de_radiofrequence\"><\/span>\u00bfC\u00f3mo se cuida la piel despu\u00e9s de una sesi\u00f3n de radiofrecuencia?<span class=\"ez-toc-section-end\"><\/span><\/h2>\n\n\n\n<h3 class=\"wp-block-heading\"><span class=\"ez-toc-section\" id=\"Les_bons_gestes_post-traitement\"><\/span>Los gestos correctos despu\u00e9s del tratamiento<span class=\"ez-toc-section-end\"><\/span><\/h3>\n\n\n\n<p>\u00a1Tu piel necesita atenci\u00f3n despu\u00e9s de una sesi\u00f3n de radiofrecuencia! No te asustes si notas un poco de enrojecimiento, es perfectamente normal. Recomiendo a mis clientes que sigan una rutina sencilla pero eficaz para maximizar los resultados:<\/p>\n\n\n\n<ul class=\"wp-block-list\">\n<li>Opta por un limpiador ultrasuave<\/li>\n\n\n\n<li>Hidratar generosamente con una crema rica en <b>\u00e1cido hialur\u00f3nico<\/b><\/li>\n\n\n\n<li>Aplicar un suero antioxidante para potenciar la regeneraci\u00f3n<\/li>\n\n\n\n<li>No olvide nunca su <b>Protecci\u00f3n solar SPF 30<\/b> m\u00ednimo<\/li>\n<\/ul>\n\n\n\n<p>No me canso de repetirlo: \u00a1la hidrataci\u00f3n es la clave! Una piel bien hidratada reacciona mucho mejor al tratamiento. De hecho, mis clientes que siguen esta rutina al pie de la letra consiguen resultados realmente sorprendentes. Para mantener estos magn\u00edficos resultados a lo largo del tiempo, recomiendo programar una sesi\u00f3n de mantenimiento cada 6 meses aproximadamente. Es la mejor manera de mantener la piel tonificada y rellena a largo plazo.<\/p>\n\n\n\n<h2 class=\"wp-block-heading\"><span class=\"ez-toc-section\" id=\"Comment_evaluer_lefficacite_de_la_radiofrequence_visage\"><\/span>\u00bfC\u00f3mo se puede evaluar la eficacia del tratamiento facial por radiofrecuencia?<span class=\"ez-toc-section-end\"><\/span><\/h2>\n\n\n\n<p>Hablemos ahora de los resultados que puede esperar de las sesiones de radiofrecuencia. Para obtener resultados \u00f3ptimos, debe esperar entre <b>6 y 8 sesiones<\/b>, con un intervalo de 3 a 4 semanas. Este breve intervalo de tiempo entre cada sesi\u00f3n permite que la piel se regenere correctamente, lo que es muy importante para conseguir una mejora gradual y duradera.<\/p>\n\n\n\n<h3 class=\"wp-block-heading\"><span class=\"ez-toc-section\" id=\"Les_premiers_resultats_visibles\"><\/span>Los primeros resultados visibles<span class=\"ez-toc-section-end\"><\/span><\/h3>\n\n\n\n<p>\u00bfLa buena noticia? Empezar\u00e1s a ver cambios tan pronto como <b>tercera sesi\u00f3n<\/b> \u00a1! Es entonces cuando la piel se vuelve m\u00e1s firme y tonificada. Los comentarios que recibo de mis clientes son muy alentadores: notan una diferencia real en la textura de su piel y una reducci\u00f3n visible de las l\u00edneas de expresi\u00f3n. Siempre trabajo codo con codo con dermat\u00f3logos que confirman estas mejoras con sus instrumentos de medici\u00f3n especializados.<\/p>\n\n\n\n<p>En algunos casos, podemos considerar sesiones adicionales para optimizar los resultados. Cada persona es diferente y siempre adapto el n\u00famero de sesiones a sus objetivos y a su tipo de piel. Adem\u00e1s, a veces combino la radiofrecuencia con otros tratamientos para potenciar los efectos, pero eso es una soluci\u00f3n a medida que discutiremos juntos.<\/p>\n\n\n\n<p>Ahora ya lo sabe todo sobre <b>radiofrecuencia facial<\/b> y el n\u00famero de sesiones necesarias para obtener resultados sorprendentes. En general, un programa de 6 a 8 sesiones es suficiente para ver una diferencia real, con citas espaciadas de 3 a 4 semanas. Los primeros cambios suelen aparecer a partir de la tercera sesi\u00f3n, pero para obtener resultados duraderos, es mejor seguir el programa completo. No olvide cuidar su piel entre sesiones y protegerla del sol. En cuanto al presupuesto, debe esperar pagar unos 160 euros por sesi\u00f3n, con la posibilidad de paquetes m\u00e1s baratos. \u00bfLo m\u00e1s importante? Elegir un profesional cualificado y seguir sus consejos al pie de la letra. Por una piel tonificada y rellena.<\/p>","protected":false},"excerpt":{"rendered":"<p>\u00bfSe pregunta cu\u00e1ntos tratamientos faciales de radiofrecuencia necesitar\u00e1 para conseguir una piel m\u00e1s firme y radiante? Te entiendo perfectamente. Como <b>entrenador deportivo<\/b> especializado en tecnolog\u00edas adelgazantes, recibo esta pregunta casi a diario. La radiofrecuencia se ha convertido en una de las t\u00e9cnicas m\u00e1s populares para recuperar una piel tonificada y rejuvenecida, pero es cierto que el n\u00famero de sesiones necesarias puede variar en funci\u00f3n de varios factores. Descubre conmigo todos los detalles sobre este <b>m\u00e9todo antiedad<\/b> \u00a1que cause sensaci\u00f3n! Te dir\u00e9 exactamente c\u00f3mo planificar tu programa de cuidado de la piel para obtener resultados <b>sostenible<\/b> y qu\u00e9 factores pueden influir en la duraci\u00f3n de su tratamiento.<\/p>","protected":false},"author":1,"featured_media":408,"comment_status":"open","ping_status":"open","sticky":false,"template":"","format":"standard","meta":{"footnotes":""},"categories":[13],"tags":[17],"class_list":["post-411","post","type-post","status-publish","format-standard","has-post-thumbnail","hentry","category-perte-de-poids","tag-radiofrequence"],"_links":{"self":[{"href":"https:\/\/www.appareil-minceur.fr\/es\/wp-json\/wp\/v2\/posts\/411","targetHints":{"allow":["GET"]}}],"collection":[{"href":"https:\/\/www.appareil-minceur.fr\/es\/wp-json\/wp\/v2\/posts"}],"about":[{"href":"https:\/\/www.appareil-minceur.fr\/es\/wp-json\/wp\/v2\/types\/post"}],"author":[{"embeddable":true,"href":"https:\/\/www.appareil-minceur.fr\/es\/wp-json\/wp\/v2\/users\/1"}],"replies":[{"embeddable":true,"href":"https:\/\/www.appareil-minceur.fr\/es\/wp-json\/wp\/v2\/comments?post=411"}],"version-history":[{"count":4,"href":"https:\/\/www.appareil-minceur.fr\/es\/wp-json\/wp\/v2\/posts\/411\/revisions"}],"predecessor-version":[{"id":1109,"href":"https:\/\/www.appareil-minceur.fr\/es\/wp-json\/wp\/v2\/posts\/411\/revisions\/1109"}],"wp:featuredmedia":[{"embeddable":true,"href":"https:\/\/www.appareil-minceur.fr\/es\/wp-json\/wp\/v2\/media\/408"}],"wp:attachment":[{"href":"https:\/\/www.appareil-minceur.fr\/es\/wp-json\/wp\/v2\/media?parent=411"}],"wp:term":[{"taxonomy":"category","embeddable":true,"href":"https:\/\/www.appareil-minceur.fr\/es\/wp-json\/wp\/v2\/categories?post=411"},{"taxonomy":"post_tag","embeddable":true,"href":"https:\/\/www.appareil-minceur.fr\/es\/wp-json\/wp\/v2\/tags?post=411"}],"curies":[{"name":"wp","href":"https:\/\/api.w.org\/{rel}","templated":true}]}}