{"id":431,"date":"2025-02-06T09:51:04","date_gmt":"2025-02-06T09:51:04","guid":{"rendered":"https:\/\/www.appareil-minceur.fr\/?p=431"},"modified":"2025-02-06T10:15:17","modified_gmt":"2025-02-06T10:15:17","slug":"radiofrecuencia-papada","status":"publish","type":"post","link":"https:\/\/www.appareil-minceur.fr\/es\/perdida-de-peso\/radiofrecuencia-papada\/","title":{"rendered":"Radiofrecuencia para la papada: \u00bfsoluci\u00f3n milagrosa o no?"},"content":{"rendered":"<div class=\"kk-star-ratings kksr-auto kksr-align-left kksr-valign-top\"\n    data-payload='{&quot;align&quot;:&quot;left&quot;,&quot;id&quot;:&quot;431&quot;,&quot;slug&quot;:&quot;default&quot;,&quot;valign&quot;:&quot;top&quot;,&quot;ignore&quot;:&quot;&quot;,&quot;reference&quot;:&quot;auto&quot;,&quot;class&quot;:&quot;&quot;,&quot;count&quot;:&quot;0&quot;,&quot;legendonly&quot;:&quot;&quot;,&quot;readonly&quot;:&quot;&quot;,&quot;score&quot;:&quot;0&quot;,&quot;starsonly&quot;:&quot;&quot;,&quot;best&quot;:&quot;5&quot;,&quot;gap&quot;:&quot;5&quot;,&quot;greet&quot;:&quot;Notez cet article !&quot;,&quot;legend&quot;:&quot;0\\\/5 - (0 votos)&quot;,&quot;size&quot;:&quot;16&quot;,&quot;title&quot;:&quot;La radiofr\u00e9quence double menton : solution miracle ou pas ?&quot;,&quot;width&quot;:&quot;0&quot;,&quot;_legend&quot;:&quot;{score}\\\/{best} - ({count} {votes})&quot;,&quot;font_factor&quot;:&quot;1.25&quot;}'>\n            \n<div class=\"kksr-stars\">\n    \n<div class=\"kksr-stars-inactive\">\n            <div class=\"kksr-star\" data-star=\"1\" style=\"padding-right: 5px\">\n            \n\n<div class=\"kksr-icon\" style=\"width: 16px; height: 16px;\"><\/div>\n        <\/div>\n            <div class=\"kksr-star\" data-star=\"2\" style=\"padding-right: 5px\">\n            \n\n<div class=\"kksr-icon\" style=\"width: 16px; height: 16px;\"><\/div>\n        <\/div>\n            <div class=\"kksr-star\" data-star=\"3\" style=\"padding-right: 5px\">\n            \n\n<div class=\"kksr-icon\" style=\"width: 16px; height: 16px;\"><\/div>\n        <\/div>\n            <div class=\"kksr-star\" data-star=\"4\" style=\"padding-right: 5px\">\n            \n\n<div class=\"kksr-icon\" style=\"width: 16px; height: 16px;\"><\/div>\n        <\/div>\n            <div class=\"kksr-star\" data-star=\"5\" style=\"padding-right: 5px\">\n            \n\n<div class=\"kksr-icon\" style=\"width: 16px; height: 16px;\"><\/div>\n        <\/div>\n    <\/div>\n    \n<div class=\"kksr-stars-active\" style=\"width: 0px;\">\n            <div class=\"kksr-star\" style=\"padding-right: 5px\">\n            \n\n<div class=\"kksr-icon\" style=\"width: 16px; height: 16px;\"><\/div>\n        <\/div>\n            <div class=\"kksr-star\" style=\"padding-right: 5px\">\n            \n\n<div class=\"kksr-icon\" style=\"width: 16px; height: 16px;\"><\/div>\n        <\/div>\n            <div class=\"kksr-star\" style=\"padding-right: 5px\">\n            \n\n<div class=\"kksr-icon\" style=\"width: 16px; height: 16px;\"><\/div>\n        <\/div>\n            <div class=\"kksr-star\" style=\"padding-right: 5px\">\n            \n\n<div class=\"kksr-icon\" style=\"width: 16px; height: 16px;\"><\/div>\n        <\/div>\n            <div class=\"kksr-star\" style=\"padding-right: 5px\">\n            \n\n<div class=\"kksr-icon\" style=\"width: 16px; height: 16px;\"><\/div>\n        <\/div>\n    <\/div>\n<\/div>\n                \n\n<div class=\"kksr-legend\" style=\"font-size: 12.8px;\">\n            <span class=\"kksr-muted\">Valora este art\u00edculo<\/span>\n    <\/div>\n    <\/div>\n\n<p>\u00bfTiene problemas de papada y busca una soluci\u00f3n eficaz? En <b>radiofrecuencia papada<\/b> puede ser la soluci\u00f3n a sus problemas. Esta t\u00e9cnica innovadora hace maravillas para remodelar el \u00f3valo facial y devolver la firmeza al cuello, todo ello sin cirug\u00eda. Como entrenador deportivo apasionado por las nuevas tecnolog\u00edas adelgazantes, puedo decirle que es una de las formas m\u00e1s eficaces de reducir la aparici\u00f3n de arrugas. <b>los m\u00e9todos m\u00e1s eficaces<\/b> que he podido probar con mis clientes. Esta t\u00e9cnica permite obtener <b>resultados impresionantes<\/b> sin necesidad de bistur\u00ed. En este art\u00edculo, voy a explicarte todo lo que necesitas saber sobre esta revolucionaria tecnolog\u00eda: c\u00f3mo funciona, sus ventajas y, sobre todo, \u00a1c\u00f3mo puede ayudarte a recuperar un \u00f3valo facial perfectamente definido!<\/p><div id=\"ez-toc-container\" class=\"ez-toc-v2_0_82_2 counter-hierarchy ez-toc-counter ez-toc-custom ez-toc-container-direction\">\n<div class=\"ez-toc-title-container\">\n<p class=\"ez-toc-title\" style=\"cursor:inherit\">Resumen del art\u00edculo<\/p>\n<span class=\"ez-toc-title-toggle\"><a href=\"#\" class=\"ez-toc-pull-right ez-toc-btn ez-toc-btn-xs ez-toc-btn-default ez-toc-toggle\" aria-label=\"Alternar tabla de contenidos\"><span class=\"ez-toc-js-icon-con\"><span class=\"\"><span class=\"eztoc-hide\" style=\"display:none;\">Toggle<\/span><span class=\"ez-toc-icon-toggle-span\"><svg style=\"fill: #ffffff;color:#ffffff\" xmlns=\"http:\/\/www.w3.org\/2000\/svg\" class=\"list-377408\" width=\"20px\" height=\"20px\" viewbox=\"0 0 24 24\" fill=\"none\"><path d=\"M6 6H4v2h2V6zm14 0H8v2h12V6zM4 11h2v2H4v-2zm16 0H8v2h12v-2zM4 16h2v2H4v-2zm16 0H8v2h12v-2z\" fill=\"currentColor\"><\/path><\/svg><svg style=\"fill: #ffffff;color:#ffffff\" class=\"arrow-unsorted-368013\" xmlns=\"http:\/\/www.w3.org\/2000\/svg\" width=\"10px\" height=\"10px\" viewbox=\"0 0 24 24\" version=\"1.2\" baseprofile=\"tiny\"><path d=\"M18.2 9.3l-6.2-6.3-6.2 6.3c-.2.2-.3.4-.3.7s.1.5.3.7c.2.2.4.3.7.3h11c.3 0 .5-.1.7-.3.2-.2.3-.5.3-.7s-.1-.5-.3-.7zM5.8 14.7l6.2 6.3 6.2-6.3c.2-.2.3-.5.3-.7s-.1-.5-.3-.7c-.2-.2-.4-.3-.7-.3h-11c-.3 0-.5.1-.7.3-.2.2-.3.5-.3.7s.1.5.3.7z\"\/><\/svg><\/span><\/span><\/span><\/a><\/span><\/div>\n<nav><ul class='ez-toc-list ez-toc-list-level-1 eztoc-toggle-hide-by-default' ><li class='ez-toc-page-1 ez-toc-heading-level-2'><a class=\"ez-toc-link ez-toc-heading-1\" href=\"https:\/\/www.appareil-minceur.fr\/es\/perdida-de-peso\/radiofrecuencia-papada\/#Comment_fonctionne_la_technologie_de_radiofrequence_pour_la_peau\" >\u00bfC\u00f3mo act\u00faa la tecnolog\u00eda de radiofrecuencia sobre la piel?<\/a><ul class='ez-toc-list-level-3' ><li class='ez-toc-heading-level-3'><a class=\"ez-toc-link ez-toc-heading-2\" href=\"https:\/\/www.appareil-minceur.fr\/es\/perdida-de-peso\/radiofrecuencia-papada\/#Une_action_en_profondeur_pour_des_resultats_visibles\" >Acci\u00f3n en profundidad para resultados visibles<\/a><\/li><\/ul><\/li><li class='ez-toc-page-1 ez-toc-heading-level-2'><a class=\"ez-toc-link ez-toc-heading-3\" href=\"https:\/\/www.appareil-minceur.fr\/es\/perdida-de-peso\/radiofrecuencia-papada\/#Comment_se_forme_un_double_menton\" >\u00bfC\u00f3mo se forma la papada?<\/a><ul class='ez-toc-list-level-3' ><li class='ez-toc-heading-level-3'><a class=\"ez-toc-link ez-toc-heading-4\" href=\"https:\/\/www.appareil-minceur.fr\/es\/perdida-de-peso\/radiofrecuencia-papada\/#Les_facteurs_aggravants_du_double_menton\" >Factores que agravan la papada<\/a><\/li><\/ul><\/li><li class='ez-toc-page-1 ez-toc-heading-level-2'><a class=\"ez-toc-link ez-toc-heading-5\" href=\"https:\/\/www.appareil-minceur.fr\/es\/perdida-de-peso\/radiofrecuencia-papada\/#Quels_sont_les_effets_de_la_radiofrequence_sur_le_double_menton\" >\u00bfCu\u00e1les son los efectos de la radiofrecuencia sobre la papada?<\/a><ul class='ez-toc-list-level-3' ><li class='ez-toc-heading-level-3'><a class=\"ez-toc-link ez-toc-heading-6\" href=\"https:\/\/www.appareil-minceur.fr\/es\/perdida-de-peso\/radiofrecuencia-papada\/#Un_traitement_qui_cible_efficacement_les_graisses\" >Un tratamiento eficaz contra la grasa<\/a><\/li><\/ul><\/li><li class='ez-toc-page-1 ez-toc-heading-level-2'><a class=\"ez-toc-link ez-toc-heading-7\" href=\"https:\/\/www.appareil-minceur.fr\/es\/perdida-de-peso\/radiofrecuencia-papada\/#Quels_types_dappareils_de_radiofrequence_existe-t-il_pour_traiter_le_double_menton\" >\u00bfQu\u00e9 tipos de aparatos de radiofrecuencia existen para tratar la papada?<\/a><ul class='ez-toc-list-level-3' ><li class='ez-toc-heading-level-3'><a class=\"ez-toc-link ez-toc-heading-8\" href=\"https:\/\/www.appareil-minceur.fr\/es\/perdida-de-peso\/radiofrecuencia-papada\/#Les_differentes_technologies_de_radiofrequence\" >Las diferentes tecnolog\u00edas de radiofrecuencia<\/a><\/li><\/ul><\/li><li class='ez-toc-page-1 ez-toc-heading-level-2'><a class=\"ez-toc-link ez-toc-heading-9\" href=\"https:\/\/www.appareil-minceur.fr\/es\/perdida-de-peso\/radiofrecuencia-papada\/#Comment_se_deroule_une_seance_de_radiofrequence_pour_le_double_menton\" >\u00bfC\u00f3mo funciona un tratamiento de radiofrecuencia para la papada?<\/a><ul class='ez-toc-list-level-3' ><li class='ez-toc-heading-level-3'><a class=\"ez-toc-link ez-toc-heading-10\" href=\"https:\/\/www.appareil-minceur.fr\/es\/perdida-de-peso\/radiofrecuencia-papada\/#Le_deroule_dune_seance_type\" >Una sesi\u00f3n t\u00edpica<\/a><\/li><\/ul><\/li><li class='ez-toc-page-1 ez-toc-heading-level-2'><a class=\"ez-toc-link ez-toc-heading-11\" href=\"https:\/\/www.appareil-minceur.fr\/es\/perdida-de-peso\/radiofrecuencia-papada\/#Quels_sont_les_effets_secondaires_de_la_radiofrequence\" >\u00bfCu\u00e1les son los efectos secundarios de la radiofrecuencia?<\/a><ul class='ez-toc-list-level-3' ><li class='ez-toc-heading-level-3'><a class=\"ez-toc-link ez-toc-heading-12\" href=\"https:\/\/www.appareil-minceur.fr\/es\/perdida-de-peso\/radiofrecuencia-papada\/#Les_effets_secondaires_courants\" >Efectos secundarios frecuentes<\/a><\/li><\/ul><\/li><li class='ez-toc-page-1 ez-toc-heading-level-2'><a class=\"ez-toc-link ez-toc-heading-13\" href=\"https:\/\/www.appareil-minceur.fr\/es\/perdida-de-peso\/radiofrecuencia-papada\/#Quels_sont_les_avantages_de_la_radiofrequence_face_aux_autres_methodes\" >\u00bfCu\u00e1les son las ventajas de la radiofrecuencia frente a otros m\u00e9todos?<\/a><ul class='ez-toc-list-level-3' ><li class='ez-toc-heading-level-3'><a class=\"ez-toc-link ez-toc-heading-14\" href=\"https:\/\/www.appareil-minceur.fr\/es\/perdida-de-peso\/radiofrecuencia-papada\/#Une_solution_douce_et_naturelle\" >Una soluci\u00f3n suave y natural<\/a><\/li><li class='ez-toc-page-1 ez-toc-heading-level-3'><a class=\"ez-toc-link ez-toc-heading-15\" href=\"https:\/\/www.appareil-minceur.fr\/es\/perdida-de-peso\/radiofrecuencia-papada\/#Des_resultats_naturels_et_progressifs\" >Resultados naturales y progresivos<\/a><\/li><\/ul><\/li><li class='ez-toc-page-1 ez-toc-heading-level-2'><a class=\"ez-toc-link ez-toc-heading-16\" href=\"https:\/\/www.appareil-minceur.fr\/es\/perdida-de-peso\/radiofrecuencia-papada\/#Pour_qui_la_radiofrequence_du_double_menton_est-elle_la_plus_adaptee\" >\u00bfPara qui\u00e9n es m\u00e1s adecuado el tratamiento de la papada con radiofrecuencia?<\/a><ul class='ez-toc-list-level-3' ><li class='ez-toc-heading-level-3'><a class=\"ez-toc-link ez-toc-heading-17\" href=\"https:\/\/www.appareil-minceur.fr\/es\/perdida-de-peso\/radiofrecuencia-papada\/#Les_meilleurs_profils_pour_des_resultats_au_top\" >Los mejores perfiles para obtener los mejores resultados<\/a><\/li><\/ul><\/li><li class='ez-toc-page-1 ez-toc-heading-level-2'><a class=\"ez-toc-link ez-toc-heading-18\" href=\"https:\/\/www.appareil-minceur.fr\/es\/perdida-de-peso\/radiofrecuencia-papada\/#Quel_est_le_prix_dun_traitement_par_radiofrequence_pour_le_double_menton\" >\u00bfCu\u00e1nto cuesta el tratamiento de radiofrecuencia para la papada?<\/a><ul class='ez-toc-list-level-3' ><li class='ez-toc-heading-level-3'><a class=\"ez-toc-link ez-toc-heading-19\" href=\"https:\/\/www.appareil-minceur.fr\/es\/perdida-de-peso\/radiofrecuencia-papada\/#Le_tarif_des_seances\" >Tarifas de las sesiones<\/a><\/li><li class='ez-toc-page-1 ez-toc-heading-level-3'><a class=\"ez-toc-link ez-toc-heading-20\" href=\"https:\/\/www.appareil-minceur.fr\/es\/perdida-de-peso\/radiofrecuencia-papada\/#Les_facteurs_qui_influencent_le_prix\" >Factores que influyen en el precio<\/a><\/li><\/ul><\/li><li class='ez-toc-page-1 ez-toc-heading-level-2'><a class=\"ez-toc-link ez-toc-heading-21\" href=\"https:\/\/www.appareil-minceur.fr\/es\/perdida-de-peso\/radiofrecuencia-papada\/#Quels_sont_les_retours_dexperience_sur_la_radiofrequence_pour_le_double_menton\" >\u00bfQu\u00e9 opina de la radiofrecuencia para la papada?<\/a><ul class='ez-toc-list-level-3' ><li class='ez-toc-heading-level-3'><a class=\"ez-toc-link ez-toc-heading-22\" href=\"https:\/\/www.appareil-minceur.fr\/es\/perdida-de-peso\/radiofrecuencia-papada\/#Des_resultats_qui_parlent_deux-memes\" >Resultados que hablan por s\u00ed solos<\/a><\/li><\/ul><\/li><\/ul><\/nav><\/div>\n\n\n\n\n<figure class=\"wp-block-image\"><img decoding=\"async\" src=\"https:\/\/www.appareil-minceur.fr\/wp-content\/uploads\/2025\/02\/technologie-radiofrequence-traitement-peau-regeneration.png\" alt=\"\"\/><\/figure>\n\n\n\n<p><\/p>\n\n\n\n<h2 class=\"wp-block-heading\"><span class=\"ez-toc-section\" id=\"Comment_fonctionne_la_technologie_de_radiofrequence_pour_la_peau\"><\/span>\u00bfC\u00f3mo act\u00faa la tecnolog\u00eda de radiofrecuencia sobre la piel?<span class=\"ez-toc-section-end\"><\/span><\/h2>\n\n\n\n<p>Hola, \u00a1me hace mucha ilusi\u00f3n hablarte de la radiofrecuencia! Es una gran t\u00e9cnica que uso regularmente con mis clientes. B\u00e1sicamente, imagina <b>ondas electromagn\u00e9ticas<\/b> que penetran suavemente en la piel. Estas ondas crean un calor dirigido que estimula de forma natural la producci\u00f3n de <b>col\u00e1geno<\/b> y<b>elastina<\/b> - \u00a1las prote\u00ednas estrella que dan firmeza y elasticidad a tu piel!<\/p>\n\n\n\n<h3 class=\"wp-block-heading\"><span class=\"ez-toc-section\" id=\"Une_action_en_profondeur_pour_des_resultats_visibles\"><\/span>Acci\u00f3n en profundidad para resultados visibles<span class=\"ez-toc-section-end\"><\/span><\/h3>\n\n\n\n<p>La magia se produce gracias a unas microagujas ultrasofisticadas que suministran energ\u00eda exactamente donde se necesita. Es perfecto para tratar esas peque\u00f1as zonas que nos molestan, como la papada o el contorno de ojos. El calor generado act\u00faa directamente sobre los tejidos profundos de la piel, creando un efecto remodelador verdaderamente natural. \u00bfY lo mejor? \u00a1Es totalmente no invasivo! Puedes decir adi\u00f3s a las arrugas, a la flacidez de la piel e incluso a las cicatrices del acn\u00e9 sin cirug\u00eda.<\/p>\n\n\n\n<p>El secreto est\u00e1 en que la radiofrecuencia estimula al organismo para que produzca nuevo col\u00e1geno de forma natural. \u00bfCu\u00e1l es el resultado? Tu piel se vuelve m\u00e1s firme, m\u00e1s tonificada y recupera su antigua elasticidad. \u00a1Es como un verdadero est\u00edmulo para tu piel!<\/p>\n\n\n\n<h2 class=\"wp-block-heading\"><span class=\"ez-toc-section\" id=\"Comment_se_forme_un_double_menton\"><\/span>\u00bfC\u00f3mo se forma la papada?<span class=\"ez-toc-section-end\"><\/span><\/h2>\n\n\n\n<p>Le <a href=\"https:\/\/www.appareil-minceur.fr\/es\/consejo\/lipocavitation-double-menton\/\">papada<\/a>Hablemos de ello. Es un peque\u00f1o problema que puede afectar a cualquiera, incluso a las personas delgadas. \u00bfLa causa principal? La acumulaci\u00f3n de grasa bajo la barbilla, \u00a1pero no es la \u00fanica raz\u00f3n! Otros factores entran en juego: a medida que envejecemos, nuestra piel pierde naturalmente su elasticidad, lo que provoca la flacidez de la piel de la zona. Y s\u00ed, los genes tambi\u00e9n tienen algo que ver: \u00a1gracias pap\u00e1, gracias mam\u00e1! Si algunas personas acumulan grasa bajo la barbilla con m\u00e1s facilidad, suele estar relacionado con su herencia gen\u00e9tica.<\/p>\n\n\n\n<h3 class=\"wp-block-heading\"><span class=\"ez-toc-section\" id=\"Les_facteurs_aggravants_du_double_menton\"><\/span>Factores que agravan la papada<span class=\"ez-toc-section-end\"><\/span><\/h3>\n\n\n\n<p>Nuestras hormonas tambi\u00e9n desempe\u00f1an un papel importante. Los desequilibrios hormonales pueden alterar la distribuci\u00f3n de la grasa en nuestro cuerpo, con una preferencia a veces marcada por la zona del cuello. Por no hablar de nuestro estilo de vida moderno: \u00a1pasar horas encorvado sobre el smartphone no ayuda! \u00bfLa buena noticia? Soluciones como <b>radiofrecuencia<\/b> para tratar eficazmente este problema. Esta tecnolog\u00eda act\u00faa con precisi\u00f3n en la zona de la papada, estimulando la producci\u00f3n de col\u00e1geno y reafirmando la piel. Los resultados son visibles gradualmente, \u00a1sin necesidad de cirug\u00eda!<\/p>\n\n\n\n<figure class=\"wp-block-embed is-type-video is-provider-youtube wp-block-embed-youtube wp-embed-aspect-16-9 wp-has-aspect-ratio\"><div class=\"wp-block-embed__wrapper\">\n<iframe title=\"Tratamiento de la papada por radiofrecuencia #shorts\" width=\"800\" height=\"450\" src=\"https:\/\/www.youtube.com\/embed\/DA2vBa8Pf-g?feature=oembed\" frameborder=\"0\" allow=\"accelerometer; autoplay; clipboard-write; encrypted-media; gyroscope; picture-in-picture; web-share\" referrerpolicy=\"strict-origin-when-cross-origin\" allowfullscreen><\/iframe>\n<\/div><\/figure>\n\n\n\n<h2 class=\"wp-block-heading\"><span class=\"ez-toc-section\" id=\"Quels_sont_les_effets_de_la_radiofrequence_sur_le_double_menton\"><\/span>\u00bfCu\u00e1les son los efectos de la radiofrecuencia sobre la papada?<span class=\"ez-toc-section-end\"><\/span><\/h2>\n\n\n\n<h3 class=\"wp-block-heading\"><span class=\"ez-toc-section\" id=\"Un_traitement_qui_cible_efficacement_les_graisses\"><\/span>Un tratamiento eficaz contra la grasa<span class=\"ez-toc-section-end\"><\/span><\/h3>\n\n\n\n<p>La radiofrecuencia es una t\u00e9cnica s\u00faper eficaz para decir adi\u00f3s a la papada. Utiliza <b>ondas electromagn\u00e9ticas<\/b> que calentar\u00e1 los tejidos bajo la piel. Es un poco como derretir la grasa desde dentro hacia fuera, pero de forma totalmente controlada y segura. Este calor destruir\u00e1 gradualmente la <b>c\u00e9lulas grasas<\/b> al tiempo que estimula la producci\u00f3n de col\u00e1geno: \u00a1una verdadera combinaci\u00f3n ganadora!<\/p>\n\n\n\n<p>Los beneficios de este tratamiento son realmente amplios:<\/p>\n\n\n\n<ul class=\"wp-block-list\">\n<li>Reducci\u00f3n visible del volumen de grasa bajo el ment\u00f3n<\/li>\n\n\n\n<li>Mejora de la firmeza de la piel<\/li>\n\n\n\n<li>Producci\u00f3n natural de <b>col\u00e1geno<\/b> estimulado<\/li>\n\n\n\n<li>Resultados duraderos<\/li>\n<\/ul>\n\n\n\n<p>El calor generado por la radiofrecuencia tiene dos grandes efectos: por un lado, tensa las fibras de col\u00e1geno ya presentes (efecto tensor inmediato) y, por otro, estimula la producci\u00f3n de nuevas fibras en la piel. Es exactamente lo que necesita para redefinir los contornos de su rostro y recuperar una silueta m\u00e1s joven y tonificada.<\/p>\n\n\n\n<h2 class=\"wp-block-heading\"><span class=\"ez-toc-section\" id=\"Quels_types_dappareils_de_radiofrequence_existe-t-il_pour_traiter_le_double_menton\"><\/span>\u00bfQu\u00e9 tipos de aparatos de radiofrecuencia existen para tratar la papada?<span class=\"ez-toc-section-end\"><\/span><\/h2>\n\n\n\n<h3 class=\"wp-block-heading\"><span class=\"ez-toc-section\" id=\"Les_differentes_technologies_de_radiofrequence\"><\/span>Las diferentes tecnolog\u00edas de radiofrecuencia<span class=\"ez-toc-section-end\"><\/span><\/h3>\n\n\n\n<p>Quiz\u00e1 no lo sepa, pero la radiofrecuencia es una soluci\u00f3n supereficaz para decir adi\u00f3s a la papada. El principio es sencillo: estos aparatos calientan la piel en profundidad para <b>estimular la producci\u00f3n natural de col\u00e1geno<\/b> y reducir la grasa subcut\u00e1nea. Las tecnolog\u00edas han evolucionado enormemente en los \u00faltimos a\u00f1os, con innovaciones brillantes como las microagujas aisladas que se dirigen con precisi\u00f3n a las zonas a tratar, o la combinaci\u00f3n de radiofrecuencia y ultrasonidos para unos resultados a\u00fan m\u00e1s sorprendentes.<\/p>\n\n\n\n<p>Para obtener los mejores resultados posibles, siempre recomiendo a mis clientes que sigan un programa de <b>De 6 a 8 sesiones<\/b>. Aunque es probable que note algunos efectos despu\u00e9s de los primeros tratamientos (sobre todo en la firmeza de la piel), es realmente con el tiempo cuando se produce la magia. La radiofrecuencia act\u00faa progresivamente sobre los tejidos y, cr\u00e9ame, su paciencia se ver\u00e1 recompensada. \u00bfLa gran ventaja? Es una t\u00e9cnica no invasiva de eficacia probada, perfecta para quienes buscan una alternativa a la cirug\u00eda.<\/p>\n\n\n\n<h2 class=\"wp-block-heading\"><span class=\"ez-toc-section\" id=\"Comment_se_deroule_une_seance_de_radiofrequence_pour_le_double_menton\"><\/span>\u00bfC\u00f3mo funciona un tratamiento de radiofrecuencia para la papada?<span class=\"ez-toc-section-end\"><\/span><\/h2>\n\n\n\n<h3 class=\"wp-block-heading\"><span class=\"ez-toc-section\" id=\"Le_deroule_dune_seance_type\"><\/span>Una sesi\u00f3n t\u00edpica<span class=\"ez-toc-section-end\"><\/span><\/h3>\n\n\n\n<p>\u00bfTe preguntas c\u00f3mo es una sesi\u00f3n de radiofrecuencia? \u00a1Te lo explico todo! En primer lugar, empezamos con una breve reuni\u00f3n para identificar juntos tus necesidades y fijar objetivos realistas. Esto es muy importante para personalizar al m\u00e1ximo el tratamiento. A continuaci\u00f3n, aplico un <b>crema anest\u00e9sica<\/b> para su comodidad - no se preocupe, es totalmente indoloro. Luego empieza la parte m\u00e1s interesante: utilizo un aparato especial que emite <b>ondas de radiofrecuencia<\/b> en la papada. Estas ondas trabajan en profundidad para <b>estimulan de forma natural la producci\u00f3n de col\u00e1geno<\/b> y reafirmar la piel.<\/p>\n\n\n\n<p>Una sesi\u00f3n suele durar entre 30 y 45 minutos. Para obtener resultados \u00f3ptimos, recomiendo a mis clientes que programen de 4 a 6 sesiones, con un intervalo de 4 a 6 semanas entre las citas. Los primeros cambios son visibles r\u00e1pidamente, pero los resultados m\u00e1s impresionantes suelen aparecer al cabo de dos meses: \u00a1la piel se vuelve m\u00e1s firme y tonificada! Durante la sesi\u00f3n, sentir\u00e1 un suave calor, nada desagradable. Tras el tratamiento, la piel puede enrojecer ligeramente, pero desaparece en unas horas. Sencillo, eficaz y sin estr\u00e9s.<\/p>\n\n\n\n<figure class=\"wp-block-image\"><img decoding=\"async\" src=\"https:\/\/www.appareil-minceur.fr\/wp-content\/uploads\/2025\/02\/formation-graisse-double-menton-accumulation.jpg\" alt=\"\"\/><\/figure>\n\n\n\n<p><\/p>\n\n\n\n<h2 class=\"wp-block-heading\"><span class=\"ez-toc-section\" id=\"Quels_sont_les_effets_secondaires_de_la_radiofrequence\"><\/span>\u00bfCu\u00e1les son los efectos secundarios de la radiofrecuencia?<span class=\"ez-toc-section-end\"><\/span><\/h2>\n\n\n\n<p>\u00a1Que no cunda el p\u00e1nico! La radiofrecuencia es una t\u00e9cnica muy segura, aunque pueda causar algunas peque\u00f1as molestias temporales. \u00a1Te lo explicar\u00e9 todo!<\/p>\n\n\n\n<h3 class=\"wp-block-heading\"><span class=\"ez-toc-section\" id=\"Les_effets_secondaires_courants\"><\/span>Efectos secundarios frecuentes<span class=\"ez-toc-section-end\"><\/span><\/h3>\n\n\n\n<p>Despu\u00e9s de una sesi\u00f3n, podr\u00e1 observar :<\/p>\n\n\n\n<ul class=\"wp-block-list\">\n<li>En <b>sarpullidos<\/b> en la zona tratada<\/li>\n\n\n\n<li>Un ligero <b>hinchaz\u00f3n<\/b> que desaparece r\u00e1pidamente<\/li>\n\n\n\n<li>Una sensaci\u00f3n de calor que dura varias horas<\/li>\n<\/ul>\n\n\n\n<p>No te preocupes, estas reacciones son completamente normales. Se deben simplemente al calor generado por las ondas que estimulan su piel. Estas peque\u00f1as molestias suelen desaparecer en unas horas, o en 2-3 d\u00edas para las pieles m\u00e1s sensibles.<\/p>\n\n\n\n<p>Para su comodidad, siempre aconsejo a mis clientes que apliquen un <b>compresa fr\u00eda<\/b> despu\u00e9s de la sesi\u00f3n si es necesario. Y si tiene que salir inmediatamente despu\u00e9s, basta con un poco de maquillaje para disimular las rojeces. El tratamiento en s\u00ed no es especialmente doloroso, pero si eres sensible, no dudes en pedir a tu profesional una crema anest\u00e9sica.<\/p>\n\n\n\n<p>\u00bfLa clave para un tratamiento seguro y eficaz? Elija un profesional cualificado que sepa controlar perfectamente la temperatura durante la sesi\u00f3n. Los equipos modernos est\u00e1n equipados con sofisticados sistemas de control para garantizar su seguridad. S\u00faper tranquilizador, \u00bfverdad?<\/p>\n\n\n\n<h2 class=\"wp-block-heading\"><span class=\"ez-toc-section\" id=\"Quels_sont_les_avantages_de_la_radiofrequence_face_aux_autres_methodes\"><\/span>\u00bfCu\u00e1les son las ventajas de la radiofrecuencia frente a otros m\u00e9todos?<span class=\"ez-toc-section-end\"><\/span><\/h2>\n\n\n\n<h3 class=\"wp-block-heading\"><span class=\"ez-toc-section\" id=\"Une_solution_douce_et_naturelle\"><\/span>Una soluci\u00f3n suave y natural<span class=\"ez-toc-section-end\"><\/span><\/h3>\n\n\n\n<p>Si est\u00e1s dudando entre diferentes soluciones para decir adi\u00f3s a tu papada, d\u00e9jame que te hable de la <b>radiofrecuencia<\/b> \u00a1! Esta t\u00e9cnica ultrasuave se distingue de las intervenciones quir\u00fargicas cl\u00e1sicas. Sin anestesia ni cicatrices: la radiofrecuencia act\u00faa suavemente, sin incisiones. \u00bfY lo mejor? Las sesiones son ultrarr\u00e1pidas (30-45 minutos como m\u00e1ximo) y le permiten reanudar sus actividades inmediatamente despu\u00e9s. Perfecto para las personas con una agenda apretada.<\/p>\n\n\n\n<h3 class=\"wp-block-heading\"><span class=\"ez-toc-section\" id=\"Des_resultats_naturels_et_progressifs\"><\/span>Resultados naturales y progresivos<span class=\"ez-toc-section-end\"><\/span><\/h3>\n\n\n\n<p>Adem\u00e1s de ser completamente indoloro, el <b>radiofrecuencia papada<\/b> ofrece resultados sorprendentes gracias a su acci\u00f3n t\u00e9rmica, que reafirma la piel de forma natural. Por supuesto, los efectos son menos espectaculares que los de la cirug\u00eda, pero mucho m\u00e1s naturales y progresivos. Por lo general, los resultados duran entre 1 y 2 a\u00f1os; s\u00f3lo hay que acordarse de realizar algunas sesiones de mantenimiento para mantener la piel firme y tonificada. Es la soluci\u00f3n ideal si busca un m\u00e9todo eficaz y sin presiones para reafirmar el cuello.<\/p>\n\n\n\n<h2 class=\"wp-block-heading\"><span class=\"ez-toc-section\" id=\"Pour_qui_la_radiofrequence_du_double_menton_est-elle_la_plus_adaptee\"><\/span>\u00bfPara qui\u00e9n es m\u00e1s adecuado el tratamiento de la papada con radiofrecuencia?<span class=\"ez-toc-section-end\"><\/span><\/h2>\n\n\n\n<p>\u00bfSe pregunta si la radiofrecuencia es adecuada para usted? \u00a1Es una opci\u00f3n excelente si tienes un poco de piel fl\u00e1cida en el cuello o el comienzo de una papada! Esta t\u00e9cnica superpr\u00e1ctica se dirige perfectamente a esas peque\u00f1as zonas que nos acomplejan. Me encanta recomend\u00e1rsela a mis clientas que quieren mejorar su figura sin pasar por el quir\u00f3fano.<\/p>\n\n\n\n<h3 class=\"wp-block-heading\"><span class=\"ez-toc-section\" id=\"Les_meilleurs_profils_pour_des_resultats_au_top\"><\/span>Los mejores perfiles para obtener los mejores resultados<span class=\"ez-toc-section-end\"><\/span><\/h3>\n\n\n\n<p>Si tiene piel <b>ligera o moderadamente relajado<\/b> debajo de la barbilla, \u00a1usted es el candidato perfecto! La radiofrecuencia funciona especialmente bien en este tipo de perfil. Act\u00faa en profundidad para <b>reafirmar y tensar la piel<\/b>Es exactamente lo que necesita para decir adi\u00f3s a la papada. Tambi\u00e9n es ideal para los que tienen un poco de grasa debajo de la barbilla - ya sabes, esa peque\u00f1a zona que puedes pellizcar entre los dedos. La radiofrecuencia te ayudar\u00e1 a remodelar esta zona y a recuperar un cuello m\u00e1s firme y definido. \u00bfY lo mejor? \u00a1Todo sin cirug\u00eda ni tiempo de recuperaci\u00f3n!<\/p>\n\n\n\n<figure class=\"wp-block-image\"><img decoding=\"async\" src=\"https:\/\/www.appareil-minceur.fr\/wp-content\/uploads\/2025\/02\/radiofrequence-double-menton-resultats-visibles.jpg\" alt=\"\"\/><\/figure>\n\n\n\n<p><\/p>\n\n\n\n<h2 class=\"wp-block-heading\"><span class=\"ez-toc-section\" id=\"Quel_est_le_prix_dun_traitement_par_radiofrequence_pour_le_double_menton\"><\/span>\u00bfCu\u00e1nto cuesta el tratamiento de radiofrecuencia para la papada?<span class=\"ez-toc-section-end\"><\/span><\/h2>\n\n\n\n<h3 class=\"wp-block-heading\"><span class=\"ez-toc-section\" id=\"Le_tarif_des_seances\"><\/span>Tarifas de las sesiones<span class=\"ez-toc-section-end\"><\/span><\/h3>\n\n\n\n<p>Hablemos de dinero: \u00a1el tratamiento de radiofrecuencia para la papada requiere un cierto presupuesto! En general, le aconsejo que prevea entre 5 y 8 sesiones para obtener los mejores resultados. <b>resultados visibles y duraderos<\/b>. Para una reafirmaci\u00f3n completa de la zona (\u00f3valo, cuello y rostro), pague unos 160 euros por sesi\u00f3n.<\/p>\n\n\n\n<h3 class=\"wp-block-heading\"><span class=\"ez-toc-section\" id=\"Les_facteurs_qui_influencent_le_prix\"><\/span>Factores que influyen en el precio<span class=\"ez-toc-section-end\"><\/span><\/h3>\n\n\n\n<p>El coste final depende de varios factores:<\/p>\n\n\n\n<ul class=\"wp-block-list\">\n<li>La <b>tecnolog\u00eda utilizada<\/b> durante las sesiones<\/li>\n\n\n\n<li>T\u00e9cnicas combinadas (radiofrecuencia + infrarrojos, por ejemplo)<\/li>\n\n\n\n<li>El n\u00famero total de sesiones necesarias<\/li>\n\n\n\n<li>La ubicaci\u00f3n del centro de belleza<\/li>\n\n\n\n<li>La experiencia del profesional<\/li>\n<\/ul>\n\n\n\n<p>Un peque\u00f1o consejo profesional: inf\u00f3rmese bien de las diferentes ofertas que hay cerca de usted. Los precios pueden variar mucho de un centro a otro. En las grandes ciudades, tendr\u00e1s m\u00e1s opciones y, por tanto, m\u00e1s posibilidades de encontrar un precio que se ajuste a tu presupuesto. En cambio, si vives en una zona rural, es posible que tengas que recorrer algunos kil\u00f3metros m\u00e1s para acceder a estos cuidados.<\/p>\n\n\n\n<h2 class=\"wp-block-heading\"><span class=\"ez-toc-section\" id=\"Quels_sont_les_retours_dexperience_sur_la_radiofrequence_pour_le_double_menton\"><\/span>\u00bfQu\u00e9 opina de la radiofrecuencia para la papada?<span class=\"ez-toc-section-end\"><\/span><\/h2>\n\n\n\n<p>He tenido la suerte de ayudar a muchas personas en su viaje de adelgazamiento, y puedo decirles que los resultados de la radiofrecuencia en la papada son realmente asombrosos. Esta t\u00e9cnica no invasiva transforma literalmente la zona del cuello y la barbilla. Los efectos son visibles desde las primeras sesiones, con una piel m\u00e1s firme y tonificada. A la mayor\u00eda de mis clientes les encanta la naturaleza gradual de los resultados: no hay cambios repentinos, sino una mejora continua a lo largo de varios meses.<\/p>\n\n\n\n<h3 class=\"wp-block-heading\"><span class=\"ez-toc-section\" id=\"Des_resultats_qui_parlent_deux-memes\"><\/span>Resultados que hablan por s\u00ed solos<span class=\"ez-toc-section-end\"><\/span><\/h3>\n\n\n\n<p>Para obtener la m\u00e1xima eficacia, suelo recomendar entre 6 y 8 sesiones, con un intervalo de 2 a 4 semanas. Es el ritmo ideal para obtener los mejores resultados. Lo bueno de este m\u00e9todo es que act\u00faa tanto sobre la firmeza de la piel como sobre la grasa localizada. Los estudios demuestran que <b>9 de cada 10 personas<\/b> est\u00e1n encantados con los resultados. Y francamente, entiendo por qu\u00e9: sin cirug\u00eda, sin efectos secundarios graves y, sobre todo, sin necesidad de aparcar tu vida durante semanas. En <b>radiofrecuencia<\/b> realmente hace maravillas para decir adi\u00f3s a la <b>papada<\/b> \u00a1con un toque suave!<\/p>\n\n\n\n<p>Como se habr\u00e1 dado cuenta, la radiofrecuencia para la papada es una t\u00e9cnica que lo tiene todo. Este m\u00e9todo no invasivo combina eficacia y comodidad, y es perfecto para quienes buscan conseguir un cuello m\u00e1s firme sin cirug\u00eda. En unas pocas sesiones, podr\u00e1 decir adi\u00f3s a ese peque\u00f1o complejo mientras estimula de forma natural la producci\u00f3n de <b>col\u00e1geno<\/b> de tu piel. \u00bfY lo mejor? No requiere tiempo de recuperaci\u00f3n, los resultados son graduales y naturales, y es una t\u00e9cnica totalmente segura cuando la realiza un profesional cualificado. \u00a1No espere m\u00e1s para descubrir esta ingeniosa soluci\u00f3n que ya ha conquistado a miles de personas!<\/p>","protected":false},"excerpt":{"rendered":"<p>\u00bfTiene problemas de papada y busca una soluci\u00f3n eficaz? En <b>radiofrecuencia papada<\/b> puede ser la soluci\u00f3n a sus problemas. Esta t\u00e9cnica innovadora hace maravillas para remodelar el \u00f3valo facial y devolver la firmeza al cuello, todo ello sin cirug\u00eda. Como entrenador deportivo apasionado por las nuevas tecnolog\u00edas adelgazantes, puedo decirle que es una de las formas m\u00e1s eficaces de reducir la aparici\u00f3n de arrugas. <b>los m\u00e9todos m\u00e1s eficaces<\/b> que he podido probar con mis clientes. Esta t\u00e9cnica permite obtener <b>resultados impresionantes<\/b> sin necesidad de bistur\u00ed. En este art\u00edculo, voy a explicarte todo lo que necesitas saber sobre esta revolucionaria tecnolog\u00eda: c\u00f3mo funciona, sus ventajas y, sobre todo, \u00a1c\u00f3mo puede ayudarte a recuperar un \u00f3valo facial perfectamente definido!<\/p>","protected":false},"author":1,"featured_media":428,"comment_status":"open","ping_status":"open","sticky":false,"template":"","format":"standard","meta":{"footnotes":""},"categories":[13],"tags":[17],"class_list":["post-431","post","type-post","status-publish","format-standard","has-post-thumbnail","hentry","category-perte-de-poids","tag-radiofrequence"],"_links":{"self":[{"href":"https:\/\/www.appareil-minceur.fr\/es\/wp-json\/wp\/v2\/posts\/431","targetHints":{"allow":["GET"]}}],"collection":[{"href":"https:\/\/www.appareil-minceur.fr\/es\/wp-json\/wp\/v2\/posts"}],"about":[{"href":"https:\/\/www.appareil-minceur.fr\/es\/wp-json\/wp\/v2\/types\/post"}],"author":[{"embeddable":true,"href":"https:\/\/www.appareil-minceur.fr\/es\/wp-json\/wp\/v2\/users\/1"}],"replies":[{"embeddable":true,"href":"https:\/\/www.appareil-minceur.fr\/es\/wp-json\/wp\/v2\/comments?post=431"}],"version-history":[{"count":3,"href":"https:\/\/www.appareil-minceur.fr\/es\/wp-json\/wp\/v2\/posts\/431\/revisions"}],"predecessor-version":[{"id":742,"href":"https:\/\/www.appareil-minceur.fr\/es\/wp-json\/wp\/v2\/posts\/431\/revisions\/742"}],"wp:featuredmedia":[{"embeddable":true,"href":"https:\/\/www.appareil-minceur.fr\/es\/wp-json\/wp\/v2\/media\/428"}],"wp:attachment":[{"href":"https:\/\/www.appareil-minceur.fr\/es\/wp-json\/wp\/v2\/media?parent=431"}],"wp:term":[{"taxonomy":"category","embeddable":true,"href":"https:\/\/www.appareil-minceur.fr\/es\/wp-json\/wp\/v2\/categories?post=431"},{"taxonomy":"post_tag","embeddable":true,"href":"https:\/\/www.appareil-minceur.fr\/es\/wp-json\/wp\/v2\/tags?post=431"}],"curies":[{"name":"wp","href":"https:\/\/api.w.org\/{rel}","templated":true}]}}