{"id":446,"date":"2025-02-06T09:52:15","date_gmt":"2025-02-06T09:52:15","guid":{"rendered":"https:\/\/www.appareil-minceur.fr\/?p=446"},"modified":"2025-02-06T10:13:54","modified_gmt":"2025-02-06T10:13:54","slug":"radiofrecuencia-cutanea","status":"publish","type":"post","link":"https:\/\/www.appareil-minceur.fr\/es\/perdida-de-peso\/radiofrecuencia-cutanea\/","title":{"rendered":"\u00bfPuede la radiofrecuencia cut\u00e1nea rejuvenecer realmente el rostro?"},"content":{"rendered":"<div class=\"kk-star-ratings kksr-auto kksr-align-left kksr-valign-top\"\n    data-payload='{&quot;align&quot;:&quot;left&quot;,&quot;id&quot;:&quot;446&quot;,&quot;slug&quot;:&quot;default&quot;,&quot;valign&quot;:&quot;top&quot;,&quot;ignore&quot;:&quot;&quot;,&quot;reference&quot;:&quot;auto&quot;,&quot;class&quot;:&quot;&quot;,&quot;count&quot;:&quot;0&quot;,&quot;legendonly&quot;:&quot;&quot;,&quot;readonly&quot;:&quot;&quot;,&quot;score&quot;:&quot;0&quot;,&quot;starsonly&quot;:&quot;&quot;,&quot;best&quot;:&quot;5&quot;,&quot;gap&quot;:&quot;5&quot;,&quot;greet&quot;:&quot;Notez cet article !&quot;,&quot;legend&quot;:&quot;0\\\/5 - (0 votos)&quot;,&quot;size&quot;:&quot;16&quot;,&quot;title&quot;:&quot;La radiofr\u00e9quence peau peut-elle vraiment rajeunir votre visage ?&quot;,&quot;width&quot;:&quot;0&quot;,&quot;_legend&quot;:&quot;{score}\\\/{best} - ({count} {votes})&quot;,&quot;font_factor&quot;:&quot;1.25&quot;}'>\n            \n<div class=\"kksr-stars\">\n    \n<div class=\"kksr-stars-inactive\">\n            <div class=\"kksr-star\" data-star=\"1\" style=\"padding-right: 5px\">\n            \n\n<div class=\"kksr-icon\" style=\"width: 16px; height: 16px;\"><\/div>\n        <\/div>\n            <div class=\"kksr-star\" data-star=\"2\" style=\"padding-right: 5px\">\n            \n\n<div class=\"kksr-icon\" style=\"width: 16px; height: 16px;\"><\/div>\n        <\/div>\n            <div class=\"kksr-star\" data-star=\"3\" style=\"padding-right: 5px\">\n            \n\n<div class=\"kksr-icon\" style=\"width: 16px; height: 16px;\"><\/div>\n        <\/div>\n            <div class=\"kksr-star\" data-star=\"4\" style=\"padding-right: 5px\">\n            \n\n<div class=\"kksr-icon\" style=\"width: 16px; height: 16px;\"><\/div>\n        <\/div>\n            <div class=\"kksr-star\" data-star=\"5\" style=\"padding-right: 5px\">\n            \n\n<div class=\"kksr-icon\" style=\"width: 16px; height: 16px;\"><\/div>\n        <\/div>\n    <\/div>\n    \n<div class=\"kksr-stars-active\" style=\"width: 0px;\">\n            <div class=\"kksr-star\" style=\"padding-right: 5px\">\n            \n\n<div class=\"kksr-icon\" style=\"width: 16px; height: 16px;\"><\/div>\n        <\/div>\n            <div class=\"kksr-star\" style=\"padding-right: 5px\">\n            \n\n<div class=\"kksr-icon\" style=\"width: 16px; height: 16px;\"><\/div>\n        <\/div>\n            <div class=\"kksr-star\" style=\"padding-right: 5px\">\n            \n\n<div class=\"kksr-icon\" style=\"width: 16px; height: 16px;\"><\/div>\n        <\/div>\n            <div class=\"kksr-star\" style=\"padding-right: 5px\">\n            \n\n<div class=\"kksr-icon\" style=\"width: 16px; height: 16px;\"><\/div>\n        <\/div>\n            <div class=\"kksr-star\" style=\"padding-right: 5px\">\n            \n\n<div class=\"kksr-icon\" style=\"width: 16px; height: 16px;\"><\/div>\n        <\/div>\n    <\/div>\n<\/div>\n                \n\n<div class=\"kksr-legend\" style=\"font-size: 12.8px;\">\n            <span class=\"kksr-muted\">Valora este art\u00edculo<\/span>\n    <\/div>\n    <\/div>\n\n<p>\u00bfDesea una piel m\u00e1s firme y joven, pero a\u00fan no est\u00e1 seguro de cu\u00e1l es la mejor soluci\u00f3n? Visite <b>radiofrecuencia cut\u00e1nea<\/b> podr\u00eda ser la respuesta que est\u00e1 buscando. Esta incre\u00edble t\u00e9cnica hace maravillas para reafirmar y rejuvenecer la piel de forma natural. Como entrenador especializado en el cuidado del cuerpo, cada d\u00eda veo los asombrosos resultados de la <b>radiofrecuencia<\/b> en mis clientes. \u00bfY lo mejor? Es un m\u00e9todo totalmente no invasivo que estimula la producci\u00f3n natural de <b>col\u00e1geno<\/b> de su piel. \u00a1Descubre conmigo todos los secretos de esta tecnolog\u00eda que est\u00e1 transformando la vida de mis clientes!<\/p><div id=\"ez-toc-container\" class=\"ez-toc-v2_0_82_2 counter-hierarchy ez-toc-counter ez-toc-custom ez-toc-container-direction\">\n<div class=\"ez-toc-title-container\">\n<p class=\"ez-toc-title\" style=\"cursor:inherit\">Resumen del art\u00edculo<\/p>\n<span class=\"ez-toc-title-toggle\"><a href=\"#\" class=\"ez-toc-pull-right ez-toc-btn ez-toc-btn-xs ez-toc-btn-default ez-toc-toggle\" aria-label=\"Alternar tabla de contenidos\"><span class=\"ez-toc-js-icon-con\"><span class=\"\"><span class=\"eztoc-hide\" style=\"display:none;\">Toggle<\/span><span class=\"ez-toc-icon-toggle-span\"><svg style=\"fill: #ffffff;color:#ffffff\" xmlns=\"http:\/\/www.w3.org\/2000\/svg\" class=\"list-377408\" width=\"20px\" height=\"20px\" viewbox=\"0 0 24 24\" fill=\"none\"><path d=\"M6 6H4v2h2V6zm14 0H8v2h12V6zM4 11h2v2H4v-2zm16 0H8v2h12v-2zM4 16h2v2H4v-2zm16 0H8v2h12v-2z\" fill=\"currentColor\"><\/path><\/svg><svg style=\"fill: #ffffff;color:#ffffff\" class=\"arrow-unsorted-368013\" xmlns=\"http:\/\/www.w3.org\/2000\/svg\" width=\"10px\" height=\"10px\" viewbox=\"0 0 24 24\" version=\"1.2\" baseprofile=\"tiny\"><path d=\"M18.2 9.3l-6.2-6.3-6.2 6.3c-.2.2-.3.4-.3.7s.1.5.3.7c.2.2.4.3.7.3h11c.3 0 .5-.1.7-.3.2-.2.3-.5.3-.7s-.1-.5-.3-.7zM5.8 14.7l6.2 6.3 6.2-6.3c.2-.2.3-.5.3-.7s-.1-.5-.3-.7c-.2-.2-.4-.3-.7-.3h-11c-.3 0-.5.1-.7.3-.2.2-.3.5-.3.7s.1.5.3.7z\"\/><\/svg><\/span><\/span><\/span><\/a><\/span><\/div>\n<nav><ul class='ez-toc-list ez-toc-list-level-1 eztoc-toggle-hide-by-default' ><li class='ez-toc-page-1 ez-toc-heading-level-2'><a class=\"ez-toc-link ez-toc-heading-1\" href=\"https:\/\/www.appareil-minceur.fr\/es\/perdida-de-peso\/radiofrecuencia-cutanea\/#Comment_fonctionne_la_radiofrequence_sur_la_peau\" >\u00bfC\u00f3mo act\u00faa la radiofrecuencia sobre la piel?<\/a><ul class='ez-toc-list-level-3' ><li class='ez-toc-heading-level-3'><a class=\"ez-toc-link ez-toc-heading-2\" href=\"https:\/\/www.appareil-minceur.fr\/es\/perdida-de-peso\/radiofrecuencia-cutanea\/#Les_bienfaits_en_profondeur\" >Ventajas a fondo<\/a><\/li><\/ul><\/li><li class='ez-toc-page-1 ez-toc-heading-level-2'><a class=\"ez-toc-link ez-toc-heading-3\" href=\"https:\/\/www.appareil-minceur.fr\/es\/perdida-de-peso\/radiofrecuencia-cutanea\/#Quels_sont_les_bienfaits_de_la_radiofrequence_pour_la_peau\" >\u00bfCu\u00e1les son los beneficios de la radiofrecuencia para la piel?<\/a><ul class='ez-toc-list-level-3' ><li class='ez-toc-heading-level-3'><a class=\"ez-toc-link ez-toc-heading-4\" href=\"https:\/\/www.appareil-minceur.fr\/es\/perdida-de-peso\/radiofrecuencia-cutanea\/#Une_technique_sans_chirurgie_pour_des_resultats_bluffants\" >Una t\u00e9cnica no quir\u00fargica para unos resultados sorprendentes<\/a><\/li><\/ul><\/li><li class='ez-toc-page-1 ez-toc-heading-level-2'><a class=\"ez-toc-link ez-toc-heading-5\" href=\"https:\/\/www.appareil-minceur.fr\/es\/perdida-de-peso\/radiofrecuencia-cutanea\/#Quelles_sont_les_differentes_technologies_de_radiofrequence_pour_la_peau\" >\u00bfCu\u00e1les son las diferentes tecnolog\u00edas de radiofrecuencia para la piel?<\/a><ul class='ez-toc-list-level-3' ><li class='ez-toc-heading-level-3'><a class=\"ez-toc-link ez-toc-heading-6\" href=\"https:\/\/www.appareil-minceur.fr\/es\/perdida-de-peso\/radiofrecuencia-cutanea\/#La_radiofrequence_monopolaire_et_bipolaire\" >Radiofrecuencia monopolar y bipolar<\/a><\/li><\/ul><\/li><li class='ez-toc-page-1 ez-toc-heading-level-2'><a class=\"ez-toc-link ez-toc-heading-7\" href=\"https:\/\/www.appareil-minceur.fr\/es\/perdida-de-peso\/radiofrecuencia-cutanea\/#Comment_fonctionne_la_radiofrequence_pour_raffermir_la_peau\" >\u00bfC\u00f3mo act\u00faa la radiofrecuencia para reafirmar la piel?<\/a><ul class='ez-toc-list-level-3' ><li class='ez-toc-heading-level-3'><a class=\"ez-toc-link ez-toc-heading-8\" href=\"https:\/\/www.appareil-minceur.fr\/es\/perdida-de-peso\/radiofrecuencia-cutanea\/#Le_processus_de_regeneration\" >El proceso de regeneraci\u00f3n<\/a><\/li><\/ul><\/li><li class='ez-toc-page-1 ez-toc-heading-level-2'><a class=\"ez-toc-link ez-toc-heading-9\" href=\"https:\/\/www.appareil-minceur.fr\/es\/perdida-de-peso\/radiofrecuencia-cutanea\/#Quelles_sont_les_parties_du_corps_qui_peuvent_beneficier_de_la_radiofrequence\" >\u00bfQu\u00e9 partes del cuerpo pueden beneficiarse de la radiofrecuencia?<\/a><ul class='ez-toc-list-level-3' ><li class='ez-toc-heading-level-3'><a class=\"ez-toc-link ez-toc-heading-10\" href=\"https:\/\/www.appareil-minceur.fr\/es\/perdida-de-peso\/radiofrecuencia-cutanea\/#Du_visage_au_corps_un_traitement_complet\" >Del rostro al cuerpo: un tratamiento completo<\/a><\/li><li class='ez-toc-page-1 ez-toc-heading-level-3'><a class=\"ez-toc-link ez-toc-heading-11\" href=\"https:\/\/www.appareil-minceur.fr\/es\/perdida-de-peso\/radiofrecuencia-cutanea\/#Focus_sur_les_zones_delicates\" >Centrarse en las zonas delicadas<\/a><\/li><\/ul><\/li><li class='ez-toc-page-1 ez-toc-heading-level-2'><a class=\"ez-toc-link ez-toc-heading-12\" href=\"https:\/\/www.appareil-minceur.fr\/es\/perdida-de-peso\/radiofrecuencia-cutanea\/#Comment_se_preparer_a_une_seance_de_radiofrequence\" >\u00bfC\u00f3mo hay que prepararse para una sesi\u00f3n de radiofrecuencia?<\/a><ul class='ez-toc-list-level-3' ><li class='ez-toc-heading-level-3'><a class=\"ez-toc-link ez-toc-heading-13\" href=\"https:\/\/www.appareil-minceur.fr\/es\/perdida-de-peso\/radiofrecuencia-cutanea\/#Les_essentiels_avant_une_seance\" >Lo esencial antes de una sesi\u00f3n<\/a><\/li><\/ul><\/li><li class='ez-toc-page-1 ez-toc-heading-level-2'><a class=\"ez-toc-link ez-toc-heading-14\" href=\"https:\/\/www.appareil-minceur.fr\/es\/perdida-de-peso\/radiofrecuencia-cutanea\/#Quels_sont_les_effets_secondaires_possibles_de_la_radiofrequence\" >\u00bfCu\u00e1les son los posibles efectos secundarios de la radiofrecuencia?<\/a><ul class='ez-toc-list-level-3' ><li class='ez-toc-heading-level-3'><a class=\"ez-toc-link ez-toc-heading-15\" href=\"https:\/\/www.appareil-minceur.fr\/es\/perdida-de-peso\/radiofrecuencia-cutanea\/#Des_reactions_cutanees_legeres_et_temporaires\" >Reacciones cut\u00e1neas leves y temporales<\/a><\/li><li class='ez-toc-page-1 ez-toc-heading-level-3'><a class=\"ez-toc-link ez-toc-heading-16\" href=\"https:\/\/www.appareil-minceur.fr\/es\/perdida-de-peso\/radiofrecuencia-cutanea\/#Les_precautions_a_prendre\" >Precauciones<\/a><\/li><\/ul><\/li><li class='ez-toc-page-1 ez-toc-heading-level-2'><a class=\"ez-toc-link ez-toc-heading-17\" href=\"https:\/\/www.appareil-minceur.fr\/es\/perdida-de-peso\/radiofrecuencia-cutanea\/#Pour_qui_la_radiofrequence_est-elle_vraiment_faite\" >\u00bfPara qui\u00e9n es realmente la radiofrecuencia?<\/a><ul class='ez-toc-list-level-3' ><li class='ez-toc-heading-level-3'><a class=\"ez-toc-link ez-toc-heading-18\" href=\"https:\/\/www.appareil-minceur.fr\/es\/perdida-de-peso\/radiofrecuencia-cutanea\/#Les_precautions_a_prendre-2\" >Precauciones<\/a><\/li><\/ul><\/li><li class='ez-toc-page-1 ez-toc-heading-level-2'><a class=\"ez-toc-link ez-toc-heading-19\" href=\"https:\/\/www.appareil-minceur.fr\/es\/perdida-de-peso\/radiofrecuencia-cutanea\/#Quel_est_le_cout_dune_seance_de_radiofrequence\" >\u00bfCu\u00e1nto cuesta una sesi\u00f3n de radiofrecuencia?<\/a><ul class='ez-toc-list-level-3' ><li class='ez-toc-heading-level-3'><a class=\"ez-toc-link ez-toc-heading-20\" href=\"https:\/\/www.appareil-minceur.fr\/es\/perdida-de-peso\/radiofrecuencia-cutanea\/#Les_facteurs_qui_influencent_le_prix\" >Factores que influyen en el precio<\/a><\/li><\/ul><\/li><li class='ez-toc-page-1 ez-toc-heading-level-2'><a class=\"ez-toc-link ez-toc-heading-21\" href=\"https:\/\/www.appareil-minceur.fr\/es\/perdida-de-peso\/radiofrecuencia-cutanea\/#Quelles_nouveautes_la_radiofrequence_nous_reserve-t-elle\" >\u00bfQu\u00e9 novedades nos depara la radiofrecuencia?<\/a><ul class='ez-toc-list-level-3' ><li class='ez-toc-heading-level-3'><a class=\"ez-toc-link ez-toc-heading-22\" href=\"https:\/\/www.appareil-minceur.fr\/es\/perdida-de-peso\/radiofrecuencia-cutanea\/#Des_technologies_en_pleine_evolution\" >Tecnolog\u00edas en evoluci\u00f3n<\/a><\/li><\/ul><\/li><\/ul><\/nav><\/div>\n\n\n\n\n<figure class=\"wp-block-image\"><img decoding=\"async\" src=\"https:\/\/www.appareil-minceur.fr\/wp-content\/uploads\/2025\/02\/mecanisme-radiofrequence-chaleur-peau-traitement.png\" alt=\"\"\/><\/figure>\n\n\n\n<p><\/p>\n\n\n\n<h2 class=\"wp-block-heading\"><span class=\"ez-toc-section\" id=\"Comment_fonctionne_la_radiofrequence_sur_la_peau\"><\/span>\u00bfC\u00f3mo act\u00faa la radiofrecuencia sobre la piel?<span class=\"ez-toc-section-end\"><\/span><\/h2>\n\n\n\n<p>La <b>radiofrecuencia<\/b> es una t\u00e9cnica realmente ingeniosa para embellecer la piel. El principio es muy sencillo: se emiten ondas electromagn\u00e9ticas de alta frecuencia en la piel, creando un calor suave en los tejidos. Este calor provoca inmediatamente la <b>fibras de col\u00e1geno y elastina<\/b>Es un poco como calentar una goma el\u00e1stica que se encoge. \u00bfCu\u00e1l es el resultado? La piel se vuelve m\u00e1s firme y el\u00e1stica desde la primera sesi\u00f3n.<\/p>\n\n\n\n<h3 class=\"wp-block-heading\"><span class=\"ez-toc-section\" id=\"Les_bienfaits_en_profondeur\"><\/span>Ventajas a fondo<span class=\"ez-toc-section-end\"><\/span><\/h3>\n\n\n\n<p>Pero eso no es todo. El calor estimula la circulaci\u00f3n sangu\u00ednea y despierta el sistema inmunitario. <b>fibroblastos<\/b>Esas peque\u00f1as c\u00e9lulas m\u00e1gicas que producen col\u00e1geno de forma natural. Es exactamente como si le dieras un empuj\u00f3n a tu piel para que se regenere. \u00bfY lo mejor de todo? El sitio <b>tecnolog\u00eda<\/b> ha evolucionado tanto en los \u00faltimos a\u00f1os que ahora puede adaptarse a todos los tipos de piel. Adem\u00e1s, no necesita cirug\u00eda ni tiempo de recuperaci\u00f3n: puede reanudar sus actividades inmediatamente despu\u00e9s de la sesi\u00f3n. Los resultados son realmente sorprendentes, sobre todo a partir de la tercera sesi\u00f3n, con una piel visiblemente m\u00e1s tonificada y rejuvenecida.<\/p>\n\n\n\n<h2 class=\"wp-block-heading\"><span class=\"ez-toc-section\" id=\"Quels_sont_les_bienfaits_de_la_radiofrequence_pour_la_peau\"><\/span>\u00bfCu\u00e1les son los beneficios de la radiofrecuencia para la piel?<span class=\"ez-toc-section-end\"><\/span><\/h2>\n\n\n\n<h3 class=\"wp-block-heading\"><span class=\"ez-toc-section\" id=\"Une_technique_sans_chirurgie_pour_des_resultats_bluffants\"><\/span>Una t\u00e9cnica no quir\u00fargica para unos resultados sorprendentes<span class=\"ez-toc-section-end\"><\/span><\/h3>\n\n\n\n<p>\u00bfDesea una piel m\u00e1s firme sin necesidad de una intervenci\u00f3n quir\u00fargica? Entonces la radiofrecuencia es para usted. Este m\u00e9todo <b>100% natural<\/b> estimula la producci\u00f3n de col\u00e1geno y elastina, las dos prote\u00ednas estrella que mantienen nuestra piel joven y tonificada. El principio es sencillo: el calor generado por las ondas penetra profundamente en la piel para despertar estas preciadas prote\u00ednas. \u00bfEl resultado? Una piel m\u00e1s lisa y firme y un aut\u00e9ntico resplandor de juventud. \u00bfY lo mejor? No es necesario un periodo de recuperaci\u00f3n: puede reanudar sus actividades inmediatamente despu\u00e9s de la sesi\u00f3n.<\/p>\n\n\n\n<p>Los resultados son graduales y naturales, justo lo que necesita para evitar el efecto \"lifting chapucero\". Despu\u00e9s de unas pocas sesiones, ya notar\u00e1 un <b>mejora visible<\/b> de su piel, y estos efectos siguen intensific\u00e1ndose durante varios meses. Es perfecto para tratar las peque\u00f1as arrugas de la frente, el contorno de los ojos o el contorno de la boca. El sitio <b>radiofrecuencia<\/b> ofrece una alternativa eficaz a tratamientos m\u00e1s invasivos, ideal para quienes desean resultados sin las limitaciones de la cirug\u00eda.<\/p>\n\n\n\n<figure class=\"wp-block-embed is-type-video is-provider-youtube wp-block-embed-youtube wp-embed-aspect-16-9 wp-has-aspect-ratio\"><div class=\"wp-block-embed__wrapper\">\n<iframe title=\"Conferencia del Dr. Alamigeon: Radiofrecuencia, un tratamiento r\u00e1pido y sencillo\" width=\"800\" height=\"450\" src=\"https:\/\/www.youtube.com\/embed\/LRIsSijoaXY?feature=oembed\" frameborder=\"0\" allow=\"accelerometer; autoplay; clipboard-write; encrypted-media; gyroscope; picture-in-picture; web-share\" referrerpolicy=\"strict-origin-when-cross-origin\" allowfullscreen><\/iframe>\n<\/div><\/figure>\n\n\n\n<h2 class=\"wp-block-heading\"><span class=\"ez-toc-section\" id=\"Quelles_sont_les_differentes_technologies_de_radiofrequence_pour_la_peau\"><\/span>\u00bfCu\u00e1les son las diferentes tecnolog\u00edas de radiofrecuencia para la piel?<span class=\"ez-toc-section-end\"><\/span><\/h2>\n\n\n\n<h3 class=\"wp-block-heading\"><span class=\"ez-toc-section\" id=\"La_radiofrequence_monopolaire_et_bipolaire\"><\/span>Radiofrecuencia monopolar y bipolar<span class=\"ez-toc-section-end\"><\/span><\/h3>\n\n\n\n<p>Para entender bien estas tecnolog\u00edas, hay que saber que no funcionan de la misma manera en absoluto. El sitio <b>radiofrecuencia monopolar<\/b> utiliza un \u00fanico electrodo que difunde el calor profundamente en los tejidos. Es muy eficaz para tratar grandes zonas del cuerpo, \u00a1perfecto para tratar la flacidez de la piel en grandes superficies!<\/p>\n\n\n\n<p>Por el contrario, el <b>radiofrecuencia bipolar<\/b> juega con dos electrodos que se centran en una zona m\u00e1s precisa. Es ideal para el rostro y sus zonas peque\u00f1as y delicadas. La energ\u00eda permanece en la superficie, lo que permite un tratamiento verdaderamente espec\u00edfico.<\/p>\n\n\n\n<p>Las ventajas de cada tecnolog\u00eda :<\/p>\n\n\n\n<ul class=\"wp-block-list\">\n<li>Monopolio :\n<ul class=\"wp-block-list\">\n<li>Penetraci\u00f3n profunda del calor<\/li>\n\n\n\n<li>Perfecto para grandes superficies<\/li>\n\n\n\n<li>Ideal para el cuerpo<\/li>\n<\/ul>\n<\/li>\n\n\n\n<li>Bipolar :\n<ul class=\"wp-block-list\">\n<li>Procesado preciso y controlado<\/li>\n\n\n\n<li>Adecuado para zonas sensibles<\/li>\n\n\n\n<li>Perfecto para la cara<\/li>\n<\/ul>\n<\/li>\n<\/ul>\n\n\n\n<p>La elecci\u00f3n entre estas dos tecnolog\u00edas depende de sus objetivos: si desea tratar grandes superficies, opte por la monopolar. Si busca precisi\u00f3n, sobre todo para el rostro, la bipolar ser\u00e1 su mejor aliada.<\/p>\n\n\n\n<h2 class=\"wp-block-heading\"><span class=\"ez-toc-section\" id=\"Comment_fonctionne_la_radiofrequence_pour_raffermir_la_peau\"><\/span>\u00bfC\u00f3mo act\u00faa la radiofrecuencia para reafirmar la piel?<span class=\"ez-toc-section-end\"><\/span><\/h2>\n\n\n\n<p>La radiofrecuencia es algo as\u00ed como una minisauna selectiva para la piel. Esta t\u00e9cnica transforma literalmente la piel desde dentro hacia fuera, y puedo decirte que los resultados son asombrosos. \u00bfEl secreto? Las ondas de radiofrecuencia penetran en la piel para calentarla a una temperatura ideal, lo que desencadena un proceso de regeneraci\u00f3n natural. Aqu\u00ed es donde ocurre la magia: tu cuerpo empieza a producir <b>col\u00e1geno<\/b> la prote\u00edna que da firmeza y elasticidad a la piel.<\/p>\n\n\n\n<h3 class=\"wp-block-heading\"><span class=\"ez-toc-section\" id=\"Le_processus_de_regeneration\"><\/span>El proceso de regeneraci\u00f3n<span class=\"ez-toc-section-end\"><\/span><\/h3>\n\n\n\n<p>Me encanta explicar a mis clientes que este tratamiento es como despertar los superpoderes de su piel. Cuando el calor llega a las capas m\u00e1s profundas, estimula la producci\u00f3n de <b>nuevas fibras de col\u00e1geno<\/b>m\u00e1s tonificada y el\u00e1stica. \u00bfEl resultado? Una piel naturalmente m\u00e1s firme y joven, sin necesidad de cirug\u00eda. El calor generado tambi\u00e9n act\u00faa sobre el tejido adiposo, adelgazando y remodelando progresivamente su silueta. \u00bfY lo mejor? Su piel sigue mejorando incluso despu\u00e9s de la sesi\u00f3n, gracias a este impulso de <b>regeneraci\u00f3n celular<\/b>.<\/p>\n\n\n\n<h2 class=\"wp-block-heading\"><span class=\"ez-toc-section\" id=\"Quelles_sont_les_parties_du_corps_qui_peuvent_beneficier_de_la_radiofrequence\"><\/span>\u00bfQu\u00e9 partes del cuerpo pueden beneficiarse de la radiofrecuencia?<span class=\"ez-toc-section-end\"><\/span><\/h2>\n\n\n\n<p>Hablemos de las zonas en las que la radiofrecuencia hace maravillas. El <b>cara<\/b> es evidentemente la estrella de los tratamientos, y entiendo por qu\u00e9: est\u00e1 directamente expuesta a los ojos y a los efectos del tiempo. Las mejillas, la frente y la mand\u00edbula adoran especialmente este tratamiento, que estimula de forma natural la producci\u00f3n de col\u00e1geno.<\/p>\n\n\n\n<h3 class=\"wp-block-heading\"><span class=\"ez-toc-section\" id=\"Du_visage_au_corps_un_traitement_complet\"><\/span>Del rostro al cuerpo: un tratamiento completo<span class=\"ez-toc-section-end\"><\/span><\/h3>\n\n\n\n<p>La radiofrecuencia no se limita al rostro. Tambi\u00e9n hace milagros en el <b>todo el cuerpo<\/b>. El abdomen, los muslos y los brazos son mis zonas favoritas para tratar, especialmente cuando mis clientes quieren decir adi\u00f3s a la piel fl\u00e1cida despu\u00e9s de perder peso. El calor generado penetra profundamente en la piel y produce resultados realmente impresionantes en t\u00e9rminos de firmeza de la piel.<\/p>\n\n\n\n<h3 class=\"wp-block-heading\"><span class=\"ez-toc-section\" id=\"Focus_sur_les_zones_delicates\"><\/span>Centrarse en las zonas delicadas<span class=\"ez-toc-section-end\"><\/span><\/h3>\n\n\n\n<p>Presto especial atenci\u00f3n a <b>cuello y escote<\/b>Esas zonas fr\u00e1giles que a menudo olvidamos mimar. La piel es m\u00e1s fina all\u00ed que en otras partes, y la radiofrecuencia se adapta perfectamente. \u00bfEl resultado? Una piel m\u00e1s firme y un aspecto naturalmente rejuvenecido. Es impresionante ver lo bien que responden estas zonas al tratamiento, con una mejora visible de la textura de la piel.<\/p>\n\n\n\n<figure class=\"wp-block-image\"><img decoding=\"async\" src=\"https:\/\/www.appareil-minceur.fr\/wp-content\/uploads\/2025\/02\/effets-radiofrequence-anti-rides-peau-naturel.jpg\" alt=\"\"\/><\/figure>\n\n\n\n<p><\/p>\n\n\n\n<h2 class=\"wp-block-heading\"><span class=\"ez-toc-section\" id=\"Comment_se_preparer_a_une_seance_de_radiofrequence\"><\/span>\u00bfC\u00f3mo hay que prepararse para una sesi\u00f3n de radiofrecuencia?<span class=\"ez-toc-section-end\"><\/span><\/h2>\n\n\n\n<p>La radiofrecuencia es una t\u00e9cnica fant\u00e1stica para reafirmar y rejuvenecer la piel. Antes de empezar las sesiones, repasaremos juntos los pasos clave para maximizar los resultados. Siempre empiezo con un chequeo completo con mis clientes para centrarme en sus necesidades espec\u00edficas y definir las zonas a tratar.<\/p>\n\n\n\n<h3 class=\"wp-block-heading\"><span class=\"ez-toc-section\" id=\"Les_essentiels_avant_une_seance\"><\/span>Lo esencial antes de una sesi\u00f3n<span class=\"ez-toc-section-end\"><\/span><\/h3>\n\n\n\n<p>Para preparar tu piel de la mejor manera posible, aqu\u00ed tienes mis consejos de coaching:<\/p>\n\n\n\n<ul class=\"wp-block-list\">\n<li>Beba <b>mucha agua<\/b> la semana anterior al tratamiento: la base para una piel el\u00e1stica y receptiva<\/li>\n\n\n\n<li>Evitar la exposici\u00f3n al sol y a productos autobronceadores durante unos d\u00edas.<\/li>\n\n\n\n<li>Trae un <b>piel limpia<\/b>sin maquillaje ni crema<\/li>\n<\/ul>\n\n\n\n<p>La sesi\u00f3n en s\u00ed es s\u00faper sencilla: empiezo limpiando la zona, aplico un gel conductor especial (no te preocupes, es s\u00f3lo para que las ondas pasen mejor), y \u00a1a disfrutar de 20 a 60 minutos de tratamiento dependiendo de la zona! Visita <b>tratamiento<\/b> estimular\u00e1 de forma natural el col\u00e1geno para conseguir una piel m\u00e1s firme y joven. A la mayor\u00eda de mis clientes les encantan los resultados despu\u00e9s de 4 a 6 sesiones, espaciadas aproximadamente un mes.<\/p>\n\n\n\n<h2 class=\"wp-block-heading\"><span class=\"ez-toc-section\" id=\"Quels_sont_les_effets_secondaires_possibles_de_la_radiofrequence\"><\/span>\u00bfCu\u00e1les son los posibles efectos secundarios de la radiofrecuencia?<span class=\"ez-toc-section-end\"><\/span><\/h2>\n\n\n\n<h3 class=\"wp-block-heading\"><span class=\"ez-toc-section\" id=\"Des_reactions_cutanees_legeres_et_temporaires\"><\/span>Reacciones cut\u00e1neas leves y temporales<span class=\"ez-toc-section-end\"><\/span><\/h3>\n\n\n\n<p>Perm\u00edtame tranquilizarle: \u00a1la radiofrecuencia es una t\u00e9cnica realmente suave para la piel! Como en cualquier tratamiento de belleza, pueden producirse algunos efectos secundarios menores, pero nada demasiado grave. Despu\u00e9s de la sesi\u00f3n, puede notar <b>sarpullidos<\/b> y una ligera hinchaz\u00f3n: \u00a1es completamente normal! Es simplemente una se\u00f1al de que se est\u00e1 activando la circulaci\u00f3n sangu\u00ednea en la zona tratada. Estas peque\u00f1as molestias suelen desaparecer en unas horas, aunque a veces pueden persistir hasta 48 horas. Para un alivio r\u00e1pido, siempre recomiendo a mis clientes que se apliquen un <b>compresa fr\u00eda<\/b> o una crema calmante.<\/p>\n\n\n\n<h3 class=\"wp-block-heading\"><span class=\"ez-toc-section\" id=\"Les_precautions_a_prendre\"><\/span>Precauciones<span class=\"ez-toc-section-end\"><\/span><\/h3>\n\n\n\n<p>Para aprovechar todas las ventajas de <b>radiofrecuencia<\/b>Hay que seguir algunas reglas sencillas. En primer lugar, elija un profesional cualificado que domine perfectamente la t\u00e9cnica: es la base para evitar cualquier riesgo de quemaduras o molestias. Despu\u00e9s de la sesi\u00f3n, evite absolutamente la exposici\u00f3n al sol durante 2-3 semanas (su piel estar\u00e1 un poco m\u00e1s sensible) y prot\u00e9jase con una buena crema solar. Siguiendo estos consejos, podr\u00e1 disfrutar de los efectos rejuvenecedores de la radiofrecuencia en su piel con total tranquilidad.<\/p>\n\n\n\n<h2 class=\"wp-block-heading\"><span class=\"ez-toc-section\" id=\"Pour_qui_la_radiofrequence_est-elle_vraiment_faite\"><\/span>\u00bfPara qui\u00e9n es realmente la radiofrecuencia?<span class=\"ez-toc-section-end\"><\/span><\/h2>\n\n\n\n<p>Si empiezas a ver aparecer unas peque\u00f1as arrugas o a tu piel le falta un poco de firmeza, el <b>radiofrecuencia<\/b> \u00a1puede convertirse en tu mejor aliado! Esta t\u00e9cnica supersuave es perfecta para la piel que necesita un empujoncito, sin necesidad de cirug\u00eda. \u00bfY lo mejor? Se adapta a todos los tonos de piel, incluso a los m\u00e1s oscuros.<\/p>\n\n\n\n<h3 class=\"wp-block-heading\"><span class=\"ez-toc-section\" id=\"Les_precautions_a_prendre-2\"><\/span>Precauciones<span class=\"ez-toc-section-end\"><\/span><\/h3>\n\n\n\n<p>Pero cuidado, el <b>radiofrecuencia cut\u00e1nea<\/b> no es recomendable para todo el mundo. Si est\u00e1 embarazada o toma determinados medicamentos para el acn\u00e9, es mejor evitarla. Lo mismo ocurre si tiene implantes met\u00e1licos en la zona a tratar: \u00a1las ondas y el metal no se llevan bien! Para estar seguro de que este tratamiento es adecuado para ti, nada mejor que una peque\u00f1a charla con un profesional que analizar\u00e1 tu tipo de piel y tus necesidades espec\u00edficas. As\u00ed obtendr\u00e1 los mejores resultados.<\/p>\n\n\n\n<p>\u00bfLa clave del \u00e9xito? Una consulta detallada con un experto que se tomar\u00e1 el tiempo necesario para examinar su piel desde todos los \u00e1ngulos: textura, elasticidad, arrugas... De este modo, obtendr\u00e1 un tratamiento a medida que le proporcione exactamente lo que su piel necesita. Es como tener un entrenador personal para la piel.<\/p>\n\n\n\n<figure class=\"wp-block-image\"><img decoding=\"async\" src=\"https:\/\/www.appareil-minceur.fr\/wp-content\/uploads\/2025\/02\/technologies-radiofrequence-monopolaire-bipolaire-traitement.jpg\" alt=\"\"\/><\/figure>\n\n\n\n<p><\/p>\n\n\n\n<h2 class=\"wp-block-heading\"><span class=\"ez-toc-section\" id=\"Quel_est_le_cout_dune_seance_de_radiofrequence\"><\/span>\u00bfCu\u00e1nto cuesta una sesi\u00f3n de radiofrecuencia?<span class=\"ez-toc-section-end\"><\/span><\/h2>\n\n\n\n<p>Hablemos de presupuesto El precio de un <b>radiofrecuencia para la piel<\/b> var\u00eda en funci\u00f3n de varios criterios, y voy a explic\u00e1rselo todo. En primer lugar, una sesi\u00f3n est\u00e1ndar para el rostro o el cuello cuesta unos 160 euros. Para obtener resultados realmente buenos, en general hay que prever 5 sesiones.<\/p>\n\n\n\n<h3 class=\"wp-block-heading\"><span class=\"ez-toc-section\" id=\"Les_facteurs_qui_influencent_le_prix\"><\/span>Factores que influyen en el precio<span class=\"ez-toc-section-end\"><\/span><\/h3>\n\n\n\n<ul class=\"wp-block-list\">\n<li>La zona a tratar<\/li>\n\n\n\n<li>La experiencia del profesional<\/li>\n\n\n\n<li>El tipo de tecnolog\u00eda utilizada<\/li>\n\n\n\n<li>La ubicaci\u00f3n del centro (las ciudades m\u00e1s grandes suelen ser m\u00e1s caras)<\/li>\n<\/ul>\n\n\n\n<p>Buenas noticias: muchos centros ofrecen <b>paquetes<\/b> \u00a1y pago f\u00e1cil! Es perfecto para repartir los gastos y hacer m\u00e1s accesible el tratamiento. En el lado negativo, las compa\u00f1\u00edas de seguros no suelen reembolsar el coste de los tratamientos de belleza con radiofrecuencia.<\/p>\n\n\n\n<p>Un consejo de tu entrenador: no dudes en comparar precios y servicios en distintos centros. La calidad del material y la experiencia del profesional son esenciales para obtener los mejores resultados. En las grandes ciudades, tendr\u00e1s m\u00e1s donde elegir y ser\u00e1 m\u00e1s f\u00e1cil encontrar buenas ofertas.<\/p>\n\n\n\n<h2 class=\"wp-block-heading\"><span class=\"ez-toc-section\" id=\"Quelles_nouveautes_la_radiofrequence_nous_reserve-t-elle\"><\/span>\u00bfQu\u00e9 novedades nos depara la radiofrecuencia?<span class=\"ez-toc-section-end\"><\/span><\/h2>\n\n\n\n<h3 class=\"wp-block-heading\"><span class=\"ez-toc-section\" id=\"Des_technologies_en_pleine_evolution\"><\/span>Tecnolog\u00edas en evoluci\u00f3n<span class=\"ez-toc-section-end\"><\/span><\/h3>\n\n\n\n<p>\u00a1Te van a encantar los \u00faltimos avances en radiofrecuencia! He descubierto que <b><a href=\"https:\/\/www.appareil-minceur.fr\/es\/consejo\/radiofrecuencia-fraccionada\/\">radiofrecuencia fraccionada<\/a><\/b> ha causado un gran revuelo \u00faltimamente, y con raz\u00f3n. Esta tecnolog\u00eda permite delimitar con gran precisi\u00f3n las zonas a tratar, ya sean arrugas o cicatrices. \u00bfY lo mejor? El tiempo de recuperaci\u00f3n es m\u00ednimo en comparaci\u00f3n con los m\u00e9todos antiguos.<\/p>\n\n\n\n<p>Otra tendencia actual es combinar la radiofrecuencia con otros tratamientos para maximizar los resultados. Imagine combinar el poder de <b>radiofrecuencia<\/b> con los beneficios del tratamiento l\u00e1ser: su piel se vuelve m\u00e1s firme y tonificada, \u00a1y aumenta la producci\u00f3n de col\u00e1geno como nunca antes! La gran ventaja es que se obtienen resultados a\u00fan m\u00e1s impresionantes en menos sesiones.<\/p>\n\n\n\n<p>Y en el frente de la investigaci\u00f3n, \u00a1las cosas tambi\u00e9n avanzan deprisa! Los cient\u00edficos trabajan duro para que los tratamientos sean a\u00fan m\u00e1s eficaces y c\u00f3modos. Las nuevas m\u00e1quinas incorporan ahora sistemas de refrigeraci\u00f3n supereficaces para garantizarte sesiones agradables. Es fant\u00e1stico ver hasta qu\u00e9 punto evoluciona la tecnolog\u00eda para ofrecernos tratamientos cada vez m\u00e1s eficaces y personalizados.<\/p>\n\n\n\n<p>La <b>radiofrecuencia cut\u00e1nea<\/b> es una gran soluci\u00f3n para quienes desean recuperar una piel tonificada y joven sin cirug\u00eda. Esta t\u00e9cnica, que utiliza el calor para estimular de forma natural la producci\u00f3n de col\u00e1geno, se adapta perfectamente a todas las zonas del cuerpo, desde el rostro hasta los muslos. \u00bfLo mejor? Las sesiones son r\u00e1pidas, c\u00f3modas y los efectos secundarios m\u00ednimos. Con un precio medio de 160 euros por sesi\u00f3n y paquetes para todos los bolsillos, es una forma asequible de cuidar la piel. Las nuevas tecnolog\u00edas, como la radiofrecuencia fraccionada, prometen resultados a\u00fan m\u00e1s impresionantes. En sus manos est\u00e1 darle a su piel un brillo juvenil.<\/p>","protected":false},"excerpt":{"rendered":"<p>\u00bfDesea una piel m\u00e1s firme y joven, pero a\u00fan no est\u00e1 seguro de cu\u00e1l es la mejor soluci\u00f3n? Visite <b>radiofrecuencia cut\u00e1nea<\/b> podr\u00eda ser la respuesta que est\u00e1 buscando. Esta incre\u00edble t\u00e9cnica hace maravillas para reafirmar y rejuvenecer la piel de forma natural. Como entrenador especializado en el cuidado del cuerpo, cada d\u00eda veo los asombrosos resultados de la <b>radiofrecuencia<\/b> en mis clientes. \u00bfY lo mejor? Es un m\u00e9todo totalmente no invasivo que estimula la producci\u00f3n natural de <b>col\u00e1geno<\/b> de su piel. \u00a1Descubre conmigo todos los secretos de esta tecnolog\u00eda que est\u00e1 transformando la vida de mis clientes!<\/p>","protected":false},"author":1,"featured_media":443,"comment_status":"open","ping_status":"open","sticky":false,"template":"","format":"standard","meta":{"footnotes":""},"categories":[13],"tags":[17],"class_list":["post-446","post","type-post","status-publish","format-standard","has-post-thumbnail","hentry","category-perte-de-poids","tag-radiofrequence"],"_links":{"self":[{"href":"https:\/\/www.appareil-minceur.fr\/es\/wp-json\/wp\/v2\/posts\/446","targetHints":{"allow":["GET"]}}],"collection":[{"href":"https:\/\/www.appareil-minceur.fr\/es\/wp-json\/wp\/v2\/posts"}],"about":[{"href":"https:\/\/www.appareil-minceur.fr\/es\/wp-json\/wp\/v2\/types\/post"}],"author":[{"embeddable":true,"href":"https:\/\/www.appareil-minceur.fr\/es\/wp-json\/wp\/v2\/users\/1"}],"replies":[{"embeddable":true,"href":"https:\/\/www.appareil-minceur.fr\/es\/wp-json\/wp\/v2\/comments?post=446"}],"version-history":[{"count":3,"href":"https:\/\/www.appareil-minceur.fr\/es\/wp-json\/wp\/v2\/posts\/446\/revisions"}],"predecessor-version":[{"id":739,"href":"https:\/\/www.appareil-minceur.fr\/es\/wp-json\/wp\/v2\/posts\/446\/revisions\/739"}],"wp:featuredmedia":[{"embeddable":true,"href":"https:\/\/www.appareil-minceur.fr\/es\/wp-json\/wp\/v2\/media\/443"}],"wp:attachment":[{"href":"https:\/\/www.appareil-minceur.fr\/es\/wp-json\/wp\/v2\/media?parent=446"}],"wp:term":[{"taxonomy":"category","embeddable":true,"href":"https:\/\/www.appareil-minceur.fr\/es\/wp-json\/wp\/v2\/categories?post=446"},{"taxonomy":"post_tag","embeddable":true,"href":"https:\/\/www.appareil-minceur.fr\/es\/wp-json\/wp\/v2\/tags?post=446"}],"curies":[{"name":"wp","href":"https:\/\/api.w.org\/{rel}","templated":true}]}}