{"id":463,"date":"2025-02-06T09:53:33","date_gmt":"2025-02-06T09:53:33","guid":{"rendered":"https:\/\/www.appareil-minceur.fr\/?p=463"},"modified":"2025-02-06T10:11:16","modified_gmt":"2025-02-06T10:11:16","slug":"radiofrecuencia-de-cuello","status":"publish","type":"post","link":"https:\/\/www.appareil-minceur.fr\/es\/perdida-de-peso\/radiofrecuencia-de-cuello\/","title":{"rendered":"Radiofrecuencia cervical: \u00bfel secreto de un cuello tonificado?"},"content":{"rendered":"<div class=\"kk-star-ratings kksr-auto kksr-align-left kksr-valign-top\"\n    data-payload='{&quot;align&quot;:&quot;left&quot;,&quot;id&quot;:&quot;463&quot;,&quot;slug&quot;:&quot;default&quot;,&quot;valign&quot;:&quot;top&quot;,&quot;ignore&quot;:&quot;&quot;,&quot;reference&quot;:&quot;auto&quot;,&quot;class&quot;:&quot;&quot;,&quot;count&quot;:&quot;0&quot;,&quot;legendonly&quot;:&quot;&quot;,&quot;readonly&quot;:&quot;&quot;,&quot;score&quot;:&quot;0&quot;,&quot;starsonly&quot;:&quot;&quot;,&quot;best&quot;:&quot;5&quot;,&quot;gap&quot;:&quot;5&quot;,&quot;greet&quot;:&quot;Notez cet article !&quot;,&quot;legend&quot;:&quot;0\\\/5 - (0 votos)&quot;,&quot;size&quot;:&quot;16&quot;,&quot;title&quot;:&quot;La radiofr\u00e9quence cou : le secret d\\u0026#039;un cou tonique ?&quot;,&quot;width&quot;:&quot;0&quot;,&quot;_legend&quot;:&quot;{score}\\\/{best} - ({count} {votes})&quot;,&quot;font_factor&quot;:&quot;1.25&quot;}'>\n            \n<div class=\"kksr-stars\">\n    \n<div class=\"kksr-stars-inactive\">\n            <div class=\"kksr-star\" data-star=\"1\" style=\"padding-right: 5px\">\n            \n\n<div class=\"kksr-icon\" style=\"width: 16px; height: 16px;\"><\/div>\n        <\/div>\n            <div class=\"kksr-star\" data-star=\"2\" style=\"padding-right: 5px\">\n            \n\n<div class=\"kksr-icon\" style=\"width: 16px; height: 16px;\"><\/div>\n        <\/div>\n            <div class=\"kksr-star\" data-star=\"3\" style=\"padding-right: 5px\">\n            \n\n<div class=\"kksr-icon\" style=\"width: 16px; height: 16px;\"><\/div>\n        <\/div>\n            <div class=\"kksr-star\" data-star=\"4\" style=\"padding-right: 5px\">\n            \n\n<div class=\"kksr-icon\" style=\"width: 16px; height: 16px;\"><\/div>\n        <\/div>\n            <div class=\"kksr-star\" data-star=\"5\" style=\"padding-right: 5px\">\n            \n\n<div class=\"kksr-icon\" style=\"width: 16px; height: 16px;\"><\/div>\n        <\/div>\n    <\/div>\n    \n<div class=\"kksr-stars-active\" style=\"width: 0px;\">\n            <div class=\"kksr-star\" style=\"padding-right: 5px\">\n            \n\n<div class=\"kksr-icon\" style=\"width: 16px; height: 16px;\"><\/div>\n        <\/div>\n            <div class=\"kksr-star\" style=\"padding-right: 5px\">\n            \n\n<div class=\"kksr-icon\" style=\"width: 16px; height: 16px;\"><\/div>\n        <\/div>\n            <div class=\"kksr-star\" style=\"padding-right: 5px\">\n            \n\n<div class=\"kksr-icon\" style=\"width: 16px; height: 16px;\"><\/div>\n        <\/div>\n            <div class=\"kksr-star\" style=\"padding-right: 5px\">\n            \n\n<div class=\"kksr-icon\" style=\"width: 16px; height: 16px;\"><\/div>\n        <\/div>\n            <div class=\"kksr-star\" style=\"padding-right: 5px\">\n            \n\n<div class=\"kksr-icon\" style=\"width: 16px; height: 16px;\"><\/div>\n        <\/div>\n    <\/div>\n<\/div>\n                \n\n<div class=\"kksr-legend\" style=\"font-size: 12.8px;\">\n            <span class=\"kksr-muted\">Valora este art\u00edculo<\/span>\n    <\/div>\n    <\/div>\n\n<p>\u00bfCansado de ese antiest\u00e9tico cuello ca\u00eddo? Visite <b>radiofrecuencia<\/b> puede ser la soluci\u00f3n que estaba buscando. Esta t\u00e9cnica innovadora hace maravillas para reafirmar y tonificar la zona del cuello, sin cirug\u00eda y sin dolor. Como entrenador deportivo especializado en la p\u00e9rdida de peso, veo con regularidad los impresionantes resultados de la <b>radiofrecuencia de cuello<\/b> en las instalaciones de mis clientes. Es sencillo, r\u00e1pido y realmente eficaz. Pero, \u00bfc\u00f3mo funciona exactamente? En este art\u00edculo te explico todo lo que necesitas saber sobre este m\u00e9todo, que est\u00e1 teniendo un gran \u00e9xito entre los centros de asistencia. Entre las diferentes tecnolog\u00edas disponibles y los <b>resultados espectaculares<\/b> \u00a1te quedar\u00e1s boquiabierto!<\/p><div id=\"ez-toc-container\" class=\"ez-toc-v2_0_82_2 counter-hierarchy ez-toc-counter ez-toc-custom ez-toc-container-direction\">\n<div class=\"ez-toc-title-container\">\n<p class=\"ez-toc-title\" style=\"cursor:inherit\">Resumen del art\u00edculo<\/p>\n<span class=\"ez-toc-title-toggle\"><a href=\"#\" class=\"ez-toc-pull-right ez-toc-btn ez-toc-btn-xs ez-toc-btn-default ez-toc-toggle\" aria-label=\"Alternar tabla de contenidos\"><span class=\"ez-toc-js-icon-con\"><span class=\"\"><span class=\"eztoc-hide\" style=\"display:none;\">Toggle<\/span><span class=\"ez-toc-icon-toggle-span\"><svg style=\"fill: #ffffff;color:#ffffff\" xmlns=\"http:\/\/www.w3.org\/2000\/svg\" class=\"list-377408\" width=\"20px\" height=\"20px\" viewbox=\"0 0 24 24\" fill=\"none\"><path d=\"M6 6H4v2h2V6zm14 0H8v2h12V6zM4 11h2v2H4v-2zm16 0H8v2h12v-2zM4 16h2v2H4v-2zm16 0H8v2h12v-2z\" fill=\"currentColor\"><\/path><\/svg><svg style=\"fill: #ffffff;color:#ffffff\" class=\"arrow-unsorted-368013\" xmlns=\"http:\/\/www.w3.org\/2000\/svg\" width=\"10px\" height=\"10px\" viewbox=\"0 0 24 24\" version=\"1.2\" baseprofile=\"tiny\"><path d=\"M18.2 9.3l-6.2-6.3-6.2 6.3c-.2.2-.3.4-.3.7s.1.5.3.7c.2.2.4.3.7.3h11c.3 0 .5-.1.7-.3.2-.2.3-.5.3-.7s-.1-.5-.3-.7zM5.8 14.7l6.2 6.3 6.2-6.3c.2-.2.3-.5.3-.7s-.1-.5-.3-.7c-.2-.2-.4-.3-.7-.3h-11c-.3 0-.5.1-.7.3-.2.2-.3.5-.3.7s.1.5.3.7z\"\/><\/svg><\/span><\/span><\/span><\/a><\/span><\/div>\n<nav><ul class='ez-toc-list ez-toc-list-level-1 eztoc-toggle-hide-by-default' ><li class='ez-toc-page-1 ez-toc-heading-level-2'><a class=\"ez-toc-link ez-toc-heading-1\" href=\"https:\/\/www.appareil-minceur.fr\/es\/perdida-de-peso\/radiofrecuencia-de-cuello\/#Comment_fonctionne_la_radiofrequence_pour_la_peau\" >\u00bfC\u00f3mo act\u00faa la radiofrecuencia sobre la piel?<\/a><ul class='ez-toc-list-level-3' ><li class='ez-toc-heading-level-3'><a class=\"ez-toc-link ez-toc-heading-2\" href=\"https:\/\/www.appareil-minceur.fr\/es\/perdida-de-peso\/radiofrecuencia-de-cuello\/#Le_secret_dune_peau_plus_ferme\" >El secreto de una piel m\u00e1s firme<\/a><\/li><\/ul><\/li><li class='ez-toc-page-1 ez-toc-heading-level-2'><a class=\"ez-toc-link ez-toc-heading-3\" href=\"https:\/\/www.appareil-minceur.fr\/es\/perdida-de-peso\/radiofrecuencia-de-cuello\/#Quelles_parties_du_cou_sont_traitees_par_la_radiofrequence\" >\u00bfQu\u00e9 partes del cuello se tratan con radiofrecuencia?<\/a><ul class='ez-toc-list-level-3' ><li class='ez-toc-heading-level-3'><a class=\"ez-toc-link ez-toc-heading-4\" href=\"https:\/\/www.appareil-minceur.fr\/es\/perdida-de-peso\/radiofrecuencia-de-cuello\/#Les_muscles_et_tissus_cibles\" >M\u00fasculos y tejidos diana<\/a><\/li><\/ul><\/li><li class='ez-toc-page-1 ez-toc-heading-level-2'><a class=\"ez-toc-link ez-toc-heading-5\" href=\"https:\/\/www.appareil-minceur.fr\/es\/perdida-de-peso\/radiofrecuencia-de-cuello\/#Comment_fonctionne_la_radiofrequence_pour_affiner_le_cou\" >\u00bfC\u00f3mo act\u00faa la radiofrecuencia para adelgazar el cuello?<\/a><ul class='ez-toc-list-level-3' ><li class='ez-toc-heading-level-3'><a class=\"ez-toc-link ez-toc-heading-6\" href=\"https:\/\/www.appareil-minceur.fr\/es\/perdida-de-peso\/radiofrecuencia-de-cuello\/#Les_bienfaits_de_la_chaleur_sur_votre_peau\" >Los beneficios del calor para la piel<\/a><\/li><\/ul><\/li><li class='ez-toc-page-1 ez-toc-heading-level-2'><a class=\"ez-toc-link ez-toc-heading-7\" href=\"https:\/\/www.appareil-minceur.fr\/es\/perdida-de-peso\/radiofrecuencia-de-cuello\/#Quelles_sont_les_differentes_technologies_de_radiofrequence_pour_le_cou\" >\u00bfCu\u00e1les son las diferentes tecnolog\u00edas de radiofrecuencia para el cuello?<\/a><ul class='ez-toc-list-level-3' ><li class='ez-toc-heading-level-3'><a class=\"ez-toc-link ez-toc-heading-8\" href=\"https:\/\/www.appareil-minceur.fr\/es\/perdida-de-peso\/radiofrecuencia-de-cuello\/#La_radiofrequence_non_ablative_votre_alliee_beaute\" >Radiofrecuencia no ablativa: su aliada en belleza<\/a><\/li><\/ul><\/li><li class='ez-toc-page-1 ez-toc-heading-level-2'><a class=\"ez-toc-link ez-toc-heading-9\" href=\"https:\/\/www.appareil-minceur.fr\/es\/perdida-de-peso\/radiofrecuencia-de-cuello\/#Quels_sont_les_effets_de_la_radiofrequence_sur_le_cou\" >\u00bfCu\u00e1les son los efectos de la radiofrecuencia en el cuello?<\/a><ul class='ez-toc-list-level-3' ><li class='ez-toc-heading-level-3'><a class=\"ez-toc-link ez-toc-heading-10\" href=\"https:\/\/www.appareil-minceur.fr\/es\/perdida-de-peso\/radiofrecuencia-de-cuello\/#Double_action_medical_et_esthetique\" >Doble acci\u00f3n: m\u00e9dica y est\u00e9tica<\/a><\/li><\/ul><\/li><li class='ez-toc-page-1 ez-toc-heading-level-2'><a class=\"ez-toc-link ez-toc-heading-11\" href=\"https:\/\/www.appareil-minceur.fr\/es\/perdida-de-peso\/radiofrecuencia-de-cuello\/#Comment_se_preparer_pour_une_seance_de_radiofrequence_au_niveau_du_cou\" >\u00bfC\u00f3mo debo prepararme para una sesi\u00f3n de radiofrecuencia en el cuello?<\/a><ul class='ez-toc-list-level-3' ><li class='ez-toc-heading-level-3'><a class=\"ez-toc-link ez-toc-heading-12\" href=\"https:\/\/www.appareil-minceur.fr\/es\/perdida-de-peso\/radiofrecuencia-de-cuello\/#Les_etapes_essentielles_avant_le_traitement\" >Los pasos esenciales antes del tratamiento<\/a><\/li><\/ul><\/li><li class='ez-toc-page-1 ez-toc-heading-level-2'><a class=\"ez-toc-link ez-toc-heading-13\" href=\"https:\/\/www.appareil-minceur.fr\/es\/perdida-de-peso\/radiofrecuencia-de-cuello\/#Quels_sont_les_effets_secondaires_et_les_precautions_a_prendre_pour_la_radiofrequence_du_cou\" >\u00bfCu\u00e1les son los efectos secundarios y las precauciones que deben tomarse para el tratamiento del cuello con radiofrecuencia?<\/a><ul class='ez-toc-list-level-3' ><li class='ez-toc-heading-level-3'><a class=\"ez-toc-link ez-toc-heading-14\" href=\"https:\/\/www.appareil-minceur.fr\/es\/perdida-de-peso\/radiofrecuencia-de-cuello\/#Qui_devrait_eviter_ce_traitement\" >\u00bfQui\u00e9n debe evitar este tratamiento?<\/a><\/li><\/ul><\/li><li class='ez-toc-page-1 ez-toc-heading-level-2'><a class=\"ez-toc-link ez-toc-heading-15\" href=\"https:\/\/www.appareil-minceur.fr\/es\/perdida-de-peso\/radiofrecuencia-de-cuello\/#Quels_resultats_peut-on_attendre_avec_la_radiofrequence_pour_le_cou\" >\u00bfQu\u00e9 resultados puedo esperar del tratamiento de radiofrecuencia para el cuello?<\/a><ul class='ez-toc-list-level-3' ><li class='ez-toc-heading-level-3'><a class=\"ez-toc-link ez-toc-heading-16\" href=\"https:\/\/www.appareil-minceur.fr\/es\/perdida-de-peso\/radiofrecuencia-de-cuello\/#Des_bienfaits_qui_sinscrivent_dans_la_duree\" >Beneficios duraderos<\/a><\/li><\/ul><\/li><li class='ez-toc-page-1 ez-toc-heading-level-2'><a class=\"ez-toc-link ez-toc-heading-17\" href=\"https:\/\/www.appareil-minceur.fr\/es\/perdida-de-peso\/radiofrecuencia-de-cuello\/#Combien_coute_un_traitement_de_radiofrequence_pour_le_cou\" >\u00bfCu\u00e1nto cuesta el tratamiento de radiofrecuencia para el cuello?<\/a><ul class='ez-toc-list-level-3' ><li class='ez-toc-heading-level-3'><a class=\"ez-toc-link ez-toc-heading-18\" href=\"https:\/\/www.appareil-minceur.fr\/es\/perdida-de-peso\/radiofrecuencia-de-cuello\/#Les_tarifs_moyens_en_institut\" >Precios medios de los salones de belleza<\/a><\/li><\/ul><\/li><li class='ez-toc-page-1 ez-toc-heading-level-2'><a class=\"ez-toc-link ez-toc-heading-19\" href=\"https:\/\/www.appareil-minceur.fr\/es\/perdida-de-peso\/radiofrecuencia-de-cuello\/#Quels_sont_les_developpements_les_plus_prometteurs_de_la_radiofrequence_pour_le_cou\" >\u00bfCu\u00e1les son los avances m\u00e1s prometedores en radiofrecuencia para el cuello?<\/a><ul class='ez-toc-list-level-3' ><li class='ez-toc-heading-level-3'><a class=\"ez-toc-link ez-toc-heading-20\" href=\"https:\/\/www.appareil-minceur.fr\/es\/perdida-de-peso\/radiofrecuencia-de-cuello\/#La_nouvelle_generation_de_la_radiofrequence\" >La nueva generaci\u00f3n de radiofrecuencia<\/a><\/li><\/ul><\/li><\/ul><\/nav><\/div>\n\n\n\n\n<figure class=\"wp-block-image\"><img decoding=\"async\" src=\"https:\/\/www.appareil-minceur.fr\/wp-content\/uploads\/2025\/02\/ondes-electromagnetiques-cou-technologie-radiofrequence.png\" alt=\"\"\/><\/figure>\n\n\n\n<p><\/p>\n\n\n\n<h2 class=\"wp-block-heading\"><span class=\"ez-toc-section\" id=\"Comment_fonctionne_la_radiofrequence_pour_la_peau\"><\/span>\u00bfC\u00f3mo act\u00faa la radiofrecuencia sobre la piel?<span class=\"ez-toc-section-end\"><\/span><\/h2>\n\n\n\n<p>La radiofrecuencia es LA t\u00e9cnica que lo ha cambiado todo en el campo del adelgazamiento. Este m\u00e9todo supereficaz utiliza <b>ondas electromagn\u00e9ticas<\/b> que act\u00faan directamente sobre los tejidos. El principio es simple: estas ondas crean <b>calor dirigido<\/b> que estimula de forma natural la producci\u00f3n de col\u00e1geno. El efecto es sorprendente, especialmente en el cuello y el escote.<\/p>\n\n\n\n<h3 class=\"wp-block-heading\"><span class=\"ez-toc-section\" id=\"Le_secret_dune_peau_plus_ferme\"><\/span>El secreto de una piel m\u00e1s firme<span class=\"ez-toc-section-end\"><\/span><\/h3>\n\n\n\n<p>La verdadera ventaja de la radiofrecuencia es su acci\u00f3n en profundidad. Cuando las ondas penetran en la piel, provocan el calentamiento de los tejidos, despertando las defensas naturales de la piel. <b>fibroblastos<\/b> - las peque\u00f1as f\u00e1bricas naturales que producen col\u00e1geno. \u00bfCu\u00e1l es el resultado? Una piel m\u00e1s firme y tonificada, \u00a1sin necesidad de cirug\u00eda! Esta tecnolog\u00eda, que apareci\u00f3 por primera vez en los a\u00f1os 90, ha demostrado su eficacia y sigue impresionando, sobre todo para reafirmar el cuello. \u00bfY lo mejor? Es totalmente indolora y no requiere tiempo de recuperaci\u00f3n. Puede reanudar sus actividades inmediatamente despu\u00e9s de una sesi\u00f3n.<\/p>\n\n\n\n<h2 class=\"wp-block-heading\"><span class=\"ez-toc-section\" id=\"Quelles_parties_du_cou_sont_traitees_par_la_radiofrequence\"><\/span>\u00bfQu\u00e9 partes del cuello se tratan con radiofrecuencia?<span class=\"ez-toc-section-end\"><\/span><\/h2>\n\n\n\n<h3 class=\"wp-block-heading\"><span class=\"ez-toc-section\" id=\"Les_muscles_et_tissus_cibles\"><\/span>M\u00fasculos y tejidos diana<span class=\"ez-toc-section-end\"><\/span><\/h3>\n\n\n\n<p>Voy a hablarle de las zonas del cuello que se tratan con la radiofrecuencia. El cuello es una parte fascinante de nuestra anatom\u00eda, con en particular el <b>m\u00fasculos esternocleidomastoideos<\/b> que son important\u00edsimos para mantener nuestra postura. La radiofrecuencia act\u00faa directamente sobre estos m\u00fasculos y los tejidos que los rodean, \u00a1como un mini entrenador para el cuello!<\/p>\n\n\n\n<p>\u00bfEl objetivo? Dar un impulso a tu piel estimulando la producci\u00f3n de col\u00e1geno de forma natural. Es estupendo porque mejora la elasticidad de la piel. <b>firmeza<\/b> y el<b>elasticidad<\/b> de tu piel, \u00a1igual que despu\u00e9s de un gran entrenamiento!<\/p>\n\n\n\n<p>La radiofrecuencia tambi\u00e9n ayudar\u00e1 a reducir las peque\u00f1as tensiones musculares que pueden causar dolor cr\u00f3nico. Es una t\u00e9cnica realmente vers\u00e1til que puede utilizarse tanto para la belleza como para el bienestar general. Al incidir con precisi\u00f3n en estas zonas, se pueden conseguir resultados sorprendentes en cuanto a la calidad de la piel, al tiempo que se cuida el tejido circundante. Es un poco como hacer un entrenamiento espec\u00edfico, pero en versi\u00f3n de alta tecnolog\u00eda.<\/p>\n\n\n\n<figure class=\"wp-block-embed is-type-video is-provider-youtube wp-block-embed-youtube wp-embed-aspect-16-9 wp-has-aspect-ratio\"><div class=\"wp-block-embed__wrapper\">\n<iframe title=\"\u00a1PRUEBO LA RADIOFRECUENCIA ANTIEDAD!\" width=\"800\" height=\"450\" src=\"https:\/\/www.youtube.com\/embed\/prX-RG2-k_0?feature=oembed\" frameborder=\"0\" allow=\"accelerometer; autoplay; clipboard-write; encrypted-media; gyroscope; picture-in-picture; web-share\" referrerpolicy=\"strict-origin-when-cross-origin\" allowfullscreen><\/iframe>\n<\/div><\/figure>\n\n\n\n<h2 class=\"wp-block-heading\"><span class=\"ez-toc-section\" id=\"Comment_fonctionne_la_radiofrequence_pour_affiner_le_cou\"><\/span>\u00bfC\u00f3mo act\u00faa la radiofrecuencia para adelgazar el cuello?<span class=\"ez-toc-section-end\"><\/span><\/h2>\n\n\n\n<p>A continuaci\u00f3n le explicamos c\u00f3mo funciona la radiofrecuencia. Esta tecnolog\u00eda utiliza ondas electromagn\u00e9ticas para generar electricidad. <b>calor dirigido<\/b> que penetra profundamente en la piel. El principio es realmente brillante: el calor desencadena de forma natural reacciones en el organismo que mejoran el aspecto de la piel.<\/p>\n\n\n\n<h3 class=\"wp-block-heading\"><span class=\"ez-toc-section\" id=\"Les_bienfaits_de_la_chaleur_sur_votre_peau\"><\/span>Los beneficios del calor para la piel<span class=\"ez-toc-section-end\"><\/span><\/h3>\n\n\n\n<p>Este calor es un verdadero aliado para su piel. Estimula el <b>producci\u00f3n de col\u00e1geno<\/b>, la prote\u00edna responsable de la elasticidad de la piel. Adem\u00e1s, estimula la circulaci\u00f3n sangu\u00ednea y facilita la eliminaci\u00f3n de toxinas. El resultado: una piel m\u00e1s firme y tonificada, especialmente alrededor del cuello.<\/p>\n\n\n\n<p>Los efectos son progresivos y esto es lo que puedes esperar:<\/p>\n\n\n\n<ul class=\"wp-block-list\">\n<li>Sesiones cortas de 30-45 minutos<\/li>\n\n\n\n<li>Resultados que mejoran con cada sesi\u00f3n<\/li>\n\n\n\n<li>La producci\u00f3n de col\u00e1geno contin\u00faa durante 2-3 meses despu\u00e9s de la \u00faltima sesi\u00f3n<\/li>\n\n\n\n<li>Resultados \u00f3ptimos tras 8-10 sesiones<\/li>\n<\/ul>\n\n\n\n<p>\u00bfLa buena noticia? Los efectos perduran en el tiempo. Visite <b>estimulaci\u00f3n del col\u00e1geno<\/b> contin\u00faa incluso despu\u00e9s de finalizar las sesiones, lo que convierte a la radiofrecuencia en una excelente opci\u00f3n para reafirmar la zona del cuello a largo plazo.<\/p>\n\n\n\n<h2 class=\"wp-block-heading\"><span class=\"ez-toc-section\" id=\"Quelles_sont_les_differentes_technologies_de_radiofrequence_pour_le_cou\"><\/span>\u00bfCu\u00e1les son las diferentes tecnolog\u00edas de radiofrecuencia para el cuello?<span class=\"ez-toc-section-end\"><\/span><\/h2>\n\n\n\n<h3 class=\"wp-block-heading\"><span class=\"ez-toc-section\" id=\"La_radiofrequence_non_ablative_votre_alliee_beaute\"><\/span>Radiofrecuencia no ablativa: su aliada en belleza<span class=\"ez-toc-section-end\"><\/span><\/h3>\n\n\n\n<p>Muy eficaz para reafirmar la piel, la radiofrecuencia no ablativa es una t\u00e9cnica suave que hace maravillas. Se dirige espec\u00edficamente <b>piel fl\u00e1cida<\/b> en el cuello y la cara. Lo bueno de este m\u00e9todo es que act\u00faa en lo m\u00e1s profundo de la dermis sin da\u00f1ar la superficie de la piel. El principio es sencillo: el calor generado estimula de forma natural la producci\u00f3n de <b>col\u00e1geno<\/b>, Esto mejora visiblemente la calidad y firmeza de la piel.<\/p>\n\n\n\n<p>Para entrar en detalles m\u00e1s t\u00e9cnicos, existen dos tipos de radiofrecuencia: la monopolar y la bipolar. La radiofrecuencia monopolar es una aut\u00e9ntica campeona cuando se trata de llegar a las capas m\u00e1s profundas de la piel. Utiliza un \u00fanico polo para difundir la energ\u00eda de forma selectiva. La versi\u00f3n bipolar, en cambio, se centra en zonas m\u00e1s superficiales, perfecta para <b>ligero aflojamiento del cuello<\/b>. Este m\u00e9todo es ultrac\u00f3modo y no sentir\u00e1 pr\u00e1cticamente nada durante el tratamiento.<\/p>\n\n\n\n<p>De hecho, las \u00faltimas innovaciones en este campo son asombrosas. Los nuevos aparatos proporcionan ahora un tratamiento m\u00e1s uniforme e incluso m\u00e1s eficaz. Los resultados son evidentes: una piel m\u00e1s firme y tonificada, sin el menor dolor. Es realmente la opci\u00f3n ideal si desea reafirmar la zona del cuello sin pasar por el quir\u00f3fano.<\/p>\n\n\n\n<h2 class=\"wp-block-heading\"><span class=\"ez-toc-section\" id=\"Quels_sont_les_effets_de_la_radiofrequence_sur_le_cou\"><\/span>\u00bfCu\u00e1les son los efectos de la radiofrecuencia en el cuello?<span class=\"ez-toc-section-end\"><\/span><\/h2>\n\n\n\n<p>La radiofrecuencia es una t\u00e9cnica realmente brillante para hacer un lifting en el cuello. Este m\u00e9todo suave permite <b>estimulan de forma natural la producci\u00f3n de col\u00e1geno<\/b>, Esto reafirmar\u00e1 gradualmente la piel. Es como darle un segundo aire a la piel. Me encanta recomendar esta t\u00e9cnica a mis clientas, ya que es totalmente <b>no invasivo<\/b> y no requiere periodo de convalecencia.<\/p>\n\n\n\n<h3 class=\"wp-block-heading\"><span class=\"ez-toc-section\" id=\"Double_action_medical_et_esthetique\"><\/span>Doble acci\u00f3n: m\u00e9dica y est\u00e9tica<span class=\"ez-toc-section-end\"><\/span><\/h3>\n\n\n\n<p>Lo bueno de la radiofrecuencia es que funciona a dos niveles: puede aliviar eficazmente el dolor cr\u00f3nico de cuello y, al mismo tiempo, mejorar el aspecto de la piel. Las ondas emitidas por el aparato <b>calentamiento profundo de tejidos<\/b>, Esto desencadena de forma natural un proceso de regeneraci\u00f3n. \u00bfCu\u00e1l es el resultado? Una piel m\u00e1s firme y tersa, y progresivamente menos dolorosa. Es una alternativa realmente interesante a la cirug\u00eda, con resultados visibles r\u00e1pidamente y duraderos en el tiempo.<\/p>\n\n\n\n<figure class=\"wp-block-image\"><img decoding=\"async\" src=\"https:\/\/www.appareil-minceur.fr\/wp-content\/uploads\/2025\/02\/traitement-radiofrequence-muscles-cou-zones.jpg\" alt=\"\"\/><\/figure>\n\n\n\n<p><\/p>\n\n\n\n<h2 class=\"wp-block-heading\"><span class=\"ez-toc-section\" id=\"Comment_se_preparer_pour_une_seance_de_radiofrequence_au_niveau_du_cou\"><\/span>\u00bfC\u00f3mo debo prepararme para una sesi\u00f3n de radiofrecuencia en el cuello?<span class=\"ez-toc-section-end\"><\/span><\/h2>\n\n\n\n<h3 class=\"wp-block-heading\"><span class=\"ez-toc-section\" id=\"Les_etapes_essentielles_avant_le_traitement\"><\/span>Los pasos esenciales antes del tratamiento<span class=\"ez-toc-section-end\"><\/span><\/h3>\n\n\n\n<p>Oye, antes de empezar tu primer <b>radiofrecuencia<\/b> para el cuello, \u00a1hay algunos puntos superimportantes que hay que analizar juntos! El primer paso esencial es una cita con un profesional para hacer balance de sus necesidades. Es entonces cuando analizamos juntos el estado de tu piel y hablamos de tus objetivos.<\/p>\n\n\n\n<p>Esto es lo que comprobaremos durante la consulta:<\/p>\n\n\n\n<ul class=\"wp-block-list\">\n<li>El estado de su piel y sus caracter\u00edsticas<\/li>\n\n\n\n<li>Sus peque\u00f1os problemas de cuello (flacidez, arrugas...)<\/li>\n\n\n\n<li>Su historial m\u00e9dico (\u00a1muy importante para su seguridad!)<\/li>\n\n\n\n<li>Sus expectativas sobre el tratamiento<\/li>\n<\/ul>\n\n\n\n<p>Una vez que hemos hecho balance, \u00a1llega el momento del tratamiento! La sesi\u00f3n comienza con una limpieza a fondo de la zona: adi\u00f3s maquillaje y cremas. A continuaci\u00f3n utilizo el <a href=\"https:\/\/www.appareil-minceur.fr\/es\/consejo\/radiofrecuencia-cutanea\/\"><b>radiofrecuencia<\/b> que calentar\u00e1 gradualmente tu piel<\/a> para estimular la producci\u00f3n de <b>col\u00e1geno<\/b>. El tratamiento dura entre 30 y 45 minutos, \u00a1bastante r\u00e1pido!<\/p>\n\n\n\n<p>Tambi\u00e9n te dar\u00e9 todos mis consejos para optimizar tus resultados: hidr\u00e1tate bien, evita la luz solar directa... \u00a1Estos peque\u00f1os consejos marcan realmente la diferencia en tus resultados! Y no te preocupes, estar\u00e9 a tu lado durante todo el proceso para resolver todas tus dudas.<\/p>\n\n\n\n<h2 class=\"wp-block-heading\"><span class=\"ez-toc-section\" id=\"Quels_sont_les_effets_secondaires_et_les_precautions_a_prendre_pour_la_radiofrequence_du_cou\"><\/span>\u00bfCu\u00e1les son los efectos secundarios y las precauciones que deben tomarse para el tratamiento del cuello con radiofrecuencia?<span class=\"ez-toc-section-end\"><\/span><\/h2>\n\n\n\n<p>Perm\u00edtame tranquilizarle: el <b>radiofrecuencia de cuello<\/b> es una t\u00e9cnica supersegura, pero como cualquier pr\u00e1ctica est\u00e9tica, puede causar algunas molestias temporales. En mi experiencia, la mayor\u00eda de mis clientes experimentan un ligero enrojecimiento e hinchaz\u00f3n, que suele desaparecer en unas horas. Imag\u00ednese la sensaci\u00f3n de una quemadura solar leve: \u00a1eso es exactamente lo que puede sentir! En algunos casos, pueden aparecer peque\u00f1as costras, pero no se preocupe, desaparecen r\u00e1pidamente.<\/p>\n\n\n\n<h3 class=\"wp-block-heading\"><span class=\"ez-toc-section\" id=\"Qui_devrait_eviter_ce_traitement\"><\/span>\u00bfQui\u00e9n debe evitar este tratamiento?<span class=\"ez-toc-section-end\"><\/span><\/h3>\n\n\n\n<p>Debo ser claro contigo: si llevas un <b>marcapasos<\/b> o <b>implantes met\u00e1licos<\/b>, Por desgracia, esta t\u00e9cnica no es para ti. Las futuras mam\u00e1s tambi\u00e9n tendr\u00e1n que esperar hasta despu\u00e9s del embarazo. Y, por supuesto, si tienes problemas cut\u00e1neos como eccemas o una infecci\u00f3n activa en la zona del cuello, tendr\u00e1s que esperar a que se calmen antes de plantearte el tratamiento.<\/p>\n\n\n\n<p>Para maximizar su seguridad y obtener los mejores resultados posibles, siempre recomiendo que este tratamiento lo realice un experto. <b>profesional cualificado<\/b>. Esto es muy importante. Un buen profesional sabr\u00e1 adaptar los par\u00e1metros a tu piel y te dar\u00e1 todos los consejos necesarios para los cuidados posteriores al tratamiento. Cr\u00e9eme, con las precauciones adecuadas, \u00a1te encantar\u00e1n los resultados!<\/p>\n\n\n\n<h2 class=\"wp-block-heading\"><span class=\"ez-toc-section\" id=\"Quels_resultats_peut-on_attendre_avec_la_radiofrequence_pour_le_cou\"><\/span>\u00bfQu\u00e9 resultados puedo esperar del tratamiento de radiofrecuencia para el cuello?<span class=\"ez-toc-section-end\"><\/span><\/h2>\n\n\n\n<p>\u00a1Buenas noticias! Los estudios cient\u00edficos confirman lo que veo a diario con mis clientes: la <b>radiofrecuencia<\/b> realmente hace maravillas en el cuello. Esta t\u00e9cnica ha demostrado su eficacia, sobre todo para las personas con piel gruesa o grasa. He notado <b>\u00edndices de \u00e9xito impresionantes<\/b>, He conseguido 75% en satisfacci\u00f3n del cliente, \u00a1una cifra que coincide perfectamente con los datos cient\u00edficos!<\/p>\n\n\n\n<h3 class=\"wp-block-heading\"><span class=\"ez-toc-section\" id=\"Des_bienfaits_qui_sinscrivent_dans_la_duree\"><\/span>Beneficios duraderos<span class=\"ez-toc-section-end\"><\/span><\/h3>\n\n\n\n<p>Lo que me encanta de la radiofrecuencia es que estimula de forma natural la producci\u00f3n de <b>col\u00e1geno<\/b> en la piel. Los resultados mejoran gradualmente: al principio notar\u00e1 un ligero efecto tensor, y despu\u00e9s, con cada sesi\u00f3n, su piel se volver\u00e1 m\u00e1s firme y tonificada. Es ideal para prevenir el envejecimiento cut\u00e1neo, no s\u00f3lo en el cuello, sino tambi\u00e9n en el escote. La piel se regenera en profundidad y recupera su elasticidad natural. Seg\u00fan mi experiencia, mis clientes est\u00e1n encantados con los resultados: m\u00e1s de 58% de ellos califican su satisfacci\u00f3n con 6\/10 o m\u00e1s. Lo que realmente me complace es ver lo bien que se sienten en su piel despu\u00e9s del tratamiento.<\/p>\n\n\n\n<figure class=\"wp-block-image\"><img decoding=\"async\" src=\"https:\/\/www.appareil-minceur.fr\/wp-content\/uploads\/2025\/02\/chauffage-profond-radiofrequence-peau-cou.jpg\" alt=\"\"\/><\/figure>\n\n\n\n<p><\/p>\n\n\n\n<h2 class=\"wp-block-heading\"><span class=\"ez-toc-section\" id=\"Combien_coute_un_traitement_de_radiofrequence_pour_le_cou\"><\/span>\u00bfCu\u00e1nto cuesta el tratamiento de radiofrecuencia para el cuello?<span class=\"ez-toc-section-end\"><\/span><\/h2>\n\n\n\n<p>\u00a1Hablemos del presupuesto de tus sesiones de radiofrecuencia! Los precios var\u00edan en funci\u00f3n de varios criterios, pero voy a darte una idea clara de los precios medios para ayudarte a planificarte.<\/p>\n\n\n\n<h3 class=\"wp-block-heading\"><span class=\"ez-toc-section\" id=\"Les_tarifs_moyens_en_institut\"><\/span>Precios medios de los salones de belleza<span class=\"ez-toc-section-end\"><\/span><\/h3>\n\n\n\n<p>Para una sesi\u00f3n dirigida al cuello, deje aproximadamente <b>160 euros<\/b>. Pero atenci\u00f3n: para obtener resultados realmente sorprendentes, tendr\u00e1 que planificar varias sesiones. Esto es lo que influye en el precio final:<\/p>\n\n\n\n<ul class=\"wp-block-list\">\n<li>El tama\u00f1o de la zona tratada<\/li>\n\n\n\n<li>El n\u00famero de sesiones necesarias<\/li>\n\n\n\n<li>La ubicaci\u00f3n del instituto<\/li>\n\n\n\n<li>La experiencia del profesional<\/li>\n<\/ul>\n\n\n\n<p>Buenas noticias: cada vez son m\u00e1s los salones de belleza que ofrecen econ\u00f3micos paquetes de varias sesiones. Para zonas peque\u00f1as, como el cuello, los precios empiezan en torno al <b>170 euros<\/b>, mientras que una sesi\u00f3n facial completa puede costar <b>280 euros<\/b>.<\/p>\n\n\n\n<p>Un consejo de su entrenador: no dude en pedir una consulta personalizada, suele ser gratuita y le dar\u00e1 un presupuesto preciso y adaptado a sus necesidades. La buena noticia es que esta t\u00e9cnica no invasiva est\u00e1 cada vez m\u00e1s extendida, por lo que es f\u00e1cil encontrar un instituto cerca de ti.<\/p>\n\n\n\n<h2 class=\"wp-block-heading\"><span class=\"ez-toc-section\" id=\"Quels_sont_les_developpements_les_plus_prometteurs_de_la_radiofrequence_pour_le_cou\"><\/span>\u00bfCu\u00e1les son los avances m\u00e1s prometedores en radiofrecuencia para el cuello?<span class=\"ez-toc-section-end\"><\/span><\/h2>\n\n\n\n<h3 class=\"wp-block-heading\"><span class=\"ez-toc-section\" id=\"La_nouvelle_generation_de_la_radiofrequence\"><\/span>La nueva generaci\u00f3n de radiofrecuencia<span class=\"ez-toc-section-end\"><\/span><\/h3>\n\n\n\n<p>La tecnolog\u00eda de radiofrecuencia avanza a pasos agigantados. Las \u00faltimas innovaciones hacen que los tratamientos sean a\u00fan m\u00e1s eficaces y precisos. El sitio <b>5G<\/b> est\u00e1 incluso integrado en nuestros equipos de radiofrecuencia, lo que permite un seguimiento ultrapreciso durante las sesiones. Es como tener un asistente virtual que te vigila para obtener resultados \u00f3ptimos. Y eso no es todo: los objetos conectados se integran perfectamente con estos nuevos dispositivos, creando un aut\u00e9ntico ecosistema dedicado a tu bienestar.<\/p>\n\n\n\n<p>Las aplicaciones en el cuello se multiplican a una velocidad vertiginosa. Atr\u00e1s quedaron las t\u00e9cnicas invasivas de anta\u00f1o. El sitio <b>radiofrecuencia<\/b> ofrece ahora una alternativa suave y c\u00f3moda para tratar la flacidez de la piel. Me encanta especialmente la tecnolog\u00eda tripolar, que se dirige con precisi\u00f3n a las zonas del cuello que necesitan reafirmaci\u00f3n. Los resultados son asombrosos, \u00bfy lo mejor? No es necesario operarse.<\/p>\n\n\n\n<p>Por supuesto, como ocurre con cualquier tecnolog\u00eda en evoluci\u00f3n, a\u00fan quedan aspectos por perfeccionar. Los investigadores se esfuerzan por comprender a\u00fan mejor los efectos a largo plazo sobre la piel. Es realmente emocionante ver c\u00f3mo cient\u00edficos y profesionales trabajan juntos para desarrollar protocolos cada vez m\u00e1s eficaces. Visite <b>radiofrecuencia<\/b> es cada vez mejor, y estoy impaciente por ver las pr\u00f3ximas innovaciones en este campo.<\/p>\n\n\n\n<p>Como puede ver, el <b>radiofrecuencia para el cuello<\/b> es una t\u00e9cnica incre\u00edble que combina eficacia y comodidad. Este m\u00e9todo no invasivo consigue resultados duraderos en la firmeza de la piel gracias a la estimulaci\u00f3n natural del col\u00e1geno. Las sesiones son r\u00e1pidas e indoloras, y podr\u00e1 reanudar sus actividades inmediatamente. Con un precio medio de 160 euros por sesi\u00f3n y atractivos paquetes disponibles, es una gran alternativa a la cirug\u00eda. No olvide consultar a un profesional cualificado para personalizar su programa y maximizar sus resultados. Las nuevas tecnolog\u00edas mejoran constantemente esta t\u00e9cnica, haci\u00e9ndola a\u00fan m\u00e1s eficaz y precisa. Prep\u00e1rese para descubrir los beneficios de la radiofrecuencia para un cuello tonificado y m\u00e1s firme.<\/p>","protected":false},"excerpt":{"rendered":"<p>\u00bfCansado de ese antiest\u00e9tico cuello ca\u00eddo? Visite <b>radiofrecuencia<\/b> puede ser la soluci\u00f3n que estaba buscando. Esta t\u00e9cnica innovadora hace maravillas para reafirmar y tonificar la zona del cuello, sin cirug\u00eda y sin dolor. Como entrenador deportivo especializado en la p\u00e9rdida de peso, veo con regularidad los impresionantes resultados de la <b>radiofrecuencia de cuello<\/b> en las instalaciones de mis clientes. Es sencillo, r\u00e1pido y realmente eficaz. Pero, \u00bfc\u00f3mo funciona exactamente? En este art\u00edculo te explico todo lo que necesitas saber sobre este m\u00e9todo, que est\u00e1 teniendo un gran \u00e9xito entre los centros de asistencia. Entre las diferentes tecnolog\u00edas disponibles y los <b>resultados espectaculares<\/b> \u00a1te quedar\u00e1s boquiabierto!<\/p>","protected":false},"author":1,"featured_media":460,"comment_status":"open","ping_status":"open","sticky":false,"template":"","format":"standard","meta":{"footnotes":""},"categories":[13],"tags":[17],"class_list":["post-463","post","type-post","status-publish","format-standard","has-post-thumbnail","hentry","category-perte-de-poids","tag-radiofrequence"],"_links":{"self":[{"href":"https:\/\/www.appareil-minceur.fr\/es\/wp-json\/wp\/v2\/posts\/463","targetHints":{"allow":["GET"]}}],"collection":[{"href":"https:\/\/www.appareil-minceur.fr\/es\/wp-json\/wp\/v2\/posts"}],"about":[{"href":"https:\/\/www.appareil-minceur.fr\/es\/wp-json\/wp\/v2\/types\/post"}],"author":[{"embeddable":true,"href":"https:\/\/www.appareil-minceur.fr\/es\/wp-json\/wp\/v2\/users\/1"}],"replies":[{"embeddable":true,"href":"https:\/\/www.appareil-minceur.fr\/es\/wp-json\/wp\/v2\/comments?post=463"}],"version-history":[{"count":3,"href":"https:\/\/www.appareil-minceur.fr\/es\/wp-json\/wp\/v2\/posts\/463\/revisions"}],"predecessor-version":[{"id":735,"href":"https:\/\/www.appareil-minceur.fr\/es\/wp-json\/wp\/v2\/posts\/463\/revisions\/735"}],"wp:featuredmedia":[{"embeddable":true,"href":"https:\/\/www.appareil-minceur.fr\/es\/wp-json\/wp\/v2\/media\/460"}],"wp:attachment":[{"href":"https:\/\/www.appareil-minceur.fr\/es\/wp-json\/wp\/v2\/media?parent=463"}],"wp:term":[{"taxonomy":"category","embeddable":true,"href":"https:\/\/www.appareil-minceur.fr\/es\/wp-json\/wp\/v2\/categories?post=463"},{"taxonomy":"post_tag","embeddable":true,"href":"https:\/\/www.appareil-minceur.fr\/es\/wp-json\/wp\/v2\/tags?post=463"}],"curies":[{"name":"wp","href":"https:\/\/api.w.org\/{rel}","templated":true}]}}