{"id":993,"date":"2025-03-08T16:32:18","date_gmt":"2025-03-08T16:32:18","guid":{"rendered":"https:\/\/www.appareil-minceur.fr\/?p=993"},"modified":"2025-12-23T13:29:17","modified_gmt":"2025-12-23T13:29:17","slug":"los-mejores-aparatos-de-radiofrecuencia-para-la-cara","status":"publish","type":"post","link":"https:\/\/www.appareil-minceur.fr\/es\/guia\/los-mejores-aparatos-de-radiofrecuencia-para-la-cara\/","title":{"rendered":"Los mejores aparatos de radiofrecuencia para la cara"},"content":{"rendered":"<div class=\"kk-star-ratings kksr-auto kksr-align-left kksr-valign-top\"\n    data-payload='{&quot;align&quot;:&quot;left&quot;,&quot;id&quot;:&quot;993&quot;,&quot;slug&quot;:&quot;default&quot;,&quot;valign&quot;:&quot;top&quot;,&quot;ignore&quot;:&quot;&quot;,&quot;reference&quot;:&quot;auto&quot;,&quot;class&quot;:&quot;&quot;,&quot;count&quot;:&quot;14&quot;,&quot;legendonly&quot;:&quot;&quot;,&quot;readonly&quot;:&quot;&quot;,&quot;score&quot;:&quot;4.7&quot;,&quot;starsonly&quot;:&quot;&quot;,&quot;best&quot;:&quot;5&quot;,&quot;gap&quot;:&quot;5&quot;,&quot;greet&quot;:&quot;Notez cet article !&quot;,&quot;legend&quot;:&quot;4.7\\\/5 - (14 votos)&quot;,&quot;size&quot;:&quot;16&quot;,&quot;title&quot;:&quot;Meilleurs appareils radiofr\u00e9quence visage&quot;,&quot;width&quot;:&quot;96.2&quot;,&quot;_legend&quot;:&quot;{score}\\\/{best} - ({count} {votes})&quot;,&quot;font_factor&quot;:&quot;1.25&quot;}'>\n            \n<div class=\"kksr-stars\">\n    \n<div class=\"kksr-stars-inactive\">\n            <div class=\"kksr-star\" data-star=\"1\" style=\"padding-right: 5px\">\n            \n\n<div class=\"kksr-icon\" style=\"width: 16px; height: 16px;\"><\/div>\n        <\/div>\n            <div class=\"kksr-star\" data-star=\"2\" style=\"padding-right: 5px\">\n            \n\n<div class=\"kksr-icon\" style=\"width: 16px; height: 16px;\"><\/div>\n        <\/div>\n            <div class=\"kksr-star\" data-star=\"3\" style=\"padding-right: 5px\">\n            \n\n<div class=\"kksr-icon\" style=\"width: 16px; height: 16px;\"><\/div>\n        <\/div>\n            <div class=\"kksr-star\" data-star=\"4\" style=\"padding-right: 5px\">\n            \n\n<div class=\"kksr-icon\" style=\"width: 16px; height: 16px;\"><\/div>\n        <\/div>\n            <div class=\"kksr-star\" data-star=\"5\" style=\"padding-right: 5px\">\n            \n\n<div class=\"kksr-icon\" style=\"width: 16px; height: 16px;\"><\/div>\n        <\/div>\n    <\/div>\n    \n<div class=\"kksr-stars-active\" style=\"width: 96.2px;\">\n            <div class=\"kksr-star\" style=\"padding-right: 5px\">\n            \n\n<div class=\"kksr-icon\" style=\"width: 16px; height: 16px;\"><\/div>\n        <\/div>\n            <div class=\"kksr-star\" style=\"padding-right: 5px\">\n            \n\n<div class=\"kksr-icon\" style=\"width: 16px; height: 16px;\"><\/div>\n        <\/div>\n            <div class=\"kksr-star\" style=\"padding-right: 5px\">\n            \n\n<div class=\"kksr-icon\" style=\"width: 16px; height: 16px;\"><\/div>\n        <\/div>\n            <div class=\"kksr-star\" style=\"padding-right: 5px\">\n            \n\n<div class=\"kksr-icon\" style=\"width: 16px; height: 16px;\"><\/div>\n        <\/div>\n            <div class=\"kksr-star\" style=\"padding-right: 5px\">\n            \n\n<div class=\"kksr-icon\" style=\"width: 16px; height: 16px;\"><\/div>\n        <\/div>\n    <\/div>\n<\/div>\n                \n\n<div class=\"kksr-legend\" style=\"font-size: 12.8px;\">\n            4.7\/5 - (14 votos)    <\/div>\n    <\/div>\n\n<p>\u00bfHarto de las arrugas y de una piel sin firmeza? Visite <strong>radiofrecuencia facial<\/strong> es un aliado formidable para <strong>un cutis rejuvenecido<\/strong>y comparto contigo mis electrodom\u00e9sticos favoritos para <strong>resultados profesionales en casa<\/strong> \u00a1! Entre los modelos que merecen la pena y los que hay que evitar, vamos a clasificarlos juntos gracias a mis pruebas en profundidad. Descubre c\u00f3mo <strong>elija su aparato en funci\u00f3n de su presupuesto y de sus necesidades espec\u00edficas<\/strong>. \u00bfY si le dijera que con el aparato adecuado se nota realmente la diferencia desde las primeras semanas? Entonces, \u00bfquieres decir adi\u00f3s a los rasgos cansados y hola a un \u00f3valo m\u00e1s terso?<\/p><div id=\"ez-toc-container\" class=\"ez-toc-v2_0_82_2 counter-hierarchy ez-toc-counter ez-toc-custom ez-toc-container-direction\">\n<div class=\"ez-toc-title-container\">\n<p class=\"ez-toc-title\" style=\"cursor:inherit\">Resumen del art\u00edculo<\/p>\n<span class=\"ez-toc-title-toggle\"><a href=\"#\" class=\"ez-toc-pull-right ez-toc-btn ez-toc-btn-xs ez-toc-btn-default ez-toc-toggle\" aria-label=\"Alternar tabla de contenidos\"><span class=\"ez-toc-js-icon-con\"><span class=\"\"><span class=\"eztoc-hide\" style=\"display:none;\">Toggle<\/span><span class=\"ez-toc-icon-toggle-span\"><svg style=\"fill: #ffffff;color:#ffffff\" xmlns=\"http:\/\/www.w3.org\/2000\/svg\" class=\"list-377408\" width=\"20px\" height=\"20px\" viewbox=\"0 0 24 24\" fill=\"none\"><path d=\"M6 6H4v2h2V6zm14 0H8v2h12V6zM4 11h2v2H4v-2zm16 0H8v2h12v-2zM4 16h2v2H4v-2zm16 0H8v2h12v-2z\" fill=\"currentColor\"><\/path><\/svg><svg style=\"fill: #ffffff;color:#ffffff\" class=\"arrow-unsorted-368013\" xmlns=\"http:\/\/www.w3.org\/2000\/svg\" width=\"10px\" height=\"10px\" viewbox=\"0 0 24 24\" version=\"1.2\" baseprofile=\"tiny\"><path d=\"M18.2 9.3l-6.2-6.3-6.2 6.3c-.2.2-.3.4-.3.7s.1.5.3.7c.2.2.4.3.7.3h11c.3 0 .5-.1.7-.3.2-.2.3-.5.3-.7s-.1-.5-.3-.7zM5.8 14.7l6.2 6.3 6.2-6.3c.2-.2.3-.5.3-.7s-.1-.5-.3-.7c-.2-.2-.4-.3-.7-.3h-11c-.3 0-.5.1-.7.3-.2.2-.3.5-.3.7s.1.5.3.7z\"\/><\/svg><\/span><\/span><\/span><\/a><\/span><\/div>\n<nav><ul class='ez-toc-list ez-toc-list-level-1 eztoc-toggle-hide-by-default' ><li class='ez-toc-page-1 ez-toc-heading-level-2'><a class=\"ez-toc-link ez-toc-heading-1\" href=\"https:\/\/www.appareil-minceur.fr\/es\/guia\/los-mejores-aparatos-de-radiofrecuencia-para-la-cara\/#Tableau_comparatif_du_guide\" >Cuadro comparativo de la gu\u00eda<\/a><ul class='ez-toc-list-level-3' ><li class='ez-toc-heading-level-3'><a class=\"ez-toc-link ez-toc-heading-2\" href=\"https:\/\/www.appareil-minceur.fr\/es\/guia\/los-mejores-aparatos-de-radiofrecuencia-para-la-cara\/#Uaike\" >Uaike<\/a><\/li><li class='ez-toc-page-1 ez-toc-heading-level-3'><a class=\"ez-toc-link ez-toc-heading-3\" href=\"https:\/\/www.appareil-minceur.fr\/es\/guia\/los-mejores-aparatos-de-radiofrecuencia-para-la-cara\/#Tumakou\" >Tumakou<\/a><\/li><li class='ez-toc-page-1 ez-toc-heading-level-3'><a class=\"ez-toc-link ez-toc-heading-4\" href=\"https:\/\/www.appareil-minceur.fr\/es\/guia\/los-mejores-aparatos-de-radiofrecuencia-para-la-cara\/#Iborria\" >Iborria<\/a><\/li><li class='ez-toc-page-1 ez-toc-heading-level-3'><a class=\"ez-toc-link ez-toc-heading-5\" href=\"https:\/\/www.appareil-minceur.fr\/es\/guia\/los-mejores-aparatos-de-radiofrecuencia-para-la-cara\/#Cozion\" >Cozion<\/a><\/li><li class='ez-toc-page-1 ez-toc-heading-level-3'><a class=\"ez-toc-link ez-toc-heading-6\" href=\"https:\/\/www.appareil-minceur.fr\/es\/guia\/los-mejores-aparatos-de-radiofrecuencia-para-la-cara\/#Tumakou-2\" >Tumakou<\/a><\/li><\/ul><\/li><li class='ez-toc-page-1 ez-toc-heading-level-2'><a class=\"ez-toc-link ez-toc-heading-7\" href=\"https:\/\/www.appareil-minceur.fr\/es\/guia\/los-mejores-aparatos-de-radiofrecuencia-para-la-cara\/#Resume_du_classement\" >Resumen de las clasificaciones<\/a><\/li><li class='ez-toc-page-1 ez-toc-heading-level-2'><a class=\"ez-toc-link ez-toc-heading-8\" href=\"https:\/\/www.appareil-minceur.fr\/es\/guia\/los-mejores-aparatos-de-radiofrecuencia-para-la-cara\/#Le_meilleur_appareil_radiofrequence_visage_professionnel_Uaike_%E2%AD%9055\" >El mejor aparato profesional de radiofrecuencia facial: Uaike (\u2b505\/5)<\/a><\/li><li class='ez-toc-page-1 ez-toc-heading-level-2'><a class=\"ez-toc-link ez-toc-heading-9\" href=\"https:\/\/www.appareil-minceur.fr\/es\/guia\/los-mejores-aparatos-de-radiofrecuencia-para-la-cara\/#Lalternative_du_meilleur_appareil_radiofrequence_visage_Tumakou_%E2%AD%90455\" >La alternativa al mejor aparato de radiofrecuencia para la cara: Tumakou (\u2b504,5\/5)<\/a><\/li><li class='ez-toc-page-1 ez-toc-heading-level-2'><a class=\"ez-toc-link ez-toc-heading-10\" href=\"https:\/\/www.appareil-minceur.fr\/es\/guia\/los-mejores-aparatos-de-radiofrecuencia-para-la-cara\/#Le_meilleur_appareil_radiofrequence_visage_transportable_Iborria_%E2%AD%9045\" >La mejor radio facial port\u00e1til: Iborria (\u2b504\/5)<\/a><\/li><li class='ez-toc-page-1 ez-toc-heading-level-2'><a class=\"ez-toc-link ez-toc-heading-11\" href=\"https:\/\/www.appareil-minceur.fr\/es\/guia\/los-mejores-aparatos-de-radiofrecuencia-para-la-cara\/#Lappareil_de_radiofrequence_3_en_1_Cozion_%E2%AD%9045\" >El aparato de radiofrecuencia 3 en 1: Cozion (\u2b504\/5)<\/a><\/li><li class='ez-toc-page-1 ez-toc-heading-level-2'><a class=\"ez-toc-link ez-toc-heading-12\" href=\"https:\/\/www.appareil-minceur.fr\/es\/guia\/los-mejores-aparatos-de-radiofrecuencia-para-la-cara\/#Le_meilleur_appareil_radiofrequence_visage_pas_cher_Tumakou_%E2%AD%9045\" >El mejor aparato de radiofrecuencia de bajo coste para la cara: Tumakou (\u2b504\/5)<\/a><\/li><li class='ez-toc-page-1 ez-toc-heading-level-2'><a class=\"ez-toc-link ez-toc-heading-13\" href=\"https:\/\/www.appareil-minceur.fr\/es\/guia\/los-mejores-aparatos-de-radiofrecuencia-para-la-cara\/#Comparaison_des_produits\" >Comparaci\u00f3n de productos<\/a><\/li><li class='ez-toc-page-1 ez-toc-heading-level-2'><a class=\"ez-toc-link ez-toc-heading-14\" href=\"https:\/\/www.appareil-minceur.fr\/es\/guia\/los-mejores-aparatos-de-radiofrecuencia-para-la-cara\/#Notre_verdict\" >Nuestro veredicto<\/a><\/li><li class='ez-toc-page-1 ez-toc-heading-level-2'><a class=\"ez-toc-link ez-toc-heading-15\" href=\"https:\/\/www.appareil-minceur.fr\/es\/guia\/los-mejores-aparatos-de-radiofrecuencia-para-la-cara\/#FAQ\" >PREGUNTAS FRECUENTES<\/a><ul class='ez-toc-list-level-3' ><li class='ez-toc-heading-level-3'><a class=\"ez-toc-link ez-toc-heading-16\" href=\"https:\/\/www.appareil-minceur.fr\/es\/guia\/los-mejores-aparatos-de-radiofrecuencia-para-la-cara\/#Existe-t-il_des_contre-indications_medicales_a_lutilisation_de_ces_appareils_de_radiofrequence_visage\" >\u00bfExiste alguna contraindicaci\u00f3n m\u00e9dica para utilizar estos dispositivos de radiofrecuencia para la cara?<\/a><\/li><li class='ez-toc-page-1 ez-toc-heading-level-3'><a class=\"ez-toc-link ez-toc-heading-17\" href=\"https:\/\/www.appareil-minceur.fr\/es\/guia\/los-mejores-aparatos-de-radiofrecuencia-para-la-cara\/#Les_appareils_de_radiofrequence_visage_sont-ils_efficaces_sur_tous_les_types_de_peau_seche_grasse_mixte_sensible_et_toutes_les_carnations\" >\u00bfSon eficaces los aparatos de radiofrecuencia en todos los tipos de piel (seca, grasa, mixta, sensible) y en todos los tonos de piel?<\/a><\/li><li class='ez-toc-page-1 ez-toc-heading-level-3'><a class=\"ez-toc-link ez-toc-heading-18\" href=\"https:\/\/www.appareil-minceur.fr\/es\/guia\/los-mejores-aparatos-de-radiofrecuencia-para-la-cara\/#Comment_ajuster_lintensite_de_lappareil_en_fonction_de_la_sensibilite_de_la_peau_et_des_zones_traitees\" >\u00bfC\u00f3mo se ajusta la intensidad del aparato en funci\u00f3n de la sensibilidad de la piel y de las zonas tratadas?<\/a><\/li><\/ul><\/li><\/ul><\/nav><\/div>\n\n\n\n\n<h2 class=\"wp-block-heading\"><span class=\"ez-toc-section\" id=\"Tableau_comparatif_du_guide\"><\/span>Cuadro comparativo de la gu\u00eda<span class=\"ez-toc-section-end\"><\/span><\/h2>\n\n\n\n<p>Mi top 5\u00a0<strong>los mejores aparatos de radiofrecuencia para la cara<\/strong>\u00a0en 2026 :<\/p>\n\n\n\n<div class=\"wp-block-columns is-layout-flex wp-container-core-columns-is-layout-28f84493 wp-block-columns-is-layout-flex\">\n<div class=\"wp-block-column is-layout-flow wp-block-column-is-layout-flow\">\n<a href=\"https:\/\/amzn.to\/4icqc6j\" target=\"_blank\" rel=\"noopener\">\n\n\n<div class=\"wp-block-affiliatex-single-product\" id=\"affiliatex-single-product-style-block-1b352cde-1d0e-4bb7-b476-b2d8e2c61b14\">\n\t<div class=\"affx-single-product-wrapper product-layout-1 affx-whole-block-clickable\" >\n\t\t<div class=\"affx-sp-inner affx-amazon-item__border\">\n\t\t\t<div class=\"affx-sp-content  no-image\">\n\t\t\t<div class=\"affx-sp-content-wrapper\">\n\t\t<div class=\"title-wrapper affx-star-rating\">\n\t\t\t<div class=\"affx-title-left\">\n\t\t\t\t\t<h3 class=\"affx-single-product-title\"><span class=\"ez-toc-section\" id=\"Uaike\"><\/span>\n\t\tUaike\t<span class=\"ez-toc-section-end\"><\/span><\/h3>\n\t\t\t\t\t\t\t<\/div>\n\t\t\t\t<div class=\"affx-sp-pricing-pic rating-align-center\">\n\t\t<span style=\"color:#FFB800;width:25px;height:25px;display:inline-flex\">\n                    <svg fill=\"currentColor\" width=\"25\" height=\"25\" viewbox=\"0 0 24 24\">\n                        <path d=\"M12 17.27L18.18 21l-1.64-7.03L22 9.24l-7.19-.61L12 2 9.19 8.63 2 9.24l5.46 4.73L5.82 21z\"><\/path>\n                    <\/svg>\n                <\/span><span style=\"color:#FFB800;width:25px;height:25px;display:inline-flex\">\n                    <svg fill=\"currentColor\" width=\"25\" height=\"25\" viewbox=\"0 0 24 24\">\n                        <path d=\"M12 17.27L18.18 21l-1.64-7.03L22 9.24l-7.19-.61L12 2 9.19 8.63 2 9.24l5.46 4.73L5.82 21z\"><\/path>\n                    <\/svg>\n                <\/span><span style=\"color:#FFB800;width:25px;height:25px;display:inline-flex\">\n                    <svg fill=\"currentColor\" width=\"25\" height=\"25\" viewbox=\"0 0 24 24\">\n                        <path d=\"M12 17.27L18.18 21l-1.64-7.03L22 9.24l-7.19-.61L12 2 9.19 8.63 2 9.24l5.46 4.73L5.82 21z\"><\/path>\n                    <\/svg>\n                <\/span><span style=\"color:#FFB800;width:25px;height:25px;display:inline-flex\">\n                    <svg fill=\"currentColor\" width=\"25\" height=\"25\" viewbox=\"0 0 24 24\">\n                        <path d=\"M12 17.27L18.18 21l-1.64-7.03L22 9.24l-7.19-.61L12 2 9.19 8.63 2 9.24l5.46 4.73L5.82 21z\"><\/path>\n                    <\/svg>\n                <\/span><span style=\"color:#FFB800;width:25px;height:25px;display:inline-flex\">\n                    <svg fill=\"currentColor\" width=\"25\" height=\"25\" viewbox=\"0 0 24 24\">\n                        <path d=\"M12 17.27L18.18 21l-1.64-7.03L22 9.24l-7.19-.61L12 2 9.19 8.63 2 9.24l5.46 4.73L5.82 21z\"><\/path>\n                    <\/svg>\n                <\/span>\t<\/div>\n\t\t<\/div>\n\t\t\t\t\t\t\t<\/div>\n<\/div>\n\t\t<\/div>\n\t<\/div>\n<\/div>\n\n\n\n<figure class=\"wp-block-image size-large is-resized\"><a href=\"https:\/\/amzn.to\/4icqc6j\" target=\"_blank\" rel=\"noopener\"><img decoding=\"async\" src=\"https:\/\/m.media-amazon.com\/images\/I\/61XZBcCtiGL._AC_SL1500_.jpg\" alt=\"El mejor aparato profesional de radiofrecuencia facial\" style=\"object-fit:cover;width:200px;height:200px\"\/><\/a><\/figure>\n\n\n<div class=\"affx-btn-wrapper wp-block-affiliatex-buttons\" id=\"affiliatex-blocks-style-block-9adf873b-ff57-4a3d-ad1b-fe190b2d4fde\">\n\t<div class=\"affx-btn-inner\">\n\t\t<a href=\"https:\/\/amzn.to\/4icqc6j\" class=\"affiliatex-button btn-align-center btn-is-medium btn-is-fullw icon-left\" rel=\"noopener\" target=\"_blank\">\n\t\t\t<i class=\"button-icon far fa-arrow-alt-circle-right\"><\/i>\t\t\t<span class=\"affiliatex-btn\">Ver en Amazon<\/span>\n\t\t\t\t\t\t\t\t<\/a>\n\t<\/div>\n<\/div>\n\n\n<div class=\"affblk-cta-wrapper  wp-block-affiliatex-cta\" id=\"affiliatex-style-block-31ea0eef-79dc-47cd-a5a5-9d6f3e417d7f\">\n\t<div class=\"layout-type-1 center   bg-color\" >\n\t\t<div class=\"content-wrapper\">\n\t\t\t<div class=\"content-wrap\">\n\t\t\t\t<p class=\"affliatex-cta-title\">\n\t\t\t\t\tMi opini\u00f3n final\t\t\t\t<\/p>\n\t\t\t\t\t\t\t\t\t<p class=\"affliatex-cta-content\">El mejor aparato profesional de radiofrecuencia facial<\/p>\n\t\t\t\t\t\t\t<\/div>\n\t\t\t\t\t<\/div>\n\t\t\t<\/div>\n<\/div>\n\n\n\n<\/a>\n<\/div>\n\n\n\n<div class=\"wp-block-column is-layout-flow wp-block-column-is-layout-flow\">\n<a href=\"https:\/\/amzn.to\/41PS1eU\" target=\"_blank\" rel=\"noopener\">\n\n\n<div class=\"wp-block-affiliatex-single-product\" id=\"affiliatex-single-product-style-block-65ff1e08-c922-4756-8398-3a9e62e55d25\">\n\t<div class=\"affx-single-product-wrapper product-layout-1 affx-whole-block-clickable\" >\n\t\t<div class=\"affx-sp-inner affx-amazon-item__border\">\n\t\t\t<div class=\"affx-sp-content  no-image\">\n\t\t\t<div class=\"affx-sp-content-wrapper\">\n\t\t<div class=\"title-wrapper affx-star-rating\">\n\t\t\t<div class=\"affx-title-left\">\n\t\t\t\t\t<h3 class=\"affx-single-product-title\"><span class=\"ez-toc-section\" id=\"Tumakou\"><\/span>\n\t\tTumakou\t<span class=\"ez-toc-section-end\"><\/span><\/h3>\n\t\t\t\t\t\t\t<\/div>\n\t\t\t\t<div class=\"affx-sp-pricing-pic rating-align-center\">\n\t\t<span style=\"color:#FFB800;width:25px;height:25px;display:inline-flex\">\n                    <svg fill=\"currentColor\" width=\"25\" height=\"25\" viewbox=\"0 0 24 24\">\n                        <path d=\"M12 17.27L18.18 21l-1.64-7.03L22 9.24l-7.19-.61L12 2 9.19 8.63 2 9.24l5.46 4.73L5.82 21z\"><\/path>\n                    <\/svg>\n                <\/span><span style=\"color:#FFB800;width:25px;height:25px;display:inline-flex\">\n                    <svg fill=\"currentColor\" width=\"25\" height=\"25\" viewbox=\"0 0 24 24\">\n                        <path d=\"M12 17.27L18.18 21l-1.64-7.03L22 9.24l-7.19-.61L12 2 9.19 8.63 2 9.24l5.46 4.73L5.82 21z\"><\/path>\n                    <\/svg>\n                <\/span><span style=\"color:#FFB800;width:25px;height:25px;display:inline-flex\">\n                    <svg fill=\"currentColor\" width=\"25\" height=\"25\" viewbox=\"0 0 24 24\">\n                        <path d=\"M12 17.27L18.18 21l-1.64-7.03L22 9.24l-7.19-.61L12 2 9.19 8.63 2 9.24l5.46 4.73L5.82 21z\"><\/path>\n                    <\/svg>\n                <\/span><span style=\"color:#FFB800;width:25px;height:25px;display:inline-flex\">\n                    <svg fill=\"currentColor\" width=\"25\" height=\"25\" viewbox=\"0 0 24 24\">\n                        <path d=\"M12 17.27L18.18 21l-1.64-7.03L22 9.24l-7.19-.61L12 2 9.19 8.63 2 9.24l5.46 4.73L5.82 21z\"><\/path>\n                    <\/svg>\n                <\/span><span style=\"color:#FFB800;width:25px;height:25px;display:inline-flex\">\n                    <svg fill=\"currentColor\" width=\"25\" height=\"25\" viewbox=\"0 0 24 24\">\n                        <path d=\"M12 17.27L18.18 21l-1.64-7.03L22 9.24l-7.19-.61L12 2 9.19 8.63 2 9.24l5.46 4.73L5.82 21z\"><\/path>\n                    <\/svg>\n                <\/span>\t<\/div>\n\t\t<\/div>\n\t\t\t\t\t\t\t<\/div>\n<\/div>\n\t\t<\/div>\n\t<\/div>\n<\/div>\n\n\n\n<figure class=\"wp-block-image size-large is-resized\"><a href=\"https:\/\/amzn.to\/41PS1eU\" target=\"_blank\" rel=\"noopener\"><img fetchpriority=\"high\" decoding=\"async\" width=\"1024\" height=\"1014\" src=\"https:\/\/www.appareil-minceur.fr\/wp-content\/uploads\/2025\/03\/image-1-1024x1014.jpeg\" alt=\"La alternativa al mejor aparato de radiofrecuencia para la cara\" class=\"wp-image-1008\" style=\"object-fit:cover;width:200px;height:200px\" srcset=\"https:\/\/www.appareil-minceur.fr\/wp-content\/uploads\/2025\/03\/image-1-1024x1014.jpeg 1024w, https:\/\/www.appareil-minceur.fr\/wp-content\/uploads\/2025\/03\/image-1-300x297.jpeg 300w, https:\/\/www.appareil-minceur.fr\/wp-content\/uploads\/2025\/03\/image-1-150x150.jpeg 150w, https:\/\/www.appareil-minceur.fr\/wp-content\/uploads\/2025\/03\/image-1-768x761.jpeg 768w, https:\/\/www.appareil-minceur.fr\/wp-content\/uploads\/2025\/03\/image-1.jpeg 1480w\" sizes=\"(max-width: 1024px) 100vw, 1024px\" \/><\/a><\/figure>\n\n\n<div class=\"affx-btn-wrapper wp-block-affiliatex-buttons\" id=\"affiliatex-blocks-style-block-5c8b7b48-25b8-439f-8f6c-06974f083f62\">\n\t<div class=\"affx-btn-inner\">\n\t\t<a href=\"https:\/\/amzn.to\/41PS1eU\" class=\"affiliatex-button btn-align-center btn-is-medium btn-is-fullw icon-left\" rel=\"noopener\" target=\"_blank\">\n\t\t\t<i class=\"button-icon far fa-arrow-alt-circle-right\"><\/i>\t\t\t<span class=\"affiliatex-btn\">Ver en Amazon<\/span>\n\t\t\t\t\t\t\t\t<\/a>\n\t<\/div>\n<\/div>\n\n\n<div class=\"affblk-cta-wrapper  wp-block-affiliatex-cta\" id=\"affiliatex-style-block-36671ac2-86c8-4a0b-bb31-b708d23e3a13\">\n\t<div class=\"layout-type-1 center   bg-color\" >\n\t\t<div class=\"content-wrapper\">\n\t\t\t<div class=\"content-wrap\">\n\t\t\t\t<p class=\"affliatex-cta-title\">\n\t\t\t\t\tMi opini\u00f3n final\t\t\t\t<\/p>\n\t\t\t\t\t\t\t\t\t<p class=\"affliatex-cta-content\">La alternativa al mejor aparato de radiofrecuencia para la cara<\/p>\n\t\t\t\t\t\t\t<\/div>\n\t\t\t\t\t<\/div>\n\t\t\t<\/div>\n<\/div>\n\n\n\n<\/a>\n<\/div>\n\n\n\n<div class=\"wp-block-column is-layout-flow wp-block-column-is-layout-flow\">\n<a href=\"https:\/\/amzn.to\/3FdeBFL\" target=\"_blank\" rel=\"noopener\">\n\n\n<div class=\"wp-block-affiliatex-single-product\" id=\"affiliatex-single-product-style-block-c16d31b9-164e-49d2-b657-c0e9b7a9451e\">\n\t<div class=\"affx-single-product-wrapper product-layout-1 affx-whole-block-clickable\" >\n\t\t<div class=\"affx-sp-inner affx-amazon-item__border\">\n\t\t\t<div class=\"affx-sp-content  no-image\">\n\t\t\t<div class=\"affx-sp-content-wrapper\">\n\t\t<div class=\"title-wrapper affx-star-rating\">\n\t\t\t<div class=\"affx-title-left\">\n\t\t\t\t\t<h3 class=\"affx-single-product-title\"><span class=\"ez-toc-section\" id=\"Iborria\"><\/span>\n\t\tIborria\t<span class=\"ez-toc-section-end\"><\/span><\/h3>\n\t\t\t\t\t\t\t<\/div>\n\t\t\t\t<div class=\"affx-sp-pricing-pic rating-align-center\">\n\t\t<span style=\"color:#FFB800;width:25px;height:25px;display:inline-flex\">\n                    <svg fill=\"currentColor\" width=\"25\" height=\"25\" viewbox=\"0 0 24 24\">\n                        <path d=\"M12 17.27L18.18 21l-1.64-7.03L22 9.24l-7.19-.61L12 2 9.19 8.63 2 9.24l5.46 4.73L5.82 21z\"><\/path>\n                    <\/svg>\n                <\/span><span style=\"color:#FFB800;width:25px;height:25px;display:inline-flex\">\n                    <svg fill=\"currentColor\" width=\"25\" height=\"25\" viewbox=\"0 0 24 24\">\n                        <path d=\"M12 17.27L18.18 21l-1.64-7.03L22 9.24l-7.19-.61L12 2 9.19 8.63 2 9.24l5.46 4.73L5.82 21z\"><\/path>\n                    <\/svg>\n                <\/span><span style=\"color:#FFB800;width:25px;height:25px;display:inline-flex\">\n                    <svg fill=\"currentColor\" width=\"25\" height=\"25\" viewbox=\"0 0 24 24\">\n                        <path d=\"M12 17.27L18.18 21l-1.64-7.03L22 9.24l-7.19-.61L12 2 9.19 8.63 2 9.24l5.46 4.73L5.82 21z\"><\/path>\n                    <\/svg>\n                <\/span><span style=\"color:#FFB800;width:25px;height:25px;display:inline-flex\">\n                    <svg fill=\"currentColor\" width=\"25\" height=\"25\" viewbox=\"0 0 24 24\">\n                        <path d=\"M12 17.27L18.18 21l-1.64-7.03L22 9.24l-7.19-.61L12 2 9.19 8.63 2 9.24l5.46 4.73L5.82 21z\"><\/path>\n                    <\/svg>\n                <\/span><span style=\"color:#808080;width:25px;height:25px;display:inline-flex\">\n                    <svg fill=\"currentColor\" width=\"25\" height=\"25\" viewbox=\"0 0 24 24\">\n                        <path d=\"M12 17.27L18.18 21l-1.64-7.03L22 9.24l-7.19-.61L12 2 9.19 8.63 2 9.24l5.46 4.73L5.82 21z\"><\/path>\n                    <\/svg>\n                <\/span>\t<\/div>\n\t\t<\/div>\n\t\t\t\t\t\t\t<\/div>\n<\/div>\n\t\t<\/div>\n\t<\/div>\n<\/div>\n\n\n\n<figure class=\"wp-block-image size-large is-resized\"><a href=\"https:\/\/amzn.to\/3FdeBFL\" target=\"_blank\" rel=\"noopener\"><img decoding=\"async\" width=\"1024\" height=\"954\" src=\"https:\/\/www.appareil-minceur.fr\/wp-content\/uploads\/2025\/03\/image-2-1024x954.jpeg\" alt=\"El mejor aparato de radiofrecuencia port\u00e1til para el rostro\" class=\"wp-image-1009\" style=\"object-fit:cover;width:200px;height:200px\" srcset=\"https:\/\/www.appareil-minceur.fr\/wp-content\/uploads\/2025\/03\/image-2-1024x954.jpeg 1024w, https:\/\/www.appareil-minceur.fr\/wp-content\/uploads\/2025\/03\/image-2-300x279.jpeg 300w, https:\/\/www.appareil-minceur.fr\/wp-content\/uploads\/2025\/03\/image-2-768x715.jpeg 768w, https:\/\/www.appareil-minceur.fr\/wp-content\/uploads\/2025\/03\/image-2.jpeg 1500w\" sizes=\"(max-width: 1024px) 100vw, 1024px\" \/><\/a><\/figure>\n\n\n<div class=\"affx-btn-wrapper wp-block-affiliatex-buttons\" id=\"affiliatex-blocks-style-block-3282db6d-91ca-4c8b-8c7e-81cd8d11e0cc\">\n\t<div class=\"affx-btn-inner\">\n\t\t<a href=\"https:\/\/amzn.to\/3FdeBFL\" class=\"affiliatex-button btn-align-center btn-is-medium btn-is-fullw icon-left\" rel=\"noopener\" target=\"_blank\">\n\t\t\t<i class=\"button-icon far fa-arrow-alt-circle-right\"><\/i>\t\t\t<span class=\"affiliatex-btn\">Ver en Amazon<\/span>\n\t\t\t\t\t\t\t\t<\/a>\n\t<\/div>\n<\/div>\n\n\n<div class=\"affblk-cta-wrapper  wp-block-affiliatex-cta\" id=\"affiliatex-style-block-422dde11-28b6-4e77-8063-5b85f3baab49\">\n\t<div class=\"layout-type-1 center   bg-color\" >\n\t\t<div class=\"content-wrapper\">\n\t\t\t<div class=\"content-wrap\">\n\t\t\t\t<p class=\"affliatex-cta-title\">\n\t\t\t\t\tMi opini\u00f3n final\t\t\t\t<\/p>\n\t\t\t\t\t\t\t\t\t<p class=\"affliatex-cta-content\">El mejor aparato de radiofrecuencia port\u00e1til para el rostro<\/p>\n\t\t\t\t\t\t\t<\/div>\n\t\t\t\t\t<\/div>\n\t\t\t<\/div>\n<\/div>\n\n\n\n<\/a>\n<\/div>\n\n\n\n<div class=\"wp-block-column is-layout-flow wp-block-column-is-layout-flow\">\n<a href=\"https:\/\/amzn.to\/3Ddmj25\" target=\"_blank\" rel=\"noopener\">\n\n\n<div class=\"wp-block-affiliatex-single-product\" id=\"affiliatex-single-product-style-block-8b980c1e-5f39-4010-899e-89e1c53c0b41\">\n\t<div class=\"affx-single-product-wrapper product-layout-1 affx-whole-block-clickable\" >\n\t\t<div class=\"affx-sp-inner affx-amazon-item__border\">\n\t\t\t<div class=\"affx-sp-content  no-image\">\n\t\t\t<div class=\"affx-sp-content-wrapper\">\n\t\t<div class=\"title-wrapper affx-star-rating\">\n\t\t\t<div class=\"affx-title-left\">\n\t\t\t\t\t<h3 class=\"affx-single-product-title\"><span class=\"ez-toc-section\" id=\"Cozion\"><\/span>\n\t\tCozion\t<span class=\"ez-toc-section-end\"><\/span><\/h3>\n\t\t\t\t\t\t\t<\/div>\n\t\t\t\t<div class=\"affx-sp-pricing-pic rating-align-center\">\n\t\t<span style=\"color:#FFB800;width:25px;height:25px;display:inline-flex\">\n                    <svg fill=\"currentColor\" width=\"25\" height=\"25\" viewbox=\"0 0 24 24\">\n                        <path d=\"M12 17.27L18.18 21l-1.64-7.03L22 9.24l-7.19-.61L12 2 9.19 8.63 2 9.24l5.46 4.73L5.82 21z\"><\/path>\n                    <\/svg>\n                <\/span><span style=\"color:#FFB800;width:25px;height:25px;display:inline-flex\">\n                    <svg fill=\"currentColor\" width=\"25\" height=\"25\" viewbox=\"0 0 24 24\">\n                        <path d=\"M12 17.27L18.18 21l-1.64-7.03L22 9.24l-7.19-.61L12 2 9.19 8.63 2 9.24l5.46 4.73L5.82 21z\"><\/path>\n                    <\/svg>\n                <\/span><span style=\"color:#FFB800;width:25px;height:25px;display:inline-flex\">\n                    <svg fill=\"currentColor\" width=\"25\" height=\"25\" viewbox=\"0 0 24 24\">\n                        <path d=\"M12 17.27L18.18 21l-1.64-7.03L22 9.24l-7.19-.61L12 2 9.19 8.63 2 9.24l5.46 4.73L5.82 21z\"><\/path>\n                    <\/svg>\n                <\/span><span style=\"color:#FFB800;width:25px;height:25px;display:inline-flex\">\n                    <svg fill=\"currentColor\" width=\"25\" height=\"25\" viewbox=\"0 0 24 24\">\n                        <path d=\"M12 17.27L18.18 21l-1.64-7.03L22 9.24l-7.19-.61L12 2 9.19 8.63 2 9.24l5.46 4.73L5.82 21z\"><\/path>\n                    <\/svg>\n                <\/span><span style=\"color:#808080;width:25px;height:25px;display:inline-flex\">\n                    <svg fill=\"currentColor\" width=\"25\" height=\"25\" viewbox=\"0 0 24 24\">\n                        <path d=\"M12 17.27L18.18 21l-1.64-7.03L22 9.24l-7.19-.61L12 2 9.19 8.63 2 9.24l5.46 4.73L5.82 21z\"><\/path>\n                    <\/svg>\n                <\/span>\t<\/div>\n\t\t<\/div>\n\t\t\t\t\t\t\t<\/div>\n<\/div>\n\t\t<\/div>\n\t<\/div>\n<\/div>\n\n\n\n<figure class=\"wp-block-image size-large is-resized\"><a href=\"https:\/\/amzn.to\/3Ddmj25\" target=\"_blank\" rel=\"noopener\"><img decoding=\"async\" width=\"1024\" height=\"976\" src=\"https:\/\/www.appareil-minceur.fr\/wp-content\/uploads\/2025\/03\/image-3-1024x976.jpeg\" alt=\"El aparato de radiofrecuencia 3 en 1\" class=\"wp-image-1010\" style=\"object-fit:cover;width:200px;height:200px\" srcset=\"https:\/\/www.appareil-minceur.fr\/wp-content\/uploads\/2025\/03\/image-3-1024x976.jpeg 1024w, https:\/\/www.appareil-minceur.fr\/wp-content\/uploads\/2025\/03\/image-3-300x286.jpeg 300w, https:\/\/www.appareil-minceur.fr\/wp-content\/uploads\/2025\/03\/image-3-768x732.jpeg 768w, https:\/\/www.appareil-minceur.fr\/wp-content\/uploads\/2025\/03\/image-3.jpeg 1500w\" sizes=\"(max-width: 1024px) 100vw, 1024px\" \/><\/a><\/figure>\n\n\n<div class=\"affx-btn-wrapper wp-block-affiliatex-buttons\" id=\"affiliatex-blocks-style-block-b4f9e4d3-3cfd-4881-83a7-598ef176875e\">\n\t<div class=\"affx-btn-inner\">\n\t\t<a href=\"https:\/\/amzn.to\/3Ddmj25\" class=\"affiliatex-button btn-align-center btn-is-medium btn-is-fullw icon-left\" rel=\"noopener\" target=\"_blank\">\n\t\t\t<i class=\"button-icon far fa-arrow-alt-circle-right\"><\/i>\t\t\t<span class=\"affiliatex-btn\">Ver en Amazon<\/span>\n\t\t\t\t\t\t\t\t<\/a>\n\t<\/div>\n<\/div>\n\n\n<div class=\"affblk-cta-wrapper  wp-block-affiliatex-cta\" id=\"affiliatex-style-block-dcfece85-7a64-404e-980c-e55de585df61\">\n\t<div class=\"layout-type-1 center   bg-color\" >\n\t\t<div class=\"content-wrapper\">\n\t\t\t<div class=\"content-wrap\">\n\t\t\t\t<p class=\"affliatex-cta-title\">\n\t\t\t\t\tMi opini\u00f3n final\t\t\t\t<\/p>\n\t\t\t\t\t\t\t\t\t<p class=\"affliatex-cta-content\">El aparato de radiofrecuencia 3 en 1<\/p>\n\t\t\t\t\t\t\t<\/div>\n\t\t\t\t\t<\/div>\n\t\t\t<\/div>\n<\/div>\n\n\n\n<\/a>\n<\/div>\n\n\n\n<div class=\"wp-block-column is-layout-flow wp-block-column-is-layout-flow\">\n<a href=\"https:\/\/amzn.to\/43s8szq\" target=\"_blank\" rel=\"noopener\">\n\n\n<div class=\"wp-block-affiliatex-single-product\" id=\"affiliatex-single-product-style-block-9deb09e9-97be-4a5a-86a0-6085e119b316\">\n\t<div class=\"affx-single-product-wrapper product-layout-1 affx-whole-block-clickable\" >\n\t\t<div class=\"affx-sp-inner affx-amazon-item__border\">\n\t\t\t<div class=\"affx-sp-content  no-image\">\n\t\t\t<div class=\"affx-sp-content-wrapper\">\n\t\t<div class=\"title-wrapper affx-star-rating\">\n\t\t\t<div class=\"affx-title-left\">\n\t\t\t\t\t<h3 class=\"affx-single-product-title\"><span class=\"ez-toc-section\" id=\"Tumakou-2\"><\/span>\n\t\tTumakou\t<span class=\"ez-toc-section-end\"><\/span><\/h3>\n\t\t\t\t\t\t\t<\/div>\n\t\t\t\t<div class=\"affx-sp-pricing-pic rating-align-center\">\n\t\t<span style=\"color:#FFB800;width:25px;height:25px;display:inline-flex\">\n                    <svg fill=\"currentColor\" width=\"25\" height=\"25\" viewbox=\"0 0 24 24\">\n                        <path d=\"M12 17.27L18.18 21l-1.64-7.03L22 9.24l-7.19-.61L12 2 9.19 8.63 2 9.24l5.46 4.73L5.82 21z\"><\/path>\n                    <\/svg>\n                <\/span><span style=\"color:#FFB800;width:25px;height:25px;display:inline-flex\">\n                    <svg fill=\"currentColor\" width=\"25\" height=\"25\" viewbox=\"0 0 24 24\">\n                        <path d=\"M12 17.27L18.18 21l-1.64-7.03L22 9.24l-7.19-.61L12 2 9.19 8.63 2 9.24l5.46 4.73L5.82 21z\"><\/path>\n                    <\/svg>\n                <\/span><span style=\"color:#FFB800;width:25px;height:25px;display:inline-flex\">\n                    <svg fill=\"currentColor\" width=\"25\" height=\"25\" viewbox=\"0 0 24 24\">\n                        <path d=\"M12 17.27L18.18 21l-1.64-7.03L22 9.24l-7.19-.61L12 2 9.19 8.63 2 9.24l5.46 4.73L5.82 21z\"><\/path>\n                    <\/svg>\n                <\/span><span style=\"color:#FFB800;width:25px;height:25px;display:inline-flex\">\n                    <svg fill=\"currentColor\" width=\"25\" height=\"25\" viewbox=\"0 0 24 24\">\n                        <path d=\"M12 17.27L18.18 21l-1.64-7.03L22 9.24l-7.19-.61L12 2 9.19 8.63 2 9.24l5.46 4.73L5.82 21z\"><\/path>\n                    <\/svg>\n                <\/span><span style=\"color:#808080;width:25px;height:25px;display:inline-flex\">\n                    <svg fill=\"currentColor\" width=\"25\" height=\"25\" viewbox=\"0 0 24 24\">\n                        <path d=\"M12 17.27L18.18 21l-1.64-7.03L22 9.24l-7.19-.61L12 2 9.19 8.63 2 9.24l5.46 4.73L5.82 21z\"><\/path>\n                    <\/svg>\n                <\/span>\t<\/div>\n\t\t<\/div>\n\t\t\t\t\t\t\t<\/div>\n<\/div>\n\t\t<\/div>\n\t<\/div>\n<\/div>\n\n\n\n<figure class=\"wp-block-image size-large is-resized\"><a href=\"https:\/\/amzn.to\/43s8szq\" target=\"_blank\" rel=\"noopener\"><img loading=\"lazy\" decoding=\"async\" width=\"1024\" height=\"1014\" src=\"https:\/\/www.appareil-minceur.fr\/wp-content\/uploads\/2025\/03\/image-4-1024x1014.jpeg\" alt=\"El mejor aparato de radiofrecuencia de bajo coste para la cara\" class=\"wp-image-1011\" style=\"object-fit:cover;width:200px;height:200px\" srcset=\"https:\/\/www.appareil-minceur.fr\/wp-content\/uploads\/2025\/03\/image-4-1024x1014.jpeg 1024w, https:\/\/www.appareil-minceur.fr\/wp-content\/uploads\/2025\/03\/image-4-300x297.jpeg 300w, https:\/\/www.appareil-minceur.fr\/wp-content\/uploads\/2025\/03\/image-4-150x150.jpeg 150w, https:\/\/www.appareil-minceur.fr\/wp-content\/uploads\/2025\/03\/image-4-768x760.jpeg 768w, https:\/\/www.appareil-minceur.fr\/wp-content\/uploads\/2025\/03\/image-4.jpeg 1468w\" sizes=\"(max-width: 1024px) 100vw, 1024px\" \/><\/a><\/figure>\n\n\n<div class=\"affx-btn-wrapper wp-block-affiliatex-buttons\" id=\"affiliatex-blocks-style-block-daaca822-60db-4e83-ba6a-52c438894afd\">\n\t<div class=\"affx-btn-inner\">\n\t\t<a href=\"https:\/\/amzn.to\/43s8szq\" class=\"affiliatex-button btn-align-center btn-is-medium btn-is-fullw icon-left\" rel=\"noopener\" target=\"_blank\">\n\t\t\t<i class=\"button-icon far fa-arrow-alt-circle-right\"><\/i>\t\t\t<span class=\"affiliatex-btn\">Ver en Amazon<\/span>\n\t\t\t\t\t\t\t\t<\/a>\n\t<\/div>\n<\/div>\n\n\n<div class=\"affblk-cta-wrapper  wp-block-affiliatex-cta\" id=\"affiliatex-style-block-2d0823b5-7749-49bf-adee-11c108cff4df\">\n\t<div class=\"layout-type-1 center   bg-color\" >\n\t\t<div class=\"content-wrapper\">\n\t\t\t<div class=\"content-wrap\">\n\t\t\t\t<p class=\"affliatex-cta-title\">\n\t\t\t\t\tMi opini\u00f3n final\t\t\t\t<\/p>\n\t\t\t\t\t\t\t\t\t<p class=\"affliatex-cta-content\">El mejor aparato de radiofrecuencia de bajo coste para la cara<\/p>\n\t\t\t\t\t\t\t<\/div>\n\t\t\t\t\t<\/div>\n\t\t\t<\/div>\n<\/div>\n\n\n\n<\/a>\n<\/div>\n<\/div>\n\n\n\n<h2 class=\"wp-block-heading\"><\/h2>\n\n\n\n<h2 class=\"wp-block-heading\"><span class=\"ez-toc-section\" id=\"Resume_du_classement\"><\/span>Resumen de las clasificaciones<span class=\"ez-toc-section-end\"><\/span><\/h2>\n\n\n\n<p>\u00bfLe acomplejan las l\u00edneas de expresi\u00f3n y la flacidez de su rostro? Visite <strong>tratamiento con ondas electromagn\u00e9ticas<\/strong> para el rostro podr\u00eda convertirse en tu aliado de belleza favorito. Aqu\u00ed te desvelo mis favoritos entre los aparatos de uso interno que rivalizan con los resultados de los centros de est\u00e9tica. Comparaci\u00f3n, comentarios y <strong>tarifas detalladas<\/strong> todo lo que necesita encontrar <strong>tecnolog\u00eda adaptada a su presupuesto<\/strong>. \u00bfListo para redescubrir un \u00f3valo remodelado y un cuello firme?<\/p>\n\n\n\n<p>Apostamos por que <strong>frecuencia para reducir los signos del envejecimiento<\/strong> ? Las tecnolog\u00edas multipolares calientan la piel en profundidad, estimulando el col\u00e1geno y el \u00e1cido hialur\u00f3nico de forma natural. <strong>Resultado: efecto tensor inmediato y reafirmante progresivo<\/strong>. Algunos modelos incluso combinan infrarrojos, LED rojos y microcorrientes, lo que resulta perfecto para tratar zonas rebeldes como el contorno de los ojos. Tras varias sesiones, mis clientes suelen notar una mejora real de la firmeza.<\/p>\n\n\n\n<p>\u00bfSab\u00edas que <strong>los efectos tambi\u00e9n se extienden al escote<\/strong> ? Para saber m\u00e1s, eche un vistazo a <a href=\"https:\/\/www.esthetique-medicale.com\/radiofrequence-visage-comment-ca-marche-et-quels-sont-ses-bienfaits\/\" target=\"_blank\" rel=\"noopener\">este an\u00e1lisis detallado<\/a>. Y si no est\u00e1 seguro de si elegir un l\u00e1ser o las ondas electromagn\u00e9ticas, mi gu\u00eda sobre <a href=\"https:\/\/www.appareil-minceur.fr\/es\/consejo\/radiofrequence-visage\/\">diferencias de acci\u00f3n<\/a> \u00a1te iluminar\u00e1!<\/p>\n\n\n\n<h2 class=\"wp-block-heading\"><span class=\"ez-toc-section\" id=\"Le_meilleur_appareil_radiofrequence_visage_professionnel_Uaike_%E2%AD%9055\"><\/span>El mejor aparato profesional de radiofrecuencia facial: Uaike (\u2b505\/5)<span class=\"ez-toc-section-end\"><\/span><\/h2>\n\n\n\n<figure class=\"wp-block-image aligncenter size-large is-resized\"><a href=\"https:\/\/amzn.to\/4icqc6j\" target=\"_blank\" rel=\"noopener\"><img loading=\"lazy\" decoding=\"async\" width=\"1021\" height=\"1024\" src=\"https:\/\/www.appareil-minceur.fr\/wp-content\/uploads\/2025\/03\/image-1021x1024.jpeg\" alt=\"\" class=\"wp-image-1007\" style=\"width:auto;height:500px\" srcset=\"https:\/\/www.appareil-minceur.fr\/wp-content\/uploads\/2025\/03\/image-1021x1024.jpeg 1021w, https:\/\/www.appareil-minceur.fr\/wp-content\/uploads\/2025\/03\/image-300x300.jpeg 300w, https:\/\/www.appareil-minceur.fr\/wp-content\/uploads\/2025\/03\/image-150x150.jpeg 150w, https:\/\/www.appareil-minceur.fr\/wp-content\/uploads\/2025\/03\/image-768x771.jpeg 768w, https:\/\/www.appareil-minceur.fr\/wp-content\/uploads\/2025\/03\/image.jpeg 1479w\" sizes=\"(max-width: 1021px) 100vw, 1021px\" \/><\/a><\/figure>\n\n\n\n<p>El Uaike es un poco como el Rolls-Royce del <strong>radiofrecuencia facial<\/strong> \u00a1! En el mercado desde hace alg\u00fan tiempo, ha convencido a m\u00e1s de <strong>1600 usuarios<\/strong>. Esta joya tecnol\u00f3gica combina <strong>tratamiento facial<\/strong> en un solo gesto. El sitio <strong>tecnolog\u00eda multipolar<\/strong> utiliza ondas de calor para estimular el col\u00e1geno y la elastina: ideal para reducir las arrugas y tonificar zonas fl\u00e1cidas como el cuello o el contorno de ojos. \u00bfBusca una soluci\u00f3n duradera con efectos r\u00e1pidos? \u00a1Prueba el Uaike! Sonido <strong>acci\u00f3n sobre la relajaci\u00f3n facial<\/strong> da un verdadero impulso de luminosidad al \u00f3valo del rostro. Es cierto que el coste es considerable, pero cada sesi\u00f3n te acerca m\u00e1s a una piel firme y joven. \u00bfY lo mejor? Puedes utilizarlo en casa entre sesi\u00f3n y sesi\u00f3n con tu esteticista. <a href=\"https:\/\/amzn.to\/4icqc6j\" target=\"_blank\" rel=\"noopener\">Ver en Amazon<\/a> Siga leyendo para descubrir los puntos fuertes (y d\u00e9biles) de este punto de referencia:<\/p>\n\n\n\n<ul class=\"wp-block-list\">\n<li>\u2705 <strong>Resultados expr\u00e9s<\/strong> Con un uso regular, los efectos sobre el cuello y las l\u00edneas de expresi\u00f3n perif\u00e9ricas son visibles a simple vista.<\/li>\n\n\n\n<li>\u2705 <strong>Garant\u00eda a largo plazo<\/strong> Un a\u00f1o de tranquilidad por parte del fabricante. Sin sorpresas desagradables.<\/li>\n\n\n\n<li>\u2705 <strong>Asistencia reactiva<\/strong> \u00bfUn problema t\u00e9cnico? Su equipo le responder\u00e1 r\u00e1pidamente.<\/li>\n\n\n\n<li>\u2705 <strong>Multifunci\u00f3n<\/strong> Calor controlado + estimulaci\u00f3n d\u00e9rmica + efecto lifting inmediato. \u00bfQu\u00e9 m\u00e1s se puede pedir?<\/li>\n\n\n\n<li>\u2705 <strong>Precisi\u00f3n l\u00e1ser<\/strong> Perfecto para tratar las patas de gallo o los surcos nasogenianos sin tocar las zonas sensibles.<\/li>\n\n\n\n<li>\u274c <strong>Presupuesto<\/strong> Recomendaci\u00f3n: compare los precios de los distintos distribuidores. Algunos ofrecen envases con gel hialur\u00f3nico incluido.<\/li>\n<\/ul>\n\n\n\n<p>En resumen, el Uaike se est\u00e1 convirtiendo r\u00e1pidamente en un <strong>esencial antiedad<\/strong> \u00a1! Pero como con todos los tratamientos cosm\u00e9ticos, el mantenimiento regular es esencial para conservar los resultados. Sus ojos brillar\u00e1n de juventud, \u00a1es una promesa!<\/p>\n\n\n\n<h2 class=\"wp-block-heading\"><span class=\"ez-toc-section\" id=\"Lalternative_du_meilleur_appareil_radiofrequence_visage_Tumakou_%E2%AD%90455\"><\/span>La alternativa al mejor aparato de radiofrecuencia para la cara: Tumakou (\u2b504,5\/5)<span class=\"ez-toc-section-end\"><\/span><\/h2>\n\n\n\n<figure class=\"wp-block-image aligncenter size-large is-resized\"><a href=\"https:\/\/amzn.to\/41PS1eU\" target=\"_blank\" rel=\"noopener\"><img loading=\"lazy\" decoding=\"async\" width=\"1024\" height=\"1014\" src=\"https:\/\/www.appareil-minceur.fr\/wp-content\/uploads\/2025\/03\/image-1-1024x1014.jpeg\" alt=\"\" class=\"wp-image-1008\" style=\"width:auto;height:500px\" srcset=\"https:\/\/www.appareil-minceur.fr\/wp-content\/uploads\/2025\/03\/image-1-1024x1014.jpeg 1024w, https:\/\/www.appareil-minceur.fr\/wp-content\/uploads\/2025\/03\/image-1-300x297.jpeg 300w, https:\/\/www.appareil-minceur.fr\/wp-content\/uploads\/2025\/03\/image-1-150x150.jpeg 150w, https:\/\/www.appareil-minceur.fr\/wp-content\/uploads\/2025\/03\/image-1-768x761.jpeg 768w, https:\/\/www.appareil-minceur.fr\/wp-content\/uploads\/2025\/03\/image-1.jpeg 1480w\" sizes=\"(max-width: 1024px) 100vw, 1024px\" \/><\/a><\/figure>\n\n\n\n<p>Tumakou es el compa\u00f1ero ideal para mejorar su rutina de belleza sin vaciar su cartera. Esta joya tecnol\u00f3gica combina <strong>Luces RF, EMS y LED<\/strong> - un tr\u00edo ganador para la selecci\u00f3n de objetivos <strong>flacidez de la piel de la cara y el cuello<\/strong>. \u00bfSabes lo que es genial? Su <strong>relaci\u00f3n calidad-precio<\/strong> \u00a1desaf\u00eda claramente los precios de los salones! Perfecto para sesiones en casa, funciona en tres frentes: <strong>reafirmante con ondas de calor, estimulaci\u00f3n muscular y correcci\u00f3n de la tez<\/strong>. Los comentarios de mis clientes son un\u00e1nimes: tras su uso, el contorno de los ojos y el cuello se redefinen. \u00bfY los efectos secundarios? Nada demasiado grave si se sigue la frecuencia recomendada. <a href=\"https:\/\/amzn.to\/41PS1eU\" target=\"_blank\" rel=\"noopener\">Ver en Amazon<\/a> Descubra por qu\u00e9 este peque\u00f1o aparato facial est\u00e1 en boca de todos:<\/p>\n\n\n\n<ul class=\"wp-block-list\">\n<li>\u2705 <strong>Inicio r\u00e1pido<\/strong> No necesita un doctorado en est\u00e9tica. S\u00f3lo se tarda 5 minutos en dominar la interfaz.<\/li>\n\n\n\n<li>\u2705 <strong>Resultados que hablan por s\u00ed solos<\/strong> Textura de la piel refinada, arrugas reducidas y ese resplandor de \"piel nueva\" que tanto nos gusta.<\/li>\n\n\n\n<li>\u2705 <strong>Soporte ultrarreactivo<\/strong> \u00bfAlg\u00fan problema? Su equipo le devolver\u00e1 la llamada en menos de 48 horas con soluciones pr\u00e1cticas.<\/li>\n\n\n\n<li>\u2705 <strong>Triple acci\u00f3n l\u00e1ser<\/strong> El calor de las ondas de radiofrecuencia act\u00faa en profundidad, mientras que la luz roja estimula el col\u00e1geno.<\/li>\n\n\n\n<li>\u2705 <strong>Ahorro a largo plazo<\/strong> Compare el precio de una sesi\u00f3n en un sal\u00f3n de belleza con el coste \u00fanico del aparato... \u00a1La diferencia habla por s\u00ed sola!<\/li>\n<\/ul>\n\n\n\n<p>En resumen, si busca una alternativa seria a los costosos tratamientos cosm\u00e9ticos, Tumakou merece sin duda una prueba. \u00bfSu punto fuerte? <strong>Sesiones ultrapersonalizables en funci\u00f3n de sus zonas objetivo (ment\u00f3n, contorno de ojos, cuello)<\/strong>. Es un activo que no debe pasarse por alto.<\/p>\n\n\n\n<h2 class=\"wp-block-heading\"><span class=\"ez-toc-section\" id=\"Le_meilleur_appareil_radiofrequence_visage_transportable_Iborria_%E2%AD%9045\"><\/span>La mejor radio facial port\u00e1til: Iborria (\u2b504\/5)<span class=\"ez-toc-section-end\"><\/span><\/h2>\n\n\n\n<figure class=\"wp-block-image aligncenter size-large is-resized\"><a href=\"https:\/\/amzn.to\/3FdeBFL\" target=\"_blank\" rel=\"noopener\"><img loading=\"lazy\" decoding=\"async\" width=\"1024\" height=\"954\" src=\"https:\/\/www.appareil-minceur.fr\/wp-content\/uploads\/2025\/03\/image-2-1024x954.jpeg\" alt=\"\" class=\"wp-image-1009\" style=\"width:auto;height:500px\" srcset=\"https:\/\/www.appareil-minceur.fr\/wp-content\/uploads\/2025\/03\/image-2-1024x954.jpeg 1024w, https:\/\/www.appareil-minceur.fr\/wp-content\/uploads\/2025\/03\/image-2-300x279.jpeg 300w, https:\/\/www.appareil-minceur.fr\/wp-content\/uploads\/2025\/03\/image-2-768x715.jpeg 768w, https:\/\/www.appareil-minceur.fr\/wp-content\/uploads\/2025\/03\/image-2.jpeg 1500w\" sizes=\"(max-width: 1024px) 100vw, 1024px\" \/><\/a><\/figure>\n\n\n\n<p>Iborria es el compa\u00f1ero ideal de las trotamundos de la belleza. Este dispositivo combina inteligentemente <strong>practicidad e innovaci\u00f3n<\/strong> en un formato ultracompacto. Perfecto para el bolso, act\u00faa sobre el rostro y el cuello con <strong>tres tecnolog\u00edas simult\u00e1neas<\/strong> l\u00e1ser suave, ondas de radiofrecuencia y microcorrientes. \u00bfSue\u00f1a con una rutina de belleza eficaz entre dos citas? Iborria le ofrece <strong>resultados cercanos a los de un instituto profesional<\/strong> \u00a1! La t\u00e9cnica multipolar estimula el col\u00e1geno para <strong>reducir la flacidez de la piel<\/strong>. Cuente con 1 \u00f3 2 sesiones semanales de 15 minutos para <strong>un efecto lifting gradual<\/strong>. <a href=\"https:\/\/amzn.to\/3FdeBFL\" target=\"_blank\" rel=\"noopener\">Ver en Amazon<\/a> Descubre sus ventajas y limitaciones:<\/p>\n\n\n\n<ul class=\"wp-block-list\">\n<li>\u2705 <strong>Ultra m\u00f3vil<\/strong> M\u00e1s peque\u00f1o que un smartphone, cabe en cualquier neceser.<\/li>\n\n\n\n<li>\u2705 <strong>Triple acci\u00f3n<\/strong> El l\u00e1ser alisa las l\u00edneas finas y reafirma las ondas, <strong>drenaje de microcorrientes<\/strong>.<\/li>\n\n\n\n<li>\u2705 <strong>Reafirmante expr\u00e9s<\/strong> : <strong>84% de los usuarios notan un efecto tensor<\/strong> despu\u00e9s de 4 sesiones en el cuello y el \u00f3valo.<\/li>\n\n\n\n<li>\u2705 <strong>Energ\u00eda regulable<\/strong> 5 niveles de frecuencia para <strong>adaptaci\u00f3n a zonas sensibles<\/strong> (ojos, p\u00f3mulos) o gruesa (frente).<\/li>\n\n\n\n<li>\u2705 <strong>Efecto de brillo saludable<\/strong> El calor suministrado activa la microcirculaci\u00f3n para un cutis descansado.<\/li>\n<\/ul>\n\n\n\n<p>Un peque\u00f1o inconveniente: la duraci\u00f3n de 45 minutos de la bater\u00eda obliga a recargarla con frecuencia para tratamientos intensivos. Pero por su precio, es <strong>excelente relaci\u00f3n calidad-precio<\/strong> \u00a1! Perfecto para cuidar su piel entre tratamientos profesionales.<\/p>\n\n\n\n<h2 class=\"wp-block-heading\"><span class=\"ez-toc-section\" id=\"Lappareil_de_radiofrequence_3_en_1_Cozion_%E2%AD%9045\"><\/span>El aparato de radiofrecuencia 3 en 1: Cozion (\u2b504\/5)<span class=\"ez-toc-section-end\"><\/span><\/h2>\n\n\n\n<figure class=\"wp-block-image aligncenter size-large is-resized\"><a href=\"https:\/\/amzn.to\/3Ddmj25\" target=\"_blank\" rel=\"noopener\"><img loading=\"lazy\" decoding=\"async\" width=\"1024\" height=\"976\" src=\"https:\/\/www.appareil-minceur.fr\/wp-content\/uploads\/2025\/03\/image-3-1024x976.jpeg\" alt=\"\" class=\"wp-image-1010\" style=\"width:auto;height:500px\" srcset=\"https:\/\/www.appareil-minceur.fr\/wp-content\/uploads\/2025\/03\/image-3-1024x976.jpeg 1024w, https:\/\/www.appareil-minceur.fr\/wp-content\/uploads\/2025\/03\/image-3-300x286.jpeg 300w, https:\/\/www.appareil-minceur.fr\/wp-content\/uploads\/2025\/03\/image-3-768x732.jpeg 768w, https:\/\/www.appareil-minceur.fr\/wp-content\/uploads\/2025\/03\/image-3.jpeg 1500w\" sizes=\"(max-width: 1024px) 100vw, 1024px\" \/><\/a><\/figure>\n\n\n\n<p>El Cozion es el <strong>la navaja suiza de los tratamientos de belleza caseros<\/strong> \u00a1! Este <strong>Dispositivo 3 en 1<\/strong> combina radiofrecuencia, ultrasonidos y lipocavitaci\u00f3n para obtener resultados a medida. Ideal para devolver la luminosidad a la epidermis, reafirmar las zonas fl\u00e1cidas y reducir las arrugas, las ojeras e incluso el acn\u00e9. Todo un hallazgo para quienes desean tratar varios problemas en una sola sesi\u00f3n. \u00bfTiene dudas a la hora de elegir una herramienta eficaz para el rostro y el cuerpo? Este modelo hace maravillas en el cuello y los p\u00e1rpados. Adem\u00e1s, sigue siendo asequible, incluso para un uso regular. Y en el aspecto t\u00e9cnico, el <strong>la tecnolog\u00eda multipolar distribuye el calor uniformemente sin quemar<\/strong> - \u00a1mi peque\u00f1o favorito! <a href=\"https:\/\/amzn.to\/3Ddmj25\" target=\"_blank\" rel=\"noopener\">Ver en Amazon<\/a> Descubre qu\u00e9 lo hace tan especial en tu rutina de belleza:<\/p>\n\n\n\n<ul class=\"wp-block-list\">\n<li>\u2705 <strong>Reafirmaci\u00f3n cut\u00e1nea<\/strong> Resultados sorprendentes en zonas como el ment\u00f3n tras unas pocas sesiones<\/li>\n\n\n\n<li>\u2705 <strong>Reducci\u00f3n de arrugas<\/strong> Incluso en la frente o alrededor de los ojos, el efecto lifting es visible.<\/li>\n\n\n\n<li>\u2705 <strong>Mejora la textura de la piel<\/strong> : Las ondas de calor estimulan la epidermis en profundidad<\/li>\n\n\n\n<li>\u2705 <strong>Aumento natural del col\u00e1geno<\/strong> : Mis clientes ven la diferencia sin inyecciones de \u00e1cido hialur\u00f3nico<\/li>\n\n\n\n<li>\u2705 <strong>Acciones espec\u00edficas<\/strong> Perfecto para remodelar el cuello o reducir las bolsas de los ojos<\/li>\n\n\n\n<li>\u274c <strong>Precios seg\u00fan modelo<\/strong> La versi\u00f3n con cabezal l\u00e1ser es m\u00e1s cara. Compare precios antes de decidirse.<\/li>\n<\/ul>\n\n\n\n<p>Al final, este <strong>joyer\u00eda de alta tecnolog\u00eda<\/strong> se est\u00e1 convirtiendo r\u00e1pidamente en indispensable para quienes buscan efectos cl\u00ednicos sin salir de su sal\u00f3n. Pero atenci\u00f3n: planifique sesiones regulares para obtener resultados \u00f3ptimos. \u00bfLos primeros efectos sobre la firmeza de la piel? Visibles muy r\u00e1pidamente.<\/p>\n\n\n\n<h2 class=\"wp-block-heading\"><span class=\"ez-toc-section\" id=\"Le_meilleur_appareil_radiofrequence_visage_pas_cher_Tumakou_%E2%AD%9045\"><\/span>El mejor aparato de radiofrecuencia de bajo coste para la cara: Tumakou (\u2b504\/5)<span class=\"ez-toc-section-end\"><\/span><\/h2>\n\n\n\n<figure class=\"wp-block-image aligncenter size-large is-resized\"><a href=\"https:\/\/amzn.to\/43s8szq\" target=\"_blank\" rel=\"noopener\"><img loading=\"lazy\" decoding=\"async\" width=\"1024\" height=\"1014\" src=\"https:\/\/www.appareil-minceur.fr\/wp-content\/uploads\/2025\/03\/image-4-1024x1014.jpeg\" alt=\"\" class=\"wp-image-1011\" style=\"width:auto;height:500px\" srcset=\"https:\/\/www.appareil-minceur.fr\/wp-content\/uploads\/2025\/03\/image-4-1024x1014.jpeg 1024w, https:\/\/www.appareil-minceur.fr\/wp-content\/uploads\/2025\/03\/image-4-300x297.jpeg 300w, https:\/\/www.appareil-minceur.fr\/wp-content\/uploads\/2025\/03\/image-4-150x150.jpeg 150w, https:\/\/www.appareil-minceur.fr\/wp-content\/uploads\/2025\/03\/image-4-768x760.jpeg 768w, https:\/\/www.appareil-minceur.fr\/wp-content\/uploads\/2025\/03\/image-4.jpeg 1468w\" sizes=\"(max-width: 1024px) 100vw, 1024px\" \/><\/a><\/figure>\n\n\n\n<p>\u00bfSigue Tumakou en lo m\u00e1s alto de la lista? Esta vez, \u00a1descubrimos su versi\u00f3n econ\u00f3mica! Este modelo sigue siendo el aparato de radiofrecuencia facial perfecto para <strong>aprender t\u00e9cnicas de belleza<\/strong> sin pasarse de presupuesto. Combina inteligentemente <strong>radiofrecuencia<\/strong>electroestimulaci\u00f3n y luz LED. \u00bfEres principiante y buscas una herramienta sencilla con efectos visibles? Entonces, \u00a1esto es para ti! <strong>Dise\u00f1ado para reafirmar la epidermis<\/strong>hidrataci\u00f3n profunda y <strong>reducir los signos del envejecimiento<\/strong>Se centra sobre todo en el cuello y el contorno de ojos. \u00bfY el precio? <strong>Realmente competitivo para lo que suelen ser precios elevados<\/strong> ! <a href=\"https:\/\/amzn.to\/43s8szq\" target=\"_blank\" rel=\"noopener\">Ver en Amazon<\/a> Veamos sus puntos fuertes y d\u00e9biles:<\/p>\n\n\n\n<ul class=\"wp-block-list\">\n<li>\u2705 <strong>Manejo intuitivo<\/strong> : <strong>Dise\u00f1o ergon\u00f3mico para zonas faciales sensibles<\/strong>.<\/li>\n\n\n\n<li>\u2705 <strong>Compacto y ligero<\/strong> Ideal para viajar o para una sesi\u00f3n expr\u00e9s antes de una cita.<\/li>\n\n\n\n<li>\u2705 <strong>Triple acci\u00f3n<\/strong> : <strong>Combina radiofrecuencia, pulsos musculares y luz roja para un tratamiento completo<\/strong>.<\/li>\n\n\n\n<li>\u2705 <strong>Resultados progresivos<\/strong> : <strong>Tras 2-3 sesiones, la textura de la piel se reafirma<\/strong>especialmente alrededor del cuello.<\/li>\n\n\n\n<li>\u2705 <strong>Relaci\u00f3n calidad-precio<\/strong> : <strong>Un producto b\u00e1sico en comparaci\u00f3n con los l\u00e1seres profesionales<\/strong>.<\/li>\n<\/ul>\n\n\n\n<p>Un peque\u00f1o inconveniente: el efecto hialur\u00f3nico es menos duradero que en un instituto. Pero <strong>para uso dom\u00e9stico regular, reduce eficazmente la flacidez de la piel<\/strong>. <strong>Una soluci\u00f3n inteligente que demuestra que la est\u00e9tica a veces puede ir de la mano de la econom\u00eda<\/strong> !<\/p>\n\n\n\n<h2 class=\"wp-block-heading\"><span class=\"ez-toc-section\" id=\"Comparaison_des_produits\"><\/span>Comparaci\u00f3n de productos<span class=\"ez-toc-section-end\"><\/span><\/h2>\n\n\n\n<p>\u00bfC\u00f3mo elegir bien? Cada dispositivo tiene sus puntos fuertes, pero aqu\u00ed est\u00e1n mis criterios favoritos para ayudarle a tomar la decisi\u00f3n correcta. <strong>Sus tarifas :<\/strong> Le <strong>Tumakou (versi\u00f3n econ\u00f3mica)<\/strong> es ideal para un comienzo suave. * <strong>Tus prioridades:<\/strong> \u00bfViaja a menudo? <strong>El Iborria sigue tus rutinas a todas partes<\/strong>. \u00bfNecesita un tratamiento facial y corporal completo? <strong>El Cozion se convierte en su socio<\/strong>. * <strong>Tu ambici\u00f3n:<\/strong> \u00bfBusca un resultado profesional? <strong>Uaike ofrece una durabilidad impresionante<\/strong>. Un consejo: <strong>la constancia lo es todo<\/strong> Programe 2-3 sesiones a la semana para obtener efectos visibles. La zona del cuello o el contorno de los ojos merecen esta atenci\u00f3n. Para seleccionar su equipo de radiofrecuencia facial, c\u00e9ntrese en estos elementos:<\/p>\n\n\n\n<ul class=\"wp-block-list\">\n<li><strong>Tecnolog\u00eda multipolar<\/strong> : Elija un sistema multipolar para <strong>estimular el col\u00e1geno y el \u00e1cido hialur\u00f3nico<\/strong>. <strong>La frecuencia ajustable cambia el juego<\/strong>.<\/li>\n\n\n\n<li><strong>Potencia regulable<\/strong> : Los niveles progresivos se adaptan mejor a las zonas sensibles, como el contorno de los ojos. El sistema Anti-Shock\u2122 proporciona seguridad.<\/li>\n\n\n\n<li><strong>Funciones combinadas<\/strong> Algunos modelos combinan <strong>ondas de calor y luz LED<\/strong> - perfecto para combatir la flacidez de la piel.<\/li>\n\n\n\n<li><strong>C\u00f3mo empezar<\/strong> \u00a1La ergonom\u00eda cuenta! Un dise\u00f1o compacto trata mejor el cuello o las l\u00edneas de expresi\u00f3n perilabiales.<\/li>\n\n\n\n<li><strong>Informaci\u00f3n sobre el terreno<\/strong> Consulte los testimonios sobre los efectos est\u00e9ticos antes de decidirse. A mis clientes les encantan los resultados en reafirmaci\u00f3n facial.<\/li>\n<\/ul>\n\n\n\n<p>Siguiendo estos consejos, encontrar\u00e1s la herramienta perfecta para tus sesiones en casa. \u00bfNecesitas tratar la papada? Eche un vistazo a mi gu\u00eda espec\u00edfica sobre <a href=\"https:\/\/www.appareil-minceur.fr\/es\/consejo\/radiofrecuencia-papada\/\">protocolos de cuello<\/a>. Y \u00bfsab\u00eda que un estudio reciente demostr\u00f3 76% de mejora de la piel tras 8 sesiones*?<\/p>\n\n\n\n<figure class=\"wp-block-table\"><table class=\"has-fixed-layout\"><thead><tr><th>Modelo<\/th><th>Activos<\/th><th>Objetivo<\/th><\/tr><\/thead><tbody><tr><td>Uaike<\/td><td><strong>Reafirmaci\u00f3n intensa de la piel, reduce incluso las arrugas profundas<\/strong><\/td><td>Para quienes desean resultados cl\u00ednicos en casa<\/td><\/tr><tr><td>Tumakou<\/td><td><strong>Precios bajos, efectos est\u00e9ticos r\u00e1pidos en el rostro y el escote<\/strong><\/td><td>Principiantes o con un presupuesto ajustado<\/td><\/tr><tr><td>Iborria<\/td><td><strong>Ondas de calor precisas para zonas localizadas (ojos, cuello)<\/strong><\/td><td>N\u00f3madas en cuidados intensivos<\/td><\/tr><tr><td>Cozion<\/td><td><strong>Multifunci\u00f3n: combina calor profundo y tratamiento hialur\u00f3nico<\/strong><\/td><td>Adicto a las rutinas completas de cuerpo+cara<\/td><\/tr><\/tbody><\/table><\/figure>\n\n\n\n<h2 class=\"wp-block-heading\"><span class=\"ez-toc-section\" id=\"Notre_verdict\"><\/span>Nuestro veredicto<span class=\"ez-toc-section-end\"><\/span><\/h2>\n\n\n\n<p>Entonces, \u00bfqu\u00e9 aparato de radiofrecuencia para el rostro merece realmente un lugar en su tocador? <strong>Uaike por su profesionalidad<\/strong>el Tumakou por su trato asequible, el Iborria para n\u00f3madas faciales o el Cozion para <strong>Acci\u00f3n 360<\/strong> ? Una cosa es cierta: <strong>estas tecnolog\u00edas est\u00e1n redefiniendo el juego del antienvejecimiento<\/strong> \u00a1! \u00bfSab\u00eda que esta t\u00e9cnica estimula <strong>col\u00e1geno mediante ondas t\u00e9rmicas<\/strong> ? Perfecto para <strong>reducir la flacidez alrededor del cuello<\/strong> o reavivar la luminosidad del contorno de ojos.<\/p>\n\n\n\n<p>Para efectos duraderos, <strong>No es necesario planificar un n\u00famero concreto de sesiones ni un espaciamiento determinado.<\/strong>. Y buenas noticias : <strong>algunos modelos actuales combinan l\u00e1ser e hialur\u00f3nico para un impulso de juventud<\/strong> \u00a1! Por extra\u00f1o que parezca, <strong>el precio no siempre es asequible, y var\u00eda mucho seg\u00fan el modelo<\/strong>. \u00bfUn favorito personal? <strong>El sistema multipolar que act\u00faa en profundidad sin quemar la epidermis<\/strong>.<\/p>\n\n\n\n<p>\u00bfQuieres despedirte de los surcos que has hecho? <strong>Estos aliados est\u00e9ticos se dirigen a cada zona problem\u00e1tica con una frecuencia adaptada a sus necesidades<\/strong>. El peque\u00f1o extra : <strong>el calor liberado proporciona una sensaci\u00f3n de lifting inmediata<\/strong> - \u00a1casi como un masaje con calor versi\u00f3n 2.0! Entonces, \u00bfest\u00e1s listo para revelar ese rostro radiante que realmente se parece a ti?<\/p>\n\n\n\n<p>\u00bfQuieres reducir tus arrugas? Veamos, estos dispositivos de cuidado facial se est\u00e1n convirtiendo r\u00e1pidamente en tus favoritos. <strong>los mejores aliados para una piel m\u00e1s firme<\/strong>. \u00a1Es hora de pasar a la acci\u00f3n! Dale a tu piel la <strong>tratamiento antiedad<\/strong> que se merece y encontrar un <strong>un rostro joven y radiante<\/strong>.<\/p>\n\n\n\n<h2 class=\"wp-block-heading\"><span class=\"ez-toc-section\" id=\"FAQ\"><\/span>PREGUNTAS FRECUENTES<span class=\"ez-toc-section-end\"><\/span><\/h2>\n\n\n\n<h3 class=\"wp-block-heading\"><span class=\"ez-toc-section\" id=\"Existe-t-il_des_contre-indications_medicales_a_lutilisation_de_ces_appareils_de_radiofrequence_visage\"><\/span>\u00bfExiste alguna contraindicaci\u00f3n m\u00e9dica para utilizar estos dispositivos de radiofrecuencia para la cara?<span class=\"ez-toc-section-end\"><\/span><\/h3>\n\n\n\n<p>S\u00ed, existen contraindicaciones. Entre ellas se incluyen la presencia de <strong>marcapasos<\/strong>el <strong>embarazo<\/strong> y algunos <strong>enfermedades cut\u00e1neas<\/strong>. La <strong>ros\u00e1cea leve<\/strong> tambi\u00e9n es una contraindicaci\u00f3n, ya que la radiofrecuencia aumenta la temperatura de la piel.<\/p>\n\n\n\n<p>Bien utilizada, la radiofrecuencia es una t\u00e9cnica de medicina est\u00e9tica que presenta las siguientes ventajas <strong>bajo riesgo<\/strong>. El principal riesgo, aunque poco frecuente, es el de <strong>quemaduras<\/strong>. Por ello, es importante que elija cuidadosamente a su profesional sanitario, que habr\u00e1 recibido formaci\u00f3n sobre el uso de estos dispositivos.<\/p>\n\n\n\n<h3 class=\"wp-block-heading\"><span class=\"ez-toc-section\" id=\"Les_appareils_de_radiofrequence_visage_sont-ils_efficaces_sur_tous_les_types_de_peau_seche_grasse_mixte_sensible_et_toutes_les_carnations\"><\/span>\u00bfSon eficaces los aparatos de radiofrecuencia en todos los tipos de piel (seca, grasa, mixta, sensible) y en todos los tonos de piel?<span class=\"ez-toc-section-end\"><\/span><\/h3>\n\n\n\n<p>La <strong>radiofrecuencia<\/strong> es generalmente <strong>multiusos<\/strong> y puede utilizarse en <strong>todo tipo de piel<\/strong>incluyendo <strong>piel bronceada<\/strong> y todos <strong>fototipos<\/strong>. Est\u00e1 especialmente dirigido a <strong>piel madura<\/strong> estimulando la producci\u00f3n de <strong>col\u00e1geno<\/strong> y<strong>elastina<\/strong>.<\/p>\n\n\n\n<p>Se considera una t\u00e9cnica eficaz para mejorar el aspecto de la piel sin cirug\u00eda, ofreciendo una <strong>efecto lifting no quir\u00fargico<\/strong> mejorando <strong>tono<\/strong> y el<strong>elasticidad<\/strong> de la piel. Puede utilizarse para <strong>reafirmar la piel<\/strong>, <strong>reducir las arrugas<\/strong> y <strong>mejorar la textura de la piel<\/strong> de forma sostenible.<\/p>\n\n\n\n<h3 class=\"wp-block-heading\"><span class=\"ez-toc-section\" id=\"Comment_ajuster_lintensite_de_lappareil_en_fonction_de_la_sensibilite_de_la_peau_et_des_zones_traitees\"><\/span>\u00bfC\u00f3mo se ajusta la intensidad del aparato en funci\u00f3n de la sensibilidad de la piel y de las zonas tratadas?<span class=\"ez-toc-section-end\"><\/span><\/h3>\n\n\n\n<p>El ajuste de la intensidad debe tener en cuenta la <strong>sensibilidad cut\u00e1nea<\/strong> y <strong>zonas tratadas<\/strong>. Es aconsejable <strong>empezar con una intensidad baja<\/strong>Esto es especialmente importante si la piel es sensible, y puede aumentarse gradualmente si es necesario. Algunos aparatos est\u00e1n equipados con <strong>varios niveles de energ\u00eda ajustables<\/strong> adaptarse a la tolerancia de la piel.<\/p>\n\n\n\n<p>La intensidad tambi\u00e9n puede ajustarse en funci\u00f3n del <strong>efectos deseados<\/strong>como <strong>reafirmante cut\u00e1neo<\/strong>el <strong>reducci\u00f3n de arrugas y l\u00edneas de expresi\u00f3n<\/strong>o el<strong>mejora de la textura de la piel<\/strong>. Puede ser necesaria una intensidad mayor para estimular la producci\u00f3n de col\u00e1geno y elastina, pero es importante no sobrepasar el umbral de tolerancia de la piel.<\/p>\n\n\n\n<p><\/p>","protected":false},"excerpt":{"rendered":"<p>Marre des rides et de cette peau qui manque de fermet\u00e9 ? La radiofr\u00e9quence visage se pose en alli\u00e9 redoutable pour retrouver un teint rajeuni, et je vous partage ici mes appareils pr\u00e9f\u00e9r\u00e9s pour des r\u00e9sultats pro \u00e0 domicile ! Entre les mod\u00e8les qui valent le d\u00e9tour et ceux \u00e0 \u00e9viter, on fait le tri [&hellip;]<\/p>\n","protected":false},"author":1,"featured_media":408,"comment_status":"open","ping_status":"open","sticky":false,"template":"","format":"standard","meta":{"footnotes":""},"categories":[11],"tags":[],"class_list":["post-993","post","type-post","status-publish","format-standard","has-post-thumbnail","hentry","category-guide"],"_links":{"self":[{"href":"https:\/\/www.appareil-minceur.fr\/es\/wp-json\/wp\/v2\/posts\/993","targetHints":{"allow":["GET"]}}],"collection":[{"href":"https:\/\/www.appareil-minceur.fr\/es\/wp-json\/wp\/v2\/posts"}],"about":[{"href":"https:\/\/www.appareil-minceur.fr\/es\/wp-json\/wp\/v2\/types\/post"}],"author":[{"embeddable":true,"href":"https:\/\/www.appareil-minceur.fr\/es\/wp-json\/wp\/v2\/users\/1"}],"replies":[{"embeddable":true,"href":"https:\/\/www.appareil-minceur.fr\/es\/wp-json\/wp\/v2\/comments?post=993"}],"version-history":[{"count":19,"href":"https:\/\/www.appareil-minceur.fr\/es\/wp-json\/wp\/v2\/posts\/993\/revisions"}],"predecessor-version":[{"id":2935,"href":"https:\/\/www.appareil-minceur.fr\/es\/wp-json\/wp\/v2\/posts\/993\/revisions\/2935"}],"wp:featuredmedia":[{"embeddable":true,"href":"https:\/\/www.appareil-minceur.fr\/es\/wp-json\/wp\/v2\/media\/408"}],"wp:attachment":[{"href":"https:\/\/www.appareil-minceur.fr\/es\/wp-json\/wp\/v2\/media?parent=993"}],"wp:term":[{"taxonomy":"category","embeddable":true,"href":"https:\/\/www.appareil-minceur.fr\/es\/wp-json\/wp\/v2\/categories?post=993"},{"taxonomy":"post_tag","embeddable":true,"href":"https:\/\/www.appareil-minceur.fr\/es\/wp-json\/wp\/v2\/tags?post=993"}],"curies":[{"name":"wp","href":"https:\/\/api.w.org\/{rel}","templated":true}]}}